{"id":340684,"date":"2023-06-18T13:17:13","date_gmt":"2023-06-18T11:17:13","guid":{"rendered":"https:\/\/www.radiopiu.net\/wordpress\/?p=340684"},"modified":"2023-06-19T05:23:48","modified_gmt":"2023-06-19T03:23:48","slug":"incidente-con-lo-skateboard-elitrasportato-a-belluno","status":"publish","type":"post","link":"https:\/\/www.radiopiu.net\/wordpress\/incidente-con-lo-skateboard-elitrasportato-a-belluno\/","title":{"rendered":"INCIDENTE CON LO SKATEBOARD, ELITRASPORTATO A BELLUNO"},"content":{"rendered":"<p><strong><a class=\"dt-pswp-item\" href=\"https:\/\/www.radiopiu.net\/wordpress\/wp-content\/uploads\/2023\/06\/IMG_0050-scaled.jpg\" data-dt-img-description=\"\" data-large_image_width=\"2560\" data-large_image_height=\"1707\"><img loading=\"lazy\" decoding=\"async\" class=\" wp-image-340686 alignleft\" src=\"https:\/\/www.radiopiu.net\/wordpress\/wp-content\/uploads\/2023\/06\/IMG_0050-300x200.jpg\" alt=\"\" width=\"164\" height=\"109\" srcset=\"https:\/\/www.radiopiu.net\/wordpress\/wp-content\/uploads\/2023\/06\/IMG_0050-300x200.jpg 300w, https:\/\/www.radiopiu.net\/wordpress\/wp-content\/uploads\/2023\/06\/IMG_0050-1024x683.jpg 1024w, https:\/\/www.radiopiu.net\/wordpress\/wp-content\/uploads\/2023\/06\/IMG_0050-768x512.jpg 768w, https:\/\/www.radiopiu.net\/wordpress\/wp-content\/uploads\/2023\/06\/IMG_0050-1536x1024.jpg 1536w, https:\/\/www.radiopiu.net\/wordpress\/wp-content\/uploads\/2023\/06\/IMG_0050-2048x1365.jpg 2048w\" sizes=\"auto, (max-width: 164px) 100vw, 164px\" \/><\/a>CENCENIGHE<\/strong> Nel tardo pomeriggio di ieri l&#8217;elicottero del SUEM \u00e8 stato chiamato a Cencenighe per un incidente con uno skateboard dove \u00e8 rimasto coinvolto un ragazzo. Il giovane \u00e8 stato trasportato all&#8217;Ospedale San Martino di Belluno. L&#8217;infortunio \u00e8 avvenuto nella zona degli impianti sportivi, accanto al campo di calcio. Sul posto anche l&#8217;ambulanza che ha prestato le prime cure al ragazzo.<\/p>\n<p>(FOTO ARCHIVIO)<\/p>\n<p>&nbsp;<\/p>\n<p>&nbsp;<\/p>\n<p>******<\/p>\n","protected":false},"excerpt":{"rendered":"<p>CENCENIGHE Nel tardo pomeriggio di ieri l&#8217;elicottero del SUEM \u00e8 stato chiamato a Cencenighe per un incidente con uno skateboard dove \u00e8 rimasto coinvolto un ragazzo. Il giovane \u00e8 stato trasportato all&#8217;Ospedale San Martino di Belluno. L&#8217;infortunio \u00e8 avvenuto nella zona degli impianti sportivi, accanto al campo di calcio. Sul posto anche l&#8217;ambulanza che ha&hellip;<\/p>\n","protected":false},"author":4,"featured_media":340686,"comment_status":"closed","ping_status":"closed","sticky":false,"template":"","format":"standard","meta":{"_monsterinsights_skip_tracking":false,"_monsterinsights_sitenote_active":false,"_monsterinsights_sitenote_note":"","_monsterinsights_sitenote_category":0,"footnotes":""},"categories":[51,49],"tags":[],"class_list":["post-340684","post","type-post","status-publish","format-standard","has-post-thumbnail","hentry","category-evidenza-top","category-news-18","category-51","category-49","description-off"],"img_url":"https:\/\/www.radiopiu.net\/wordpress\/wp-content\/uploads\/2023\/06\/IMG_0050-scaled.jpg","_links":{"self":[{"href":"https:\/\/www.radiopiu.net\/wordpress\/wp-json\/wp\/v2\/posts\/340684","targetHints":{"allow":["GET"]}}],"collection":[{"href":"https:\/\/www.radiopiu.net\/wordpress\/wp-json\/wp\/v2\/posts"}],"about":[{"href":"https:\/\/www.radiopiu.net\/wordpress\/wp-json\/wp\/v2\/types\/post"}],"author":[{"embeddable":true,"href":"https:\/\/www.radiopiu.net\/wordpress\/wp-json\/wp\/v2\/users\/4"}],"replies":[{"embeddable":true,"href":"https:\/\/www.radiopiu.net\/wordpress\/wp-json\/wp\/v2\/comments?post=340684"}],"version-history":[{"count":0,"href":"https:\/\/www.radiopiu.net\/wordpress\/wp-json\/wp\/v2\/posts\/340684\/revisions"}],"wp:featuredmedia":[{"embeddable":true,"href":"https:\/\/www.radiopiu.net\/wordpress\/wp-json\/wp\/v2\/media\/340686"}],"wp:attachment":[{"href":"https:\/\/www.radiopiu.net\/wordpress\/wp-json\/wp\/v2\/media?parent=340684"}],"wp:term":[{"taxonomy":"category","embeddable":true,"href":"https:\/\/www.radiopiu.net\/wordpress\/wp-json\/wp\/v2\/categories?post=340684"},{"taxonomy":"post_tag","embeddable":true,"href":"https:\/\/www.radiopiu.net\/wordpress\/wp-json\/wp\/v2\/tags?post=340684"}],"curies":[{"name":"wp","href":"https:\/\/api.w.org\/{rel}","templated":true}]}}