{"id":340787,"date":"2023-06-19T07:55:33","date_gmt":"2023-06-19T05:55:33","guid":{"rendered":"https:\/\/www.radiopiu.net\/wordpress\/?p=340787"},"modified":"2023-06-19T08:59:27","modified_gmt":"2023-06-19T06:59:27","slug":"dal-1983-da-40-anni-la-rassegna-stampa-locale-di-mirko-mezzacasa","status":"publish","type":"post","link":"https:\/\/www.radiopiu.net\/wordpress\/dal-1983-da-40-anni-la-rassegna-stampa-locale-di-mirko-mezzacasa\/","title":{"rendered":"DAL 1983, DA 40 ANNI! LA RASSEGNA STAMPA LOCALE DI MIRKO MEZZACASA"},"content":{"rendered":"<p>&nbsp;<\/p>\n<p><iframe loading=\"lazy\" title=\"RASSEGNA STAMPA LOCALE\" width=\"1200\" height=\"675\" src=\"https:\/\/www.youtube.com\/embed\/fhzyFbD90KI?feature=oembed\" frameborder=\"0\" allow=\"accelerometer; autoplay; clipboard-write; encrypted-media; gyroscope; picture-in-picture; web-share\" allowfullscreen><\/iframe><\/p>\n<p>&nbsp;<\/p>\n<p><strong>FALCADE<\/strong> Un gran fine settimana con il Bon de l&#8217;ansuda, centinaia di persone in Valle del Biois per il riuscitissimo evento. Tutto documentato con video e interviste di Silvano Savio sul sito www.radiopiu.net<br \/>\n&#8212;&#8212;&#8212;&#8212;&#8212;&#8212;&#8212;&#8212;&#8212;&#8212;&#8212;&#8212;&#8212;&#8212;<br \/>\n<strong>FALCADE<\/strong> Impegnativa seduta per i consiglieri di Falcade, convocati dal sindaco Mauro Salvaterra per oggi alle 20 in Municipio DIRETTA SUI CANALI SOCIAL DI RADIOPIU<br \/>\n&#8212;&#8212;&#8212;&#8212;&#8212;&#8212;&#8212;&#8212;&#8212;&#8212;&#8212;&#8212;&#8212;&#8212;-<br \/>\n<strong>DA OGGI<\/strong> regionale 203 agordina chiusa a fasce oraria tra Agordo e Mas di Sedico, localit\u00e0 La Pissa. Gli orari di chiusura: DALLE 8 ALLE 9.35 DALLE 9,50 ALLE 11.10 DALLE 11.25 ALLE 12.20 DALLE 14.25 ALLE 15.55<br \/>\n<strong>SP347 DEL DURAN E CERED<\/strong>A: localit\u00e0 Lantrago La Valle. Fino\u00a0al 13 luglio chiusura totale al traffico della strada per il Passo Duran per lavori di allargamento del Ponte Lantrago<br \/>\n<strong>SP 563 di Salesei<\/strong> sar\u00e0 interessata da un&#8217;interdizione totale alla circolazione in localit\u00e0 Digonera nel comune di Rocca Pietore. Fino al 23 giugno la strada sar\u00e0 chiusa dalle 7:30 alle 18, negli altri orari istituzione di un senso unico alternato regolato da semaforo<br \/>\n&#8212;&#8212;&#8212;&#8212;&#8212;&#8212;&#8212;&#8212;&#8212;&#8212;&#8212;&#8212;&#8212;&#8212;-<br \/>\n<strong>BELLUNO<\/strong> Un\u00a0 straniero di 60 anni, residente a Belluno da molti anni, \u00e8 stato accoltellato in pieno centro dopo un litigio. Le ferite da taglio sono state inflitte da un giovane di 26 anni, residente a Belluno. Le cause dell&#8217;incidente sono ancora in fase di ricostruzione da parte dei Carabinieri.<br \/>\n<strong>BELLUNO<\/strong> Sabato sera\u00a0 rissa durante una festa di musica tecno a Lambioi Beach, coinvolti diversi giovani tra i 16 e i 20 anni. L&#8217;arrivo della polizia e dei carabinieri ha calmato gli animi. Il parapiglia alle 22.30, nessuno \u00e8 stato portato in ospedale<br \/>\n<strong>CORTINA\u00a0<\/strong> I lupi\u00a0 a Malga Federa\u00a0 sbranano quattro asini.\u00a0 Erano almeno quattro o cinque e tra sabato e domenica hanno attaccato la zona del pascolo della malga, a circa 150 metri di distanza dalla struttura. Disperati i proprietari<br \/>\n<strong>SOCCORSO<\/strong> ALPINISTA SULLA MARMOLADA<br \/>\n<strong>INFORTUNIO<\/strong> SUL SENTIERO CHE SALE AL RIFUGIO COLDAI.<br \/>\n<strong>A DOMEGGE<\/strong> SOCCORSO UN ALPINISTA<br \/>\nUN POMERIGGIO INTENSO PER IL SOCCORSO ALPINO. QUATTRO INTERVENTI DI CUI DUE IN AGORDINO<br \/>\nPERDE IL SENTIERO E SI TROVA INCRODATA SU UN SALTO DI ROCCIA<br \/>\n<strong>QUERO VAS<\/strong> Alle 16:50 di ieri, i Vigili del Fuoco sono intervenuti lungo la SR 348, al chilometro 37, nel comune di Quero Vas, a seguito di un incidente stradale tra una moto e un&#8217;auto. A bordo del veicolo a due ruote c&#8217;erano padre e figlio, entrambi feriti<br \/>\n<strong>CENCENIGHE<\/strong> Nel tardo pomeriggio di sabato l&#8217;elicottero del SUEM \u00e8 stato chiamato a Cencenighe per un incidente con uno skateboard dove \u00e8 rimasto coinvolto un ragazzo. Il giovane \u00e8 stato trasportato all&#8217;Ospedale San Martino di Belluno.<br \/>\n<strong>LE BIBLIOTECHE DELLA VALLE DEL BIOIS ASSIEME PER UN&#8217;ESTATE DI EVENTI<\/strong><br \/>\n&#8212;&#8212;&#8212;&#8212;&#8212;&#8212;&#8212;&#8212;&#8212;&#8212;&#8212;&#8212;&#8212;<br \/>\n<strong>CON TASSI AL TOP, BANCHE PIU\u2019 RICCHE, MA FAMIGLIE VENETE PIU\u2019 POVERE<\/strong> Il ritorno dell\u2019inflazione ci ha consegnato, tra le altre cose, un Paese con banche pi\u00f9 ricche e famiglie pi\u00f9 povere. Nel 2022, infatti, gli istituti di credito del nostro Paese hanno totalizzato, al netto delle imposte, 21,8 miliardi di euro di utili, praticamente 8 miliardi in pi\u00f9 rispetto al 2021 (+58 per cento). I risparmi delle famiglie venete, invece, tra il marzo dell\u2019anno scorso e lo stesso mese di quest\u2019anno hanno subito una riduzione pari a 1,48 miliardi di euro. A segnalarlo \u00e8 l\u2019Ufficio studi della CGIA.<br \/>\n<strong>CALCIO<\/strong> DOPO TRE GIORNATE LA VALLE E FODOM LE UNICHE SQUADRE A PUNTEGGIO PIENO<br \/>\n<strong>CAPRILE E CANALE LE REGINE<\/strong> DEL CAMPIONATO AGORDINO GIOVANILE<br \/>\n<strong>NUOTO<\/strong> TROFEO CANOVA SPORT: SEI MEDAGLIE PER GLI ESORDIENTI BELLUNESI<\/p>\n<p>&nbsp;<\/p>\n<p>&nbsp;<\/p>\n<hr \/>\n<p>&nbsp;<\/p>\n","protected":false},"excerpt":{"rendered":"<p>&nbsp; &nbsp; FALCADE Un gran fine settimana con il Bon de l&#8217;ansuda, centinaia di persone in Valle del Biois per il riuscitissimo evento. Tutto documentato con video e interviste di Silvano Savio sul sito www.radiopiu.net &#8212;&#8212;&#8212;&#8212;&#8212;&#8212;&#8212;&#8212;&#8212;&#8212;&#8212;&#8212;&#8212;&#8212; FALCADE Impegnativa seduta per i consiglieri di Falcade, convocati dal sindaco Mauro Salvaterra per oggi alle 20 in Municipio&hellip;<\/p>\n","protected":false},"author":4,"featured_media":340775,"comment_status":"closed","ping_status":"closed","sticky":false,"template":"","format":"standard","meta":{"_monsterinsights_skip_tracking":false,"_monsterinsights_sitenote_active":false,"_monsterinsights_sitenote_note":"","_monsterinsights_sitenote_category":0,"footnotes":""},"categories":[49,142],"tags":[],"class_list":["post-340787","post","type-post","status-publish","format-standard","has-post-thumbnail","hentry","category-news-18","category-rassegna-stampa","category-49","category-142","description-off"],"img_url":"https:\/\/www.radiopiu.net\/wordpress\/wp-content\/uploads\/2023\/06\/COPERTINA-UFFICIALE.png","_links":{"self":[{"href":"https:\/\/www.radiopiu.net\/wordpress\/wp-json\/wp\/v2\/posts\/340787","targetHints":{"allow":["GET"]}}],"collection":[{"href":"https:\/\/www.radiopiu.net\/wordpress\/wp-json\/wp\/v2\/posts"}],"about":[{"href":"https:\/\/www.radiopiu.net\/wordpress\/wp-json\/wp\/v2\/types\/post"}],"author":[{"embeddable":true,"href":"https:\/\/www.radiopiu.net\/wordpress\/wp-json\/wp\/v2\/users\/4"}],"replies":[{"embeddable":true,"href":"https:\/\/www.radiopiu.net\/wordpress\/wp-json\/wp\/v2\/comments?post=340787"}],"version-history":[{"count":0,"href":"https:\/\/www.radiopiu.net\/wordpress\/wp-json\/wp\/v2\/posts\/340787\/revisions"}],"wp:featuredmedia":[{"embeddable":true,"href":"https:\/\/www.radiopiu.net\/wordpress\/wp-json\/wp\/v2\/media\/340775"}],"wp:attachment":[{"href":"https:\/\/www.radiopiu.net\/wordpress\/wp-json\/wp\/v2\/media?parent=340787"}],"wp:term":[{"taxonomy":"category","embeddable":true,"href":"https:\/\/www.radiopiu.net\/wordpress\/wp-json\/wp\/v2\/categories?post=340787"},{"taxonomy":"post_tag","embeddable":true,"href":"https:\/\/www.radiopiu.net\/wordpress\/wp-json\/wp\/v2\/tags?post=340787"}],"curies":[{"name":"wp","href":"https:\/\/api.w.org\/{rel}","templated":true}]}}