{"id":340909,"date":"2023-06-20T05:19:11","date_gmt":"2023-06-20T03:19:11","guid":{"rendered":"https:\/\/www.radiopiu.net\/wordpress\/?p=340909"},"modified":"2023-06-20T05:22:58","modified_gmt":"2023-06-20T03:22:58","slug":"arrestato-per-tentato-omicidio","status":"publish","type":"post","link":"https:\/\/www.radiopiu.net\/wordpress\/arrestato-per-tentato-omicidio\/","title":{"rendered":"ARRESTATO PER TENTATO OMICIDIO"},"content":{"rendered":"<blockquote>\n<h3><\/h3>\n<\/blockquote>\n<p><strong><a class=\"dt-pswp-item\" href=\"https:\/\/www.radiopiu.net\/wordpress\/wp-content\/uploads\/2023\/03\/6b217f7f-c8e2-4bf2-9a48-914f58ef4bbe.jpg\" data-dt-img-description=\"\" data-large_image_width=\"1080\" data-large_image_height=\"1828\"><img loading=\"lazy\" decoding=\"async\" class=\"wp-image-325882 alignleft\" src=\"https:\/\/www.radiopiu.net\/wordpress\/wp-content\/uploads\/2023\/03\/6b217f7f-c8e2-4bf2-9a48-914f58ef4bbe-177x300.jpg\" alt=\"\" width=\"118\" height=\"200\" srcset=\"https:\/\/www.radiopiu.net\/wordpress\/wp-content\/uploads\/2023\/03\/6b217f7f-c8e2-4bf2-9a48-914f58ef4bbe-177x300.jpg 177w, https:\/\/www.radiopiu.net\/wordpress\/wp-content\/uploads\/2023\/03\/6b217f7f-c8e2-4bf2-9a48-914f58ef4bbe-605x1024.jpg 605w, https:\/\/www.radiopiu.net\/wordpress\/wp-content\/uploads\/2023\/03\/6b217f7f-c8e2-4bf2-9a48-914f58ef4bbe-768x1300.jpg 768w, https:\/\/www.radiopiu.net\/wordpress\/wp-content\/uploads\/2023\/03\/6b217f7f-c8e2-4bf2-9a48-914f58ef4bbe-907x1536.jpg 907w, https:\/\/www.radiopiu.net\/wordpress\/wp-content\/uploads\/2023\/03\/6b217f7f-c8e2-4bf2-9a48-914f58ef4bbe.jpg 1080w\" sizes=\"auto, (max-width: 118px) 100vw, 118px\" \/><\/a>BELLUNO<\/strong> Un uomo siciliano G.P.\u00a0 36 anni, residente a Treviso, \u00e8 finito in carcere con l&#8217;accusa di tentato omicidio dopo aver accoltellato per tre volte un 60enne moldavo. L&#8217;aggressione \u00e8 avvenuta sabato notte, e non \u00e8 ancora chiaro il motivo che ha scatenato l&#8217;attacco. Il moldavo \u00e8 stato ferito all&#8217;addome, ma le ferite non mettono in pericolo la sua vita. \u00c8 stato dimesso dall&#8217;ospedale con una prognosi di guarigione di circa dieci giorni. I carabinieri di Belluno hanno arrestato l&#8217;uomo e sequestrato il coltello utilizzato nell&#8217;aggressione. Il pubblico ministero ha disposto la custodia cautelare in carcere per il sospettato.\u00a0 L&#8217;episodio ha avuto luogo in pieno centro e sembra che il moldavo si fosse intromesso per separare l&#8217;aggressore da un&#8217;altra persona o che ci fosse stato un litigio tra i due. Il moldavo \u00e8 riuscito a fuggire e cercare rifugio in un bar nelle vicinanze, dove \u00e8 stato soccorso prima di essere trasferito in ospedale.<\/p>\n<p>&nbsp;<\/p>\n<hr \/>\n<p>&nbsp;<\/p>\n","protected":false},"excerpt":{"rendered":"<p>BELLUNO Un uomo siciliano G.P.\u00a0 36 anni, residente a Treviso, \u00e8 finito in carcere con l&#8217;accusa di tentato omicidio dopo aver accoltellato per tre volte un 60enne moldavo. L&#8217;aggressione \u00e8 avvenuta sabato notte, e non \u00e8 ancora chiaro il motivo che ha scatenato l&#8217;attacco. Il moldavo \u00e8 stato ferito all&#8217;addome, ma le ferite non mettono&hellip;<\/p>\n","protected":false},"author":4,"featured_media":325882,"comment_status":"closed","ping_status":"closed","sticky":false,"template":"","format":"standard","meta":{"_monsterinsights_skip_tracking":false,"_monsterinsights_sitenote_active":false,"_monsterinsights_sitenote_note":"","_monsterinsights_sitenote_category":0,"footnotes":""},"categories":[51,49],"tags":[],"class_list":["post-340909","post","type-post","status-publish","format-standard","has-post-thumbnail","hentry","category-evidenza-top","category-news-18","category-51","category-49","description-off"],"img_url":"https:\/\/www.radiopiu.net\/wordpress\/wp-content\/uploads\/2023\/03\/6b217f7f-c8e2-4bf2-9a48-914f58ef4bbe.jpg","_links":{"self":[{"href":"https:\/\/www.radiopiu.net\/wordpress\/wp-json\/wp\/v2\/posts\/340909","targetHints":{"allow":["GET"]}}],"collection":[{"href":"https:\/\/www.radiopiu.net\/wordpress\/wp-json\/wp\/v2\/posts"}],"about":[{"href":"https:\/\/www.radiopiu.net\/wordpress\/wp-json\/wp\/v2\/types\/post"}],"author":[{"embeddable":true,"href":"https:\/\/www.radiopiu.net\/wordpress\/wp-json\/wp\/v2\/users\/4"}],"replies":[{"embeddable":true,"href":"https:\/\/www.radiopiu.net\/wordpress\/wp-json\/wp\/v2\/comments?post=340909"}],"version-history":[{"count":0,"href":"https:\/\/www.radiopiu.net\/wordpress\/wp-json\/wp\/v2\/posts\/340909\/revisions"}],"wp:featuredmedia":[{"embeddable":true,"href":"https:\/\/www.radiopiu.net\/wordpress\/wp-json\/wp\/v2\/media\/325882"}],"wp:attachment":[{"href":"https:\/\/www.radiopiu.net\/wordpress\/wp-json\/wp\/v2\/media?parent=340909"}],"wp:term":[{"taxonomy":"category","embeddable":true,"href":"https:\/\/www.radiopiu.net\/wordpress\/wp-json\/wp\/v2\/categories?post=340909"},{"taxonomy":"post_tag","embeddable":true,"href":"https:\/\/www.radiopiu.net\/wordpress\/wp-json\/wp\/v2\/tags?post=340909"}],"curies":[{"name":"wp","href":"https:\/\/api.w.org\/{rel}","templated":true}]}}