{"id":340912,"date":"2023-06-20T05:11:02","date_gmt":"2023-06-20T03:11:02","guid":{"rendered":"https:\/\/www.radiopiu.net\/wordpress\/?p=340912"},"modified":"2023-06-20T07:51:07","modified_gmt":"2023-06-20T05:51:07","slug":"manca-il-personale-i-disagi-dei-piccoli-comuni","status":"publish","type":"post","link":"https:\/\/www.radiopiu.net\/wordpress\/manca-il-personale-i-disagi-dei-piccoli-comuni\/","title":{"rendered":"MANCA IL PERSONALE, I DISAGI DEI PICCOLI COMUNI"},"content":{"rendered":"<p><strong>DI GIANNI SANTOMASO<\/strong><\/p>\n<p>&nbsp;<\/p>\n<p><strong><img loading=\"lazy\" decoding=\"async\" class=\"alignleft\" src=\"https:\/\/www.radiopiu.net\/wordpress\/wp-content\/uploads\/2022\/12\/MUNICIPIO-AGORDO.png\" width=\"211\" height=\"135\" \/>AGORDO<\/strong> <em>\u00abCos\u00ec non si pu\u00f2 pi\u00f9 andare avanti, di questo passo gli enti locali andranno al collasso\u00bb.<\/em> \u00c8 praticamente unanime il grido di allarme da parte degli amministratori comunali agordini sulla situazione che riguarda gli organici dei Comuni, sempre pi\u00f9 all&#8217;osso. Una situazione che, guardando al domani, non pu\u00f2 che peggiorare se a livello centrale non si interverr\u00e0. Giulio Favretti, vicesindaco di Agordo e Giuseppe Schena primo cittadino di Voltago si rivolgono agli enti superiori. <em>\u00abServono\u00bb, dicono, \u00abforme di incentivazione: sono lavori che chiedono grande responsabilit\u00e0 e per cui serve una revisione del trattamento economico\u00bb.\u00a0<\/em><\/p>\n<p>audio<\/p>\n<audio class=\"wp-audio-shortcode\" id=\"audio-340912-1\" preload=\"none\" style=\"width: 100%;\" controls=\"controls\"><source type=\"audio\/mpeg\" src=\"https:\/\/www.radiopiu.net\/wordpress\/wp-content\/uploads\/2023\/06\/gianni-agordo.mp3?_=1\" \/><a href=\"https:\/\/www.radiopiu.net\/wordpress\/wp-content\/uploads\/2023\/06\/gianni-agordo.mp3\">https:\/\/www.radiopiu.net\/wordpress\/wp-content\/uploads\/2023\/06\/gianni-agordo.mp3<\/a><\/audio>\n<p>&nbsp;<\/p>\n<hr \/>\n<p>&nbsp;<\/p>\n","protected":false},"excerpt":{"rendered":"<p>DI GIANNI SANTOMASO &nbsp; AGORDO \u00abCos\u00ec non si pu\u00f2 pi\u00f9 andare avanti, di questo passo gli enti locali andranno al collasso\u00bb. \u00c8 praticamente unanime il grido di allarme da parte degli amministratori comunali agordini sulla situazione che riguarda gli organici dei Comuni, sempre pi\u00f9 all&#8217;osso. Una situazione che, guardando al domani, non pu\u00f2 che peggiorare&hellip;<\/p>\n","protected":false},"author":4,"featured_media":309882,"comment_status":"closed","ping_status":"closed","sticky":false,"template":"","format":"standard","meta":{"_monsterinsights_skip_tracking":false,"_monsterinsights_sitenote_active":false,"_monsterinsights_sitenote_note":"","_monsterinsights_sitenote_category":0,"footnotes":""},"categories":[51,49],"tags":[],"class_list":["post-340912","post","type-post","status-publish","format-standard","has-post-thumbnail","hentry","category-evidenza-top","category-news-18","category-51","category-49","description-off"],"img_url":"https:\/\/www.radiopiu.net\/wordpress\/wp-content\/uploads\/2022\/12\/MUNICIPIO-AGORDO.png","_links":{"self":[{"href":"https:\/\/www.radiopiu.net\/wordpress\/wp-json\/wp\/v2\/posts\/340912","targetHints":{"allow":["GET"]}}],"collection":[{"href":"https:\/\/www.radiopiu.net\/wordpress\/wp-json\/wp\/v2\/posts"}],"about":[{"href":"https:\/\/www.radiopiu.net\/wordpress\/wp-json\/wp\/v2\/types\/post"}],"author":[{"embeddable":true,"href":"https:\/\/www.radiopiu.net\/wordpress\/wp-json\/wp\/v2\/users\/4"}],"replies":[{"embeddable":true,"href":"https:\/\/www.radiopiu.net\/wordpress\/wp-json\/wp\/v2\/comments?post=340912"}],"version-history":[{"count":0,"href":"https:\/\/www.radiopiu.net\/wordpress\/wp-json\/wp\/v2\/posts\/340912\/revisions"}],"wp:featuredmedia":[{"embeddable":true,"href":"https:\/\/www.radiopiu.net\/wordpress\/wp-json\/wp\/v2\/media\/309882"}],"wp:attachment":[{"href":"https:\/\/www.radiopiu.net\/wordpress\/wp-json\/wp\/v2\/media?parent=340912"}],"wp:term":[{"taxonomy":"category","embeddable":true,"href":"https:\/\/www.radiopiu.net\/wordpress\/wp-json\/wp\/v2\/categories?post=340912"},{"taxonomy":"post_tag","embeddable":true,"href":"https:\/\/www.radiopiu.net\/wordpress\/wp-json\/wp\/v2\/tags?post=340912"}],"curies":[{"name":"wp","href":"https:\/\/api.w.org\/{rel}","templated":true}]}}