{"id":340935,"date":"2023-06-21T05:43:51","date_gmt":"2023-06-21T03:43:51","guid":{"rendered":"https:\/\/www.radiopiu.net\/wordpress\/?p=340935"},"modified":"2023-06-21T07:34:26","modified_gmt":"2023-06-21T05:34:26","slug":"giornale-radiopiu-21-giugno-2023-direttore-mirko-mezzacasaverso-i-40-anni-25-giugno-1983-25-giugno-2023","status":"publish","type":"post","link":"https:\/\/www.radiopiu.net\/wordpress\/giornale-radiopiu-21-giugno-2023-direttore-mirko-mezzacasaverso-i-40-anni-25-giugno-1983-25-giugno-2023\/","title":{"rendered":"GIORNALE RADIOPIU 21 GIUGNO 2023 DIRETTORE MIRKO MEZZACASA\u2026VERSO I 40 ANNI 25 GIUGNO 1983-25 GIUGNO 2023"},"content":{"rendered":"<div class=\"page-title-head hgroup\">\n<h2 style=\"text-align: left;\"><span style=\"color: #ff0000;\"><span style=\"vertical-align: inherit;\"><a class=\"dt-pswp-item\" href=\"https:\/\/www.radiopiu.net\/wordpress\/wp-content\/uploads\/2023\/04\/e0aad41d-951e-47b9-9fae-1a879a9bcb7e-1.jpg\" data-dt-img-description=\"\" data-large_image_width=\"1200\" data-large_image_height=\"1200\"><img loading=\"lazy\" decoding=\"async\" class=\"wp-image-333205 alignleft\" src=\"https:\/\/www.radiopiu.net\/wordpress\/wp-content\/uploads\/2023\/04\/e0aad41d-951e-47b9-9fae-1a879a9bcb7e-1-300x300.jpg\" alt=\"\" width=\"110\" height=\"110\" srcset=\"https:\/\/www.radiopiu.net\/wordpress\/wp-content\/uploads\/2023\/04\/e0aad41d-951e-47b9-9fae-1a879a9bcb7e-1-300x300.jpg 300w, https:\/\/www.radiopiu.net\/wordpress\/wp-content\/uploads\/2023\/04\/e0aad41d-951e-47b9-9fae-1a879a9bcb7e-1-1024x1024.jpg 1024w, https:\/\/www.radiopiu.net\/wordpress\/wp-content\/uploads\/2023\/04\/e0aad41d-951e-47b9-9fae-1a879a9bcb7e-1-150x150.jpg 150w, https:\/\/www.radiopiu.net\/wordpress\/wp-content\/uploads\/2023\/04\/e0aad41d-951e-47b9-9fae-1a879a9bcb7e-1-768x768.jpg 768w, https:\/\/www.radiopiu.net\/wordpress\/wp-content\/uploads\/2023\/04\/e0aad41d-951e-47b9-9fae-1a879a9bcb7e-1.jpg 1200w\" sizes=\"auto, (max-width: 110px) 100vw, 110px\" \/><\/a><\/span><\/span><\/h2>\n<h1 class=\"entry-title\">40esimo di RADIOPIU\u2026. LA VOCE DELL\u2019EMOZIONE<\/h1>\n<\/div>\n<p>&nbsp;<\/p>\n<p><strong>IL NUOVO PROGRAMMA, in montagna con <a class=\"x1i10hfl xjbqb8w x6umtig x1b1mbwd xaqea5y xav7gou x9f619 x1ypdohk xt0psk2 xe8uvvx xdj266r x11i5rnm xat24cr x1mh8g0r xexx8yu x4uap5 x18d9i69 xkhd6sd x16tdsg8 x1hl2dhg xggy1nq x1a2a7pz xt0b8zv x1qq9wsj xo1l8bm\" tabindex=\"0\" role=\"link\" href=\"https:\/\/www.facebook.com\/luca.ganz.1?__cft__[0]=AZXc05v8ddcxBjHc4Etdch2hKF2TkriP6DkSwRq_TNFwJY1lSF4igRMoSGJQ_41k7rmLKrvcs-V1NVqPyfVKERVKgJsCZFoOSekBG2zvUH2sAg&amp;__tn__=-]K-R\"><span class=\"xt0psk2\">Luca Ganz<\/span><\/a> &#8220;LA REFA&#8221; OGGI ALLE 9.10 SU RADIOPIU<a class=\"dt-pswp-item\" href=\"https:\/\/www.radiopiu.net\/wordpress\/wp-content\/uploads\/2023\/06\/330951421_750918916247655_569764729646244723_n.png\" data-dt-img-description=\"\" data-large_image_width=\"960\" data-large_image_height=\"572\"><img loading=\"lazy\" decoding=\"async\" class=\"size-medium wp-image-341082 aligncenter\" src=\"https:\/\/www.radiopiu.net\/wordpress\/wp-content\/uploads\/2023\/06\/330951421_750918916247655_569764729646244723_n-300x179.png\" alt=\"\" width=\"300\" height=\"179\" srcset=\"https:\/\/www.radiopiu.net\/wordpress\/wp-content\/uploads\/2023\/06\/330951421_750918916247655_569764729646244723_n-300x179.png 300w, https:\/\/www.radiopiu.net\/wordpress\/wp-content\/uploads\/2023\/06\/330951421_750918916247655_569764729646244723_n-768x458.png 768w, https:\/\/www.radiopiu.net\/wordpress\/wp-content\/uploads\/2023\/06\/330951421_750918916247655_569764729646244723_n.png 960w\" sizes=\"auto, (max-width: 300px) 100vw, 300px\" \/><\/a><\/strong><\/p>\n<p>&nbsp;<\/p>\n<hr \/>\n<h2 style=\"text-align: left;\"><span style=\"color: #ff0000;\"><span style=\"vertical-align: inherit;\">\u00a0<\/span><\/span><\/h2>\n<h2 style=\"text-align: left;\"><span style=\"color: #ff0000;\"><span style=\"vertical-align: inherit;\">ISCRIVITI AL NOSTRO CANALE\u00a0 <\/span><\/span><span style=\"vertical-align: inherit;\"> YOUTUBE PER SEGUIRE IN DIRETTA I PRINCIPALI PROGRAMMI DI RADIO PIU&#8217; E LE FUTURE DIRETTE IN ESTERNA. PER ISCRIVERTI <\/span><a style=\"color: #ff0000;\" href=\"https:\/\/youtube.com\/@radiopiu1527\"><span style=\"vertical-align: inherit;\">CLICCA QUI <\/span><\/a><span style=\"color: #ff0000; font-size: 14px; font-weight: normal;\"><span style=\"vertical-align: inherit;\">E PREMI\u00a0 &#8220;Iscriviti&#8221;\u00a0 \u00a0<\/span><\/span><\/h2>\n<p>&nbsp;<\/p>\n<p>&nbsp;<\/p>\n<hr \/>\n<p>&nbsp;<\/p>\n<blockquote>\n<h3>ACQUA NON POTABILE A GOSALDO<\/h3>\n<\/blockquote>\n<p><strong>GOSALDO <\/strong>Gestione Servizi Pubblici informa che a GOSALDO nelle localit\u00e0 LE FOCHE, LAMBROI, DENEORE, MAGAIT, REN, SELLE, COL TAMAI, BITTI, GIARDOI, PETTUINE, LAVEDER, PONGAN, VALLASIN, FAUSTIN, CIET, MARCHET, FOCH, TITELE, CODA, NORI, PIOLE DOMADORE, LONGHI, SARASIN, LA COSTA, MASOCH, NAGAREI, CALDRAS, NADAI, ZAVAT, CARRERA, BEZZOI e STUER l&#8217;acqua erogata dall&#8217;acquedotto non \u00e8 potabile e pu\u00f2 essere usata per scopi alimentari SOLO PREVIA bollitura. GSP ha, comunque, gi\u00e0 adottato le necessarie misure per la disinfezione dell&#8217;acqua presente nei serbatoi e nella rete idrica con l&#8217;aggiunta di cloro.<\/p>\n<p>&nbsp;<\/p>\n<p>&nbsp;<\/p>\n<hr \/>\n<p>&nbsp;<\/p>\n<blockquote>\n<h3 class=\"entry-title\">REGIONALE 203 AGORDINA, 10 GIORNI A \u201cSINGHIOZZO\u201d<\/h3>\n<\/blockquote>\n<p style=\"text-align: left;\"><strong><a class=\"dt-pswp-item\" href=\"https:\/\/www.radiopiu.net\/wordpress\/wp-content\/uploads\/2023\/06\/0678064d-5508-4cf4-9bf8-cfb3ad461f42.jpg\" data-dt-img-description=\"\" data-large_image_width=\"1080\" data-large_image_height=\"901\"><img loading=\"lazy\" decoding=\"async\" class=\" wp-image-340302 alignleft\" src=\"https:\/\/www.radiopiu.net\/wordpress\/wp-content\/uploads\/2023\/06\/0678064d-5508-4cf4-9bf8-cfb3ad461f42-300x250.jpg\" alt=\"\" width=\"205\" height=\"171\" srcset=\"https:\/\/www.radiopiu.net\/wordpress\/wp-content\/uploads\/2023\/06\/0678064d-5508-4cf4-9bf8-cfb3ad461f42-300x250.jpg 300w, https:\/\/www.radiopiu.net\/wordpress\/wp-content\/uploads\/2023\/06\/0678064d-5508-4cf4-9bf8-cfb3ad461f42-1024x854.jpg 1024w, https:\/\/www.radiopiu.net\/wordpress\/wp-content\/uploads\/2023\/06\/0678064d-5508-4cf4-9bf8-cfb3ad461f42-768x641.jpg 768w, https:\/\/www.radiopiu.net\/wordpress\/wp-content\/uploads\/2023\/06\/0678064d-5508-4cf4-9bf8-cfb3ad461f42.jpg 1080w\" sizes=\"auto, (max-width: 205px) 100vw, 205px\" \/><\/a>REDAZIONE<\/strong> Per la messa in sicurezza della regionale 203 agordina, Veneto Strade ha previsto la chiusura della strada regionale 203 agordina, in localit\u00e0 La Pissa, in alcune fasce orarie. Fino al 27 giugno, sabato e domenica esclusi, INTERRUZIONI\u00a0 temporanee: <strong>DALLE 8 ALLE 9.35 <\/strong><strong>DALLE 9,50 ALLE 11.10 <\/strong><strong>DALLE 11.25 ALLE 12.20 <\/strong><strong>DALLE 14.25 ALLE 15.55<\/strong><\/p>\n<p>&nbsp;<\/p>\n<p>&nbsp;<\/p>\n<p>&nbsp;<\/p>\n<p>&nbsp;<\/p>\n<p>&nbsp;<\/p>\n<hr \/>\n<p>&nbsp;<\/p>\n<blockquote>\n<h2>CHIUDE LA PRINCIPALE PER IL DURAN, DEVIAZIONI IN LOCO<\/h2>\n<\/blockquote>\n<p><strong>SP347 DEL DURAN E CEREDA:<\/strong> localit\u00e0 Lantrago La Valle. <span style=\"color: #ff0000;\">Fino\u00a0al 13 luglio<\/span> chiusura totale al traffico della strada per il Passo Duran per lavori di allargamento del Ponte Lantrago e sistemazione della carreggiata. percorso alternativo consigliato: CROSTOLIN-GAIDON\u00a0 strada comunale interdetta al transito dei veicoli con larghezza superiore ai 2 metri e 40 centimetri.<\/p>\n<p>&nbsp;<\/p>\n<hr \/>\n<p>&nbsp;<\/p>\n<blockquote>\n<h3>SAVINER-DIGONERA: LE CHIUSURE<\/h3>\n<\/blockquote>\n<p>Veneto strade comunica che la SP 563 di Salesei sar\u00e0 interessata da un&#8217;interdizione totale alla circolazione in localit\u00e0 Digonera nel comune di Rocca Pietore.\u00a0 Da domani\u00a0 al 23 giugno la strada sar\u00e0 chiusa dalle 7:30 alle 18, negli altri orari istituzione di un senso unico alternato regolato da semaforo e limite di velocit\u00e0 a 30 km\/h. Dal 23 giugno al 28 luglio la strada sar\u00e0 di nuovo interdetta al traffico dalle 8 del luned\u00ec alle 18 di venerd\u00ec e nel fine settimana istituzione di un senso unico alternato regolato da semaforo e limite di velocit\u00e0 a 30 km\/h.<\/p>\n<hr \/>\n<blockquote cite=\"mid:71af1df6-9fc9-1516-1e33-7eaeccfeb975@arabba.it\">\n<div class=\"moz-forward-container\">\n<div class=\"moz-forward-container\"><span style=\"color: #000000; font-size: large;\"><b><span lang=\"IT\"><span class=\"il\">\u00a0<\/span><\/span><\/b><\/span><\/div>\n<div class=\"moz-forward-container\"><span style=\"color: #000000; font-size: large;\"><b><span lang=\"IT\"><span class=\"il\">\u00a0<\/span><\/span><\/b><\/span><\/div>\n<div class=\"moz-forward-container\"><span style=\"color: #000000; font-size: large;\"><b><span lang=\"IT\"><span class=\"il\">COMUNICAZIONE<\/span> LIMITAZIONE AL TRAFFICO DEI PASSI CAMPOLONGO &#8211; FALZAREGO &#8211; VALPAROLA<br \/>\n<\/span><\/b><\/span><\/p>\n<div><em><span style=\"color: #000000;\">Oggi alla radio, alle 9,30 ospite Michela Lezuo, presidente Arabba Fodom Turismo<\/span><\/em><\/div>\n<div><span style=\"color: #000000;\">\u00a0<\/span><\/div>\n<div><span style=\"color: #000000;\"><span class=\"il\">\u00a0DOLOMITES<\/span> <span class=\"il\">BIKE<\/span> <span class=\"il\">DAY, evento non competitivo per gli amanti della bicicletta, \u00e8 in programma<\/span>\u00a0sabato 24 giugno 2023 \u00a0O<\/span><span style=\"color: #000000;\"><span class=\"il\">rario<\/span> di chiusura delle strade, <span lang=\"IT\"><b>\u00a0dalle ore 08:30 alle ore 14:30. <\/b><\/span><\/span><span style=\"color: #000000;\">Tratte interessate: da\u00a0<\/span><b style=\"color: #000000;\">Passo<\/b><span style=\"color: #000000;\">\u00a0<\/span><b style=\"color: #000000;\">Campolongo<\/b><span style=\"color: #000000;\">\u00a0\u2013\u00a0<\/span><b style=\"color: #000000;\">Arabba<\/b><span style=\"color: #000000;\">\u00a0\u2013<\/span><wbr style=\"color: #000000;\" \/><span style=\"color: #000000;\">\u00a0<\/span><b style=\"color: #000000;\">Pieve di Livinallongo (SS48)\u00a0<\/b><span style=\"color: #000000;\">\u2013\u00a0<\/span><b style=\"color: #000000;\">Passo Falzarego\u00a0\u2013 (SP 37) Passo Valparola\u00a0<\/b><span style=\"color: #000000;\">\u2013 San Cassiano \u2013 La Villa (SS244) \u2013 Corvara bivio direzione Passo Campolongo &#8211; Arabba.\u00a0 <\/span><span style=\"color: #000000;\">Ai ciclisti si consiglia il senso antiorario, quindi da Passo Campolongo, Arabba, Pieve di Livinallongo in salita verso il Passo Falzarego.\u00a0<\/span><\/div>\n<div><\/div>\n<div><span style=\"color: #ff0000;\"><strong>VENETO STRADE PRESIDIERA&#8217; CON MOVIERE I SEMAFORI LUNGO LA 203 AGORDINA TRA CENCENIGHE ED ALLEGHE PER\u00a0 EVITARE INCOLONNAMENTI<\/strong><\/span><\/div>\n<div><\/div>\n<\/div>\n<\/div>\n<\/blockquote>\n<hr \/>\n<p>&nbsp;<\/p>\n<blockquote>\n<h3>RIAPERTO IL SENTIERO CAI 543 DELL&#8217;ALTA VIA NUMERO 1<\/h3>\n<\/blockquote>\n<p><strong>LA VALLE<\/strong> Il comune di La Valle comunica che \u00e8 stato riaperto il sentiero 543 dell&#8217;alta via numero 1 che da Pian De Caleda porta a Forcella Dagarei. Il sentiero era stato chiuso per consentire dei lavori di esbosco.<\/p>\n<p>&nbsp;<\/p>\n<p>&nbsp;<\/p>\n<hr \/>\n<p>&nbsp;<\/p>\n<blockquote>\n<h3>OGGI INIZIANO GLI ESAMI DI MATURITA&#8217;. IL PENSIERO DEL PRESIDENTE ZAIA<\/h3>\n<\/blockquote>\n<p><strong><a class=\"dt-pswp-item\" href=\"https:\/\/www.radiopiu.net\/wordpress\/wp-content\/uploads\/2022\/11\/ZAIA.jpg\" data-dt-img-description=\"\" data-large_image_width=\"1024\" data-large_image_height=\"761\"><img loading=\"lazy\" decoding=\"async\" class=\" wp-image-306973 alignleft\" src=\"https:\/\/www.radiopiu.net\/wordpress\/wp-content\/uploads\/2022\/11\/ZAIA-300x223.jpg\" alt=\"\" width=\"157\" height=\"117\" srcset=\"https:\/\/www.radiopiu.net\/wordpress\/wp-content\/uploads\/2022\/11\/ZAIA-300x223.jpg 300w, https:\/\/www.radiopiu.net\/wordpress\/wp-content\/uploads\/2022\/11\/ZAIA-768x571.jpg 768w, https:\/\/www.radiopiu.net\/wordpress\/wp-content\/uploads\/2022\/11\/ZAIA.jpg 1024w\" sizes=\"auto, (max-width: 157px) 100vw, 157px\" \/><\/a>VENEZIA <\/strong>\u201cAuguro a tutti i 39.356 studenti veneti che stanno per affrontare l\u2019Esame di Stato di vivere al meglio quella che rester\u00e0 un\u2019esperienza indelebile nella loro esistenza. Anche se nel tempo ha cambiato nome, resta pur sempre l\u2019esame di maturit\u00e0: la prima vera tappa di passaggio dall\u2019et\u00e0 adolescenziale, quando la scuola \u00e8 l\u2019occupazione principale, a quella adulta, dove qualunque sia la scelta dopo la scuola secondaria, i giovani entrano in una fase in cui diventano davvero padroni della propria esistenza. Per tutto questo penso sia giusto mandare a tutti un augurio speciale con un grande in bocca al lupo\u201d. \u00c8 questo il pensiero che il Presidente della Regione del Veneto Luca Zaia rivolge agli studenti veneti di quasi 2.000 classi impegnate da oggi nella prima prova dell\u2019Esame di Stato. Quasi 1.000 le commissioni d\u2019esame che lavoreranno nelle scuole venete per valutare le prove dei ragazzi giunti al termine della scuola secondaria di secondo grado.<\/p>\n<p>&nbsp;<\/p>\n<p>&nbsp;<\/p>\n<hr \/>\n<p>&nbsp;<\/p>\n<blockquote>\n<h3>LE CISTERNE COMUNALI DEL &#8217;59 &#8220;BUCATE&#8221;, SPERANDO NON CI SIANO ANCHE DANNI AMBIENTALI<\/h3>\n<\/blockquote>\n<p><strong>DI GIANNI SANTOMASO<\/strong><\/p>\n<audio class=\"wp-audio-shortcode\" id=\"audio-340935-1\" preload=\"none\" style=\"width: 100%;\" controls=\"controls\"><source type=\"audio\/mpeg\" src=\"https:\/\/www.radiopiu.net\/wordpress\/wp-content\/uploads\/2023\/06\/GIANNI-FALCADE-CISTERNE.mp3?_=1\" \/><a href=\"https:\/\/www.radiopiu.net\/wordpress\/wp-content\/uploads\/2023\/06\/GIANNI-FALCADE-CISTERNE.mp3\">https:\/\/www.radiopiu.net\/wordpress\/wp-content\/uploads\/2023\/06\/GIANNI-FALCADE-CISTERNE.mp3<\/a><\/audio>\n<blockquote><p>&nbsp;<\/p><\/blockquote>\n<p><img loading=\"lazy\" decoding=\"async\" class=\"alignleft\" src=\"https:\/\/www.radiopiu.net\/wordpress\/wp-content\/uploads\/2022\/11\/CONSIGLIO-COMUNALE-FALCADE-3.jpg\" width=\"285\" height=\"160\" \/><\/p>\n<p><strong>FALCADE<\/strong> Variazione da migliaia d&#8217;euro (30mila per ognuno dei tre siti), tanti ne servono per\u00a0 rimettere a norma le cisterne di tre strutture comunali <em>&#8220;Si paventa la potenziale contaminazione con rischio di danno ambientale, che \u00e8 un reato&#8221;<\/em> ha detto il sindaco Mauro Salvaterra. Nel frattempo soluzione di emeregenza con cisterne fuori terra da 7500 euro a noleggio.<\/p>\n<p>&nbsp;<\/p>\n<p><strong>AUDIO DAL CONSIGLIO COMUNALE, IL SINDACO MAURO SALVATERRA<\/strong><\/p>\n<audio class=\"wp-audio-shortcode\" id=\"audio-340935-2\" preload=\"none\" style=\"width: 100%;\" controls=\"controls\"><source type=\"audio\/mpeg\" src=\"https:\/\/www.radiopiu.net\/wordpress\/wp-content\/uploads\/2023\/06\/MAURO-SALVATERRA.mp3?_=2\" \/><a href=\"https:\/\/www.radiopiu.net\/wordpress\/wp-content\/uploads\/2023\/06\/MAURO-SALVATERRA.mp3\">https:\/\/www.radiopiu.net\/wordpress\/wp-content\/uploads\/2023\/06\/MAURO-SALVATERRA.mp3<\/a><\/audio>\n<p>&nbsp;<\/p>\n<p>&nbsp;<\/p>\n<blockquote>\n<h3>MIGRANTI A FALCADE, IL PUNTO IN CONSIGLIO COMUNALE<\/h3>\n<\/blockquote>\n<p><img loading=\"lazy\" decoding=\"async\" class=\"alignleft\" src=\"https:\/\/www.radiopiu.net\/wordpress\/wp-content\/uploads\/2023\/06\/343656900_1282984579285220_995371294338857975_n.jpg\" width=\"242\" height=\"165\" \/>FALCADE<\/p>\n<p><strong>il sindaco Mauro Salvaterra dal consiglio comunale<\/strong><\/p>\n<p>&nbsp;<\/p>\n<audio class=\"wp-audio-shortcode\" id=\"audio-340935-3\" preload=\"none\" style=\"width: 100%;\" controls=\"controls\"><source type=\"audio\/mpeg\" src=\"https:\/\/www.radiopiu.net\/wordpress\/wp-content\/uploads\/2023\/06\/SALVATERRA-MIGRANTI.mp3?_=3\" \/><a href=\"https:\/\/www.radiopiu.net\/wordpress\/wp-content\/uploads\/2023\/06\/SALVATERRA-MIGRANTI.mp3\">https:\/\/www.radiopiu.net\/wordpress\/wp-content\/uploads\/2023\/06\/SALVATERRA-MIGRANTI.mp3<\/a><\/audio>\n<blockquote>\n<h3><\/h3>\n<h3>IL CONSIGLIO COMUNALE DI FALCADE, LA DIRETTA DI RADIOPIU<strong>\u00a0<\/strong><\/h3>\n<\/blockquote>\n<p>https:\/\/www.facebook.com\/marco.baghy.1\/videos\/655329409971124<\/p>\n<p>&nbsp;<\/p>\n<hr \/>\n<p>&nbsp;<\/p>\n<blockquote>\n<h3>INTENSIFICATI I CONTROLLI ANTI DROGA A BELLUNO. GIOVANE DENUNCIATO PER SPACCIO DI STUPEFACENTI<\/h3>\n<\/blockquote>\n<p><strong><a class=\"dt-pswp-item\" href=\"https:\/\/www.radiopiu.net\/wordpress\/wp-content\/uploads\/2018\/09\/POLIZIA-2.jpg\" data-dt-img-description=\"\" data-large_image_width=\"768\" data-large_image_height=\"512\"><img loading=\"lazy\" decoding=\"async\" class=\" wp-image-60259 alignleft\" src=\"https:\/\/www.radiopiu.net\/wordpress\/wp-content\/uploads\/2018\/09\/POLIZIA-2-300x200.jpg\" alt=\"\" width=\"171\" height=\"114\" srcset=\"https:\/\/www.radiopiu.net\/wordpress\/wp-content\/uploads\/2018\/09\/POLIZIA-2-300x200.jpg 300w, https:\/\/www.radiopiu.net\/wordpress\/wp-content\/uploads\/2018\/09\/POLIZIA-2.jpg 768w\" sizes=\"auto, (max-width: 171px) 100vw, 171px\" \/><\/a>BELLUNO<\/strong> Durante gli ultimi giorni dell&#8217;anno scolastico, la Polizia ha aumentato i controlli per contrastare lo spaccio di droga tra i giovani. In particolare, sono state concentrate le attenzioni sui ragazzi che si riuniscono nei piazzali vicino alla stazione ferroviaria di Belluno prima dell&#8217;inizio delle lezioni. Gli agenti delle Volanti hanno notato un movimento sospetto di ragazzi nei pressi degli ex magazzini FS, un luogo isolato, che ha attirato la loro attenzione. Dopo alcuni minuti di osservazione, con l&#8217;aiuto di altre pattuglie, gli agenti hanno deciso di intervenire per capire meglio cosa stesse accadendo, sospettando un&#8217;attivit\u00e0 di spaccio. Infatti, avevano notato che chi si avvicinava a quella zona interagiva con un individuo che, con movimenti rapidi, consegnava bustine in cambio di denaro. Dopo aver identificato tutti i presenti, gli agenti hanno approfondito il controllo sul giovane che effettuava gli scambi. La perquisizione ha confermato i sospetti, poich\u00e9 il ragazzo \u00e8 stato trovato in possesso di una grande quantit\u00e0 di hashish, un bilancino di precisione, banconote di piccolo taglio e un coltello. Il giovane \u00e8 stato accompagnato in Questura per essere denunciato all&#8217;Autorit\u00e0 Giudiziaria, che valuter\u00e0 le sue responsabilit\u00e0 per il reato di spaccio di sostanze stupefacenti.<\/p>\n<p>&nbsp;<\/p>\n<hr \/>\n<p>&nbsp;<\/p>\n<blockquote>\n<h3><a class=\"dt-pswp-item\" href=\"https:\/\/www.radiopiu.net\/wordpress\/wp-content\/uploads\/2023\/06\/Senza-nome-6.jpg\" data-dt-img-description=\"\" data-large_image_width=\"509\" data-large_image_height=\"321\"><img loading=\"lazy\" decoding=\"async\" class=\"size-medium wp-image-341063 alignleft\" src=\"https:\/\/www.radiopiu.net\/wordpress\/wp-content\/uploads\/2023\/06\/Senza-nome-6-300x189.jpg\" alt=\"\" width=\"300\" height=\"189\" srcset=\"https:\/\/www.radiopiu.net\/wordpress\/wp-content\/uploads\/2023\/06\/Senza-nome-6-300x189.jpg 300w, https:\/\/www.radiopiu.net\/wordpress\/wp-content\/uploads\/2023\/06\/Senza-nome-6.jpg 509w\" sizes=\"auto, (max-width: 300px) 100vw, 300px\" \/><\/a>UN ALTRO FURTO IN STAZIONE<\/h3>\n<\/blockquote>\n<p><strong>FELTRE\u00a0<\/strong> Furto al Buffet della stazione: ieri notte, due persone hanno utilizzato il basamento di un ombrellone come clava per rompere il vetro antisfondamento e il telaio della porta finestra. I ladri sono stati registrati dalle telecamere di sorveglianza, ma sono riusciti a fuggire prima dell&#8217;arrivo dei carabinieri. Non \u00e8 stato trovato nulla messo a soqquadro all&#8217;interno, ma si sospetta il furto di sigarette e soldi dalla cassa. Il danno pi\u00f9 grave riguarda la porta a vetri, mentre le telecamere esterne potrebbero fornire ulteriori indizi. Non si erano verificati furti con scasso dal 2017, quando un&#8217;altra banda aveva colpito il Buffet. La polizia indaga sull&#8217;accaduto.<\/p>\n<hr \/>\n<p>&nbsp;<\/p>\n<div class=\"page-title-head hgroup\">\n<h3 class=\"entry-title\">5 FERITI NELL\u2019INCIDENTE DI BORCA DI CADORE<\/h3>\n<blockquote>\n<div class=\"articlePlainText\"><em>la Golf aveva raggiunto il centro strada segnalando la eventuale svolta a sinistra. L&#8217;auto che seguiva subito dopo, una Ford Focus, ha rallentato e si \u00e8 fermata, ma la terza, una monovolume Touran, non ha fatto in tempo e ha tamponato.<\/em><\/div>\n<\/blockquote>\n<p><strong>BORCA DI CADORE<\/strong> Ieri pomeriggio incidente lungo la ss51 a Borca di Cadore, coinvolti 3 auto, 5 feriti lievi tra questi anche una bambina. Sul posto Vigili del fuoco di Cortina d&#8217;Ampezza per la messa in sicurezza a viabilit\u00e0.<\/p>\n\n\t\t\t<style type='text\/css'>\n\t\t\t\t#gallery-1 {\n\t\t\t\t\tmargin: auto;\n\t\t\t\t}\n\t\t\t\t#gallery-1 .gallery-item {\n\t\t\t\t\tfloat: left;\n\t\t\t\t\tmargin-top: 10px;\n\t\t\t\t\ttext-align: center;\n\t\t\t\t\twidth: 50%;\n\t\t\t\t}\n\t\t\t\t#gallery-1 img {\n\t\t\t\t\tborder: 2px solid #cfcfcf;\n\t\t\t\t}\n\t\t\t\t#gallery-1 .gallery-caption {\n\t\t\t\t\tmargin-left: 0;\n\t\t\t\t}\n\t\t\t\t\/* see gallery_shortcode() in wp-includes\/media.php *\/\n\t\t\t<\/style>\n\t\t<div id='gallery-1' class='dt-gallery-container gallery galleryid-340935 gallery-columns-2 gallery-size-medium'><dl class='gallery-item'>\n\t\t\t\t<dt class='gallery-icon landscape'>\n\t\t\t\t\t<a class=\"rollover rollover-zoom dt-pswp-item\" title=\"3036eb1d-770a-4746-8115-076f836f7eb0\" data-dt-img-description=\"\" data-large_image_width=\"1280\" data-large_image_height=\"960\"href='https:\/\/www.radiopiu.net\/wordpress\/wp-content\/uploads\/2023\/06\/3036eb1d-770a-4746-8115-076f836f7eb0.jpg'><img loading=\"lazy\" decoding=\"async\" width=\"300\" height=\"225\" src=\"https:\/\/www.radiopiu.net\/wordpress\/wp-content\/uploads\/2023\/06\/3036eb1d-770a-4746-8115-076f836f7eb0-300x225.jpg\" class=\"attachment-medium size-medium\" alt=\"\" srcset=\"https:\/\/www.radiopiu.net\/wordpress\/wp-content\/uploads\/2023\/06\/3036eb1d-770a-4746-8115-076f836f7eb0-300x225.jpg 300w, https:\/\/www.radiopiu.net\/wordpress\/wp-content\/uploads\/2023\/06\/3036eb1d-770a-4746-8115-076f836f7eb0-1024x768.jpg 1024w, https:\/\/www.radiopiu.net\/wordpress\/wp-content\/uploads\/2023\/06\/3036eb1d-770a-4746-8115-076f836f7eb0-768x576.jpg 768w, https:\/\/www.radiopiu.net\/wordpress\/wp-content\/uploads\/2023\/06\/3036eb1d-770a-4746-8115-076f836f7eb0.jpg 1280w\" sizes=\"auto, (max-width: 300px) 100vw, 300px\" \/><\/a>\n\t\t\t\t<\/dt><\/dl><dl class='gallery-item'>\n\t\t\t\t<dt class='gallery-icon landscape'>\n\t\t\t\t\t<a class=\"rollover rollover-zoom dt-pswp-item\" title=\"b24619fc-b15c-4a16-bc39-cb25d3443ef7\" data-dt-img-description=\"\" data-large_image_width=\"1280\" data-large_image_height=\"960\"href='https:\/\/www.radiopiu.net\/wordpress\/wp-content\/uploads\/2023\/06\/b24619fc-b15c-4a16-bc39-cb25d3443ef7.jpg'><img loading=\"lazy\" decoding=\"async\" width=\"300\" height=\"225\" src=\"https:\/\/www.radiopiu.net\/wordpress\/wp-content\/uploads\/2023\/06\/b24619fc-b15c-4a16-bc39-cb25d3443ef7-300x225.jpg\" class=\"attachment-medium size-medium\" alt=\"\" srcset=\"https:\/\/www.radiopiu.net\/wordpress\/wp-content\/uploads\/2023\/06\/b24619fc-b15c-4a16-bc39-cb25d3443ef7-300x225.jpg 300w, https:\/\/www.radiopiu.net\/wordpress\/wp-content\/uploads\/2023\/06\/b24619fc-b15c-4a16-bc39-cb25d3443ef7-1024x768.jpg 1024w, https:\/\/www.radiopiu.net\/wordpress\/wp-content\/uploads\/2023\/06\/b24619fc-b15c-4a16-bc39-cb25d3443ef7-768x576.jpg 768w, https:\/\/www.radiopiu.net\/wordpress\/wp-content\/uploads\/2023\/06\/b24619fc-b15c-4a16-bc39-cb25d3443ef7.jpg 1280w\" sizes=\"auto, (max-width: 300px) 100vw, 300px\" \/><\/a>\n\t\t\t\t<\/dt><\/dl><br style=\"clear: both\" \/>\n\t\t\t<\/div>\n\n<p>&nbsp;<\/p>\n<\/div>\n<div class=\"page-title-breadcrumbs\"><\/div>\n<p>&nbsp;<\/p>\n<hr \/>\n<p>&nbsp;<\/p>\n<div class=\"page-title-head hgroup\">\n<blockquote>\n<h3 class=\"entry-title\">TROVANO LA GRANATA, INTERVENGONO GLI ARTIFICIERI<\/h3>\n<\/blockquote>\n<\/div>\n<div class=\"page-title-breadcrumbs\"><img decoding=\"async\" class=\"alignleft\" src=\"https:\/\/www.radiopiu.net\/wordpress\/wp-content\/uploads\/2023\/06\/th-7.jpg\" \/><strong>ROCCA PIETORE<\/strong>\u00a0 Ieri, a Malga Ciapela, si \u00e8 verificato un evento insolito quando alcuni escursionisti hanno scoperto una granata della prima guerra mondiale. Prontamente, hanno avvertito i carabinieri, che hanno poi richiesto l&#8217;intervento dei guastatori dell&#8217;Esercito, appartenenti al Terzo Reggimento Guastatori. L&#8217;ordigno, identificato come una granata di artiglieria italiana del calibro di 75 mm, risalente alla prima guerra mondiale, \u00e8 stato messo in sicurezza e successivamente trasportato a Passo Fedaia, situato sotto la Marmolada. Qui \u00e8 stata effettuata l&#8217;esplosione controllata dell&#8217;ordigno, seguita da un&#8217;ampia bonifica dell&#8217;area. Durante l&#8217;operazione, l&#8217;assistenza sanitaria \u00e8 stata fornita dal Corpo Militare della Croce Rossa Italiana (CRI), appartenente al centro di mobilitazione Nord Est di Padova. La prefettura di Belluno ha coordinato le operazioni in collaborazione con l&#8217;Esercito e i carabinieri di Caprile.<\/div>\n<div class=\"articlePlainText\"><\/div>\n<p>&nbsp;<\/p>\n<hr \/>\n<p>&nbsp;<\/p>\n<p>&nbsp;<\/p>\n<h3>IL LUTTO<\/h3>\n<p><strong><a class=\"dt-pswp-item\" href=\"https:\/\/www.radiopiu.net\/wordpress\/wp-content\/uploads\/2023\/06\/Senza-nome-43.png\" data-dt-img-description=\"\" data-large_image_width=\"156\" data-large_image_height=\"148\"><img loading=\"lazy\" decoding=\"async\" class=\"size-full wp-image-341072 alignleft\" src=\"https:\/\/www.radiopiu.net\/wordpress\/wp-content\/uploads\/2023\/06\/Senza-nome-43.png\" alt=\"\" width=\"156\" height=\"148\" \/><\/a> BELLUNO<\/strong> \u00c8 mancata Orietta Dal Col vedova Longhi, 63 anni,\u00a0 nota per il suo impegno politico e anche per il lavoro nella carrozzeria di famiglia a Cusighe.<\/p>\n<p>Lascia i figli Gianluca, carabiniere a Belluno, e Arianna oltre ai nipoti, fratelli e parenti tutti. I funerali oggi alle 15 nella chiesa di Cusighe.<\/p>\n<p>&nbsp;<\/p>\n<p>&nbsp;<\/p>\n<p>&nbsp;<\/p>\n<hr \/>\n<p>&nbsp;<\/p>\n<div class=\"page-title-head hgroup\">\n<blockquote>\n<h3 class=\"entry-title\">DOLOMITIBUS AUMENTA LE TARIFFE E INTANTO L\u2019UTENZA LATITATA DOPO IL COVID<\/h3>\n<\/blockquote>\n<\/div>\n<div class=\"page-title-breadcrumbs\"><\/div>\n<p><img loading=\"lazy\" decoding=\"async\" class=\"alignleft\" src=\"https:\/\/www.radiopiu.net\/wordpress\/wp-content\/uploads\/2020\/06\/80c303ed-9a2e-49f0-8b20-3dd5e061bbf3.jpg\" width=\"296\" height=\"222\" \/><strong>BELLUNO<\/strong> Le tariffe di Dolomitibus aumenteranno a partire dal 1\u00b0 luglio, adeguandosi agli indici Istat. L&#8217;ente di governo del trasporto pubblico locale, composto dai Comuni di Belluno, Auronzo, Cortina, Feltre, Borgo Valbelluna, Pieve di Cadore e dalla Provincia, ha esaminato la proposta avanzata dall&#8217;azienda e ha deliberato di applicare un aumento di circa il 18% alle tariffe del servizio urbano ed extraurbano. Il presidente della Provincia di Belluno, Roberto Padrin, ha spiegato che questo aumento \u00e8 dovuto all&#8217;effetto combinato della contrazione delle entrate a causa della riduzione dell&#8217;utenza durante la pandemia da COVID-19 e dell&#8217;aumento dei costi energetici, principalmente a causa dell&#8217;aumento del prezzo del gasolio dopo lo scoppio della guerra in Ucraina. Dolomitibus ha riscontrato una riduzione del 16% dei passeggeri e affronta anche difficolt\u00e0 nella ricerca di autisti, con organici ridotti e linee esternalizzate in subaffido, aumentando ulteriormente i costi. Per quanto riguarda le scontistiche, la Provincia sta cercando una soluzione per riproporre anche per il prossimo anno scolastico il programma &#8220;Investi Scuola&#8221;, che consente agli studenti delle scuole superiori di usufruire di un abbonamento di trasporto a un prezzo ridotto. Tuttavia, a partire da quest&#8217;anno non sono pi\u00f9 disponibili i finanziamenti dal Fondo Comuni confinanti. La Provincia si sta quindi confrontando con il Consorzio Bim Piave per valutare l&#8217;ammontare delle risorse disponibili e definire le modalit\u00e0 di intervento.<\/p>\n<p>&nbsp;<\/p>\n<p>&nbsp;<\/p>\n<hr \/>\n<p>&nbsp;<\/p>\n<blockquote>\n<h3>TRASPORTO PUBBLICO LOCALE PD VENETO: \u201cSCENARIO DRAMMATICO PER ASSENZA DI INVESTIMENTI REGIONALI&#8221;<\/h3>\n<\/blockquote>\n<p><strong> <a class=\"dt-pswp-item\" href=\"https:\/\/www.radiopiu.net\/wordpress\/wp-content\/uploads\/2022\/01\/MONTANARIELLO.jpg\" data-dt-img-description=\"\" data-large_image_width=\"255\" data-large_image_height=\"351\"><img loading=\"lazy\" decoding=\"async\" class=\"wp-image-254159 alignleft\" src=\"https:\/\/www.radiopiu.net\/wordpress\/wp-content\/uploads\/2022\/01\/MONTANARIELLO-218x300.jpg\" alt=\"\" width=\"129\" height=\"178\" srcset=\"https:\/\/www.radiopiu.net\/wordpress\/wp-content\/uploads\/2022\/01\/MONTANARIELLO-218x300.jpg 218w, https:\/\/www.radiopiu.net\/wordpress\/wp-content\/uploads\/2022\/01\/MONTANARIELLO.jpg 255w\" sizes=\"auto, (max-width: 129px) 100vw, 129px\" \/><\/a>VENEZIA\u00a0<\/strong> \u201cLo spaccato veneto nell\u2019ambito del trasporto pubblico \u00e8 drammatico: le aziende sono virtuose, addirittura tra i primi posti nazionali per ricavi da traffico ed utenti trasportati. Ma sono in coda se guardiamo alla classifica delle contribuzioni regionali. Maglia nera anche per quanto riguarda il parco mezzi, il Veneto ha bisogno di una netta virata. Sia attraverso un aumento massiccio degli investimenti di fonte propria. Sia riportando in capo alla Regione l\u2019organizzazione e la gestione del settore, come proposto in apertura di legislatura dal presidente Zaia ma senza attuare alcuna riforma. E riducendo i doppioni di linea per liberare risorse a favore di segmenti attualmente scoperti dal servizio\u201d. La fotografia \u00e8 stata scattata\u00a0 nel corso di una conferenza stampa del PD Veneto tenuta dal vice presidente della Commissione Trasporti, Jonatan Montanariello e dalla capogruppo Vanessa Camani. L\u2019analisi del quadro riguardante il trasporto pubblico locale in Veneto viene supportata da una serie di cifre illustrate alla stampa.<\/p>\n<p>&nbsp;<\/p>\n<p>&nbsp;<\/p>\n<hr \/>\n<p>&nbsp;<\/p>\n<blockquote>\n<h3>\u00a0INTERSCAMBIO CON L&#8217;ESTERO, BELLUNO_TREVISO AL PRIMO TRIMESTRE<\/h3>\n<\/blockquote>\n<p><strong>Commento sui dati dell\u2019interscambio con l\u2019export del Presidente Mario Pozza<\/strong><\/p>\n<p><em><a class=\"dt-pswp-item\" href=\"https:\/\/www.radiopiu.net\/wordpress\/wp-content\/uploads\/2023\/06\/th-4.jpg\" data-dt-img-description=\"\" data-large_image_width=\"180\" data-large_image_height=\"180\"><img loading=\"lazy\" decoding=\"async\" class=\"size-full wp-image-341008 alignleft\" src=\"https:\/\/www.radiopiu.net\/wordpress\/wp-content\/uploads\/2023\/06\/th-4.jpg\" alt=\"\" width=\"180\" height=\"180\" srcset=\"https:\/\/www.radiopiu.net\/wordpress\/wp-content\/uploads\/2023\/06\/th-4.jpg 180w, https:\/\/www.radiopiu.net\/wordpress\/wp-content\/uploads\/2023\/06\/th-4-150x150.jpg 150w\" sizes=\"auto, (max-width: 180px) 100vw, 180px\" \/><\/a>I dati sull\u2019interscambio delle nostre province nei primi tre mesi del 2023 \u2013 <\/em>commenta <strong>Mario Pozza, Presidente della Camera di Commercio di Treviso e Belluno|Dolomiti<\/strong><em> \u2013 evidenziano ancora dinamiche positive, ma in rallentamento e condizionate: in parte dal ciclo congiunturale meno effervescente a livello internazionale e in parte dal rallentamento dei prezzi all\u2019import. Belluno, ad ogni modo, continua a crescere del +17,1%, grazie all\u2019occhialeria e ai macchinari. La dinamica export di Treviso (+4,8%) risulta sottotono rispetto alla media regionale, a causa dell\u2019elettrodomestico e del legno-arredo. In controtendenza positiva macchinari e carpenteria metallica. <\/em><em>Preoccupa, in particolare <\/em>&#8211; continua il Presidente &#8211;<em> l\u2019indebolimento della domanda americana e di molti dei nostri principali partner europei, in primis la Germania.\u00a0 Non va dimenticato, inoltre, che non si intravedono ancora vie d\u2019uscita alla guerra in Ucraina che continua a generare uno scenario di incertezza. <\/em><em>E\u2019 interessante la tenuta dell\u2019industria dei macchinari, specchio della domanda di beni d\u2019investimento. Ci\u00f2 significa &#8211; <\/em>evidenzia Pozza<em> \u2013 che permane una richiesta di aggiornamento tecnologico dei processi produttivi, forse anche connesso alla riorganizzazione delle catene del valore per effetto della guerra come della pandemia.\u00a0 Questa traiettoria di cambiamento dell\u2019organizzazione produttiva \u00e8 assolutamente da monitorare.\u00a0<\/em><\/p>\n<p>&nbsp;<\/p>\n<hr \/>\n<p>&nbsp;<\/p>\n<p>&nbsp;<\/p>\n<blockquote>\n<h3>VIA SAN FRANCESCO E BORGO PRA, ECCO I SOLDI PER LA SICUREZZA<\/h3>\n<\/blockquote>\n<p><strong><a class=\"dt-pswp-item\" href=\"https:\/\/www.radiopiu.net\/wordpress\/wp-content\/uploads\/2023\/06\/th-6.jpg\" data-dt-img-description=\"\" data-large_image_width=\"240\" data-large_image_height=\"180\"><img loading=\"lazy\" decoding=\"async\" class=\"wp-image-341038 alignleft\" src=\"https:\/\/www.radiopiu.net\/wordpress\/wp-content\/uploads\/2023\/06\/th-6.jpg\" alt=\"\" width=\"120\" height=\"90\" \/><\/a>BELLUNO<\/strong><br \/>\n<strong>DI DANIELE DAL VIT<\/strong><\/p>\n<audio class=\"wp-audio-shortcode\" id=\"audio-340935-4\" preload=\"none\" style=\"width: 100%;\" controls=\"controls\"><source type=\"audio\/mpeg\" src=\"https:\/\/www.radiopiu.net\/wordpress\/wp-content\/uploads\/2023\/06\/Servizio-Provincia-Comune-frane-San-Francesco.mp3?_=4\" \/><a href=\"https:\/\/www.radiopiu.net\/wordpress\/wp-content\/uploads\/2023\/06\/Servizio-Provincia-Comune-frane-San-Francesco.mp3\">https:\/\/www.radiopiu.net\/wordpress\/wp-content\/uploads\/2023\/06\/Servizio-Provincia-Comune-frane-San-Francesco.mp3<\/a><\/audio>\n<p>&nbsp;<\/p>\n<hr \/>\n<p>&nbsp;<\/p>\n<blockquote>\n<h3>OGGI IL VENEZIA CALCIO PRESENTA IL RITIRO DI FALCADE<\/h3>\n<\/blockquote>\n<p><strong><a class=\"dt-pswp-item\" href=\"https:\/\/www.radiopiu.net\/wordpress\/wp-content\/uploads\/2023\/05\/th-23.jpg\" data-dt-img-description=\"\" data-large_image_width=\"288\" data-large_image_height=\"180\"><img loading=\"lazy\" decoding=\"async\" class=\"size-full wp-image-337216 alignleft\" src=\"https:\/\/www.radiopiu.net\/wordpress\/wp-content\/uploads\/2023\/05\/th-23.jpg\" alt=\"\" width=\"288\" height=\"180\" \/><\/a>FALCADE<\/strong> Il Venezia Calcio far\u00e0 il ritiro precampionato a Falcade.<\/p>\n<p><em>Falcade \u00e8 stata e sar\u00e0 sede anche del ritiro precampionato della Reyer Venezia, squadra di basket, e diventa una sorta di punto di riferimento estivo per lo sport lagunare e per le vacanze dei veneziani, che potranno godere sia del basket che del calcio durante il periodo estivo.\u00a0<\/em><\/p>\n<p>&nbsp;<\/p>\n<p><strong>di GIANNI SANTOMASO<\/strong><\/p>\n<audio class=\"wp-audio-shortcode\" id=\"audio-340935-5\" preload=\"none\" style=\"width: 100%;\" controls=\"controls\"><source type=\"audio\/mpeg\" src=\"https:\/\/www.radiopiu.net\/wordpress\/wp-content\/uploads\/2023\/06\/OGGI-RITIRO-VENEZIA-GIANNI.mp3?_=5\" \/><a href=\"https:\/\/www.radiopiu.net\/wordpress\/wp-content\/uploads\/2023\/06\/OGGI-RITIRO-VENEZIA-GIANNI.mp3\">https:\/\/www.radiopiu.net\/wordpress\/wp-content\/uploads\/2023\/06\/OGGI-RITIRO-VENEZIA-GIANNI.mp3<\/a><\/audio>\n<p>&nbsp;<\/p>\n<hr \/>\n<p>&nbsp;<\/p>\n<blockquote>\n<h3>NUOVO BANDO ASCA, SCADENZA IL 5 LUGLIO<\/h3>\n<\/blockquote>\n<p><strong><img loading=\"lazy\" decoding=\"async\" class=\"alignleft\" src=\"https:\/\/www.radiopiu.net\/wordpress\/wp-content\/uploads\/2022\/03\/ASCA.jpg\" width=\"130\" height=\"129\" \/>AGORDO<\/strong><\/p>\n<p><strong>\u00a0DI GIANNI SANTOMASO<\/strong><\/p>\n<audio class=\"wp-audio-shortcode\" id=\"audio-340935-6\" preload=\"none\" style=\"width: 100%;\" controls=\"controls\"><source type=\"audio\/mpeg\" src=\"https:\/\/www.radiopiu.net\/wordpress\/wp-content\/uploads\/2023\/06\/GIANNI-ASCA.mp3?_=6\" \/><a href=\"https:\/\/www.radiopiu.net\/wordpress\/wp-content\/uploads\/2023\/06\/GIANNI-ASCA.mp3\">https:\/\/www.radiopiu.net\/wordpress\/wp-content\/uploads\/2023\/06\/GIANNI-ASCA.mp3<\/a><\/audio>\n<p>&nbsp;<\/p>\n<hr \/>\n<p>&nbsp;<\/p>\n<blockquote>\n<h2><strong>Conclusi i lavori demolizione dell\u2019ex base Nato sul Monte Grappa.\u00a0<\/strong><\/h2>\n<\/blockquote>\n<p><em>Il sindaco di Seren: \u201cIntervento-simbolo delle nuove prospettive di sviluppo dell\u2019area del Massiccio, Riserva di Biosfera MAB Unesco\u201d.<\/em><\/p>\n<div style=\"width: 848px;\" class=\"wp-video\"><video class=\"wp-video-shortcode\" id=\"video-340935-1\" width=\"848\" height=\"480\" preload=\"metadata\" controls=\"controls\"><source type=\"video\/mp4\" src=\"https:\/\/www.radiopiu.net\/wordpress\/wp-content\/uploads\/2023\/06\/WhatsApp-Video-2023-06-21-at-06.07.04.mp4?_=1\" \/><a href=\"https:\/\/www.radiopiu.net\/wordpress\/wp-content\/uploads\/2023\/06\/WhatsApp-Video-2023-06-21-at-06.07.04.mp4\">https:\/\/www.radiopiu.net\/wordpress\/wp-content\/uploads\/2023\/06\/WhatsApp-Video-2023-06-21-at-06.07.04.mp4<\/a><\/video><\/div>\n<p>&nbsp;<\/p>\n<p>&nbsp;<\/p>\n<hr \/>\n<p>&nbsp;<\/p>\n<blockquote>\n<h3>L&#8217;ECOGRAFO DEI FONDI DI CONFINE. DAL BEN &#8220;POTENZIERA&#8217; LE PRESTAZIONI&#8221;<\/h3>\n<\/blockquote>\n<p><strong><a class=\"dt-pswp-item\" href=\"https:\/\/www.radiopiu.net\/wordpress\/wp-content\/uploads\/2023\/06\/Senza-nome-40.png\" data-dt-img-description=\"\" data-large_image_width=\"353\" data-large_image_height=\"341\"><img loading=\"lazy\" decoding=\"async\" class=\" wp-image-341011 alignleft\" src=\"https:\/\/www.radiopiu.net\/wordpress\/wp-content\/uploads\/2023\/06\/Senza-nome-40-300x290.png\" alt=\"\" width=\"137\" height=\"132\" srcset=\"https:\/\/www.radiopiu.net\/wordpress\/wp-content\/uploads\/2023\/06\/Senza-nome-40-300x290.png 300w, https:\/\/www.radiopiu.net\/wordpress\/wp-content\/uploads\/2023\/06\/Senza-nome-40.png 353w\" sizes=\"auto, (max-width: 137px) 100vw, 137px\" \/><\/a>BELLUNO<\/strong> \u00c8 stato acquistato un nuovo eco tomografo completo di sonde e adattatori per biopsia, insieme a un catetere per la Gastroenterologia di Feltre, grazie a un finanziamento di 103.000 euro proveniente dai Fondi Comuni di Confine. Le malattie dell&#8217;apparato digerente ed epatiche rappresentano una delle principali cause di morte e ricovero ospedaliero, con un impatto significativo sulla salute della popolazione e sui costi del sistema sanitario. Nel 2022, la gastroenterologia di Feltre ha registrato un aumento del 27,6% delle prestazioni ambulatoriali, con una percentuale del 33,2% di pazienti provenienti da altre regioni e del 5,6% da fuori regione, in particolare dal Primiero. Il reparto di Malattie Infiammatorie Gastrointestinali, che fa parte della Gastroenterologia, tratta oltre 600 pazienti affetti da malattie infiammatorie croniche intestinali.\u00a0 Il Commissario Dal Ben commenta che lo strumento consentir\u00e0 di potenziare ulteriormente le prestazioni offerte e di garantire un&#8217;assistenza di qualit\u00e0, all&#8217;avanguardia nell&#8217;innovazione scientifica e tecnologica, con l&#8217;obiettivo di potenziare l&#8217;attivit\u00e0 specialistica nella prevenzione, diagnosi e cura delle malattie dell&#8217;apparato digerente e del fegato. Si ringraziano<\/p>\n<p>&nbsp;<\/p>\n<hr \/>\n<p>&nbsp;<\/p>\n<blockquote>\n<h3>GIORNATA PER LA LOTTA CONTRO LE LEUCEMIE<\/h3>\n<\/blockquote>\n<p><span style=\"font-size: medium;\"><strong><a class=\"dt-pswp-item\" href=\"https:\/\/www.radiopiu.net\/wordpress\/wp-content\/uploads\/2023\/06\/WhatsApp-Image-2023-06-20-at-16.03.20.jpeg\" data-dt-img-description=\"\" data-large_image_width=\"1225\" data-large_image_height=\"1496\"><img loading=\"lazy\" decoding=\"async\" class=\" wp-image-341025 alignleft\" src=\"https:\/\/www.radiopiu.net\/wordpress\/wp-content\/uploads\/2023\/06\/WhatsApp-Image-2023-06-20-at-16.03.20-246x300.jpeg\" alt=\"\" width=\"201\" height=\"245\" srcset=\"https:\/\/www.radiopiu.net\/wordpress\/wp-content\/uploads\/2023\/06\/WhatsApp-Image-2023-06-20-at-16.03.20-246x300.jpeg 246w, https:\/\/www.radiopiu.net\/wordpress\/wp-content\/uploads\/2023\/06\/WhatsApp-Image-2023-06-20-at-16.03.20-839x1024.jpeg 839w, https:\/\/www.radiopiu.net\/wordpress\/wp-content\/uploads\/2023\/06\/WhatsApp-Image-2023-06-20-at-16.03.20-768x938.jpeg 768w, https:\/\/www.radiopiu.net\/wordpress\/wp-content\/uploads\/2023\/06\/WhatsApp-Image-2023-06-20-at-16.03.20.jpeg 1225w\" sizes=\"auto, (max-width: 201px) 100vw, 201px\" \/><\/a>BELLUNO<\/strong> In occasione della Giornata nazionale per la lotta contro le leucemie, mielomi e linfomi, che si celebra domani 21 giugno, il Direttore Giuseppe Dal Ben ha incontrato la presidente AIL di Belluno Carmen Mione, per ringraziare, per suo tramite, tutti i volontari dell\u2019AIL che ogni giorno dedicano tempo ed energie, gratuitamente, per seguire i malati di leucemia e le loro famiglie in provincia. <\/span><span style=\"font-size: medium;\">Sono oltre 6 mila le prestazioni di ematologia erogate in ulss Dolomiti, in collegamento anche con i centri di riferimento regionali. <\/span><span style=\"font-size: medium;\">\u00abRingrazio l\u2019AIL per il generoso supporto che offre alle famiglie delle persone malate e per l\u2019attento apporto che garantisce da decenni all\u2019Ulss sostenendo diversi progetti che integrano i servizi\u00bb commenta il dr Dal Ben \u00abil Volontariato \u00e8 una parte fondamentale del percorso di cura, in team con i professionisti sanitari, la persona malata e la sua famiglia\u00bb. <\/span><span style=\"font-size: medium;\">\u00abEsprimo grande soddisfazione per i 40 anni di attivit\u00e0 donati a questa provincia\u00bb, conclude Carmen Mione Presidente AIL \u00abringrazio tutti i miei magnifici volontari\u00bb<\/span><\/p>\n<p>&nbsp;<\/p>\n<p>&nbsp;<\/p>\n<hr \/>\n<p>&nbsp;<\/p>\n<blockquote>\n<h3>la fake news: Grave ammolaramento del ponte della Veneggia?<\/h3>\n<\/blockquote>\n<blockquote><p>&nbsp;<\/p>\n<blockquote><p><em>\u00abNon passate sul ponte della Veneggia: \u00e8 a rischio crollo\u00bb. Questo il\u00a0 messaggio diventato virale, che per\u00f2 non ha nessun fondamento.\u00a0 \u00abIl ponte &#8211; dice l&#8217;assessore Franco Roccon &#8211;\u00a0 non ha problemi di stabilit\u00e0&#8221; e <\/em>minaccia anche denuncia nei confronti di chi ha diffuso quel messaggio.<\/p>\n<p>&nbsp;<\/p><\/blockquote>\n<p><strong><a class=\"dt-pswp-item\" href=\"https:\/\/www.radiopiu.net\/wordpress\/wp-content\/uploads\/2022\/11\/roccon.png\" data-dt-img-description=\"\" data-large_image_width=\"431\" data-large_image_height=\"406\"><img loading=\"lazy\" decoding=\"async\" class=\" wp-image-305687 alignleft\" src=\"https:\/\/www.radiopiu.net\/wordpress\/wp-content\/uploads\/2022\/11\/roccon-300x283.png\" alt=\"\" width=\"191\" height=\"180\" srcset=\"https:\/\/www.radiopiu.net\/wordpress\/wp-content\/uploads\/2022\/11\/roccon-300x283.png 300w, https:\/\/www.radiopiu.net\/wordpress\/wp-content\/uploads\/2022\/11\/roccon.png 431w\" sizes=\"auto, (max-width: 191px) 100vw, 191px\" \/><\/a> <\/strong><\/p>\n<p><strong>la prima virata, la smentita\u00a0<\/strong><\/p>\n<p><strong>BELLUNO<\/strong> La notizia che si sta rincorrendo su wathasapp e i social, secondo delle fondate supposizioni, \u00e8 una fake news, almeno per tre motivi: 1. \u00c8 stato valutato dai Vigili del Fuoco: che in queste verifiche sono molto, molto, scrupolosi; 2. \u00c8 stato valutato dai tecnici comunali gli stessi che ci ha fatto chudere il ponte a Levego, qualche anno fa; 3. C&#8217;\u00e8 una verifica sismica fatta in fase di progettazione dal Comune, allegata al progetto che ha vinto il bando <img loading=\"lazy\" decoding=\"async\" class=\"alignright\" src=\"https:\/\/www.radiopiu.net\/wordpress\/wp-content\/uploads\/2022\/11\/Pulizia-pendio-Veneggia.jpeg\" width=\"354\" height=\"265\" \/>regionale, ricordo ancora la data, perch\u00e9 se la verifica fosse stata negativa, avremmo dovuto chiudere il ponte, erano nei primi giorni di settembre 2019.\u00a0 Questo quanto pubblicato nel pomeriggio<br \/>\nAnnalisa ci scrive: <em>&#8220;Sono consapevole e responsabile della risposta nei gruppi whatsapp\u00a0 di un ex assessore, che ho contattato per delucidare sulle perplessit\u00e0 dei messaggi allarmistici che mi erano giunti, mi scuso se sono intervenuta ma lo ho fatto per evitare allarmismi e polemiche inutili&#8221;<\/em><\/p>\n<p>&nbsp;<\/p>\n<p>&nbsp;<\/p>\n<p>&nbsp;<\/p>\n<p><strong>il messaggio incriminato<\/strong><\/p>\n<blockquote><p><em>Tutto era iniziato da qui:\u00a0 \u00abInoltro: una comunicazione di servizio, non percorrete il tratto in via Vittorio Veneto a Belluno, direzione Ponte nelle Alpi, il ponte sopra la Veneggia questa notte si \u00e8 abbassato di 15\/20 centimetri, dicono sia a pericolo crollo ma il Comune di Belluno non sta facendo nulla se non mettere un cartello con scritto velocit\u00e0 massima 30 km\/h. Ho una fonte certa che mi dice che per la sicurezza delle persone civili sarebbe da chiudere tutto il tratto stradale, se potete fate il giro per dietro, Vvb stay safe\u00bb.<\/em><\/p>\n<p>&nbsp;<\/p><\/blockquote>\n<\/blockquote>\n<p>&nbsp;<\/p>\n<blockquote><p>&nbsp;<\/p>\n<p>&nbsp;<\/p><\/blockquote>\n<hr \/>\n<blockquote>\n<h3><\/h3>\n<h3>PONTE DELLA VENEGGIA. PER SIAMO BELLUNO UNA STORIA INFINITA<\/h3>\n<\/blockquote>\n<p><strong><a class=\"dt-pswp-item\" href=\"https:\/\/www.radiopiu.net\/wordpress\/wp-content\/uploads\/2023\/06\/SCR-20230413-kknt.jpg\" data-dt-img-description=\"\" data-large_image_width=\"1436\" data-large_image_height=\"1024\"><img loading=\"lazy\" decoding=\"async\" class=\" wp-image-340946 alignleft\" src=\"https:\/\/www.radiopiu.net\/wordpress\/wp-content\/uploads\/2023\/06\/SCR-20230413-kknt-300x214.jpg\" alt=\"\" width=\"177\" height=\"126\" srcset=\"https:\/\/www.radiopiu.net\/wordpress\/wp-content\/uploads\/2023\/06\/SCR-20230413-kknt-300x214.jpg 300w, https:\/\/www.radiopiu.net\/wordpress\/wp-content\/uploads\/2023\/06\/SCR-20230413-kknt-1024x730.jpg 1024w, https:\/\/www.radiopiu.net\/wordpress\/wp-content\/uploads\/2023\/06\/SCR-20230413-kknt-768x548.jpg 768w, https:\/\/www.radiopiu.net\/wordpress\/wp-content\/uploads\/2023\/06\/SCR-20230413-kknt.jpg 1436w\" sizes=\"auto, (max-width: 177px) 100vw, 177px\" \/><\/a>BELLUNO<\/strong> SiAmo Belluno interviene con alcune considerazioni sul progetto della messa in sicurezza di Via Tiziano Vecellio e del Ponte della Veneggia. Il Laboratorio Politico SiAmo Belluno interviene preoccupato sulla messa in sicurezza di Via Tiziano Vecellio, \u00abun lavoro che poteva essere gi\u00e0 realizzato lo scorso anno\u00bb afferma Biagio Giannone, gi\u00e0 assessore ai lavori pubblici nella Giunta Massaro e portavoce del gruppo.<\/p>\n<p><strong>BIAGIO GIANNONE<\/strong><\/p>\n<audio class=\"wp-audio-shortcode\" id=\"audio-340935-7\" preload=\"none\" style=\"width: 100%;\" controls=\"controls\"><source type=\"audio\/mpeg\" src=\"https:\/\/www.radiopiu.net\/wordpress\/wp-content\/uploads\/2023\/06\/2023.06.20-Ponte-della-Veneggia-la-storia-infinita.mp3?_=7\" \/><a href=\"https:\/\/www.radiopiu.net\/wordpress\/wp-content\/uploads\/2023\/06\/2023.06.20-Ponte-della-Veneggia-la-storia-infinita.mp3\">https:\/\/www.radiopiu.net\/wordpress\/wp-content\/uploads\/2023\/06\/2023.06.20-Ponte-della-Veneggia-la-storia-infinita.mp3<\/a><\/audio>\n<p>&nbsp;<\/p>\n<hr \/>\n<p>&nbsp;<\/p>\n<blockquote>\n<h3>LA SOSTITUZIONE DEI PUNTI LUCE A BELLUNO<\/h3>\n<\/blockquote>\n<p><strong>BELLUNO<\/strong> Progetto luci a led: a breve l\u2019affidamento dell\u2019incarico per la stesura del project financing, passaggio necessario per arrivare alla gara. Nella\u00a0 variazione di bilancio che sar\u00e0 discussa al prossimo consiglio comunale, sono stati inseriti anche i 38 mila euro per il professionista che si aggiudicher\u00e0 l\u2019incarico.<\/p>\n<p><strong>IL SINDACO DI BELLUNO OSCAR DE PELLEGRIN<\/strong><\/p>\n<p><iframe loading=\"lazy\" title=\"OSCAR DE PELLEGRIN PUNTI LUCE BELLUNO\" width=\"1200\" height=\"675\" src=\"https:\/\/www.youtube.com\/embed\/gOT6Vbw7fqI?feature=oembed\" frameborder=\"0\" allow=\"accelerometer; autoplay; clipboard-write; encrypted-media; gyroscope; picture-in-picture; web-share\" allowfullscreen><\/iframe><\/p>\n<p>&nbsp;<\/p>\n<hr \/>\n<p>&nbsp;<\/p>\n<div>\n<div><strong>GLI ARCHITETTI APRONO I LORO STUDI AL PUBBLICO\u00a0 CON INSTALLAZIONI NEL CORTILE DEL MUSEO FULCIS. Gli eventi si terranno il 23 e 24 giugno, in occasione del centenario dell&#8217;istituzione dell&#8217;Ordine degli Architetti italiani.\u00a0\u00a0<\/strong><\/div>\n<div><\/div>\n<div><strong>L&#8217;ASSESSORE RAFFAELE ADDAMIANO\u00a0\u00a0<\/strong><\/div>\n<div>\n<p><iframe loading=\"lazy\" title=\"IMG 6955\" width=\"1200\" height=\"675\" src=\"https:\/\/www.youtube.com\/embed\/XxWjj07FvO4?feature=oembed\" frameborder=\"0\" allow=\"accelerometer; autoplay; clipboard-write; encrypted-media; gyroscope; picture-in-picture; web-share\" allowfullscreen><\/iframe><\/p>\n<\/div>\n<div><\/div>\n<\/div>\n<div><strong>PRESIDENTE ORDINE ARCHITETTI BELLUNO FABIOLA DE BATTISTA\u00a0<\/strong><\/div>\n<div>\n<p><iframe loading=\"lazy\" title=\"IMG 6946\" width=\"1200\" height=\"675\" src=\"https:\/\/www.youtube.com\/embed\/nXEvW2U4eok?feature=oembed\" frameborder=\"0\" allow=\"accelerometer; autoplay; clipboard-write; encrypted-media; gyroscope; picture-in-picture; web-share\" allowfullscreen><\/iframe><\/p>\n<\/div>\n<p>&nbsp;<\/p>\n<hr \/>\n<p>&nbsp;<\/p>\n<blockquote>\n<h3>AD UN ANNO DALLA SCOMPARSA, LUXOTTICA RICORDA IL SUO FONDATORE LEONARDO DEL VECCHIO CON UNA MESSA AL PALALUXOTTICA<\/h3>\n<\/blockquote>\n<p><strong><a class=\"dt-pswp-item\" href=\"https:\/\/www.radiopiu.net\/wordpress\/wp-content\/uploads\/2023\/03\/leonardo_del_vecchio_1300x400_0.jpg\" data-dt-img-description=\"\" data-large_image_width=\"1366\" data-large_image_height=\"625\"><img loading=\"lazy\" decoding=\"async\" class=\" wp-image-324828 alignleft\" src=\"https:\/\/www.radiopiu.net\/wordpress\/wp-content\/uploads\/2023\/03\/leonardo_del_vecchio_1300x400_0-300x137.jpg\" alt=\"\" width=\"212\" height=\"97\" srcset=\"https:\/\/www.radiopiu.net\/wordpress\/wp-content\/uploads\/2023\/03\/leonardo_del_vecchio_1300x400_0-300x137.jpg 300w, https:\/\/www.radiopiu.net\/wordpress\/wp-content\/uploads\/2023\/03\/leonardo_del_vecchio_1300x400_0-1024x469.jpg 1024w, https:\/\/www.radiopiu.net\/wordpress\/wp-content\/uploads\/2023\/03\/leonardo_del_vecchio_1300x400_0-768x351.jpg 768w, https:\/\/www.radiopiu.net\/wordpress\/wp-content\/uploads\/2023\/03\/leonardo_del_vecchio_1300x400_0.jpg 1366w\" sizes=\"auto, (max-width: 212px) 100vw, 212px\" \/><\/a>AGORDO <\/strong>Ad un anno dalla morte del suo fondatore, Luxottica ricorda Leonardo Del Vecchio in una messa commemorativa al PalaLuxottica di Agordo. La funzione commemorativa si terr\u00e0 marted\u00ec 27 giugno alle 18:30 e tutte le maestranze sono invitate per rendere omaggio a Del Vecchio. La Santa Messa sar\u00e0 officiata da Monsignor Renato Marangoni, vescovo di Belluno-Feltre, insieme al parroco di Agordo, don Cesare Larese De Pol. Al fine di consentire un ambiente di raccoglimento, le attivit\u00e0 produttive dello stabilimento di Agordo saranno sospese dalle 18 alle 20, ad eccezione dei servizi essenziali legati alla sicurezza. Per agevolare gli spostamenti dei partecipanti, sar\u00e0 disponibile un servizio navetta continuativo tra lo stabilimento di Agordo e il PalaLuxottica. Questo servizio garantir\u00e0 sia l&#8217;andata che il ritorno dalla struttura, e sar\u00e0 accessibile anche a coloro che decideranno di utilizzare i parcheggi nelle vicinanze dello stabilimento. Le maestranze degli altri stabilimenti che vorranno prendere parte all&#8217;omaggio potranno osservare un minuto di raccoglimento. Leonardo Del Vecchio ha dedicato la sua vita all&#8217;azienda e alle persone che ne facevano parte. Era un mentore per tutti, con straordinarie qualit\u00e0 umane, e il suo esempio continua a guidare l&#8217;eredit\u00e0 morale, i valori, la visione del futuro e l&#8217;impegno verso l&#8217;eccellenza portata avanti dal gruppo.<\/p>\n<p><strong>DI GIANNI SANTOMASO<\/strong><\/p>\n<audio class=\"wp-audio-shortcode\" id=\"audio-340935-8\" preload=\"none\" style=\"width: 100%;\" controls=\"controls\"><source type=\"audio\/mpeg\" src=\"https:\/\/www.radiopiu.net\/wordpress\/wp-content\/uploads\/2023\/06\/GIANNI-MESSA-LEONARDO-DEL-VECCHIO.mp3?_=8\" \/><a href=\"https:\/\/www.radiopiu.net\/wordpress\/wp-content\/uploads\/2023\/06\/GIANNI-MESSA-LEONARDO-DEL-VECCHIO.mp3\">https:\/\/www.radiopiu.net\/wordpress\/wp-content\/uploads\/2023\/06\/GIANNI-MESSA-LEONARDO-DEL-VECCHIO.mp3<\/a><\/audio>\n<p>&nbsp;<\/p>\n<hr \/>\n<p>&nbsp;<\/p>\n<blockquote>\n<h3>RITORNA ARTISTI IN VETRINA AD AGORDO<\/h3>\n<\/blockquote>\n<p><strong><a class=\"dt-pswp-item\" href=\"https:\/\/www.radiopiu.net\/wordpress\/wp-content\/uploads\/2023\/06\/immagine-tre-quadri.jpg\" data-dt-img-description=\"\" data-large_image_width=\"2000\" data-large_image_height=\"1414\"><img loading=\"lazy\" decoding=\"async\" class=\" wp-image-340976 alignleft\" src=\"https:\/\/www.radiopiu.net\/wordpress\/wp-content\/uploads\/2023\/06\/immagine-tre-quadri-300x212.jpg\" alt=\"\" width=\"184\" height=\"130\" srcset=\"https:\/\/www.radiopiu.net\/wordpress\/wp-content\/uploads\/2023\/06\/immagine-tre-quadri-300x212.jpg 300w, https:\/\/www.radiopiu.net\/wordpress\/wp-content\/uploads\/2023\/06\/immagine-tre-quadri-1024x724.jpg 1024w, https:\/\/www.radiopiu.net\/wordpress\/wp-content\/uploads\/2023\/06\/immagine-tre-quadri-768x543.jpg 768w, https:\/\/www.radiopiu.net\/wordpress\/wp-content\/uploads\/2023\/06\/immagine-tre-quadri-1536x1086.jpg 1536w, https:\/\/www.radiopiu.net\/wordpress\/wp-content\/uploads\/2023\/06\/immagine-tre-quadri.jpg 2000w\" sizes=\"auto, (max-width: 184px) 100vw, 184px\" \/><\/a>AGORDO <\/strong>Anche quest\u2019anno, viene riproposta ad Agordo l\u2019iniziativa \u201cArtisti in vetrina\u201d, promossa dal Comune di Agordo per arricchire il centro storico del paese con opere d\u2019arte messe a disposizione da artisti locali. La mostra \u00e8 allestita nelle vetrine dei negozi sfitti dell\u2019antica \u201cContrada dei Signori\u201d, un tempo zona vitale e luogo adibito al commercio con la presenza di numerosi esercizi pubblici. Ora molte di queste attivit\u00e0 non sono pi\u00f9 operative, ma altre sono state aperte, rivitalizzando questo luogo che sar\u00e0 possibile visitare accompagnati da 16 quadri che rappresentano la Agordo di una volta. Come per le scorse edizioni, un obiettivo della mostra \u00e8 sensibilizzare i cittadini alla diminuzione di esercizi commerciali nel centro storico, e al contempo rendere visibile a tutti il bello della cultura, in questo caso artistica. Le opere esposte sono realizzate da Maria Nazzarena Zasso e sar\u00e0 possibile ammirarle liberamente fino a settembre. La collezione \u201cC\u2019era una volta\u2026 Agordo\u201d, composta tra il 2020 e il 2022, nasce da un profondo amore della pittrice per il suo paese natio e ritrae i caratteristici scorci del centro storico dalla fine dell\u2019\u2019800 alla prima met\u00e0 del \u2018900, in parte vissuti, in parte interpretati in modo personale sfogliando le foto antiche di cui \u00e8 sempre stata grande appassionata. La mostra \u00e8 intesa come un caloroso omaggio ad Agordo e ai suoi abitanti, nonch\u00e9 ai molti visitatori che ci auguriamo possano apprezzare le opere. Si ringraziano i proprietari delle vetrine per la concessione degli spazi.<\/p>\n<p>&nbsp;<\/p>\n<hr \/>\n<p>&nbsp;<\/p>\n<div class=\"moz-text-html\" lang=\"x-unicode\">\n<div dir=\"ltr\">\n<blockquote>\n<h3><b>Due giorni di eventi: Ponte nelle Alpi celebra i fratelli Boito, protagonisti del Risorgimento<\/b><\/h3>\n<\/blockquote>\n<p><a class=\"dt-pswp-item\" href=\"https:\/\/www.radiopiu.net\/wordpress\/wp-content\/uploads\/2023\/06\/Arrigo_Boito.jpg\" data-dt-img-description=\"\" data-large_image_width=\"1150\" data-large_image_height=\"1534\"><img loading=\"lazy\" decoding=\"async\" class=\"wp-image-341020 alignleft\" src=\"https:\/\/www.radiopiu.net\/wordpress\/wp-content\/uploads\/2023\/06\/Arrigo_Boito-225x300.jpg\" alt=\"\" width=\"127\" height=\"169\" srcset=\"https:\/\/www.radiopiu.net\/wordpress\/wp-content\/uploads\/2023\/06\/Arrigo_Boito-225x300.jpg 225w, https:\/\/www.radiopiu.net\/wordpress\/wp-content\/uploads\/2023\/06\/Arrigo_Boito-768x1024.jpg 768w, https:\/\/www.radiopiu.net\/wordpress\/wp-content\/uploads\/2023\/06\/Arrigo_Boito.jpg 1150w\" sizes=\"auto, (max-width: 127px) 100vw, 127px\" \/><\/a><strong>PONTE NELLE ALPI<\/strong> I fratelli Boito, Arrigo e Camillo, sono stati protagonisti del Risorgimento italiano. E Ponte nelle Alpi li celebra come meritano, il 27 e 28 luglio, nel loro paese d\u2019origine: Polpet<span class=\"gmail-Apple-converted-space\">\u00a0<\/span> \u00e8 prevista una mostra inedita coordinata da Marisa Fanna, oltre a concerti e ad altre iniziative collaterali. Uno dei luoghi simbolo, inoltre, \u00e8 la casa natale dei Boito e del pap\u00e0 Silvestro, in via Sant\u2019Antonio. A tale proposito, sono stati recuperati studi, immagini, lettere, testimonianze. Come quella relativa alla sera del 10 luglio 1952, quando a Polpet ebbe luogo un avvenimento che dest\u00f2 l\u2019entusiasmo di tutti e ancora oggi fa parte della storia della comunit\u00e0. Settantuno anni fa, infatti, venne registrata una puntata radiofonica della famosa trasmissione Rai \u201cCampanile d\u2019oro\u201d: il conduttore era Enzo Tortora, allora poco pi\u00f9 che ventenne. A testimoniare la puntata, un disco a 78 giri che \u00e8 stato custodito dalla famiglia Costantini.<\/p>\n<\/div>\n<\/div>\n<p>&nbsp;<\/p>\n<p>&nbsp;<\/p>\n<hr \/>\n<p>&nbsp;<\/p>\n<blockquote>\n<h3>L&#8217;INCONTRO DI LIBERA AGORDINO DAL TITOLO &#8220;PREVENIAMO L&#8217;ILLEGALITA'&#8221;<\/h3>\n<\/blockquote>\n<p><strong><a class=\"dt-pswp-item\" href=\"https:\/\/www.radiopiu.net\/wordpress\/wp-content\/uploads\/2023\/06\/483cc451-603b-4b54-a4ae-5bc7252dc804.jpg\" data-dt-img-description=\"\" data-large_image_width=\"1131\" data-large_image_height=\"1600\"><img loading=\"lazy\" decoding=\"async\" class=\" wp-image-340995 alignleft\" src=\"https:\/\/www.radiopiu.net\/wordpress\/wp-content\/uploads\/2023\/06\/483cc451-603b-4b54-a4ae-5bc7252dc804-212x300.jpg\" alt=\"\" width=\"123\" height=\"174\" srcset=\"https:\/\/www.radiopiu.net\/wordpress\/wp-content\/uploads\/2023\/06\/483cc451-603b-4b54-a4ae-5bc7252dc804-212x300.jpg 212w, https:\/\/www.radiopiu.net\/wordpress\/wp-content\/uploads\/2023\/06\/483cc451-603b-4b54-a4ae-5bc7252dc804-724x1024.jpg 724w, https:\/\/www.radiopiu.net\/wordpress\/wp-content\/uploads\/2023\/06\/483cc451-603b-4b54-a4ae-5bc7252dc804-768x1086.jpg 768w, https:\/\/www.radiopiu.net\/wordpress\/wp-content\/uploads\/2023\/06\/483cc451-603b-4b54-a4ae-5bc7252dc804-1086x1536.jpg 1086w, https:\/\/www.radiopiu.net\/wordpress\/wp-content\/uploads\/2023\/06\/483cc451-603b-4b54-a4ae-5bc7252dc804.jpg 1131w\" sizes=\"auto, (max-width: 123px) 100vw, 123px\" \/><\/a>AGORDO<\/strong> \u201cPreveniamo l\u2019illegalit\u00e0\u201d \u00e8 il titolo dell\u2019incontro promosso dal Presidio Agordino di Libera \u201cLucia Precenzano e Salvatore Aversa\u201d in collaborazione con l\u2019Unione montana agordina che si svolger\u00e0 oggi alle 18 in sala don Tamis ad Agordo. Saranno presenti Piermario Fop, co-referente regionale di \u201cLibera. Associazione, nomi e numeri contro le mafie\u201d, e Paolo Galeano, sindaco di Preganziol e referente di Avviso Pubblico Veneto. L\u2019obiettivo dell\u2019incontro \u00e8 quello di far conoscere in particolare agli amministratori pubblici della vallata, ma anche al resto della cittadinanza, la realt\u00e0 di Avviso Pubblico, una rete di enti locali che si impegna a promuovere la cultura della legalit\u00e0 e della cittadinanza responsabile. \u201cAspetti \u2013 dice il presidio agordino di Libera \u2013 che diventano fondamentali tanto pi\u00f9 in una realt\u00e0 come quella veneta in cui le mafie hanno dimostrato di essere presenti e di trovare terreno fertile\u201d.<\/p>\n<p>&nbsp;<\/p>\n<p>&nbsp;<\/p>\n<hr \/>\n<p>&nbsp;<\/p>\n<h2><span style=\"color: #ff6600;\">IERI ALLA RADIO<\/span><\/h2>\n<h2><span style=\"color: #008080;\">&#8220;DINTORN E FORA VIA&#8221;\u00a0<\/span><span style=\"color: #008080;\"> IL PROGRAMMA\u00a0 <\/span><span style=\"color: #008080;\">A CURA DEL MUSLA\u00a0\u00a0<\/span><\/h2>\n<p><strong><a class=\"dt-pswp-item\" href=\"https:\/\/www.radiopiu.net\/wordpress\/wp-content\/uploads\/2022\/05\/QUOTIDIANO-GIORNALE.jpg\" data-dt-img-description=\"\" data-large_image_width=\"1920\" data-large_image_height=\"1271\"><img loading=\"lazy\" decoding=\"async\" class=\" wp-image-274885 alignleft\" src=\"https:\/\/www.radiopiu.net\/wordpress\/wp-content\/uploads\/2022\/05\/QUOTIDIANO-GIORNALE-300x199.jpg\" alt=\"\" width=\"124\" height=\"82\" srcset=\"https:\/\/www.radiopiu.net\/wordpress\/wp-content\/uploads\/2022\/05\/QUOTIDIANO-GIORNALE-300x199.jpg 300w, https:\/\/www.radiopiu.net\/wordpress\/wp-content\/uploads\/2022\/05\/QUOTIDIANO-GIORNALE-1024x678.jpg 1024w, https:\/\/www.radiopiu.net\/wordpress\/wp-content\/uploads\/2022\/05\/QUOTIDIANO-GIORNALE-768x508.jpg 768w, https:\/\/www.radiopiu.net\/wordpress\/wp-content\/uploads\/2022\/05\/QUOTIDIANO-GIORNALE-1536x1017.jpg 1536w, https:\/\/www.radiopiu.net\/wordpress\/wp-content\/uploads\/2022\/05\/QUOTIDIANO-GIORNALE.jpg 1920w\" sizes=\"auto, (max-width: 124px) 100vw, 124px\" \/><\/a>PUNTATA DEL 20 GIUGNO\u00a0 ERIK MARCON<br \/>\n<\/strong><\/p>\n<audio class=\"wp-audio-shortcode\" id=\"audio-340935-9\" preload=\"none\" style=\"width: 100%;\" controls=\"controls\"><source type=\"audio\/mpeg\" src=\"https:\/\/www.radiopiu.net\/wordpress\/wp-content\/uploads\/2023\/06\/Musla-Audacity-Erik-20.06.23.mp3?_=9\" \/><a href=\"https:\/\/www.radiopiu.net\/wordpress\/wp-content\/uploads\/2023\/06\/Musla-Audacity-Erik-20.06.23.mp3\">https:\/\/www.radiopiu.net\/wordpress\/wp-content\/uploads\/2023\/06\/Musla-Audacity-Erik-20.06.23.mp3<\/a><\/audio>\n<p>&nbsp;<\/p>\n<p><strong>LA RACCOLTA COMPLETA<\/strong><\/p>\n<blockquote class=\"wp-embedded-content\" data-secret=\"O3vOhBWUDK\"><p><a href=\"https:\/\/www.radiopiu.net\/wordpress\/musla\/\">MUSLA<\/a><\/p><\/blockquote>\n<p><iframe loading=\"lazy\" class=\"wp-embedded-content\" sandbox=\"allow-scripts\" security=\"restricted\" style=\"position: absolute; clip: rect(1px, 1px, 1px, 1px);\" title=\"&#8220;MUSLA&#8221; &#8212; Radio Pi\u00f9\" src=\"https:\/\/www.radiopiu.net\/wordpress\/musla\/embed\/#?secret=eRb91NIqSE#?secret=O3vOhBWUDK\" data-secret=\"O3vOhBWUDK\" width=\"600\" height=\"338\" frameborder=\"0\" marginwidth=\"0\" marginheight=\"0\" scrolling=\"no\"><\/iframe><\/p>\n<p>&nbsp;<\/p>\n<h2><strong><a class=\"dt-pswp-item\" href=\"https:\/\/www.radiopiu.net\/wordpress\/wp-content\/uploads\/2023\/06\/moreno-de-val-ok.jpg\" data-dt-img-description=\"\" data-large_image_width=\"1313\" data-large_image_height=\"1065\"><img loading=\"lazy\" decoding=\"async\" class=\" wp-image-340941 alignleft\" src=\"https:\/\/www.radiopiu.net\/wordpress\/wp-content\/uploads\/2023\/06\/moreno-de-val-ok-300x243.jpg\" alt=\"\" width=\"163\" height=\"132\" srcset=\"https:\/\/www.radiopiu.net\/wordpress\/wp-content\/uploads\/2023\/06\/moreno-de-val-ok-300x243.jpg 300w, https:\/\/www.radiopiu.net\/wordpress\/wp-content\/uploads\/2023\/06\/moreno-de-val-ok-1024x831.jpg 1024w, https:\/\/www.radiopiu.net\/wordpress\/wp-content\/uploads\/2023\/06\/moreno-de-val-ok-768x623.jpg 768w, https:\/\/www.radiopiu.net\/wordpress\/wp-content\/uploads\/2023\/06\/moreno-de-val-ok.jpg 1313w\" sizes=\"auto, (max-width: 163px) 100vw, 163px\" \/><\/a><\/strong><span style=\"color: #00ccff;\">L&#8217;ESTATE A SAN TOMASO CON IL SINDACO MORENO DE VAL<\/span><\/h2>\n<p><strong>di Mirko Mezzacasa<\/strong><\/p>\n<p>OSPITE: Moreno De Val, Sindaco di San Tomaso<\/p>\n<audio class=\"wp-audio-shortcode\" id=\"audio-340935-10\" preload=\"none\" style=\"width: 100%;\" controls=\"controls\"><source type=\"audio\/mpeg\" src=\"https:\/\/www.radiopiu.net\/wordpress\/wp-content\/uploads\/2023\/06\/MORENO-DE-VAL.mp3?_=10\" \/><a href=\"https:\/\/www.radiopiu.net\/wordpress\/wp-content\/uploads\/2023\/06\/MORENO-DE-VAL.mp3\">https:\/\/www.radiopiu.net\/wordpress\/wp-content\/uploads\/2023\/06\/MORENO-DE-VAL.mp3<\/a><\/audio>\n<p>&nbsp;<\/p>\n<p>&nbsp;<\/p>\n<p><strong><a class=\"dt-pswp-item\" href=\"https:\/\/www.radiopiu.net\/wordpress\/wp-content\/uploads\/2021\/09\/ROBERTO-HUBER.png\" data-dt-img-description=\"\" data-large_image_width=\"1074\" data-large_image_height=\"852\"><img loading=\"lazy\" decoding=\"async\" class=\" wp-image-230861 alignleft\" src=\"https:\/\/www.radiopiu.net\/wordpress\/wp-content\/uploads\/2021\/09\/ROBERTO-HUBER-300x238.png\" alt=\"\" width=\"144\" height=\"114\" srcset=\"https:\/\/www.radiopiu.net\/wordpress\/wp-content\/uploads\/2021\/09\/ROBERTO-HUBER-300x238.png 300w, https:\/\/www.radiopiu.net\/wordpress\/wp-content\/uploads\/2021\/09\/ROBERTO-HUBER-1024x812.png 1024w, https:\/\/www.radiopiu.net\/wordpress\/wp-content\/uploads\/2021\/09\/ROBERTO-HUBER-768x609.png 768w, https:\/\/www.radiopiu.net\/wordpress\/wp-content\/uploads\/2021\/09\/ROBERTO-HUBER.png 1074w\" sizes=\"auto, (max-width: 144px) 100vw, 144px\" \/><\/a><\/strong><\/p>\n<h2><span style=\"color: #00ff00;\">ARRIVA L&#8217;ESTATE ANCHE IN ALTA BADIA<\/span><\/h2>\n<p><strong>di Mirko Mezzacasa\u00a0<\/strong><\/p>\n<p>OSPITE: Roberto Huber, direttore di Alta Badia Brand<\/p>\n<audio class=\"wp-audio-shortcode\" id=\"audio-340935-11\" preload=\"none\" style=\"width: 100%;\" controls=\"controls\"><source type=\"audio\/mpeg\" src=\"https:\/\/www.radiopiu.net\/wordpress\/wp-content\/uploads\/2023\/06\/roberto-huber.mp3?_=11\" \/><a href=\"https:\/\/www.radiopiu.net\/wordpress\/wp-content\/uploads\/2023\/06\/roberto-huber.mp3\">https:\/\/www.radiopiu.net\/wordpress\/wp-content\/uploads\/2023\/06\/roberto-huber.mp3<\/a><\/audio>\n<p>&nbsp;<\/p>\n<p>&nbsp;<\/p>\n<h2><strong><a class=\"dt-pswp-item\" href=\"https:\/\/www.radiopiu.net\/wordpress\/wp-content\/uploads\/2023\/06\/29101f7d-ba26-481d-837e-17822d307719.jpg\" data-dt-img-description=\"\" data-large_image_width=\"2048\" data-large_image_height=\"2048\"><img loading=\"lazy\" decoding=\"async\" class=\" wp-image-340981 alignleft\" src=\"https:\/\/www.radiopiu.net\/wordpress\/wp-content\/uploads\/2023\/06\/29101f7d-ba26-481d-837e-17822d307719-300x300.jpg\" alt=\"\" width=\"135\" height=\"135\" srcset=\"https:\/\/www.radiopiu.net\/wordpress\/wp-content\/uploads\/2023\/06\/29101f7d-ba26-481d-837e-17822d307719-300x300.jpg 300w, https:\/\/www.radiopiu.net\/wordpress\/wp-content\/uploads\/2023\/06\/29101f7d-ba26-481d-837e-17822d307719-1024x1024.jpg 1024w, https:\/\/www.radiopiu.net\/wordpress\/wp-content\/uploads\/2023\/06\/29101f7d-ba26-481d-837e-17822d307719-150x150.jpg 150w, https:\/\/www.radiopiu.net\/wordpress\/wp-content\/uploads\/2023\/06\/29101f7d-ba26-481d-837e-17822d307719-768x768.jpg 768w, https:\/\/www.radiopiu.net\/wordpress\/wp-content\/uploads\/2023\/06\/29101f7d-ba26-481d-837e-17822d307719-1536x1536.jpg 1536w, https:\/\/www.radiopiu.net\/wordpress\/wp-content\/uploads\/2023\/06\/29101f7d-ba26-481d-837e-17822d307719.jpg 2048w\" sizes=\"auto, (max-width: 135px) 100vw, 135px\" \/><\/a><\/strong><span style=\"color: #3366ff;\">I RACCONTI DI SKY CIELO BLU, CON GIULIANA DA RONCH E MORENA<\/span><\/h2>\n<p><strong>Puntata 04 &#8211; EL BUS DE LA SPERANZA<\/strong><\/p>\n<audio class=\"wp-audio-shortcode\" id=\"audio-340935-12\" preload=\"none\" style=\"width: 100%;\" controls=\"controls\"><source type=\"audio\/mpeg\" src=\"https:\/\/www.radiopiu.net\/wordpress\/wp-content\/uploads\/2023\/06\/EL-BUS-DE-LA-SPERANZA-GIULIANA.mp3?_=12\" \/><a href=\"https:\/\/www.radiopiu.net\/wordpress\/wp-content\/uploads\/2023\/06\/EL-BUS-DE-LA-SPERANZA-GIULIANA.mp3\">https:\/\/www.radiopiu.net\/wordpress\/wp-content\/uploads\/2023\/06\/EL-BUS-DE-LA-SPERANZA-GIULIANA.mp3<\/a><\/audio>\n<p>&nbsp;<\/p>\n<p>&nbsp;<\/p>\n<p><strong>LA RACCOLTA COMPLETA<\/strong><\/p>\n<blockquote class=\"wp-embedded-content\" data-secret=\"gPYQZr3Afs\"><p><a href=\"https:\/\/www.radiopiu.net\/wordpress\/i-racconti-di-sky-cielo-blu-con-giuliana-da-ronch-e-morena-pagina-in-aggiornamento\/\">I RACCONTI DI SKY CIELO BLU, CON GIULIANA DA RONCH E MORENA, pagina in aggiornamento<\/a><\/p><\/blockquote>\n<p><iframe loading=\"lazy\" class=\"wp-embedded-content\" sandbox=\"allow-scripts\" security=\"restricted\" style=\"position: absolute; clip: rect(1px, 1px, 1px, 1px);\" title=\"&#8220;I RACCONTI DI SKY CIELO BLU, CON GIULIANA DA RONCH E MORENA, pagina in aggiornamento&#8221; &#8212; Radio Pi\u00f9\" src=\"https:\/\/www.radiopiu.net\/wordpress\/i-racconti-di-sky-cielo-blu-con-giuliana-da-ronch-e-morena-pagina-in-aggiornamento\/embed\/#?secret=GCIBGj6bQG#?secret=gPYQZr3Afs\" data-secret=\"gPYQZr3Afs\" width=\"600\" height=\"338\" frameborder=\"0\" marginwidth=\"0\" marginheight=\"0\" scrolling=\"no\"><\/iframe><\/p>\n<p>&nbsp;<\/p>\n<h2><span style=\"color: #808000;\">PERITI MINERARI DALL\u2019AGORDINO AL MONDO \u2013 PUNTATA 06<\/span><\/h2>\n<p><strong>REDAZIONE<\/strong> Continuano la serie di racconti con i periti minerari agordini. Oggi \u00e8 il turno di Rossano Gorza. I racconti dei periti minerari agordini che hanno lavorato nel mondo, ogni luned\u00ec alle 10:30 e alle 19 su Radio Pi\u00f9.<\/p>\n<p><iframe loading=\"lazy\" title=\"ROSSANO GORZA\" width=\"1200\" height=\"675\" src=\"https:\/\/www.youtube.com\/embed\/gPFECXhm2ow?feature=oembed\" frameborder=\"0\" allow=\"accelerometer; autoplay; clipboard-write; encrypted-media; gyroscope; picture-in-picture; web-share\" allowfullscreen><\/iframe><\/p>\n<p>&nbsp;<\/p>\n<p><strong>LA RACCOLTA COMPLETA<\/strong><\/p>\n<blockquote class=\"wp-embedded-content\" data-secret=\"dfKlA5xioF\"><p><a href=\"https:\/\/www.radiopiu.net\/wordpress\/periti-minerari-dallagordino-al-mondo\/\">Periti minerari dall&#8217;agordino al mondo<\/a><\/p><\/blockquote>\n<p><iframe loading=\"lazy\" class=\"wp-embedded-content\" sandbox=\"allow-scripts\" security=\"restricted\" style=\"position: absolute; clip: rect(1px, 1px, 1px, 1px);\" title=\"&#8220;Periti minerari dall&#8217;agordino al mondo&#8221; &#8212; Radio Pi\u00f9\" src=\"https:\/\/www.radiopiu.net\/wordpress\/periti-minerari-dallagordino-al-mondo\/embed\/#?secret=vk9X23c985#?secret=dfKlA5xioF\" data-secret=\"dfKlA5xioF\" width=\"600\" height=\"338\" frameborder=\"0\" marginwidth=\"0\" marginheight=\"0\" scrolling=\"no\"><\/iframe><\/p>\n<p>&nbsp;<\/p>\n<h2><span style=\"color: #800080;\">SALUTE &amp; SOCIETA&#8217;<\/span><\/h2>\n<p><strong><a class=\"dt-pswp-item\" href=\"https:\/\/www.radiopiu.net\/wordpress\/wp-content\/uploads\/2023\/06\/c897b2f2-71ed-3e4a-2842-f263504fdf10.jpg\" data-dt-img-description=\"\" data-large_image_width=\"800\" data-large_image_height=\"445\"><img loading=\"lazy\" decoding=\"async\" class=\" wp-image-340821 alignleft\" src=\"https:\/\/www.radiopiu.net\/wordpress\/wp-content\/uploads\/2023\/06\/c897b2f2-71ed-3e4a-2842-f263504fdf10-300x167.jpg\" alt=\"\" width=\"160\" height=\"89\" srcset=\"https:\/\/www.radiopiu.net\/wordpress\/wp-content\/uploads\/2023\/06\/c897b2f2-71ed-3e4a-2842-f263504fdf10-300x167.jpg 300w, https:\/\/www.radiopiu.net\/wordpress\/wp-content\/uploads\/2023\/06\/c897b2f2-71ed-3e4a-2842-f263504fdf10-768x427.jpg 768w, https:\/\/www.radiopiu.net\/wordpress\/wp-content\/uploads\/2023\/06\/c897b2f2-71ed-3e4a-2842-f263504fdf10.jpg 800w\" sizes=\"auto, (max-width: 160px) 100vw, 160px\" \/><\/a>PUNTATA DEL 19 GIUGNO 2023<\/strong><\/p>\n<p><strong>Artrite psoriasica <\/strong>Nella maggior parte dei pazienti insorge prima la psoriasi e poi l\u2019artrite e per questo motivo il dermatologo riveste un ruolo chiave nella diagnosi precoce di questa patologia. <strong>Covid e vaccini <\/strong>L&#8217;emergenza sanitaria globale \u00e8 finita, l&#8217;OMS lo ha detto il 5 maggio scorso. 188mila le vittime in tre anni in Italia. Ora che la pandemia \u00e8 passata quali sono i problemi che restano aperti?<\/p>\n<audio class=\"wp-audio-shortcode\" id=\"audio-340935-13\" preload=\"none\" style=\"width: 100%;\" controls=\"controls\"><source type=\"audio\/mpeg\" src=\"https:\/\/www.radiopiu.net\/wordpress\/wp-content\/uploads\/2023\/06\/SALUTE-2.mp3?_=13\" \/><a href=\"https:\/\/www.radiopiu.net\/wordpress\/wp-content\/uploads\/2023\/06\/SALUTE-2.mp3\">https:\/\/www.radiopiu.net\/wordpress\/wp-content\/uploads\/2023\/06\/SALUTE-2.mp3<\/a><\/audio>\n<p>&nbsp;<\/p>\n<h2><span style=\"color: #ff00ff;\">SENTIMENTAL, LE STORIE D&#8217;AMORE DI PAOLA LANCIATO<\/span><\/h2>\n<blockquote class=\"wp-embedded-content\" data-secret=\"hSSLyjYezp\"><p><a href=\"https:\/\/www.radiopiu.net\/wordpress\/sentimental-le-storie-damore-di-paola-lanciato\/\">SENTIMENTAL,\u00a0 &#8220;le storie d&#8217;amore&#8221; DI PAOLA LANCIATO<\/a><\/p><\/blockquote>\n<p><iframe loading=\"lazy\" class=\"wp-embedded-content\" sandbox=\"allow-scripts\" security=\"restricted\" style=\"position: absolute; clip: rect(1px, 1px, 1px, 1px);\" title=\"&#8220;SENTIMENTAL,\u00a0 &#8220;le storie d&#8217;amore&#8221; DI PAOLA LANCIATO&#8221; &#8212; Radio Pi\u00f9\" src=\"https:\/\/www.radiopiu.net\/wordpress\/sentimental-le-storie-damore-di-paola-lanciato\/embed\/#?secret=zOzswIBNRr#?secret=hSSLyjYezp\" data-secret=\"hSSLyjYezp\" width=\"600\" height=\"338\" frameborder=\"0\" marginwidth=\"0\" marginheight=\"0\" scrolling=\"no\"><\/iframe><\/p>\n<p>&nbsp;<\/p>\n<hr \/>\n<p>&nbsp;<\/p>\n<blockquote>\n<h2><a class=\"dt-pswp-item\" href=\"https:\/\/www.radiopiu.net\/wordpress\/wp-content\/uploads\/2023\/06\/Nuovo-set-tavolo-e-panche-1.jpg\" data-dt-img-description=\"\" data-large_image_width=\"1600\" data-large_image_height=\"1204\"><img loading=\"lazy\" decoding=\"async\" class=\" wp-image-341060 alignleft\" src=\"https:\/\/www.radiopiu.net\/wordpress\/wp-content\/uploads\/2023\/06\/Nuovo-set-tavolo-e-panche-1-300x226.jpg\" alt=\"\" width=\"177\" height=\"133\" srcset=\"https:\/\/www.radiopiu.net\/wordpress\/wp-content\/uploads\/2023\/06\/Nuovo-set-tavolo-e-panche-1-300x226.jpg 300w, https:\/\/www.radiopiu.net\/wordpress\/wp-content\/uploads\/2023\/06\/Nuovo-set-tavolo-e-panche-1-1024x771.jpg 1024w, https:\/\/www.radiopiu.net\/wordpress\/wp-content\/uploads\/2023\/06\/Nuovo-set-tavolo-e-panche-1-768x578.jpg 768w, https:\/\/www.radiopiu.net\/wordpress\/wp-content\/uploads\/2023\/06\/Nuovo-set-tavolo-e-panche-1-1536x1156.jpg 1536w, https:\/\/www.radiopiu.net\/wordpress\/wp-content\/uploads\/2023\/06\/Nuovo-set-tavolo-e-panche-1.jpg 1600w\" sizes=\"auto, (max-width: 177px) 100vw, 177px\" \/><\/a>GLI AMIGHI DE LISTOLADE<\/h2>\n<\/blockquote>\n<p>&nbsp;<\/p>\n<p><strong>TAIBON<\/strong><\/p>\n<p><strong>DI GIANNI SANTOMASO<\/strong><\/p>\n<audio class=\"wp-audio-shortcode\" id=\"audio-340935-14\" preload=\"none\" style=\"width: 100%;\" controls=\"controls\"><source type=\"audio\/mpeg\" src=\"https:\/\/www.radiopiu.net\/wordpress\/wp-content\/uploads\/2023\/06\/AMIGHI-LISTOLADE-GIANNI.mp3?_=14\" \/><a href=\"https:\/\/www.radiopiu.net\/wordpress\/wp-content\/uploads\/2023\/06\/AMIGHI-LISTOLADE-GIANNI.mp3\">https:\/\/www.radiopiu.net\/wordpress\/wp-content\/uploads\/2023\/06\/AMIGHI-LISTOLADE-GIANNI.mp3<\/a><\/audio>\n<p>&nbsp;<\/p>\n<hr \/>\n<p>&nbsp;<\/p>\n<p>&nbsp;<\/p>\n<blockquote>\n<h3>\u00a0DMO Fuori dai luoghi comuni<\/h3>\n<\/blockquote>\n<p>Al via la nuova campagna di promozione territoriale \u201cFuori dai luoghi comuni\u201d: sponsorizzazioni online e contenuti social animeranno le prossime attivit\u00e0 del progetto gestito dalla Fondazione DMO Dolomiti.<\/p>\n<p><strong>BELLUNO\u00a0<\/strong><\/p>\n<p><strong>DI DANIELE DALVIT<\/strong><\/p>\n<audio class=\"wp-audio-shortcode\" id=\"audio-340935-15\" preload=\"none\" style=\"width: 100%;\" controls=\"controls\"><source type=\"audio\/mpeg\" src=\"https:\/\/www.radiopiu.net\/wordpress\/wp-content\/uploads\/2023\/06\/Radio-Piu-Servizio-DMO-Fuori-dai-luoghi-comuni.mp3?_=15\" \/><a href=\"https:\/\/www.radiopiu.net\/wordpress\/wp-content\/uploads\/2023\/06\/Radio-Piu-Servizio-DMO-Fuori-dai-luoghi-comuni.mp3\">https:\/\/www.radiopiu.net\/wordpress\/wp-content\/uploads\/2023\/06\/Radio-Piu-Servizio-DMO-Fuori-dai-luoghi-comuni.mp3<\/a><\/audio>\n<p>&nbsp;<\/p>\n<p>&nbsp;<\/p>\n<hr \/>\n<p>&nbsp;<\/p>\n<blockquote>\n<h3>TU CHIAMALE SE VUOI&#8230; EMOZIONI io le moltiplico per 40<\/h3>\n<\/blockquote>\n<div dir=\"auto\">\n<p><strong><a class=\"dt-pswp-item\" href=\"https:\/\/www.radiopiu.net\/wordpress\/wp-content\/uploads\/2023\/06\/3f405473-f7f0-4403-b6d1-01d81c93e8b4.jpg\" data-dt-img-description=\"\" data-large_image_width=\"1600\" data-large_image_height=\"777\"><img loading=\"lazy\" decoding=\"async\" class=\" wp-image-341041 alignleft\" src=\"https:\/\/www.radiopiu.net\/wordpress\/wp-content\/uploads\/2023\/06\/3f405473-f7f0-4403-b6d1-01d81c93e8b4-300x146.jpg\" alt=\"\" width=\"327\" height=\"159\" srcset=\"https:\/\/www.radiopiu.net\/wordpress\/wp-content\/uploads\/2023\/06\/3f405473-f7f0-4403-b6d1-01d81c93e8b4-300x146.jpg 300w, https:\/\/www.radiopiu.net\/wordpress\/wp-content\/uploads\/2023\/06\/3f405473-f7f0-4403-b6d1-01d81c93e8b4-1024x497.jpg 1024w, https:\/\/www.radiopiu.net\/wordpress\/wp-content\/uploads\/2023\/06\/3f405473-f7f0-4403-b6d1-01d81c93e8b4-768x373.jpg 768w, https:\/\/www.radiopiu.net\/wordpress\/wp-content\/uploads\/2023\/06\/3f405473-f7f0-4403-b6d1-01d81c93e8b4-1536x746.jpg 1536w, https:\/\/www.radiopiu.net\/wordpress\/wp-content\/uploads\/2023\/06\/3f405473-f7f0-4403-b6d1-01d81c93e8b4.jpg 1600w\" sizes=\"auto, (max-width: 327px) 100vw, 327px\" \/><\/a>TAIBON\u00a0<\/strong> Le ragazze e i ragazzi dell&#8217;Ada si sono vestiti in biancorosso, i colori della Radio Pi\u00f9, per celebrare un evento speciale. L&#8217;aria era carica di emozione mentre si preparavano a sorprendermi&#8230; davanti alla porta della radio di Via Paris Bordone in occasione del 40\u00ba anniversario di Radio Pi\u00f9.<\/p>\n<div dir=\"auto\">Ed \u00e8 proprio per celebrare questo traguardo importante che gli i ragazzi e le ragazze dell&#8217;Ada, hanno deciso di organizzare una sorpresa indimenticabile. Indossando orgogliosamente i colori distintivi della stazione radio, il bianco e il rosso, i ragazzi si sono radunati in Via Paris Bordone.<\/div>\n<div dir=\"auto\">L&#8217;atmosfera era elettrizzante mentre i membri dell&#8217;Ada svolgevano gli ultimi preparativi. Gli altoparlanti erano pronti a diffondere LA RADIO DI EUGENIO FINARDI. La strada si riempiva di colori e suoni, attirando l&#8217;attenzione dei passanti incuriositi che si fermavano per assistere a ci\u00f2 che stava per accadere, una coreografia impeccabile. I loro movimenti sincronizzati, accompagnati dalla musica, hanno creato un&#8217;atmosfera magica.<\/div>\n<div dir=\"auto\">grazie&#8230; di cuore.. mirko<\/div>\n<p>\u200b<\/p>\n<\/div>\n<p><iframe loading=\"lazy\" title=\"Ada danza a Radio Pi\u00f9\" width=\"1200\" height=\"675\" src=\"https:\/\/www.youtube.com\/embed\/8n-QCOooa5Y?feature=oembed\" frameborder=\"0\" allow=\"accelerometer; autoplay; clipboard-write; encrypted-media; gyroscope; picture-in-picture; web-share\" allowfullscreen><\/iframe><\/p>\n<p>&nbsp;<\/p>\n<p>&nbsp;<\/p>\n<hr \/>\n<h3 dir=\"auto\"><\/h3>\n<h3 dir=\"auto\">GRAZIE APPIA&#8230; 40 ANNI ASSIEME. Radio Pi\u00f9 nasce come Sdf Societ\u00e0 di Fatto nel giugno del 1983&#8230; da allora ad oggi sempre con l&#8217;Appia&#8230; anche oggi con Cristian Sacchet e Lucillo Lorenzi&#8230;<\/h3>\n<div dir=\"auto\">grazie<\/div>\n<div dir=\"auto\">mirko<\/div>\n<p>&nbsp;<\/p>\n\n\t\t\t<style type='text\/css'>\n\t\t\t\t#gallery-2 {\n\t\t\t\t\tmargin: auto;\n\t\t\t\t}\n\t\t\t\t#gallery-2 .gallery-item {\n\t\t\t\t\tfloat: left;\n\t\t\t\t\tmargin-top: 10px;\n\t\t\t\t\ttext-align: center;\n\t\t\t\t\twidth: 33%;\n\t\t\t\t}\n\t\t\t\t#gallery-2 img {\n\t\t\t\t\tborder: 2px solid #cfcfcf;\n\t\t\t\t}\n\t\t\t\t#gallery-2 .gallery-caption {\n\t\t\t\t\tmargin-left: 0;\n\t\t\t\t}\n\t\t\t\t\/* see gallery_shortcode() in wp-includes\/media.php *\/\n\t\t\t<\/style>\n\t\t<div id='gallery-2' class='dt-gallery-container gallery galleryid-340935 gallery-columns-3 gallery-size-thumbnail'><dl class='gallery-item'>\n\t\t\t\t<dt class='gallery-icon portrait'>\n\t\t\t\t\t<a class=\"rollover rollover-zoom dt-pswp-item\" title=\"35fd378b-48f7-40da-b229-4ba27c9c2a04\" data-dt-img-description=\"\" data-large_image_width=\"1200\" data-large_image_height=\"1600\"href='https:\/\/www.radiopiu.net\/wordpress\/wp-content\/uploads\/2023\/06\/35fd378b-48f7-40da-b229-4ba27c9c2a04.jpg'><img loading=\"lazy\" decoding=\"async\" width=\"150\" height=\"150\" src=\"https:\/\/www.radiopiu.net\/wordpress\/wp-content\/uploads\/2023\/06\/35fd378b-48f7-40da-b229-4ba27c9c2a04-150x150.jpg\" class=\"attachment-thumbnail size-thumbnail\" alt=\"\" \/><\/a>\n\t\t\t\t<\/dt><\/dl><dl class='gallery-item'>\n\t\t\t\t<dt class='gallery-icon landscape'>\n\t\t\t\t\t<a class=\"rollover rollover-zoom dt-pswp-item\" title=\"eb679290-ce39-48ce-a1d3-3f2a31405561\" data-dt-img-description=\"\" data-large_image_width=\"1600\" data-large_image_height=\"1200\"href='https:\/\/www.radiopiu.net\/wordpress\/wp-content\/uploads\/2023\/06\/eb679290-ce39-48ce-a1d3-3f2a31405561.jpg'><img loading=\"lazy\" decoding=\"async\" width=\"150\" height=\"150\" src=\"https:\/\/www.radiopiu.net\/wordpress\/wp-content\/uploads\/2023\/06\/eb679290-ce39-48ce-a1d3-3f2a31405561-150x150.jpg\" class=\"attachment-thumbnail size-thumbnail\" alt=\"\" \/><\/a>\n\t\t\t\t<\/dt><\/dl><dl class='gallery-item'>\n\t\t\t\t<dt class='gallery-icon portrait'>\n\t\t\t\t\t<a class=\"rollover rollover-zoom dt-pswp-item\" title=\"f6dd3c8c-ccd5-447d-ba9a-1968fc4819ba\" data-dt-img-description=\"\" data-large_image_width=\"1200\" data-large_image_height=\"1600\"href='https:\/\/www.radiopiu.net\/wordpress\/wp-content\/uploads\/2023\/06\/f6dd3c8c-ccd5-447d-ba9a-1968fc4819ba.jpg'><img loading=\"lazy\" decoding=\"async\" width=\"150\" height=\"150\" src=\"https:\/\/www.radiopiu.net\/wordpress\/wp-content\/uploads\/2023\/06\/f6dd3c8c-ccd5-447d-ba9a-1968fc4819ba-150x150.jpg\" class=\"attachment-thumbnail size-thumbnail\" alt=\"\" \/><\/a>\n\t\t\t\t<\/dt><\/dl><br style=\"clear: both\" \/>\n\t\t\t<\/div>\n\n<p>&nbsp;<\/p>\n<hr \/>\n<blockquote>\n<h3><\/h3>\n<h3><a class=\"dt-pswp-item\" href=\"https:\/\/www.radiopiu.net\/wordpress\/wp-content\/uploads\/2023\/06\/th-5.jpg\" data-dt-img-description=\"\" data-large_image_width=\"180\" data-large_image_height=\"180\"><img loading=\"lazy\" decoding=\"async\" class=\"wp-image-341015 alignleft\" src=\"https:\/\/www.radiopiu.net\/wordpress\/wp-content\/uploads\/2023\/06\/th-5.jpg\" alt=\"\" width=\"101\" height=\"101\" srcset=\"https:\/\/www.radiopiu.net\/wordpress\/wp-content\/uploads\/2023\/06\/th-5.jpg 180w, https:\/\/www.radiopiu.net\/wordpress\/wp-content\/uploads\/2023\/06\/th-5-150x150.jpg 150w\" sizes=\"auto, (max-width: 101px) 100vw, 101px\" \/><\/a>Una voce nella valle di John Francis Della Pietra<\/h3>\n<\/blockquote>\n<p>Son trascorsi quarant&#8217;anni<br \/>\nUn bel numero di compleanni<br \/>\nSembra ieri<br \/>\nChe nell etere si diffondevano le prime note e pensieri<br \/>\nIn tutta la vallata agordina<br \/>\nNasceva questa radio per stare alla propria gente vicina<br \/>\nErano veramente tempi duri<br \/>\nStatene sicuri<br \/>\nPerpetrare i suoni nell aere non era cos\u00ec semplice ed indenne<br \/>\nCi volle tanto lavoro ed aiuto per sistemar idonee antenne<br \/>\nUn ricordo ormai lontano<br \/>\nIn questi tempi pare strano<br \/>\nMa molti lo portano nel cuore<br \/>\nTutti quei pionieri si son fatti onore<br \/>\nQui son passati nubifragi alluvioni e pi\u00f9 d una tempesta<br \/>\nPure molti giorni di gran festa<br \/>\nE di questo territorio le belle gesta<br \/>\nUn plauso sincero<br \/>\nCi vuole professionalit\u00e0 e costanza davvero<br \/>\nIn ogni attimo di quest era sei stata presente<br \/>\nAll agordina e non solo buona gente<br \/>\nDai paesi pi\u00f9 bassi sino ai villaggi pi\u00f9 in su<br \/>\nGrazie buon quarantesimo<br \/>\nNostra radiopi\u00f9<\/p>\n<p>&nbsp;<\/p>\n<hr \/>\n<p>&nbsp;<\/p>\n<blockquote>\n<h3>grazie a GIORGIO, CARMEN, CHIARA FONTANIVE<\/h3>\n<\/blockquote>\n\n\t\t\t<style type='text\/css'>\n\t\t\t\t#gallery-3 {\n\t\t\t\t\tmargin: auto;\n\t\t\t\t}\n\t\t\t\t#gallery-3 .gallery-item {\n\t\t\t\t\tfloat: left;\n\t\t\t\t\tmargin-top: 10px;\n\t\t\t\t\ttext-align: center;\n\t\t\t\t\twidth: 50%;\n\t\t\t\t}\n\t\t\t\t#gallery-3 img {\n\t\t\t\t\tborder: 2px solid #cfcfcf;\n\t\t\t\t}\n\t\t\t\t#gallery-3 .gallery-caption {\n\t\t\t\t\tmargin-left: 0;\n\t\t\t\t}\n\t\t\t\t\/* see gallery_shortcode() in wp-includes\/media.php *\/\n\t\t\t<\/style>\n\t\t<div id='gallery-3' class='dt-gallery-container gallery galleryid-340935 gallery-columns-2 gallery-size-large'><dl class='gallery-item'>\n\t\t\t\t<dt class='gallery-icon portrait'>\n\t\t\t\t\t<a class=\"rollover rollover-zoom dt-pswp-item\" title=\"355112346_10231366685217196_1737937962295789433_n\" data-dt-img-description=\"\" data-large_image_width=\"338\" data-large_image_height=\"600\"href='https:\/\/www.radiopiu.net\/wordpress\/wp-content\/uploads\/2023\/06\/355112346_10231366685217196_1737937962295789433_n.jpg'><img loading=\"lazy\" decoding=\"async\" width=\"338\" height=\"600\" src=\"https:\/\/www.radiopiu.net\/wordpress\/wp-content\/uploads\/2023\/06\/355112346_10231366685217196_1737937962295789433_n.jpg\" class=\"attachment-large size-large\" alt=\"\" srcset=\"https:\/\/www.radiopiu.net\/wordpress\/wp-content\/uploads\/2023\/06\/355112346_10231366685217196_1737937962295789433_n.jpg 338w, https:\/\/www.radiopiu.net\/wordpress\/wp-content\/uploads\/2023\/06\/355112346_10231366685217196_1737937962295789433_n-169x300.jpg 169w\" sizes=\"auto, (max-width: 338px) 100vw, 338px\" \/><\/a>\n\t\t\t\t<\/dt><\/dl><dl class='gallery-item'>\n\t\t\t\t<dt class='gallery-icon landscape'>\n\t\t\t\t\t<a class=\"rollover rollover-zoom dt-pswp-item\" title=\"354674110_10231366686617231_6120729559023520944_n\" data-dt-img-description=\"\" data-large_image_width=\"600\" data-large_image_height=\"338\"href='https:\/\/www.radiopiu.net\/wordpress\/wp-content\/uploads\/2023\/06\/354674110_10231366686617231_6120729559023520944_n.jpg'><img loading=\"lazy\" decoding=\"async\" width=\"600\" height=\"338\" src=\"https:\/\/www.radiopiu.net\/wordpress\/wp-content\/uploads\/2023\/06\/354674110_10231366686617231_6120729559023520944_n.jpg\" class=\"attachment-large size-large\" alt=\"\" srcset=\"https:\/\/www.radiopiu.net\/wordpress\/wp-content\/uploads\/2023\/06\/354674110_10231366686617231_6120729559023520944_n.jpg 600w, https:\/\/www.radiopiu.net\/wordpress\/wp-content\/uploads\/2023\/06\/354674110_10231366686617231_6120729559023520944_n-300x169.jpg 300w\" sizes=\"auto, (max-width: 600px) 100vw, 600px\" \/><\/a>\n\t\t\t\t<\/dt><\/dl><br style=\"clear: both\" \/>\n\t\t\t<\/div>\n\n<p>&nbsp;<\/p>\n<hr \/>\n<p>&nbsp;<\/p>\n<blockquote>\n<h3>GRAZIE ALLEGHE HOCKEY&#8230;<\/h3>\n<\/blockquote>\n<h3><a class=\"dt-pswp-item\" href=\"https:\/\/www.radiopiu.net\/wordpress\/wp-content\/uploads\/2023\/06\/Senza-nome-41.png\" data-dt-img-description=\"\" data-large_image_width=\"599\" data-large_image_height=\"636\"><img loading=\"lazy\" decoding=\"async\" class=\"size-medium wp-image-341019 aligncenter\" src=\"https:\/\/www.radiopiu.net\/wordpress\/wp-content\/uploads\/2023\/06\/Senza-nome-41-283x300.png\" alt=\"\" width=\"283\" height=\"300\" srcset=\"https:\/\/www.radiopiu.net\/wordpress\/wp-content\/uploads\/2023\/06\/Senza-nome-41-283x300.png 283w, https:\/\/www.radiopiu.net\/wordpress\/wp-content\/uploads\/2023\/06\/Senza-nome-41.png 599w\" sizes=\"auto, (max-width: 283px) 100vw, 283px\" \/><\/a><\/h3>\n<blockquote><p>&nbsp;<\/p><\/blockquote>\n<hr \/>\n<p>&nbsp;<\/p>\n<blockquote>\n<h2 class=\"entry-title\" style=\"text-align: center;\"><span style=\"color: #ff0000;\">100 ANNI DI RADIO \u2013 40 ANNI DI RADIO PI\u00d9<\/span><\/h2>\n<\/blockquote>\n<p class=\"photoswipe-wrapper\"><a class=\"dt-pswp-item pspw-wrap-ready\" href=\"https:\/\/www.radiopiu.net\/wordpress\/wp-content\/uploads\/2023\/06\/Senza-nome-1.jpg\" data-dt-img-description=\"\" data-large_image_width=\"549\" data-large_image_height=\"429\"><img loading=\"lazy\" decoding=\"async\" class=\"size-medium wp-image-338505 alignleft\" src=\"https:\/\/www.radiopiu.net\/wordpress\/wp-content\/uploads\/2023\/06\/Senza-nome-1-300x234.jpg\" sizes=\"auto, (max-width: 300px) 100vw, 300px\" srcset=\"https:\/\/www.radiopiu.net\/wordpress\/wp-content\/uploads\/2023\/06\/Senza-nome-1-300x234.jpg 300w, https:\/\/www.radiopiu.net\/wordpress\/wp-content\/uploads\/2023\/06\/Senza-nome-1.jpg 549w\" alt=\"\" width=\"300\" height=\"234\" \/><\/a>Da quando l\u2019Eiar diede il via alla sua prima trasmissione radiofonica nel lontano 1923, sono trascorsi ben cento anni dalla nascita di un mezzo di comunicazione che ha segnato la storia dell\u2019umanit\u00e0. La radio, con la sua capacit\u00e0 di informare, intrattenere e connettere le persone, ha mantenuto la sua importanza nel corso dei decenni, adattandosi ai cambiamenti tecnologici e sociali. Dall\u2019Eiar alla Rai, dalle radio locali ai gruppi nazionali privati, fino alle moderne radio web, l\u2019evoluzione del panorama radiofonico ha seguito il mutare dei tempi. Sono stati quarant\u2019anni dalla nascita di Radio Pi\u00f9, emittente che ha saputo\u00a0<a class=\"dt-pswp-item pspw-wrap-ready\" href=\"https:\/\/www.radiopiu.net\/wordpress\/wp-content\/uploads\/2023\/06\/c4f41af3-b1f7-424a-a20c-3563652ec6a0.jpg\" data-dt-img-description=\"\" data-large_image_width=\"1024\" data-large_image_height=\"768\"><img loading=\"lazy\" decoding=\"async\" class=\"size-medium wp-image-338506 alignright\" src=\"https:\/\/www.radiopiu.net\/wordpress\/wp-content\/uploads\/2023\/06\/c4f41af3-b1f7-424a-a20c-3563652ec6a0-300x225.jpg\" sizes=\"auto, (max-width: 300px) 100vw, 300px\" srcset=\"https:\/\/www.radiopiu.net\/wordpress\/wp-content\/uploads\/2023\/06\/c4f41af3-b1f7-424a-a20c-3563652ec6a0-300x225.jpg 300w, https:\/\/www.radiopiu.net\/wordpress\/wp-content\/uploads\/2023\/06\/c4f41af3-b1f7-424a-a20c-3563652ec6a0-768x576.jpg 768w, https:\/\/www.radiopiu.net\/wordpress\/wp-content\/uploads\/2023\/06\/c4f41af3-b1f7-424a-a20c-3563652ec6a0.jpg 1024w\" alt=\"\" width=\"300\" height=\"225\" \/><\/a>raccontare il territorio e diventare un punto di riferimento per gli appassionati di musica, notizie e intrattenimento (foto in alto in esposizione a RADIOPIU della Pizzeria Costa, Canale d\u2019Agordo).\u00a0\u00a0<strong>Per celebrare il valore intramontabile della radio, Radio Pi\u00f9 ha organizzato un evento speciale. Sabato 24, domenica 25 e luned\u00ec 26, nella suggestiva cornice di Taibon Agordino, in Piazza San Rocco, si terr\u00e0 \u201cLa Mostra delle Radio \u2013 Dal Secolo Scorso ad Oggi\u201d. Un\u2019iniziativa unica, nata dall\u2019idea di Ivano Benvegn\u00f9, Franco Gnel Ben e Mirko Mezzacasa, che vuole ripercorrere la storia della radio attraverso le sue diverse epoche.<\/strong><\/p>\n<p class=\"photoswipe-wrapper\"><a class=\"dt-pswp-item pspw-wrap-ready\" href=\"https:\/\/www.radiopiu.net\/wordpress\/wp-content\/uploads\/2023\/06\/490861a5-5a3d-4404-8e46-65b0e77576bb.jpg\" data-dt-img-description=\"\" data-large_image_width=\"1500\" data-large_image_height=\"2000\"><img loading=\"lazy\" decoding=\"async\" class=\"size-medium wp-image-338508 alignleft\" src=\"https:\/\/www.radiopiu.net\/wordpress\/wp-content\/uploads\/2023\/06\/490861a5-5a3d-4404-8e46-65b0e77576bb-225x300.jpg\" sizes=\"auto, (max-width: 225px) 100vw, 225px\" srcset=\"https:\/\/www.radiopiu.net\/wordpress\/wp-content\/uploads\/2023\/06\/490861a5-5a3d-4404-8e46-65b0e77576bb-225x300.jpg 225w, https:\/\/www.radiopiu.net\/wordpress\/wp-content\/uploads\/2023\/06\/490861a5-5a3d-4404-8e46-65b0e77576bb-768x1024.jpg 768w, https:\/\/www.radiopiu.net\/wordpress\/wp-content\/uploads\/2023\/06\/490861a5-5a3d-4404-8e46-65b0e77576bb-1152x1536.jpg 1152w, https:\/\/www.radiopiu.net\/wordpress\/wp-content\/uploads\/2023\/06\/490861a5-5a3d-4404-8e46-65b0e77576bb.jpg 1500w\" alt=\"\" width=\"225\" height=\"300\" \/><\/a>La mostra sar\u00e0 un viaggio affascinante nel tempo, offrendo ai visitatori l\u2019opportunit\u00e0 di esplorare l\u2019evoluzione dei dispositivi radiofonici e delle trasmissioni nel corso dei decenni. Dagli antichi apparecchi a valvole fino ai moderni dispositivi digitali, sar\u00e0 possibile ammirare la tecnologia che ha reso possibile l\u2019ascolto delle voci e delle storie provenienti da tutto il mondo. Oltre alla componente tecnologica, la mostra metter\u00e0 in luce l\u2019impatto sociale e culturale della radio. Attraverso immagini, documenti d\u2019epoca e testimonianze, si cercher\u00e0 di trasmettere l\u2019importanza di questo mezzo di comunicazione nella vita quotidiana delle persone. La radio ha saputo accompagnare gli ascoltatori nelle loro giornate, diventando compagna di viaggio, fonte di informazione e stimolo per l\u2019immaginazione e il sogno. Radio Pi\u00f9, con la sua lunga storia nel panorama radiofonico, \u00e8 orgogliosa di celebrare l\u2019eredit\u00e0 della radio e il suo impatto duraturo sulla societ\u00e0. L\u2019evento in Piazza San Rocco rappresenta un\u2019occasione unica per rivivere i momenti salienti della radiofonia e per riflettere su come questo strumento abbia saputo evolversi e reinventarsi nel corso dei decenni. La radio continua ad essere un mezzo di comunicazione privilegiato, capace di creare un legame intimo tra le persone e di stimolare la fantasia. Proprio per questa ragione, Radio Pi\u00f9 invita tutti a partecipare a questa straordinaria mostra, per riscoprire insieme il fascino intramontabile della radio e per celebrare cento anni di storia e cultura radiofonica (foto a lato di Franco Ben)<\/p>\n<p>&nbsp;<\/p>\n<p>&nbsp;<\/p>\n<hr \/>\n<p><strong><a class=\"dt-pswp-item\" href=\"https:\/\/www.radiopiu.net\/wordpress\/wp-content\/uploads\/2023\/06\/e976c1db-781c-4cef-bebc-9721311304e0.jpg\" data-dt-img-description=\"\" data-large_image_width=\"1600\" data-large_image_height=\"884\"><img loading=\"lazy\" decoding=\"async\" class=\"size-medium wp-image-340884 alignleft\" src=\"https:\/\/www.radiopiu.net\/wordpress\/wp-content\/uploads\/2023\/06\/e976c1db-781c-4cef-bebc-9721311304e0-300x166.jpg\" alt=\"\" width=\"300\" height=\"166\" srcset=\"https:\/\/www.radiopiu.net\/wordpress\/wp-content\/uploads\/2023\/06\/e976c1db-781c-4cef-bebc-9721311304e0-300x166.jpg 300w, https:\/\/www.radiopiu.net\/wordpress\/wp-content\/uploads\/2023\/06\/e976c1db-781c-4cef-bebc-9721311304e0-1024x566.jpg 1024w, https:\/\/www.radiopiu.net\/wordpress\/wp-content\/uploads\/2023\/06\/e976c1db-781c-4cef-bebc-9721311304e0-768x424.jpg 768w, https:\/\/www.radiopiu.net\/wordpress\/wp-content\/uploads\/2023\/06\/e976c1db-781c-4cef-bebc-9721311304e0-1536x849.jpg 1536w, https:\/\/www.radiopiu.net\/wordpress\/wp-content\/uploads\/2023\/06\/e976c1db-781c-4cef-bebc-9721311304e0.jpg 1600w\" sizes=\"auto, (max-width: 300px) 100vw, 300px\" \/><\/a>AUGURI TABIA!, 50 ANNI DI STORIA<\/strong><\/p>\n<p><strong>LO SPOT ALLA RADIO\u00a0<\/strong><\/p>\n<p>Pronto a festeggiare i 50 anni del Tabi\u00e0? Ti aspettiamo il 29 giugno a partire dalle 11 per un brindisi. Ore 11 benedizione, a seguire per tutta la giornata buffet<\/p>\n<audio class=\"wp-audio-shortcode\" id=\"audio-340935-16\" preload=\"none\" style=\"width: 100%;\" controls=\"controls\"><source type=\"audio\/mpeg\" src=\"https:\/\/www.radiopiu.net\/wordpress\/wp-content\/uploads\/2023\/06\/TABIA-50-anni.mp3?_=16\" \/><a href=\"https:\/\/www.radiopiu.net\/wordpress\/wp-content\/uploads\/2023\/06\/TABIA-50-anni.mp3\">https:\/\/www.radiopiu.net\/wordpress\/wp-content\/uploads\/2023\/06\/TABIA-50-anni.mp3<\/a><\/audio>\n<p>&nbsp;<\/p>\n<hr \/>\n<p>&nbsp;<\/p>\n<p>&nbsp;<\/p>\n<blockquote>\n<h3>Ad Agordo \u00e9 cos\u00ec: esposizione dei volti lignei della tradizione dolomitica<\/h3>\n<\/blockquote>\n<div><strong>AGORDO\u00a0<\/strong> L\u2019associazione Arca dei Volti e il Circolo Culturale Agordino, insieme per la seconda volta in Agordo, propongono una mostra di volti lignei intitolata \u201cAd Agordo \u00e8 cos\u00ec\u201d. In sala \u201cTamis\u201d, sar\u00e0 allestita dal 25 giugno al 2 luglio un\u2019esposizione delle maschere in legno della tradizione dolomitica re-interpretate dagli studenti della scuola organizzata dall\u2019associazione Arca dei Volti, guidata da Beppino Lorenzet con l\u2019aiuto di Sara Andrich e la collaborazione di altri esperti. Anche quest\u2019anno saranno presenti alcuni Olt de Riva dell\u2019artista agordino Tita Bressan. L\u2019espsizione avr\u00e0 inizio sabato 24 giugno ore 17.30 con l\u2019inaugurazione della mostra e continuer\u00e0 per tutta la settimana successiva, con un evento speciale gioved\u00ec 29, festa del Patrono nel capoluogo agordino, in cui maestri e artisti dell\u2019Arca dei Volti saranno presente di persona all\u2019esterno della sala per una dimostrazione sulla realizzazione di un volo in legno: dall\u2019ideazione alla scultura.<\/div>\n<p>&nbsp;<\/p>\n<p>&nbsp;<\/p>\n<hr \/>\n<p>&nbsp;<\/p>\n<blockquote>\n<blockquote>\n<h3>CAMPANOT CON LA PROLOCO PIEVE CASTIONESE: 10 GIORNI DI FESTA<\/h3>\n<\/blockquote>\n<p><strong><img decoding=\"async\" src=\"https:\/\/www.radiopiu.net\/wordpress\/wp-content\/uploads\/2023\/06\/353653276_581423654098743_853417176687910514_n.jpg\" \/><\/strong><\/p>\n<p><strong>BELLUNO<\/strong> Dal 16 al 25 giugno, la citt\u00e0 di Belluno ospita la festa del Campanot, organizzata dalla Pro Loco Pieve Castionese. Questa celebrazione riunisce numerosi eventi e attivit\u00e0 per il divertimento di tutti i partecipanti. La festa inizia oggi e si concluder\u00e0 domenica 25 giugno, offrendo dieci giorni di divertimento. La Pro Loco annuncia una fantastica selezione di piatti prelibati, un&#8217;area concerti con palco esterno, eventi sportivi, ballo liscio e attrazioni per tutti i gusti. Tra gli eventi sportivi e le attivit\u00e0 in programma, domenica 18 giugno ci sar\u00e0 il &#8220;Campanot fitness time&#8221; con Squash e il Fitness club Belluno, che si terranno dalle 9:00 alle 13:00. Nella stessa mattinata, si svolger\u00e0 anche una sfilata dei gruppi folk del Veneto. Questo evento sar\u00e0 un&#8217;occasione per festeggiare il 60\u00ba anniversario del Gruppo Folk Nevegal. La sfilata avr\u00e0 luogo a Pian delle Feste alle ore 11:30. La domenica si concluder\u00e0 con il 17\u00ba raduno Venetnia, che riunisce l&#8217;associazione dei gruppi di tradizioni popolari veneti. In sintesi, la festa del Campanot a Belluno offre una vasta gamma di eventi e attivit\u00e0 per tutti i gusti, tra cui deliziosi piatti, concerti, eventi sportivi, ballo e attrazioni. \u00c8 un&#8217;occasione per celebrare la cultura e le tradizioni locali e godersi dieci giorni di festeggiamenti.<\/p>\n<div class=\"flex-1 overflow-hidden\">\n<div class=\"react-scroll-to-bottom--css-gpkad-79elbk h-full dark:bg-gray-800\">\n<div class=\"react-scroll-to-bottom--css-gpkad-1n7m0yu\">\n<div class=\"flex flex-col text-sm dark:bg-gray-800\">\n<div class=\"group w-full text-gray-800 dark:text-gray-100 border-b border-black\/10 dark:border-gray-900\/50 bg-gray-50 dark:bg-[#444654]\">\n<div class=\"flex p-4 gap-4 text-base md:gap-6 md:max-w-2xl lg:max-w-[38rem] xl:max-w-3xl md:py-6 lg:px-0 m-auto\">\n<div class=\"relative flex w-[calc(100%-50px)] flex-col gap-1 md:gap-3 lg:w-[calc(100%-115px)]\">\n<div class=\"flex justify-between lg:block\"><\/div>\n<\/div>\n<\/div>\n<\/div>\n<div class=\"h-32 md:h-48 flex-shrink-0\">\n<p><strong>LO SPOT\u00a0 SULLE TRE RADIO <\/strong><strong>CLUB 103, PIU&#8217;, PRIMIERO.<\/strong><\/p>\n<\/div>\n<\/div>\n<\/div>\n<\/div>\n<\/div>\n<\/blockquote>\n<div class=\"flex-1 overflow-hidden\">\n<div class=\"react-scroll-to-bottom--css-gpkad-79elbk h-full dark:bg-gray-800\">\n<div class=\"react-scroll-to-bottom--css-gpkad-1n7m0yu\">\n<audio class=\"wp-audio-shortcode\" id=\"audio-340935-17\" preload=\"none\" style=\"width: 100%;\" controls=\"controls\"><source type=\"audio\/mpeg\" src=\"https:\/\/www.radiopiu.net\/wordpress\/wp-content\/uploads\/2023\/06\/castion-c.mp3?_=17\" \/><a href=\"https:\/\/www.radiopiu.net\/wordpress\/wp-content\/uploads\/2023\/06\/castion-c.mp3\">https:\/\/www.radiopiu.net\/wordpress\/wp-content\/uploads\/2023\/06\/castion-c.mp3<\/a><\/audio>\n<p>&nbsp;<\/p>\n<hr \/>\n<p>&nbsp;<\/p>\n<\/div>\n<\/div>\n<\/div>\n<p>&nbsp;<\/p>\n<p><a class=\"dt-pswp-item\" href=\"https:\/\/www.radiopiu.net\/wordpress\/wp-content\/uploads\/2023\/05\/07b370aa-6c88-4a9c-929f-e4e6e20e615b.jpg\" data-dt-img-description=\"\" data-large_image_width=\"832\" data-large_image_height=\"1024\"><img loading=\"lazy\" decoding=\"async\" class=\"size-medium wp-image-337511 aligncenter\" src=\"https:\/\/www.radiopiu.net\/wordpress\/wp-content\/uploads\/2023\/05\/07b370aa-6c88-4a9c-929f-e4e6e20e615b-244x300.jpg\" alt=\"\" width=\"244\" height=\"300\" srcset=\"https:\/\/www.radiopiu.net\/wordpress\/wp-content\/uploads\/2023\/05\/07b370aa-6c88-4a9c-929f-e4e6e20e615b-244x300.jpg 244w, https:\/\/www.radiopiu.net\/wordpress\/wp-content\/uploads\/2023\/05\/07b370aa-6c88-4a9c-929f-e4e6e20e615b-768x945.jpg 768w, https:\/\/www.radiopiu.net\/wordpress\/wp-content\/uploads\/2023\/05\/07b370aa-6c88-4a9c-929f-e4e6e20e615b.jpg 832w\" sizes=\"auto, (max-width: 244px) 100vw, 244px\" \/><\/a><\/p>\n<blockquote>\n<h3>TORNA IL &#8220;MINIERE SUNSET&#8221; NELL&#8217;ESTATE DEL CAFFE&#8217; MINIERE DI AGORDO<\/h3>\n<\/blockquote>\n<p><strong><a class=\"dt-pswp-item\" href=\"https:\/\/www.radiopiu.net\/wordpress\/wp-content\/uploads\/2023\/05\/SCR-20230525-kofy.jpeg\" data-dt-img-description=\"\" data-large_image_width=\"1166\" data-large_image_height=\"646\"><img loading=\"lazy\" decoding=\"async\" class=\" wp-image-337439 alignleft\" src=\"https:\/\/www.radiopiu.net\/wordpress\/wp-content\/uploads\/2023\/05\/SCR-20230525-kofy-300x166.jpeg\" alt=\"\" width=\"154\" height=\"85\" srcset=\"https:\/\/www.radiopiu.net\/wordpress\/wp-content\/uploads\/2023\/05\/SCR-20230525-kofy-300x166.jpeg 300w, https:\/\/www.radiopiu.net\/wordpress\/wp-content\/uploads\/2023\/05\/SCR-20230525-kofy-1024x567.jpeg 1024w, https:\/\/www.radiopiu.net\/wordpress\/wp-content\/uploads\/2023\/05\/SCR-20230525-kofy-768x425.jpeg 768w, https:\/\/www.radiopiu.net\/wordpress\/wp-content\/uploads\/2023\/05\/SCR-20230525-kofy.jpeg 1166w\" sizes=\"auto, (max-width: 154px) 100vw, 154px\" \/><\/a>AGORDO<\/strong> Si torna a ballare nell&#8217;estate 2023. Il Caff\u00e8 Miniere di Agordo organizza il &#8220;Miniere Sunset&#8221;, un appuntamento a cadenza mensile con cocktail bar e DJ Set dalle 18 alle 24. Il 19 luglio e il 30 agosto con Morgan &amp; Battaglia DJ&#8217;s. Tutte le serate saranno in diretta su Radio Pi\u00f9 con ospiti a sorpresa.<\/p>\n<p>&nbsp;<\/p>\n<p>&nbsp;<\/p>\n<hr \/>\n<p>&nbsp;<\/p>\n<blockquote>\n<h3>OGGI LA PRESENTAZIONE DEL CONCORSO FOTOGRAFICO &#8220;RIFLESSIONI D&#8217;ACQUA&#8221;<\/h3>\n<\/blockquote>\n<p><strong>BORGO VALBELLUNA<\/strong><\/p>\n<p>di Roberto Bona<\/p>\n<audio class=\"wp-audio-shortcode\" id=\"audio-340935-18\" preload=\"none\" style=\"width: 100%;\" controls=\"controls\"><source type=\"audio\/mpeg\" src=\"https:\/\/www.radiopiu.net\/wordpress\/wp-content\/uploads\/2023\/06\/PresentazioneConcorsoFotografico.mp3?_=18\" \/><a href=\"https:\/\/www.radiopiu.net\/wordpress\/wp-content\/uploads\/2023\/06\/PresentazioneConcorsoFotografico.mp3\">https:\/\/www.radiopiu.net\/wordpress\/wp-content\/uploads\/2023\/06\/PresentazioneConcorsoFotografico.mp3<\/a><\/audio>\n<p>&nbsp;<\/p>\n<hr \/>\n<p>&nbsp;<\/p>\n<h2><span style=\"color: #ff0000;\">GLI APPUNTAMENTI DELLA SETTIMANA\u00a0<\/span><\/h2>\n<div class=\"page-title-breadcrumbs\">\n<p>&nbsp;<\/p>\n<\/div>\n<div class=\"page-title-breadcrumbs\">\n<p><img decoding=\"async\" class=\"aligncenter\" src=\"https:\/\/www.radiopiu.net\/wordpress\/wp-content\/uploads\/2023\/05\/42abf5ad-ee3c-42c9-9043-e91339305204-214x300.jpg\" \/><\/p>\n<p>&nbsp;<\/p>\n<blockquote>\n<h3>L&#8217;ESTATE DELLE BIBLIOTECHE DELLA VALLE DEL BIOIS<\/h3>\n<\/blockquote>\n<p><strong>CANALE D&#8217;AGORDO<\/strong> Domani alle 21 nella sala Ex Emigranti di Canale D&#8217;Agordo il primo appuntamento con le Biblioteche della Valle Del Biois. La presentazione del libro &#8220;Gli Occhi Dell&#8217;Ecuador&#8221; con Sonia Andrich<\/p>\n<p>&nbsp;<\/p>\n<blockquote>\n<h3>DUE SERATE CULTURALI A LIMANA<\/h3>\n<\/blockquote>\n<p><strong>LIMANA<\/strong> Domani e venerd\u00ec a Limana ci saranno due serate dedicate alla cultura. Gioved\u00ec alle 20:30 in municipio una serata dedicata alle malattie trasmesse da vettori. Venerd\u00ec alle 20:30 nella sala Luigi Nocivelli si parler\u00e0 del libro sulle Prealpi Bellunesi<\/p>\n<p>&nbsp;<\/p>\n<blockquote>\n<h3>FESTA EUROPEA DELLA MUSICA<\/h3>\n<\/blockquote>\n<p><strong>BELLUNO<\/strong> La Scuola di Musica A. Miari, in collaborazione con il Conservatorio di Musica Steffani di Castelfranco Veneto e il Comune di Belluno, organizza il concerto &#8220;Antiche Radici e nuove foglie&#8221;. oggi nel chiostro di Palazzo Fulcis, alle 21<\/p>\n<p>&nbsp;<\/p>\n<blockquote>\n<h3>\u00a0IL RITORNO DEL LUPO<\/h3>\n<\/blockquote>\n<p><strong>SEDICO<\/strong> Oggi alle 20 nella sala conferenze del polo culturale di Sedico incontro informativo sul lupo, previsti tre interventi: Enrico Vettorazzo, funzionario del Parco, Renato Semenzato, consulente del Parco e Stefano Mariech, funzionario del Parco La serata rientra tra le attivit\u00e0 previste dal progetto europeo LIFE Wolfalps EU, partner il Parco Nazionale delle Dolomiti che organizza la serata con il Comune di Sedico.<\/p>\n<p>&nbsp;<\/p>\n<blockquote>\n<h3>FAUSTO DE POI OSPITE DI ABM<\/h3>\n<\/blockquote>\n<p><strong>BELLUNO<\/strong> Venerd\u00ec 23 giugno alle 20:45 Fausto De Poi sar\u00e0 ospite di ABM per presentare il libro \u201cSembra vero. Storie di viaggi in Nepal\u201d<\/p>\n<p>&nbsp;<\/p>\n<blockquote>\n<h3>QUATTRO PASSI LUNGO LA VIA DELLA DOLOMIA<\/h3>\n<\/blockquote>\n<p><strong>AGORDO<\/strong> Domenica 25 giugno \u00e8 in programma una visita guidata lungo la Via della Dolomia in Valle di San Lucano con il geologo Danilo Giordano docente all\u2019Istituto Minerario \u201cU. Follador\u201d di Agordo. Ritrovo ore 8.30 parcheggio di Tamonich (Agordo). Iscrizioni presso Ufficio turistico di Agordo ,da Luned\u00ec 19 giugno a Gioved\u00ec 22 giugno<\/p>\n<p>&nbsp;<\/p>\n<h2><span style=\"color: #ff0000;\">PROSSIMAMENTE&#8230;<\/span><\/h2>\n<blockquote>\n<h3>UNA SERATA PER SCRIVERE A MANO<\/h3>\n<\/blockquote>\n<p><strong>VAL DI ZOLDO<\/strong> Venerd\u00ec 30 giugno, a Fusine di Val di Zoldo, nella Sala Rizzardini, si svolger\u00e0 l\u2019incontro dal titolo: <em>Scrivere a Mano, tra passato e presente. <\/em>All\u2019incontro parteciperanno la calligrafa Anna Schettin, che con l\u2019intervento \u201cCalligrafia, storia di una passione\u201d ne traccer\u00e0 la storia e il\u00a0 suo \u00a0valore formale ed estetico;\u00a0 la logopedista Clara Andrich, e\u00a0 l\u2019insegnante Monica Vecellio. Introdurr\u00e0 l\u2019incontro Lucia Molin Pradel.<\/p>\n<p>&nbsp;<\/p>\n<blockquote>\n<h3>L&#8217;INAUGURAZIONE DEL NORDIC WALKING PARK AGORDINO<\/h3>\n<\/blockquote>\n<p><strong>AGORDO<\/strong> In occasione della Sagra di San Piero Ad Agordo, sabato 1 luglio verr\u00e0 inaugurato il percorso di Nordic Walking Park Agordino. Ritrovo sul Broi alle 14:30, alle 15 la caccia al tesoro e alle 17:30 l&#8217;inaugurazione del percorso sotto al tendone con Radio Pi\u00f9.<\/p>\n<p>&nbsp;<\/p>\n<blockquote>\n<h3>L&#8217;ESTATE DEI MERCATINI AD AGORDO<\/h3>\n<\/blockquote>\n<p><strong>AGORDO<\/strong> Tornano i mercatini d&#8217;estate ad Agordo. Il primo appuntamento domenica 23 luglio dalle 6 alle 19 sul Broi di Agordo con il mercatino dell&#8217;antiquariato. Per informazioni 349 3984682<\/p>\n<p>&nbsp;<\/p>\n<hr \/>\n<p>&nbsp;<\/p>\n<blockquote class=\"wp-embedded-content\" data-secret=\"SYd7MsBcak\"><p><a href=\"https:\/\/www.radiopiu.net\/wordpress\/la-costruzione-in-pietra-del-ponte-di-lantrago-e-le-grandi-alluvioni-a-la-valle-agordina-nella-seconda-meta-del-1800-terza-parte\/\">LA COSTRUZIONE IN PIETRA DEL PONTE DI LANTRAGO E LE GRANDI ALLUVIONI A LA VALLE AGORDINA NELLA SECONDA MET\u00c0 DEL 1800 \u2013 TERZA PARTE<\/a><\/p><\/blockquote>\n<p><iframe loading=\"lazy\" class=\"wp-embedded-content\" sandbox=\"allow-scripts\" security=\"restricted\" style=\"position: absolute; clip: rect(1px, 1px, 1px, 1px);\" title=\"&#8220;LA COSTRUZIONE IN PIETRA DEL PONTE DI LANTRAGO E LE GRANDI ALLUVIONI A LA VALLE AGORDINA NELLA SECONDA MET\u00c0 DEL 1800 \u2013 TERZA PARTE&#8221; &#8212; Radio Pi\u00f9\" src=\"https:\/\/www.radiopiu.net\/wordpress\/la-costruzione-in-pietra-del-ponte-di-lantrago-e-le-grandi-alluvioni-a-la-valle-agordina-nella-seconda-meta-del-1800-terza-parte\/embed\/#?secret=ipQdKLehog#?secret=SYd7MsBcak\" data-secret=\"SYd7MsBcak\" width=\"600\" height=\"338\" frameborder=\"0\" marginwidth=\"0\" marginheight=\"0\" scrolling=\"no\"><\/iframe><\/p>\n<p>&nbsp;<\/p>\n<hr \/>\n<p>&nbsp;<\/p>\n<div dir=\"auto\">\n<div class=\"message spoilers-container\" dir=\"auto\">\n<div>\n<div class=\"b654a4as d2edcug0\">\n<div class=\"rq0escxv hkbzh7o3 jwdofwj8 n8tt0mok r8blr3vg hyh9befq\">\n<p><a class=\"dt-pswp-item\" href=\"https:\/\/www.radiopiu.net\/wordpress\/wp-content\/uploads\/2020\/10\/pp.jpg\" data-dt-img-description=\"\" data-large_image_width=\"640\" data-large_image_height=\"640\"><img loading=\"lazy\" decoding=\"async\" class=\"wp-image-163678 alignleft\" src=\"https:\/\/www.radiopiu.net\/wordpress\/wp-content\/uploads\/2020\/10\/pp-300x300.jpg\" alt=\"\" width=\"106\" height=\"106\" srcset=\"https:\/\/www.radiopiu.net\/wordpress\/wp-content\/uploads\/2020\/10\/pp-300x300.jpg 300w, https:\/\/www.radiopiu.net\/wordpress\/wp-content\/uploads\/2020\/10\/pp-150x150.jpg 150w, https:\/\/www.radiopiu.net\/wordpress\/wp-content\/uploads\/2020\/10\/pp-125x125.jpg 125w, https:\/\/www.radiopiu.net\/wordpress\/wp-content\/uploads\/2020\/10\/pp-200x200.jpg 200w, https:\/\/www.radiopiu.net\/wordpress\/wp-content\/uploads\/2020\/10\/pp-80x80.jpg 80w, https:\/\/www.radiopiu.net\/wordpress\/wp-content\/uploads\/2020\/10\/pp-480x480.jpg 480w, https:\/\/www.radiopiu.net\/wordpress\/wp-content\/uploads\/2020\/10\/pp.jpg 640w\" sizes=\"auto, (max-width: 106px) 100vw, 106px\" \/><\/a><\/p>\n<\/div>\n<\/div>\n<\/div>\n<\/div>\n<div class=\"message spoilers-container\" dir=\"auto\">\n<div class=\"page-title-head hgroup\">\n<div class=\"page-title-head hgroup\">\n<div class=\"b654a4as d2edcug0\">\n<div class=\"j83agx80 btwxx1t3 lhclo0ds hop8lmos nkwizq5d scwd0bx6 roh60bw9\">\n<div class=\"rq0escxv hkbzh7o3 jwdofwj8 n8tt0mok r8blr3vg hyh9befq\">\n<div class=\"do00u71z l9j0dhe7 k4urcfbm\" style=\"text-align: left;\">\n<h2><span style=\"color: #000080;\">DON CESARE, IL PENSIERO DEL GIORNO. ALLA RADIO ALLE 7 DEL MATTINO E ALLE 19.30 DELLA SERA<\/span><\/h2>\n<\/div>\n<audio class=\"wp-audio-shortcode\" id=\"audio-340935-19\" preload=\"none\" style=\"width: 100%;\" controls=\"controls\"><source type=\"audio\/mpeg\" src=\"https:\/\/www.radiopiu.net\/wordpress\/wp-content\/uploads\/2023\/06\/CESARE-14.mp3?_=19\" \/><a href=\"https:\/\/www.radiopiu.net\/wordpress\/wp-content\/uploads\/2023\/06\/CESARE-14.mp3\">https:\/\/www.radiopiu.net\/wordpress\/wp-content\/uploads\/2023\/06\/CESARE-14.mp3<\/a><\/audio>\n<p>&nbsp;<\/p>\n<div class=\"do00u71z l9j0dhe7 k4urcfbm\" style=\"text-align: left;\">\n<p>&nbsp;<\/p>\n<\/div>\n<\/div>\n<\/div>\n<\/div>\n<\/div>\n<\/div>\n<\/div>\n<\/div>\n<div class=\"message spoilers-container\" dir=\"auto\">\n<div class=\"column\">\n<hr \/>\n<div class=\"message spoilers-container\" dir=\"auto\">\n<div class=\"column\">\n<p>&nbsp;<\/p>\n<h2><strong><a class=\"dt-pswp-item\" href=\"https:\/\/www.radiopiu.net\/wordpress\/wp-content\/uploads\/2023\/06\/gal-alto-bellunese.jpg\" data-dt-img-description=\"\" data-large_image_width=\"758\" data-large_image_height=\"605\"><img loading=\"lazy\" decoding=\"async\" class=\" wp-image-340582 alignleft\" src=\"https:\/\/www.radiopiu.net\/wordpress\/wp-content\/uploads\/2023\/06\/gal-alto-bellunese-300x239.jpg\" alt=\"\" width=\"177\" height=\"141\" srcset=\"https:\/\/www.radiopiu.net\/wordpress\/wp-content\/uploads\/2023\/06\/gal-alto-bellunese-300x239.jpg 300w, https:\/\/www.radiopiu.net\/wordpress\/wp-content\/uploads\/2023\/06\/gal-alto-bellunese.jpg 758w\" sizes=\"auto, (max-width: 177px) 100vw, 177px\" \/><\/a><\/strong><span style=\"color: #33cccc;\">LA RASSEGNA STAMPA DA L&#8217;AMICO DEL POPOLO<\/span><\/h2>\n<p><strong>di Gianni Santomaso<\/strong><\/p>\n<p>OSPITE: Marco Bassetto, direttore GAL Alto Bellunese<\/p>\n<audio class=\"wp-audio-shortcode\" id=\"audio-340935-20\" preload=\"none\" style=\"width: 100%;\" controls=\"controls\"><source type=\"audio\/mpeg\" src=\"https:\/\/www.radiopiu.net\/wordpress\/wp-content\/uploads\/2023\/06\/RASSEGNA-GIANNI-1.mp3?_=20\" \/><a href=\"https:\/\/www.radiopiu.net\/wordpress\/wp-content\/uploads\/2023\/06\/RASSEGNA-GIANNI-1.mp3\">https:\/\/www.radiopiu.net\/wordpress\/wp-content\/uploads\/2023\/06\/RASSEGNA-GIANNI-1.mp3<\/a><\/audio>\n<p>&nbsp;<\/p>\n<p>&nbsp;<\/p>\n<hr \/>\n<p>&nbsp;<\/p>\n<p><img loading=\"lazy\" decoding=\"async\" class=\"aligncenter wp-image-61954 size-full\" src=\"https:\/\/www.radiopiu.net\/wordpress\/wp-content\/uploads\/2018\/09\/viabilita.jpeg\" sizes=\"auto, (max-width: 800px) 100vw, 800px\" srcset=\"https:\/\/www.radiopiu.net\/wordpress\/wp-content\/uploads\/2018\/09\/viabilita.jpeg 800w, https:\/\/www.radiopiu.net\/wordpress\/wp-content\/uploads\/2018\/09\/viabilita-300x38.jpeg 300w, https:\/\/www.radiopiu.net\/wordpress\/wp-content\/uploads\/2018\/09\/viabilita-768x96.jpeg 768w\" alt=\"\" width=\"800\" height=\"100\" \/><\/p>\n<\/div>\n<\/div>\n<div class=\"message spoilers-container\" dir=\"auto\">\n<div class=\"column\">\n<p>&nbsp;<\/p>\n<\/div>\n<\/div>\n<div class=\"message spoilers-container\" dir=\"auto\">\n<div class=\"column\">\n<div>\n<div dir=\"ltr\">\n<div class=\"gmail_quote\">\n<div dir=\"ltr\">\n<div>\n<blockquote class=\"wp-embedded-content\" data-secret=\"qIawZ0ogJV\"><p><a href=\"https:\/\/www.radiopiu.net\/wordpress\/viabilita\/\">viabilita<\/a><\/p><\/blockquote>\n<p><iframe loading=\"lazy\" class=\"wp-embedded-content\" sandbox=\"allow-scripts\" security=\"restricted\" style=\"position: absolute; clip: rect(1px, 1px, 1px, 1px);\" title=\"&#8220;viabilita&#8221; &#8212; Radio Pi\u00f9\" src=\"https:\/\/www.radiopiu.net\/wordpress\/viabilita\/embed\/#?secret=P5QZhKYTyr#?secret=qIawZ0ogJV\" data-secret=\"qIawZ0ogJV\" width=\"600\" height=\"338\" frameborder=\"0\" marginwidth=\"0\" marginheight=\"0\" scrolling=\"no\"><\/iframe><\/p>\n<\/div>\n<div><\/div>\n<div><\/div>\n<div>\n<hr \/>\n<\/div>\n<div><a class=\"dt-pswp-item\" href=\"https:\/\/www.radiopiu.net\/wordpress\/wp-content\/uploads\/2023\/06\/07493af4-f8e1-4ce3-bb99-e0a40362939f.jpg\" data-dt-img-description=\"\" data-large_image_width=\"1417\" data-large_image_height=\"1481\"><img loading=\"lazy\" decoding=\"async\" class=\"wp-image-339869 aligncenter\" src=\"https:\/\/www.radiopiu.net\/wordpress\/wp-content\/uploads\/2023\/06\/07493af4-f8e1-4ce3-bb99-e0a40362939f-980x1024.jpg\" alt=\"\" width=\"382\" height=\"399\" srcset=\"https:\/\/www.radiopiu.net\/wordpress\/wp-content\/uploads\/2023\/06\/07493af4-f8e1-4ce3-bb99-e0a40362939f-980x1024.jpg 980w, https:\/\/www.radiopiu.net\/wordpress\/wp-content\/uploads\/2023\/06\/07493af4-f8e1-4ce3-bb99-e0a40362939f-287x300.jpg 287w, https:\/\/www.radiopiu.net\/wordpress\/wp-content\/uploads\/2023\/06\/07493af4-f8e1-4ce3-bb99-e0a40362939f-768x803.jpg 768w, https:\/\/www.radiopiu.net\/wordpress\/wp-content\/uploads\/2023\/06\/07493af4-f8e1-4ce3-bb99-e0a40362939f.jpg 1417w\" sizes=\"auto, (max-width: 382px) 100vw, 382px\" \/><\/a><\/div>\n<div><\/div>\n<\/div>\n<\/div>\n<\/div>\n<\/div>\n<hr \/>\n<p>&nbsp;<\/p>\n<p><a class=\"dt-pswp-item\" href=\"https:\/\/www.radiopiu.net\/wordpress\/wp-content\/uploads\/2018\/09\/WhatsApp-Image-2018-09-20-at-16.04.06.jpeg\" data-dt-img-description=\"\" data-large_image_width=\"800\" data-large_image_height=\"100\"><img loading=\"lazy\" decoding=\"async\" class=\"wp-image-61378 size-full aligncenter\" src=\"https:\/\/www.radiopiu.net\/wordpress\/wp-content\/uploads\/2018\/09\/WhatsApp-Image-2018-09-20-at-16.04.06.jpeg\" alt=\"\" width=\"800\" height=\"100\" srcset=\"https:\/\/www.radiopiu.net\/wordpress\/wp-content\/uploads\/2018\/09\/WhatsApp-Image-2018-09-20-at-16.04.06.jpeg 800w, https:\/\/www.radiopiu.net\/wordpress\/wp-content\/uploads\/2018\/09\/WhatsApp-Image-2018-09-20-at-16.04.06-300x38.jpeg 300w, https:\/\/www.radiopiu.net\/wordpress\/wp-content\/uploads\/2018\/09\/WhatsApp-Image-2018-09-20-at-16.04.06-768x96.jpeg 768w\" sizes=\"auto, (max-width: 800px) 100vw, 800px\" \/><\/a><\/p>\n<\/div>\n<\/div>\n<div class=\"message spoilers-container\" dir=\"auto\">\n<p>&nbsp;<\/p>\n<\/div>\n<p><center><b>OGGI<\/b><\/center>Al mattino sereno o poco nuvoloso. Nel pomeriggio formazione modesta di nuvolosit\u00e0 cumuliforme. Presenza di sabbia Sahariana in sospensione con cielo lattiginoso. Contesto termico decisamente caldo a fondovalle e molto mite anche in alta quota.<br \/>\n<b>Precipitazioni: <\/b>Generalmente assenti seppur non del tutto escluso un rovescio\/temporale di calore verso sera su Dolomiti (10%)<br \/>\n<b>Temperature: <\/b>In ulteriore lieve aumento e ben superiori alle medie del periodo<\/p>\n<hr \/>\n<p><center><b>DOMANI<\/b><\/center>Giornata molto calda, con apice del caldo, anche afosa nei fondovalle prealpini con moderato\/forte disagio da calore. Cielo generalmente sereno o poco nuvoloso. Dalla tarda serata irregolare aumento della nuvolosit\u00e0 cumuliforme con episodio di instabilit\u00e0 nella notte.<br \/>\n<b>Precipitazioni: <\/b>Dalla tarda serata ma soprattutto nella notte su venerd\u00ec aumento della probabilit\u00e0 di rovesci e temporali sparsi (30-50 %).<br \/>\n<b>Temperature: <\/b>Temperature stazionarie o in ulteriore lieve aumento a fondovalle sempre ben superiori alla media a tutte le quote.<\/p>\n<hr \/>\n<p><center><b>VENERDI<\/b><\/center>Giornata variabile a tratti instabile con nuvolosit\u00e0 irregolare a tratti intensa associata a rovesci e temporali sparsi possibili sia durante la notte che tra le ore centrali e nel pomeriggio. Dalla sera tendenza ad esaurimento dei fenomeni e a schiarite via via pi\u00f9 ampie. Temperature in calo, anche marcato nei valori massimi.<\/p>\n<hr \/>\n<p><center><b>SABATO<\/b><\/center>Cielo sereno o poco nuvoloso al mattino. Nel pomeriggio modesta formazione di nuvolosit\u00e0 cumuliforme. Molto bassa la probabilit\u00e0 di un rovescio nel pomeriggio su Prealpi. Temperature in generale calo su valori attorno alla media del periodo.<\/p>\n<p>&nbsp;<\/p>\n<p>&nbsp;<\/p>\n<div class=\"message spoilers-container\" dir=\"auto\">\n<hr \/>\n<p>&nbsp;<\/p>\n<p><a class=\"dt-pswp-item\" href=\"https:\/\/www.radiopiu.net\/wordpress\/wp-content\/uploads\/2018\/09\/sport.jpg\" data-dt-img-description=\"\" data-large_image_width=\"800\" data-large_image_height=\"100\"><img loading=\"lazy\" decoding=\"async\" class=\"aligncenter wp-image-60761 size-full\" src=\"https:\/\/www.radiopiu.net\/wordpress\/wp-content\/uploads\/2018\/09\/sport.jpg\" alt=\"\" width=\"800\" height=\"100\" srcset=\"https:\/\/www.radiopiu.net\/wordpress\/wp-content\/uploads\/2018\/09\/sport.jpg 800w, https:\/\/www.radiopiu.net\/wordpress\/wp-content\/uploads\/2018\/09\/sport-300x38.jpg 300w, https:\/\/www.radiopiu.net\/wordpress\/wp-content\/uploads\/2018\/09\/sport-768x96.jpg 768w\" sizes=\"auto, (max-width: 800px) 100vw, 800px\" \/><\/a><\/p>\n<\/div>\n<div class=\"message spoilers-container\" dir=\"auto\">\n<h3><\/h3>\n<h2><strong><a class=\"dt-pswp-item\" href=\"https:\/\/www.radiopiu.net\/wordpress\/wp-content\/uploads\/2023\/06\/frassene-cross-2023.png\" data-dt-img-description=\"\" data-large_image_width=\"642\" data-large_image_height=\"288\"><img loading=\"lazy\" decoding=\"async\" class=\" wp-image-340508 alignleft\" src=\"https:\/\/www.radiopiu.net\/wordpress\/wp-content\/uploads\/2023\/06\/frassene-cross-2023-300x135.png\" alt=\"\" width=\"198\" height=\"89\" srcset=\"https:\/\/www.radiopiu.net\/wordpress\/wp-content\/uploads\/2023\/06\/frassene-cross-2023-300x135.png 300w, https:\/\/www.radiopiu.net\/wordpress\/wp-content\/uploads\/2023\/06\/frassene-cross-2023.png 642w\" sizes=\"auto, (max-width: 198px) 100vw, 198px\" \/><\/a><\/strong><span style=\"color: #ff9900;\">SABATO 24 GIUGNO LA SECONDA EDIZIONE DELLA FRASSENE&#8217; CROSS<\/span><\/h2>\n<p><strong>di Marco Gaz<\/strong><\/p>\n<p>OSPITE: Yuri Parissenti, Presidente del Gruppo Sportivo Frassen\u00e8<\/p>\n<audio class=\"wp-audio-shortcode\" id=\"audio-340935-21\" preload=\"none\" style=\"width: 100%;\" controls=\"controls\"><source type=\"audio\/mpeg\" src=\"https:\/\/www.radiopiu.net\/wordpress\/wp-content\/uploads\/2023\/06\/FRASSENE-CROS-YURI-PARISSENTI.mp3?_=21\" \/><a href=\"https:\/\/www.radiopiu.net\/wordpress\/wp-content\/uploads\/2023\/06\/FRASSENE-CROS-YURI-PARISSENTI.mp3\">https:\/\/www.radiopiu.net\/wordpress\/wp-content\/uploads\/2023\/06\/FRASSENE-CROS-YURI-PARISSENTI.mp3<\/a><\/audio>\n<p>&nbsp;<\/p>\n<p><span style=\"color: #0000ff;\"><strong>CALCIO<\/strong><\/span><\/p>\n<blockquote>\n<h3>PAREGGIO TRA TAIBON E LA VALLE NEL POSTICIPO DEL CAMPIONATO AGORDINO GIOVANILE<\/h3>\n<\/blockquote>\n<p><strong><a class=\"dt-pswp-item\" href=\"https:\/\/www.radiopiu.net\/wordpress\/wp-content\/uploads\/2022\/10\/CALCIO-2022-e1665937841126.jpg\" data-dt-img-description=\"\" data-large_image_width=\"400\" data-large_image_height=\"250\"><img loading=\"lazy\" decoding=\"async\" class=\" wp-image-301842 alignleft\" src=\"https:\/\/www.radiopiu.net\/wordpress\/wp-content\/uploads\/2022\/10\/CALCIO-2022-e1665937841126-300x188.jpg\" alt=\"\" width=\"163\" height=\"102\" srcset=\"https:\/\/www.radiopiu.net\/wordpress\/wp-content\/uploads\/2022\/10\/CALCIO-2022-e1665937841126-300x188.jpg 300w, https:\/\/www.radiopiu.net\/wordpress\/wp-content\/uploads\/2022\/10\/CALCIO-2022-e1665937841126.jpg 400w\" sizes=\"auto, (max-width: 163px) 100vw, 163px\" \/><\/a>di Marco Gaz<\/strong><\/p>\n<p><strong>REDAZIONE<\/strong> Con il posticipo di luned\u00ec sera si \u00e8 chiusa anche la seconda giornata del Campionato Agordino Giovanile. Al &#8220;Cesare Scatena&#8221; di Taibon si \u00e8 giocato il big match della giornata tra Taibon e La valle. La sfida \u00e8 stata combattuta tanto che il risultato non ha premiato nessuna delle due compagini. Pareggio per 1 a 1. Per il Taibon a segno Manuel Soccol, i lavallesi con Alessandro De Toffol. Dopo questo pareggio sono due le compagini che comandano la classifica a pieni punti. Ma tutto \u00e8 ancora da decidere e nelle prossime settimane si giocheranno gli scontri decisivi per decretare quali saranno le quattro squadre che si aggiudicheranno le semifinali di Cernadoi.<\/p>\n<p><strong>I RISULTATI DELLA SECONDA GIORNATA:<\/strong> Le Ville \u2013 Vallada 12-0, Canale \u2013 Fodom 6-0, Caprile \u2013 Cencenighe 1-0. Taibon \u2013 La Valle 1-1<\/p>\n<p><strong>LA CLASSIFICA:<\/strong> Caprile e Canale 6, La Valle\u00a0 e Taibon 4, Le Ville 3, Cencenighe, Fodom e Vallada 0<\/p>\n<p>&nbsp;<\/p>\n<p><span style=\"color: #0000ff;\"><strong>MOTORI<\/strong><\/span><\/p>\n<blockquote>\n<h3>AL NONO RALLY VALLE DELLA CARNIA I PILOTI DI BL RACING SI FANNO NOTARE<\/h3>\n<\/blockquote>\n<p><strong><a class=\"dt-pswp-item\" href=\"https:\/\/www.radiopiu.net\/wordpress\/wp-content\/uploads\/2023\/06\/foto_cs12-768x512-1.jpg\" data-dt-img-description=\"\" data-large_image_width=\"768\" data-large_image_height=\"512\"><img loading=\"lazy\" decoding=\"async\" class=\" wp-image-340962 alignleft\" src=\"https:\/\/www.radiopiu.net\/wordpress\/wp-content\/uploads\/2023\/06\/foto_cs12-768x512-1-300x200.jpg\" alt=\"\" width=\"188\" height=\"125\" srcset=\"https:\/\/www.radiopiu.net\/wordpress\/wp-content\/uploads\/2023\/06\/foto_cs12-768x512-1-300x200.jpg 300w, https:\/\/www.radiopiu.net\/wordpress\/wp-content\/uploads\/2023\/06\/foto_cs12-768x512-1.jpg 768w\" sizes=\"auto, (max-width: 188px) 100vw, 188px\" \/><\/a>BELLUNO<\/strong><\/p>\n<p>di Roberto Bona<\/p>\n<p>(foto: LeoV &#8211; archivio)<\/p>\n<audio class=\"wp-audio-shortcode\" id=\"audio-340935-22\" preload=\"none\" style=\"width: 100%;\" controls=\"controls\"><source type=\"audio\/mpeg\" src=\"https:\/\/www.radiopiu.net\/wordpress\/wp-content\/uploads\/2023\/06\/RallyValleCarnia.mp3?_=22\" \/><a href=\"https:\/\/www.radiopiu.net\/wordpress\/wp-content\/uploads\/2023\/06\/RallyValleCarnia.mp3\">https:\/\/www.radiopiu.net\/wordpress\/wp-content\/uploads\/2023\/06\/RallyValleCarnia.mp3<\/a><\/audio>\n<p>&nbsp;<\/p>\n<\/div>\n<\/div>\n<\/div>\n<\/div>\n","protected":false},"excerpt":{"rendered":"<p>40esimo di RADIOPIU\u2026. LA VOCE DELL\u2019EMOZIONE &nbsp; IL NUOVO PROGRAMMA, in montagna con Luca Ganz &#8220;LA REFA&#8221; OGGI ALLE 9.10 SU RADIOPIU &nbsp; \u00a0 ISCRIVITI AL NOSTRO CANALE\u00a0 YOUTUBE PER SEGUIRE IN DIRETTA I PRINCIPALI PROGRAMMI DI RADIO PIU&#8217; E LE FUTURE DIRETTE IN ESTERNA. PER ISCRIVERTI CLICCA QUI E PREMI\u00a0 &#8220;Iscriviti&#8221;\u00a0 \u00a0 &nbsp; &nbsp;&hellip;<\/p>\n","protected":false},"author":4,"featured_media":341046,"comment_status":"closed","ping_status":"closed","sticky":false,"template":"","format":"standard","meta":{"_monsterinsights_skip_tracking":false,"_monsterinsights_sitenote_active":false,"_monsterinsights_sitenote_note":"","_monsterinsights_sitenote_category":0,"footnotes":""},"categories":[51,86,49],"tags":[],"class_list":["post-340935","post","type-post","status-publish","format-standard","has-post-thumbnail","hentry","category-evidenza-top","category-gr","category-news-18","category-51","category-86","category-49","description-off"],"img_url":"https:\/\/www.radiopiu.net\/wordpress\/wp-content\/uploads\/2023\/06\/b24619fc-b15c-4a16-bc39-cb25d3443ef7.jpg","_links":{"self":[{"href":"https:\/\/www.radiopiu.net\/wordpress\/wp-json\/wp\/v2\/posts\/340935","targetHints":{"allow":["GET"]}}],"collection":[{"href":"https:\/\/www.radiopiu.net\/wordpress\/wp-json\/wp\/v2\/posts"}],"about":[{"href":"https:\/\/www.radiopiu.net\/wordpress\/wp-json\/wp\/v2\/types\/post"}],"author":[{"embeddable":true,"href":"https:\/\/www.radiopiu.net\/wordpress\/wp-json\/wp\/v2\/users\/4"}],"replies":[{"embeddable":true,"href":"https:\/\/www.radiopiu.net\/wordpress\/wp-json\/wp\/v2\/comments?post=340935"}],"version-history":[{"count":0,"href":"https:\/\/www.radiopiu.net\/wordpress\/wp-json\/wp\/v2\/posts\/340935\/revisions"}],"wp:featuredmedia":[{"embeddable":true,"href":"https:\/\/www.radiopiu.net\/wordpress\/wp-json\/wp\/v2\/media\/341046"}],"wp:attachment":[{"href":"https:\/\/www.radiopiu.net\/wordpress\/wp-json\/wp\/v2\/media?parent=340935"}],"wp:term":[{"taxonomy":"category","embeddable":true,"href":"https:\/\/www.radiopiu.net\/wordpress\/wp-json\/wp\/v2\/categories?post=340935"},{"taxonomy":"post_tag","embeddable":true,"href":"https:\/\/www.radiopiu.net\/wordpress\/wp-json\/wp\/v2\/tags?post=340935"}],"curies":[{"name":"wp","href":"https:\/\/api.w.org\/{rel}","templated":true}]}}