{"id":341069,"date":"2023-06-21T05:34:12","date_gmt":"2023-06-21T03:34:12","guid":{"rendered":"https:\/\/www.radiopiu.net\/wordpress\/?p=341069"},"modified":"2023-06-21T07:33:10","modified_gmt":"2023-06-21T05:33:10","slug":"la-fake-news-grave-ammolaramento-del-ponte-della-veneggia","status":"publish","type":"post","link":"https:\/\/www.radiopiu.net\/wordpress\/la-fake-news-grave-ammolaramento-del-ponte-della-veneggia\/","title":{"rendered":"la fake news: Grave ammolaramento del ponte della Veneggia?"},"content":{"rendered":"<blockquote><p><em>\u00abNon passate sul ponte della Veneggia: \u00e8 a rischio crollo\u00bb. Questo il\u00a0 messaggio diventato virale, che per\u00f2 non ha nessun fondamento.\u00a0 \u00abIl ponte &#8211; dice l&#8217;assessore Franco Roccon &#8211;\u00a0 non ha problemi di stabilit\u00e0&#8221; e <\/em>minaccia anche denuncia nei confronti di chi ha diffuso quel messaggio.<\/p>\n<p>&nbsp;<\/p><\/blockquote>\n<p><strong><a class=\"dt-pswp-item\" href=\"https:\/\/www.radiopiu.net\/wordpress\/wp-content\/uploads\/2022\/11\/roccon.png\" data-dt-img-description=\"\" data-large_image_width=\"431\" data-large_image_height=\"406\"><img loading=\"lazy\" decoding=\"async\" class=\" wp-image-305687 alignleft\" src=\"https:\/\/www.radiopiu.net\/wordpress\/wp-content\/uploads\/2022\/11\/roccon-300x283.png\" alt=\"\" width=\"191\" height=\"180\" srcset=\"https:\/\/www.radiopiu.net\/wordpress\/wp-content\/uploads\/2022\/11\/roccon-300x283.png 300w, https:\/\/www.radiopiu.net\/wordpress\/wp-content\/uploads\/2022\/11\/roccon.png 431w\" sizes=\"auto, (max-width: 191px) 100vw, 191px\" \/><\/a> <\/strong><\/p>\n<p><strong>la prima virata, la smentita\u00a0<\/strong><\/p>\n<p><strong>BELLUNO<\/strong> La notizia che si sta rincorrendo su wathasapp e i social, secondo delle fondate supposizioni, \u00e8 una fake news, almeno per tre motivi: 1. \u00c8 stato valutato dai Vigili del Fuoco: che in queste verifiche sono molto, molto, scrupolosi; 2. \u00c8 stato valutato dai tecnici comunali gli stessi che ci ha fatto chudere il ponte a Levego, qualche anno fa; 3. C&#8217;\u00e8 una verifica sismica fatta in fase di progettazione dal Comune, allegata al progetto che ha vinto il bando <img loading=\"lazy\" decoding=\"async\" class=\"alignright\" src=\"https:\/\/www.radiopiu.net\/wordpress\/wp-content\/uploads\/2022\/11\/Pulizia-pendio-Veneggia.jpeg\" width=\"354\" height=\"265\" \/>regionale, ricordo ancora la data, perch\u00e9 se la verifica fosse stata negativa, avremmo dovuto chiudere il ponte, erano nei primi giorni di settembre 2019.\u00a0 Questo quanto pubblicato nel pomeriggio<br \/>\nAnnalisa ci scrive: <em>&#8220;Sono consapevole e responsabile della risposta nei gruppi whatsapp\u00a0 di un ex assessore, che ho contattato per delucidare sulle perplessit\u00e0 dei messaggi allarmistici che mi erano giunti, mi scuso se sono intervenuta ma lo ho fatto per evitare allarmismi e polemiche inutili&#8221;<\/em><\/p>\n<p>&nbsp;<\/p>\n<p>&nbsp;<\/p>\n<p>&nbsp;<\/p>\n<p><strong>il messaggio incriminato<\/strong><\/p>\n<blockquote><p><em>Tutto era iniziato da qui:\u00a0 \u00abInoltro: una comunicazione di servizio, non percorrete il tratto in via Vittorio Veneto a Belluno, direzione Ponte nelle Alpi, il ponte sopra la Veneggia questa notte si \u00e8 abbassato di 15\/20 centimetri, dicono sia a pericolo crollo ma il Comune di Belluno non sta facendo nulla se non mettere un cartello con scritto velocit\u00e0 massima 30 km\/h. Ho una fonte certa che mi dice che per la sicurezza delle persone civili sarebbe da chiudere tutto il tratto stradale, se potete fate il giro per dietro, Vvb stay safe\u00bb.<\/em><\/p>\n<p>&nbsp;<\/p><\/blockquote>\n<hr \/>\n<p>&nbsp;<\/p>\n","protected":false},"excerpt":{"rendered":"<p>\u00abNon passate sul ponte della Veneggia: \u00e8 a rischio crollo\u00bb. Questo il\u00a0 messaggio diventato virale, che per\u00f2 non ha nessun fondamento.\u00a0 \u00abIl ponte &#8211; dice l&#8217;assessore Franco Roccon &#8211;\u00a0 non ha problemi di stabilit\u00e0&#8221; e minaccia anche denuncia nei confronti di chi ha diffuso quel messaggio. &nbsp; la prima virata, la smentita\u00a0 BELLUNO La notizia&hellip;<\/p>\n","protected":false},"author":4,"featured_media":305681,"comment_status":"closed","ping_status":"closed","sticky":false,"template":"","format":"standard","meta":{"_monsterinsights_skip_tracking":false,"_monsterinsights_sitenote_active":false,"_monsterinsights_sitenote_note":"","_monsterinsights_sitenote_category":0,"footnotes":""},"categories":[51,49],"tags":[],"class_list":["post-341069","post","type-post","status-publish","format-standard","has-post-thumbnail","hentry","category-evidenza-top","category-news-18","category-51","category-49","description-off"],"img_url":"https:\/\/www.radiopiu.net\/wordpress\/wp-content\/uploads\/2022\/11\/Pulizia-pendio-Veneggia.jpeg","_links":{"self":[{"href":"https:\/\/www.radiopiu.net\/wordpress\/wp-json\/wp\/v2\/posts\/341069","targetHints":{"allow":["GET"]}}],"collection":[{"href":"https:\/\/www.radiopiu.net\/wordpress\/wp-json\/wp\/v2\/posts"}],"about":[{"href":"https:\/\/www.radiopiu.net\/wordpress\/wp-json\/wp\/v2\/types\/post"}],"author":[{"embeddable":true,"href":"https:\/\/www.radiopiu.net\/wordpress\/wp-json\/wp\/v2\/users\/4"}],"replies":[{"embeddable":true,"href":"https:\/\/www.radiopiu.net\/wordpress\/wp-json\/wp\/v2\/comments?post=341069"}],"version-history":[{"count":0,"href":"https:\/\/www.radiopiu.net\/wordpress\/wp-json\/wp\/v2\/posts\/341069\/revisions"}],"wp:featuredmedia":[{"embeddable":true,"href":"https:\/\/www.radiopiu.net\/wordpress\/wp-json\/wp\/v2\/media\/305681"}],"wp:attachment":[{"href":"https:\/\/www.radiopiu.net\/wordpress\/wp-json\/wp\/v2\/media?parent=341069"}],"wp:term":[{"taxonomy":"category","embeddable":true,"href":"https:\/\/www.radiopiu.net\/wordpress\/wp-json\/wp\/v2\/categories?post=341069"},{"taxonomy":"post_tag","embeddable":true,"href":"https:\/\/www.radiopiu.net\/wordpress\/wp-json\/wp\/v2\/tags?post=341069"}],"curies":[{"name":"wp","href":"https:\/\/api.w.org\/{rel}","templated":true}]}}