{"id":341118,"date":"2023-06-22T05:22:08","date_gmt":"2023-06-22T03:22:08","guid":{"rendered":"https:\/\/www.radiopiu.net\/wordpress\/?p=341118"},"modified":"2023-06-22T06:19:00","modified_gmt":"2023-06-22T04:19:00","slug":"venezia-fc-in-ritiro-a-falcade-per-i-prossimi-quattro-anni","status":"publish","type":"post","link":"https:\/\/www.radiopiu.net\/wordpress\/venezia-fc-in-ritiro-a-falcade-per-i-prossimi-quattro-anni\/","title":{"rendered":"VENEZIA FC IN RITIRO A FALCADE PER I PROSSIMI QUATTRO ANNI"},"content":{"rendered":"<p><strong>DI GIANNI SANTOMASO<\/strong><\/p>\n<audio class=\"wp-audio-shortcode\" id=\"audio-341118-1\" preload=\"none\" style=\"width: 100%;\" controls=\"controls\"><source type=\"audio\/mpeg\" src=\"https:\/\/www.radiopiu.net\/wordpress\/wp-content\/uploads\/2023\/06\/VENEZIA-GIANNI.mp3?_=1\" \/><a href=\"https:\/\/www.radiopiu.net\/wordpress\/wp-content\/uploads\/2023\/06\/VENEZIA-GIANNI.mp3\">https:\/\/www.radiopiu.net\/wordpress\/wp-content\/uploads\/2023\/06\/VENEZIA-GIANNI.mp3<\/a><\/audio>\n<p>&nbsp;<\/p>\n<p><strong><a class=\"dt-pswp-item\" href=\"https:\/\/www.radiopiu.net\/wordpress\/wp-content\/uploads\/2023\/06\/77ef9c25-dc68-4eee-9327-7407fd7284e5.jpeg\" data-dt-img-description=\"\" data-large_image_width=\"768\" data-large_image_height=\"1024\"><img loading=\"lazy\" decoding=\"async\" class=\"size-medium wp-image-341137 alignleft\" src=\"https:\/\/www.radiopiu.net\/wordpress\/wp-content\/uploads\/2023\/06\/77ef9c25-dc68-4eee-9327-7407fd7284e5-225x300.jpeg\" alt=\"\" width=\"225\" height=\"300\" srcset=\"https:\/\/www.radiopiu.net\/wordpress\/wp-content\/uploads\/2023\/06\/77ef9c25-dc68-4eee-9327-7407fd7284e5-225x300.jpeg 225w, https:\/\/www.radiopiu.net\/wordpress\/wp-content\/uploads\/2023\/06\/77ef9c25-dc68-4eee-9327-7407fd7284e5.jpeg 768w\" sizes=\"auto, (max-width: 225px) 100vw, 225px\" \/><\/a>VENEZIA\/FALCADE <\/strong>Il Venezia FC \u00e8 lieto di annunciare la nuova partnership con Falcade Dolomiti per il ritiro pre-campionato delle prossime quattro stagioni. Quest\u2019anno, Falcade ospiter\u00e0 il ritiro estivo del club dal 10 al 24 luglio. Calciatori, tecnici, staff, e dirigenti potranno contare sull\u2019accoglienza della Valle del Biois, usufruendo di servizi e impianti sportivi di alto livello. La squadra guidata da mister Paolo Vanoli allogger\u00e0 presso l\u2019Hotel Belvedere, mentre il quartier generale degli allenamenti sar\u00e0 il centro sportivo di nuova realizzazione. Falcade \u00e8 una rinomata localit\u00e0 a 1200 m di quota che si trova al centro di una vasta piana coronata da alcune superbe vette delle Dolomiti Patrimonio Mondiale dell&#8217;UNESCO: le Cime d&#8217;Auta, le Pale di San Martino con il gruppo del Focobon, il monte Civetta e la Marmolada. L&#8217;ottima posizione geografica, a soli 45 km dall&#8217;autostrada Venezia-Belluno, render\u00e0 possibile ai tifosi arancioneroverdi seguire da vicino la squadra fin dai primi momenti della stagione 2023\/24. Il Presidente del Venezia FC Duncan Niederauer: <em>\u201cSiamo entusiasti di questa nuova <a class=\"dt-pswp-item\" href=\"https:\/\/www.radiopiu.net\/wordpress\/wp-content\/uploads\/2023\/06\/4eb67775-a780-4012-b653-93ff814f2cfc.jpg\" data-dt-img-description=\"\" data-large_image_width=\"730\" data-large_image_height=\"1024\"><img loading=\"lazy\" decoding=\"async\" class=\"size-medium wp-image-341234 alignright\" src=\"https:\/\/www.radiopiu.net\/wordpress\/wp-content\/uploads\/2023\/06\/4eb67775-a780-4012-b653-93ff814f2cfc-214x300.jpg\" alt=\"\" width=\"214\" height=\"300\" srcset=\"https:\/\/www.radiopiu.net\/wordpress\/wp-content\/uploads\/2023\/06\/4eb67775-a780-4012-b653-93ff814f2cfc-214x300.jpg 214w, https:\/\/www.radiopiu.net\/wordpress\/wp-content\/uploads\/2023\/06\/4eb67775-a780-4012-b653-93ff814f2cfc.jpg 730w\" sizes=\"auto, (max-width: 214px) 100vw, 214px\" \/><\/a>partnership pluriennale e siamo grati al Sindaco, a tutta l\u2019Amministrazione comunale e al consorzio PromoFalcade per il preziosissimo supporto fornito. Falcade si \u00e8 gi\u00e0 distinta negli anni come polo in grado di attrarre le maggiori realt\u00e0 sportive del territorio, e a buona ragione: la qualit\u00e0 delle strutture sportive e la straordinaria capacit\u00e0 ricettiva della citt\u00e0, unite alla bellezza naturale delle Dolomiti, consentiranno ai nostri atleti di prepararsi al meglio, e ai nostri tifosi di seguirli passo dopo passo\u201d. <\/em>Il Consigliere con delega al turismo e allo sport Fulvio Valt e la Presidente di PromoFalcade Antonella Schena: <em>\u201c\u00c8 per noi un grande onore ed una grande opportunit\u00e0 ospitare una prestigiosa squadra di calcio. Ci mettiamo a disposizione per creare i presupposti affinch\u00e9 il raduno sia produttivo per l\u2019allenamento del Venezia e siamo certi che questa partnership porter\u00e0 degli ottimi benefici al turismo della nostra splendida localit\u00e0\u201d.<\/em><\/p>\n<p><em><strong>(nella foto: Antonella Schena Promo Falcade, Flavio Antonelli direttore sportivo Venezia FC, Mauro Salvaterra sindaco di Falcade, Fulvio Valt assessore allo sport di Falcade. La maglia con il numero 4 per l&#8217;accordo di ritiro delle prossime quattro stagioni)<\/strong><\/em><\/p>\n<p>&nbsp;<\/p>\n<p>&nbsp;<\/p>\n<p>*******<\/p>\n","protected":false},"excerpt":{"rendered":"<p>DI GIANNI SANTOMASO &nbsp; VENEZIA\/FALCADE Il Venezia FC \u00e8 lieto di annunciare la nuova partnership con Falcade Dolomiti per il ritiro pre-campionato delle prossime quattro stagioni. Quest\u2019anno, Falcade ospiter\u00e0 il ritiro estivo del club dal 10 al 24 luglio. Calciatori, tecnici, staff, e dirigenti potranno contare sull\u2019accoglienza della Valle del Biois, usufruendo di servizi e&hellip;<\/p>\n","protected":false},"author":4,"featured_media":341235,"comment_status":"closed","ping_status":"closed","sticky":false,"template":"","format":"standard","meta":{"_monsterinsights_skip_tracking":false,"_monsterinsights_sitenote_active":false,"_monsterinsights_sitenote_note":"","_monsterinsights_sitenote_category":0,"footnotes":""},"categories":[51,49],"tags":[],"class_list":["post-341118","post","type-post","status-publish","format-standard","has-post-thumbnail","hentry","category-evidenza-top","category-news-18","category-51","category-49","description-off"],"img_url":"https:\/\/www.radiopiu.net\/wordpress\/wp-content\/uploads\/2023\/06\/Senza-nome-48.png","_links":{"self":[{"href":"https:\/\/www.radiopiu.net\/wordpress\/wp-json\/wp\/v2\/posts\/341118","targetHints":{"allow":["GET"]}}],"collection":[{"href":"https:\/\/www.radiopiu.net\/wordpress\/wp-json\/wp\/v2\/posts"}],"about":[{"href":"https:\/\/www.radiopiu.net\/wordpress\/wp-json\/wp\/v2\/types\/post"}],"author":[{"embeddable":true,"href":"https:\/\/www.radiopiu.net\/wordpress\/wp-json\/wp\/v2\/users\/4"}],"replies":[{"embeddable":true,"href":"https:\/\/www.radiopiu.net\/wordpress\/wp-json\/wp\/v2\/comments?post=341118"}],"version-history":[{"count":0,"href":"https:\/\/www.radiopiu.net\/wordpress\/wp-json\/wp\/v2\/posts\/341118\/revisions"}],"wp:featuredmedia":[{"embeddable":true,"href":"https:\/\/www.radiopiu.net\/wordpress\/wp-json\/wp\/v2\/media\/341235"}],"wp:attachment":[{"href":"https:\/\/www.radiopiu.net\/wordpress\/wp-json\/wp\/v2\/media?parent=341118"}],"wp:term":[{"taxonomy":"category","embeddable":true,"href":"https:\/\/www.radiopiu.net\/wordpress\/wp-json\/wp\/v2\/categories?post=341118"},{"taxonomy":"post_tag","embeddable":true,"href":"https:\/\/www.radiopiu.net\/wordpress\/wp-json\/wp\/v2\/tags?post=341118"}],"curies":[{"name":"wp","href":"https:\/\/api.w.org\/{rel}","templated":true}]}}