{"id":341179,"date":"2023-06-21T20:30:14","date_gmt":"2023-06-21T18:30:14","guid":{"rendered":"https:\/\/www.radiopiu.net\/wordpress\/?p=341179"},"modified":"2023-06-21T15:03:42","modified_gmt":"2023-06-21T13:03:42","slug":"ricordi-di-una-vita-con-la-radio-di-casa","status":"publish","type":"post","link":"https:\/\/www.radiopiu.net\/wordpress\/ricordi-di-una-vita-con-la-radio-di-casa\/","title":{"rendered":"RICORDI DI UNA VITA CON LA RADIO DI CASA"},"content":{"rendered":"<p><a class=\"dt-pswp-item\" href=\"https:\/\/www.radiopiu.net\/wordpress\/wp-content\/uploads\/2023\/06\/MATTEO-MAIERON.jpg\" data-dt-img-description=\"\" data-large_image_width=\"640\" data-large_image_height=\"480\"><img loading=\"lazy\" decoding=\"async\" class=\"size-medium wp-image-341180 alignleft\" src=\"https:\/\/www.radiopiu.net\/wordpress\/wp-content\/uploads\/2023\/06\/MATTEO-MAIERON-300x225.jpg\" alt=\"\" width=\"300\" height=\"225\" srcset=\"https:\/\/www.radiopiu.net\/wordpress\/wp-content\/uploads\/2023\/06\/MATTEO-MAIERON-300x225.jpg 300w, https:\/\/www.radiopiu.net\/wordpress\/wp-content\/uploads\/2023\/06\/MATTEO-MAIERON.jpg 640w\" sizes=\"auto, (max-width: 300px) 100vw, 300px\" \/><\/a>Poi&#8230; ricevi una mail scritta di getto da Marika. Emozionante perch\u00e9 rivivi 40 anni di radio, quel pap\u00e0 da sempre pieno di affetto per la Radio Pi\u00f9, tramandato al resto della famiglia. Ma il ricordo pi\u00f9 bello e vero \u00e8 proprio quello di Marika con una pensiero a Matteo. Di cuore.<\/p>\n<p><strong>Cara Radio Pi\u00f9<\/strong><\/p>\n<p><em>due righe per raccontarti cos\u2019\u00e8 e cosa \u00e8 stata per me Radio Pi\u00f9\u2026\u2026Radio Pi\u00f9 me l\u2019ha fatta conoscere mio pap\u00e0 Matteo, quando chiamava in Radio per fare delle dediche, \u201cIl Silenzio\u201d per i colleghi carabinieri, \u201cChi non lavora non fa l\u2019amore\u201d per il cognato in fabbrica, \u201dMa che film la vita\u201d per me il giorno del mio compleanno\u2026..che ti sei ricordato di dedicarmi anche quando lui non c\u2019era pi\u00f9. Radio Pi\u00f9 l\u2019ho visitata proprio con mio pap\u00e0 da bambina:\u201c ti porto da Mirko cos\u00ec ti fa vedere la Radio\u201d. E poi quando chiamava e tu lo mettevi in diretta, riagganciava perch\u00e9 si vergognava\u00a0 Radio Pi\u00f9 dove andava a prendere i biglietti dei concerti dei Nomadi\u2026.quanti!!!! Cercava sempre di darti qualche informazione quando succedeva qualcosa\u2026.e poi quando \u00e8 andato in pensione, quel piccolo dispiacere per non poterlo pi\u00f9 fare. Radio Pi\u00f9 \u00e8 quell\u2019appuntamento quotidiano con le notizie dei nostri Paesi, \u00e8 la conferma di quel \u201csentito dire\u201d che se lo conferma il Mirko allora \u00e8 vero!! Radio Pi\u00f9 \u00e8 un punto di riferimento per giovani e meno giovani perch\u00e9 \u00e8 la Nostra Radio!! Tanti auguri Radio Pi\u00f9 e un grazie di cuore&#8230;<\/em><\/p>\n<p>&nbsp;<\/p>\n<hr \/>\n<p>&nbsp;<\/p>\n","protected":false},"excerpt":{"rendered":"<p>Poi&#8230; ricevi una mail scritta di getto da Marika. Emozionante perch\u00e9 rivivi 40 anni di radio, quel pap\u00e0 da sempre pieno di affetto per la Radio Pi\u00f9, tramandato al resto della famiglia. Ma il ricordo pi\u00f9 bello e vero \u00e8 proprio quello di Marika con una pensiero a Matteo. Di cuore. Cara Radio Pi\u00f9 due&hellip;<\/p>\n","protected":false},"author":4,"featured_media":181833,"comment_status":"closed","ping_status":"closed","sticky":false,"template":"","format":"standard","meta":{"_monsterinsights_skip_tracking":false,"_monsterinsights_sitenote_active":false,"_monsterinsights_sitenote_note":"","_monsterinsights_sitenote_category":0,"footnotes":""},"categories":[104,49],"tags":[],"class_list":["post-341179","post","type-post","status-publish","format-standard","has-post-thumbnail","hentry","category-evidenza_3","category-news-18","category-104","category-49","description-off"],"img_url":"https:\/\/www.radiopiu.net\/wordpress\/wp-content\/uploads\/2020\/12\/MICROFONO-RADIO-PIU.jpeg","_links":{"self":[{"href":"https:\/\/www.radiopiu.net\/wordpress\/wp-json\/wp\/v2\/posts\/341179","targetHints":{"allow":["GET"]}}],"collection":[{"href":"https:\/\/www.radiopiu.net\/wordpress\/wp-json\/wp\/v2\/posts"}],"about":[{"href":"https:\/\/www.radiopiu.net\/wordpress\/wp-json\/wp\/v2\/types\/post"}],"author":[{"embeddable":true,"href":"https:\/\/www.radiopiu.net\/wordpress\/wp-json\/wp\/v2\/users\/4"}],"replies":[{"embeddable":true,"href":"https:\/\/www.radiopiu.net\/wordpress\/wp-json\/wp\/v2\/comments?post=341179"}],"version-history":[{"count":0,"href":"https:\/\/www.radiopiu.net\/wordpress\/wp-json\/wp\/v2\/posts\/341179\/revisions"}],"wp:featuredmedia":[{"embeddable":true,"href":"https:\/\/www.radiopiu.net\/wordpress\/wp-json\/wp\/v2\/media\/181833"}],"wp:attachment":[{"href":"https:\/\/www.radiopiu.net\/wordpress\/wp-json\/wp\/v2\/media?parent=341179"}],"wp:term":[{"taxonomy":"category","embeddable":true,"href":"https:\/\/www.radiopiu.net\/wordpress\/wp-json\/wp\/v2\/categories?post=341179"},{"taxonomy":"post_tag","embeddable":true,"href":"https:\/\/www.radiopiu.net\/wordpress\/wp-json\/wp\/v2\/tags?post=341179"}],"curies":[{"name":"wp","href":"https:\/\/api.w.org\/{rel}","templated":true}]}}