{"id":341203,"date":"2023-06-23T14:23:05","date_gmt":"2023-06-23T12:23:05","guid":{"rendered":"https:\/\/www.radiopiu.net\/wordpress\/?p=341203"},"modified":"2023-06-24T06:46:15","modified_gmt":"2023-06-24T04:46:15","slug":"delvterza","status":"publish","type":"post","link":"https:\/\/www.radiopiu.net\/wordpress\/delvterza\/","title":{"rendered":"RICORDANDO LEONARDO, storia a puntate e martedi una Messa al PalaLuxottica"},"content":{"rendered":"<blockquote>\n<h3>AD UN ANNO DALLA SCOMPARSA, LUXOTTICA RICORDA IL SUO FONDATORE LEONARDO DEL VECCHIO CON UNA MESSA AL PALALUXOTTICA APERTA A TUTTI NON SOLO AI DIPENDENTI LUXOTTICA<\/h3>\n<p><strong>DI GIANNI SANTOMASO<\/strong><\/p>\n<audio class=\"wp-audio-shortcode\" id=\"audio-341203-1\" preload=\"none\" style=\"width: 100%;\" controls=\"controls\"><source type=\"audio\/mpeg\" src=\"https:\/\/www.radiopiu.net\/wordpress\/wp-content\/uploads\/2023\/06\/GIANNI-MESSA-LEONARDO-DEL-VECCHIO.mp3?_=1\" \/><a href=\"https:\/\/www.radiopiu.net\/wordpress\/wp-content\/uploads\/2023\/06\/GIANNI-MESSA-LEONARDO-DEL-VECCHIO.mp3\">https:\/\/www.radiopiu.net\/wordpress\/wp-content\/uploads\/2023\/06\/GIANNI-MESSA-LEONARDO-DEL-VECCHIO.mp3<\/a><\/audio>\n<p><strong style=\"color: #ff0000;\">\u00a0<\/strong><\/p><\/blockquote>\n<p><strong style=\"color: #ff0000;\">VERSO IL 27 GIUGNO, SCOPRENDO L&#8217;UOMO LEONARDO, L&#8217;IMPRENDITORE DEL VECCHIO<\/strong><\/p>\n<p><strong>AGORDO<\/strong><\/p>\n<p>&nbsp;<\/p>\n<p><strong>3^ puntata &#8211; <\/strong><span style=\"font-family: FrutigerLTStd-BoldCn, serif;\"><span style=\"font-size: medium;\"><b>LA PRIMA COLLEZIONE A MARCHIO LUXOTTICA<\/b><\/span><\/span><\/p>\n<p><span style=\"font-family: FrutigerLTStd-BoldCn, serif;\"><span style=\"font-size: medium;\"><strong><img decoding=\"async\" class=\"alignleft\" src=\"https:\/\/www.radiopiu.net\/wordpress\/wp-content\/uploads\/2022\/06\/LEONARDO-DEL-VECCHIO-300x204-1.png\" \/>1970<\/strong> &#8211; La prima collezione di occhiali Luxottica viene presentata al MIDO, la pi\u00f9 importante fiera internazionale dell\u2019occhialeria: Leonardo Del Vecchio e i suoi collaboratori espongono in tutto una decina di montature in metallo. Semplici, eleganti e dalla manifattura perfetta. Fissano un prezzo: 600 lire al pezzo. Sono migliaia le montature proposte in quell\u2019edizione 1970 del MIDO. Eppure, lo spazio d\u2019esposizione di Luxottica, il numero 30364, piccolo e spartano, non riesce a contenere l\u2019entusiasmo di grossisti e compratori. Il successo va al di l\u00e0 delle pi\u00f9 ottimistiche aspettative e le richieste sono tali da determinare un\u2019asta al rialzo dei prezzi. Al terzo giorno, gli occhiali Luxottica si vendono a 1.800 lire al pezzo. Il sogno imprenditoriale di Leonardo Del Vecchio \u00e8 appena sbocciato. Fin dai tempi della Johnson, lavora con l\u2019ambizione di diventare il pi\u00f9 bravo, di essere il migliore, di fare il prodotto migliore e pi\u00f9 innovativo. Il successo appena ottenuto sancisce la sua definitiva trasformazione da terzista a produttore di occhiale.<\/span><\/span><\/p>\n<p><span style=\"font-family: FrutigerLTStd-BoldCn, serif;\"><span style=\"font-size: medium;\"><strong>1974<\/strong> &#8211; Intuendo la grande importanza di commercializzare direttamente i suoi prodotti, e cio\u00e8 senza l\u2019intermediazione dei grandi distributori, Leonardo Del Vecchio realizza l\u2019acquisizione della Scarrone S.p.A. di Torino, uno dei principali rivenditori del mercato italiano. La struttura distributiva cos\u00ec definita in Italia d\u00e0 il la a un percorso di integrazione verticale che sar\u00e0 il segno distintivo delle strategie di Luxottica negli anni a venire e si tradurr\u00e0 in un importante <\/span><\/span><span style=\"font-family: FrutigerLTStd-BoldCn, serif;\"><span style=\"font-size: medium;\">vantaggio competitivo.<\/span><\/span><\/p>\n<p><span style=\"font-family: FrutigerLTStd-BoldCn, serif;\"><span style=\"font-size: medium;\"><strong>1981<\/strong> &#8211; Lo sviluppo della distribuzione si consolida a livello internazionale con la prima grande acquisizione del Gruppo: Avant-Garde Optics, uno dei principali distributori dell\u2019epoca negli Stati Uniti, mercato strategico per i produttori italiani. Sempre nel 1981, viene fondata a Monaco di Baviera, in Germania, la prima consociata commerciale del Gruppo: l\u2019operazione \u00e8 un importante banco di prova in un paese con una consolidata tradizione nella produzione di occhiali.<\/span><\/span><\/p>\n<p><span style=\"font-family: FrutigerLTStd-BoldCn, serif;\"><span style=\"font-size: medium;\"><strong>1983-1985<\/strong> &#8211; L\u2019espansione internazionale si intensifica. Nel 1983 \u00e8 la volta dell\u2019apertura di Luxottica Espa\u00f1a, nel 1984 nasce a Londra la Luxottica UK e nel 1985 vengono costituite la Luxottica France a Valbonne, vicino a Nizza, e la Luxottica Canada a Toronto. Progettazione, produzione e vendita: in questi anni sta prendendo forma il modello di business di Luxottica che integra tutte le fasi della catena del valore.<\/span><\/span><\/p>\n<p>&nbsp;<\/p>\n<p><span style=\"font-family: FrutigerLTStd-BoldCn, serif;\"><span style=\"font-size: medium;\"><b>2^ puntata\u00a0 &#8211; SONO NATE DUE STELLE<\/b><\/span><\/span><\/p>\n<p><span style=\"font-family: FrutigerLTStd-BoldCn, serif;\"><span style=\"font-size: medium;\"><a class=\"dt-pswp-item\" href=\"https:\/\/www.radiopiu.net\/wordpress\/wp-content\/uploads\/2022\/06\/DEL-VECCHIO-1.jpg\" data-dt-img-description=\"\" data-large_image_width=\"656\" data-large_image_height=\"492\"><img loading=\"lazy\" decoding=\"async\" class=\" wp-image-284144 alignleft\" src=\"https:\/\/www.radiopiu.net\/wordpress\/wp-content\/uploads\/2022\/06\/DEL-VECCHIO-1-300x225.jpg\" alt=\"\" width=\"273\" height=\"205\" srcset=\"https:\/\/www.radiopiu.net\/wordpress\/wp-content\/uploads\/2022\/06\/DEL-VECCHIO-1-300x225.jpg 300w, https:\/\/www.radiopiu.net\/wordpress\/wp-content\/uploads\/2022\/06\/DEL-VECCHIO-1.jpg 656w\" sizes=\"auto, (max-width: 273px) 100vw, 273px\" \/><\/a><strong>1961<\/strong> &#8211; \u00c8 l\u2019anno della svolta. Il 27 aprile ad Agordo, tra le cime delle Dolomiti non ancora Patrimonio Mondiale dell\u2019UNESCO, fonda Luxottica. Al suo fianco in quest\u2019avventura due soci, Francesco Da Cort\u00e0 e Vittorio Toscani, proprietari della Metalflex nonch\u00e9 due dei suoi migliori clienti e solidi imprenditori cadorini dell\u2019occhialeria. Leonardo Del Vecchio non ha neanche 26 anni e la sua Luxottica, il piccolo laboratorio sulle rive del Cordevole che impiega una decina di operai, produce componenti e accessori per conto di altre aziende del settore ottico. La scelta del luogo non \u00e8 casuale. Dopo gli anni Cinquanta, con la chiusura della miniera di Valle Imperina, Agordo era diventata terra di disoccupazione ed emigrazione. Per questo, il Comune decide di garantire contributi economici ai giovani che avviano l\u00ec nuove imprese. Di queste agevolazioni beneficia anche Luxottica. E poi gioca anche la vicinanza con il Cadore, distretto industriale dell\u2019occhialeria. L\u2019avventura di Luxottica \u00e8 appena iniziata. La visione, il coraggio e l\u2019entusiasmo sono caratteristiche che guideranno sempre il fondatore, la sua azienda e i collaboratori <\/span><\/span><span style=\"font-family: FrutigerLTStd-BoldCn, serif;\"><span style=\"font-size: medium;\">che negli anni lo affiancheranno.<\/span><\/span><\/p>\n<p><span style=\"font-family: FrutigerLTStd-BoldCn, serif;\"><span style=\"font-size: medium;\"><strong>1968<\/strong> &#8211; Fino ad allora operaio attrezzista presso la ditta G.B. B\u00fchler a Uzwil, nel cantone di San Gallo, in Svizzera, Luigi Francavilla entra in Luxottica come braccio destro di Leonardo Del Vecchio e capo dell\u2019Officina dell\u2019azienda. Sar\u00e0 lui a guidarne la crescita produttiva per i decenni <\/span><\/span><\/p>\n<p><span style=\"font-family: FrutigerLTStd-BoldCn, serif;\"><span style=\"font-size: medium;\"><strong>1969<\/strong> &#8211; Leonardo Del Vecchio diventa l\u2019unico proprietario di Luxottica. In questi anni, si occupa di tutto. Definisce le strategie di crescita, costruisce la sua squadra, perfeziona e innova processi di lavorazione e macchinari, lavora gomito a gomito con gli altri operai: da vent\u2019anni, sempre con la stessa cura, il 34enne fondatore di Luxottica, incide sulle aste con puntali e scalpelli petali di fiori, foglie e fregi particolari. Nel frattempo, ha una grande intuizione: pur continuando a produrre semilavorati per conto terzi, comincia ad assemblare le singole parti, dalle aste ai frontali, per produrre l\u2019occhiale completo. Amplia cos\u00ec la gamma delle lavorazioni fino a gestire <\/span><\/span><span style=\"font-family: FrutigerLTStd-BoldCn, serif;\"><span style=\"font-size: medium;\">l\u2019intero processo produttivo.<\/span><\/span><\/p>\n<p>&nbsp;<\/p>\n<hr \/>\n<p>&nbsp;<\/p>\n<p><strong><a class=\"dt-pswp-item\" href=\"https:\/\/www.radiopiu.net\/wordpress\/wp-content\/uploads\/2023\/03\/leonardo_del_vecchio_1300x400_0.jpg\" data-dt-img-description=\"\" data-large_image_width=\"1366\" data-large_image_height=\"625\"><img loading=\"lazy\" decoding=\"async\" class=\" wp-image-324828 alignleft\" src=\"https:\/\/www.radiopiu.net\/wordpress\/wp-content\/uploads\/2023\/03\/leonardo_del_vecchio_1300x400_0-300x137.jpg\" alt=\"\" width=\"212\" height=\"97\" srcset=\"https:\/\/www.radiopiu.net\/wordpress\/wp-content\/uploads\/2023\/03\/leonardo_del_vecchio_1300x400_0-300x137.jpg 300w, https:\/\/www.radiopiu.net\/wordpress\/wp-content\/uploads\/2023\/03\/leonardo_del_vecchio_1300x400_0-1024x469.jpg 1024w, https:\/\/www.radiopiu.net\/wordpress\/wp-content\/uploads\/2023\/03\/leonardo_del_vecchio_1300x400_0-768x351.jpg 768w, https:\/\/www.radiopiu.net\/wordpress\/wp-content\/uploads\/2023\/03\/leonardo_del_vecchio_1300x400_0.jpg 1366w\" sizes=\"auto, (max-width: 212px) 100vw, 212px\" \/><\/a>AGORDO<\/strong><\/p>\n<p><span style=\"font-family: FrutigerLTStd-BoldCn, serif;\"><span style=\"font-size: medium;\"><b>1^ puntata\u00a0 &#8211; TUTTO \u00c8 COMINCIATO COS\u00cc<\/b><\/span><\/span><\/p>\n<p><span style=\"font-family: FrutigerLTStd-BoldCn, serif;\"><span style=\"font-size: medium;\">1935<\/span><\/span><i> <\/i><span style=\"font-family: FrutigerLTStd-BoldCn, serif;\"><span style=\"font-size: medium;\">&#8211; Il 22 maggio, Leonardo Del Vecchio nasce in una casa di ringhiera di Milano.<\/span><\/span><\/p>\n<p><span style=\"font-family: FrutigerLTStd-BoldCn, serif;\"><span style=\"font-size: medium;\">1949<\/span><\/span><i> <\/i><span style=\"font-family: FrutigerLTStd-BoldCn, serif;\"><span style=\"font-size: medium;\">&#8211; Svestita in fretta l\u2019uniforme dei Martinitt, a 14 anni diventa \u2018fioeu\u2019 di bottega alla Johnson, azienda che da oltre un secolo realizza medaglie. La sera segue i corsi di disegno e incisione alla prestigiosa Accademia di Brera. Gi\u00e0 in questi anni prende forma il suo primo sogno: costruirsi qualcosa che sia tutto suo. Alla Johnson, osserva e studia come si fanno gli stampi per le medaglie: cerca di carpire le tecniche e i segreti di lavorazione degli artigiani pi\u00f9 esperti, poi torna alla sua postazione e mette in pratica ci\u00f2 che ha visto fare. Diventa un abilissimo incisore e stampatore, saperi che si riveleranno fondamentali quando decider\u00e0 di passare dalle medaglie agli stampi per l\u2019industria e poi alle montature per occhiali. \u00c8 proprio alla Johnson che, dovendo incidere dei fregi su delle montature in metallo, entra per la prima volta in contatto con il mondo dell\u2019occhialeria. <\/span><\/span><span style=\"font-family: FrutigerLTStd-BoldCn, serif;\"><span style=\"font-size: medium;\">1958 &#8211;<\/span><\/span> <span style=\"font-family: FrutigerLTStd-BoldCn, serif;\"><span style=\"font-size: medium;\">Dopo aver imparato a fondo il mestiere di incisore e stampatore, decide di mettersi in proprio. Lavora di giorno come operaio, per assicurarsi una paga, e di notte nella minuscola officina che ha avviato alla periferia di Milano. Comincia cos\u00ec, a 23 anni, la sua storia imprenditoriale come terzista di stampi e minuteria metallica, anche per l\u2019occhialeria. In quell\u2019officina, mette a frutto le abilit\u00e0 acquisite all\u2019Accademia di Brera e comincia a produrre astine di metallo con piccoli fregi per conto di alcuni produttori di occhiali del Cadore, tra cui la Metalflex. <\/span><\/span><span style=\"font-family: FrutigerLTStd-BoldCn, serif;\"><span style=\"font-size: medium;\">Tre anni pi\u00f9 tardi \u00e8 gi\u00e0 il momento di cambiare passo: smantella l\u2019officina, carica i macchinari <\/span><\/span><span style=\"font-size: medium; font-family: FrutigerLTStd-BoldCn, serif;\">su un vecchio furgone e parte per le Dolomiti. Da qui comincer\u00e0 un cammino inarrestabile che porter\u00e0 le montature italiane a conquistare il mondo.<\/span><\/p>\n<p>&nbsp;<\/p>\n","protected":false},"excerpt":{"rendered":"<p>AD UN ANNO DALLA SCOMPARSA, LUXOTTICA RICORDA IL SUO FONDATORE LEONARDO DEL VECCHIO CON UNA MESSA AL PALALUXOTTICA APERTA A TUTTI NON SOLO AI DIPENDENTI LUXOTTICA DI GIANNI SANTOMASO \u00a0 VERSO IL 27 GIUGNO, SCOPRENDO L&#8217;UOMO LEONARDO, L&#8217;IMPRENDITORE DEL VECCHIO AGORDO &nbsp; 3^ puntata &#8211; LA PRIMA COLLEZIONE A MARCHIO LUXOTTICA 1970 &#8211; La prima&hellip;<\/p>\n","protected":false},"author":4,"featured_media":284174,"comment_status":"closed","ping_status":"closed","sticky":false,"template":"","format":"standard","meta":{"_monsterinsights_skip_tracking":false,"_monsterinsights_sitenote_active":false,"_monsterinsights_sitenote_note":"","_monsterinsights_sitenote_category":0,"footnotes":""},"categories":[104,49],"tags":[],"class_list":["post-341203","post","type-post","status-publish","format-standard","has-post-thumbnail","hentry","category-evidenza_3","category-news-18","category-104","category-49","description-off"],"img_url":"https:\/\/www.radiopiu.net\/wordpress\/wp-content\/uploads\/2022\/06\/LEONARDO-DEL-VECCHIO-300x204-1.png","_links":{"self":[{"href":"https:\/\/www.radiopiu.net\/wordpress\/wp-json\/wp\/v2\/posts\/341203","targetHints":{"allow":["GET"]}}],"collection":[{"href":"https:\/\/www.radiopiu.net\/wordpress\/wp-json\/wp\/v2\/posts"}],"about":[{"href":"https:\/\/www.radiopiu.net\/wordpress\/wp-json\/wp\/v2\/types\/post"}],"author":[{"embeddable":true,"href":"https:\/\/www.radiopiu.net\/wordpress\/wp-json\/wp\/v2\/users\/4"}],"replies":[{"embeddable":true,"href":"https:\/\/www.radiopiu.net\/wordpress\/wp-json\/wp\/v2\/comments?post=341203"}],"version-history":[{"count":0,"href":"https:\/\/www.radiopiu.net\/wordpress\/wp-json\/wp\/v2\/posts\/341203\/revisions"}],"wp:featuredmedia":[{"embeddable":true,"href":"https:\/\/www.radiopiu.net\/wordpress\/wp-json\/wp\/v2\/media\/284174"}],"wp:attachment":[{"href":"https:\/\/www.radiopiu.net\/wordpress\/wp-json\/wp\/v2\/media?parent=341203"}],"wp:term":[{"taxonomy":"category","embeddable":true,"href":"https:\/\/www.radiopiu.net\/wordpress\/wp-json\/wp\/v2\/categories?post=341203"},{"taxonomy":"post_tag","embeddable":true,"href":"https:\/\/www.radiopiu.net\/wordpress\/wp-json\/wp\/v2\/tags?post=341203"}],"curies":[{"name":"wp","href":"https:\/\/api.w.org\/{rel}","templated":true}]}}