{"id":341237,"date":"2023-06-22T05:13:13","date_gmt":"2023-06-22T03:13:13","guid":{"rendered":"https:\/\/www.radiopiu.net\/wordpress\/?p=341237"},"modified":"2023-06-22T05:13:13","modified_gmt":"2023-06-22T03:13:13","slug":"lamore-nato-in-caserma-finisce-in-tribunale","status":"publish","type":"post","link":"https:\/\/www.radiopiu.net\/wordpress\/lamore-nato-in-caserma-finisce-in-tribunale\/","title":{"rendered":"L&#8217;amore nato in caserma finisce in tribunale."},"content":{"rendered":"<blockquote><p><strong><em>Un capitano degli Alpini a processo per reati di maltrattamenti e violenza sessuale<\/em><\/strong><\/p>\n<p><strong><a class=\"dt-pswp-item\" href=\"https:\/\/www.radiopiu.net\/wordpress\/wp-content\/uploads\/2020\/06\/CASERMA-FANTUZZI.jpg\" data-dt-img-description=\"\" data-large_image_width=\"649\" data-large_image_height=\"426\"><img loading=\"lazy\" decoding=\"async\" class=\"size-medium wp-image-144841 alignleft\" src=\"https:\/\/www.radiopiu.net\/wordpress\/wp-content\/uploads\/2020\/06\/CASERMA-FANTUZZI-300x197.jpg\" alt=\"\" width=\"300\" height=\"197\" srcset=\"https:\/\/www.radiopiu.net\/wordpress\/wp-content\/uploads\/2020\/06\/CASERMA-FANTUZZI-300x197.jpg 300w, https:\/\/www.radiopiu.net\/wordpress\/wp-content\/uploads\/2020\/06\/CASERMA-FANTUZZI.jpg 649w\" sizes=\"auto, (max-width: 300px) 100vw, 300px\" \/><\/a>BELLUNO<\/strong> In un processo che ha attirato l&#8217;attenzione dell&#8217;opinione pubblica, un capitano degli Alpini \u00e8 stato portato in tribunale per essere giudicato per una serie di reati, tra cui maltrattamenti in famiglia e violenza sessuale. La relazione amorosa che era nata in caserma tra il capitano e la sua ex moglie \u00e8 finita in modo drammatico, portando entrambi a confrontarsi davanti a un tribunale. Durante l&#8217;udienza, la donna ha testimoniato per quattro ore, ricostruendo gli anni di convivenza con il capitano. Le sue testimonianze sono state coerenti rispondendo alle domande del pubblico ministero e dell&#8217;avvocato di parte civile, ma sono state contraddittorie quando \u00e8 stata interrogata dal difensore dell&#8217;imputato. La testimonianza ha anche rivelato episodi di violenza fisica, con l&#8217;ex moglie che ha raccontato di essere stata presa per il collo, sbattuta contro il muro e persino colpita al seno durante la gravidanza. Inoltre, la donna ha affermato di aver subito cinque episodi di violenza sessuale, spesso contro la sua volont\u00e0 e in momenti in cui non desiderava avere rapporti intimi. L&#8217;imputato avr\u00e0 l&#8217;opportunit\u00e0 di parlare il 24 gennaio, quando avr\u00e0 la possibilit\u00e0 di presentare la sua versione dei fatti. Nel frattempo, il processo continua a suscitare interesse e dibattito pubblico riguardo alla violenza domestica e ai problemi connessi alle relazioni amorose nate in ambienti militari.<\/p><\/blockquote>\n<p><strong>OGGI SUL CORRIERE DELLE ALPI, GIGI SOSSO<\/strong><\/p>\n<div class=\"flex-1 overflow-hidden\">\n<div class=\"react-scroll-to-bottom--css-lxhtm-79elbk h-full dark:bg-gray-800\">\n<div class=\"react-scroll-to-bottom--css-lxhtm-1n7m0yu\">\n<div class=\"flex flex-col text-sm dark:bg-gray-800\">\n<div class=\"group w-full text-gray-800 dark:text-gray-100 border-b border-black\/10 dark:border-gray-900\/50 bg-gray-50 dark:bg-[#444654]\">\n<div class=\"flex p-4 gap-4 text-base md:gap-6 md:max-w-2xl lg:max-w-[38rem] xl:max-w-3xl md:py-6 lg:px-0 m-auto\">\n<div class=\"relative flex w-[calc(100%-50px)] flex-col gap-1 md:gap-3 lg:w-[calc(100%-115px)]\">\n<div class=\"flex justify-between lg:block\">\n<div class=\"text-xs flex items-center justify-center gap-1 self-center pt-2 !invisible\"><\/div>\n<\/div>\n<\/div>\n<\/div>\n<\/div>\n<\/div>\n<\/div>\n<\/div>\n<\/div>\n<div class=\"absolute bottom-0 left-0 w-full border-t md:border-t-0 dark:border-white\/20 md:border-transparent md:dark:border-transparent md:bg-vert-light-gradient bg-white dark:bg-gray-800 md:!bg-transparent dark:md:bg-vert-dark-gradient pt-2 md:pl-2 md:w-[calc(100%-.5rem)]\">\n<form class=\"stretch mx-2 flex flex-row gap-3 last:mb-2 md:mx-4 md:last:mb-6 lg:mx-auto lg:max-w-2xl xl:max-w-3xl\">\n<div class=\"relative flex h-full flex-1 items-stretch md:flex-col\" role=\"presentation\">\n<div class=\"\">\n<div class=\"h-full flex ml-1 md:w-full md:m-auto md:mb-2 gap-0 md:gap-2 justify-center\">___<\/div>\n<\/div>\n<\/div>\n<\/form>\n<\/div>\n","protected":false},"excerpt":{"rendered":"<p>Un capitano degli Alpini a processo per reati di maltrattamenti e violenza sessuale BELLUNO In un processo che ha attirato l&#8217;attenzione dell&#8217;opinione pubblica, un capitano degli Alpini \u00e8 stato portato in tribunale per essere giudicato per una serie di reati, tra cui maltrattamenti in famiglia e violenza sessuale. La relazione amorosa che era nata in&hellip;<\/p>\n","protected":false},"author":4,"featured_media":144841,"comment_status":"closed","ping_status":"closed","sticky":false,"template":"","format":"standard","meta":{"_monsterinsights_skip_tracking":false,"_monsterinsights_sitenote_active":false,"_monsterinsights_sitenote_note":"","_monsterinsights_sitenote_category":0,"footnotes":""},"categories":[51,49],"tags":[],"class_list":["post-341237","post","type-post","status-publish","format-standard","has-post-thumbnail","hentry","category-evidenza-top","category-news-18","category-51","category-49","description-off"],"img_url":"https:\/\/www.radiopiu.net\/wordpress\/wp-content\/uploads\/2020\/06\/CASERMA-FANTUZZI.jpg","_links":{"self":[{"href":"https:\/\/www.radiopiu.net\/wordpress\/wp-json\/wp\/v2\/posts\/341237","targetHints":{"allow":["GET"]}}],"collection":[{"href":"https:\/\/www.radiopiu.net\/wordpress\/wp-json\/wp\/v2\/posts"}],"about":[{"href":"https:\/\/www.radiopiu.net\/wordpress\/wp-json\/wp\/v2\/types\/post"}],"author":[{"embeddable":true,"href":"https:\/\/www.radiopiu.net\/wordpress\/wp-json\/wp\/v2\/users\/4"}],"replies":[{"embeddable":true,"href":"https:\/\/www.radiopiu.net\/wordpress\/wp-json\/wp\/v2\/comments?post=341237"}],"version-history":[{"count":0,"href":"https:\/\/www.radiopiu.net\/wordpress\/wp-json\/wp\/v2\/posts\/341237\/revisions"}],"wp:featuredmedia":[{"embeddable":true,"href":"https:\/\/www.radiopiu.net\/wordpress\/wp-json\/wp\/v2\/media\/144841"}],"wp:attachment":[{"href":"https:\/\/www.radiopiu.net\/wordpress\/wp-json\/wp\/v2\/media?parent=341237"}],"wp:term":[{"taxonomy":"category","embeddable":true,"href":"https:\/\/www.radiopiu.net\/wordpress\/wp-json\/wp\/v2\/categories?post=341237"},{"taxonomy":"post_tag","embeddable":true,"href":"https:\/\/www.radiopiu.net\/wordpress\/wp-json\/wp\/v2\/tags?post=341237"}],"curies":[{"name":"wp","href":"https:\/\/api.w.org\/{rel}","templated":true}]}}