{"id":341254,"date":"2023-06-22T06:16:56","date_gmt":"2023-06-22T04:16:56","guid":{"rendered":"https:\/\/www.radiopiu.net\/wordpress\/?p=341254"},"modified":"2023-06-22T06:16:56","modified_gmt":"2023-06-22T04:16:56","slug":"fusioni-dei-comuni-cinque-anni-di-contributi","status":"publish","type":"post","link":"https:\/\/www.radiopiu.net\/wordpress\/fusioni-dei-comuni-cinque-anni-di-contributi\/","title":{"rendered":"FUSIONI DEI COMUNI, CINQUE ANNI DI CONTRIBUTI"},"content":{"rendered":"<p>&nbsp;<\/p>\n<blockquote>\n<h3><a class=\"dt-pswp-item\" href=\"https:\/\/www.radiopiu.net\/wordpress\/wp-content\/uploads\/2018\/04\/fusione-in-jpeg-780x401.jpg\" data-dt-img-description=\"\" data-large_image_width=\"780\" data-large_image_height=\"401\"><img loading=\"lazy\" decoding=\"async\" class=\" wp-image-46270 alignleft\" src=\"https:\/\/www.radiopiu.net\/wordpress\/wp-content\/uploads\/2018\/04\/fusione-in-jpeg-780x401-300x154.jpg\" alt=\"\" width=\"191\" height=\"98\" srcset=\"https:\/\/www.radiopiu.net\/wordpress\/wp-content\/uploads\/2018\/04\/fusione-in-jpeg-780x401-300x154.jpg 300w, https:\/\/www.radiopiu.net\/wordpress\/wp-content\/uploads\/2018\/04\/fusione-in-jpeg-780x401-768x395.jpg 768w, https:\/\/www.radiopiu.net\/wordpress\/wp-content\/uploads\/2018\/04\/fusione-in-jpeg-780x401.jpg 780w\" sizes=\"auto, (max-width: 191px) 100vw, 191px\" \/><\/a><\/h3>\n<\/blockquote>\n<div class=\"articlePlainText\"><strong>ROMA<\/strong> Approvato il provvedimento. Tra le novit\u00e0 pi\u00f9 rilevanti c&#8217;\u00e8 quella che prolunga di cinque anni, rispetto ai dieci gi\u00e0 stabiliti, i contributi straordinari dello Stato ai Comuni nati da fusioni realizzate a decorrere dal primo gennaio 2014. Questo fa s\u00ec che tra i beneficiari si possa comprendere anche Quero-Vas, ufficialmente fuso nel 2013, ma con contributi erogati a partire dal 2014.<\/div>\n<div class=\"articlePlainText\">In provincia di Belluno sono cinque i Comuni interessati: Quero-Vas, Longarone (dal 2014), Val di Zoldo (2016), Alpago (2016) e Borgo Valbelluna (2019) che nel complesso hanno ricevuto trasferimenti straordinari per circa 38 milioni e 175 mila euro.<\/div>\n<div><\/div>\n<div><strong>L&#8217;OPINIONE di DARIO SCOPEL<\/strong><\/div>\n<div>Fusione dei Comuni, dal Decreto-Legge del Governo altri 5 anni di contributi straordinari. Scopel (A.N.P.C.I.): \u201cDroga finanziaria di Stato; non dovevano creare economie di scala virtuose?\u201d.<\/div>\n<div>\n<div style=\"width: 848px;\" class=\"wp-video\"><video class=\"wp-video-shortcode\" id=\"video-341254-1\" width=\"848\" height=\"480\" preload=\"metadata\" controls=\"controls\"><source type=\"video\/mp4\" src=\"https:\/\/www.radiopiu.net\/wordpress\/wp-content\/uploads\/2023\/06\/WhatsApp-Video-2023-06-22-at-06.13.57.mp4?_=1\" \/><a href=\"https:\/\/www.radiopiu.net\/wordpress\/wp-content\/uploads\/2023\/06\/WhatsApp-Video-2023-06-22-at-06.13.57.mp4\">https:\/\/www.radiopiu.net\/wordpress\/wp-content\/uploads\/2023\/06\/WhatsApp-Video-2023-06-22-at-06.13.57.mp4<\/a><\/video><\/div>\n<\/div>\n<p>&nbsp;<\/p>\n","protected":false},"excerpt":{"rendered":"<p>&nbsp; ROMA Approvato il provvedimento. Tra le novit\u00e0 pi\u00f9 rilevanti c&#8217;\u00e8 quella che prolunga di cinque anni, rispetto ai dieci gi\u00e0 stabiliti, i contributi straordinari dello Stato ai Comuni nati da fusioni realizzate a decorrere dal primo gennaio 2014. Questo fa s\u00ec che tra i beneficiari si possa comprendere anche Quero-Vas, ufficialmente fuso nel 2013,&hellip;<\/p>\n","protected":false},"author":4,"featured_media":46270,"comment_status":"closed","ping_status":"closed","sticky":false,"template":"","format":"standard","meta":{"_monsterinsights_skip_tracking":false,"_monsterinsights_sitenote_active":false,"_monsterinsights_sitenote_note":"","_monsterinsights_sitenote_category":0,"footnotes":""},"categories":[104,49],"tags":[],"class_list":["post-341254","post","type-post","status-publish","format-standard","has-post-thumbnail","hentry","category-evidenza_3","category-news-18","category-104","category-49","description-off"],"img_url":"https:\/\/www.radiopiu.net\/wordpress\/wp-content\/uploads\/2018\/04\/fusione-in-jpeg-780x401.jpg","_links":{"self":[{"href":"https:\/\/www.radiopiu.net\/wordpress\/wp-json\/wp\/v2\/posts\/341254","targetHints":{"allow":["GET"]}}],"collection":[{"href":"https:\/\/www.radiopiu.net\/wordpress\/wp-json\/wp\/v2\/posts"}],"about":[{"href":"https:\/\/www.radiopiu.net\/wordpress\/wp-json\/wp\/v2\/types\/post"}],"author":[{"embeddable":true,"href":"https:\/\/www.radiopiu.net\/wordpress\/wp-json\/wp\/v2\/users\/4"}],"replies":[{"embeddable":true,"href":"https:\/\/www.radiopiu.net\/wordpress\/wp-json\/wp\/v2\/comments?post=341254"}],"version-history":[{"count":0,"href":"https:\/\/www.radiopiu.net\/wordpress\/wp-json\/wp\/v2\/posts\/341254\/revisions"}],"wp:featuredmedia":[{"embeddable":true,"href":"https:\/\/www.radiopiu.net\/wordpress\/wp-json\/wp\/v2\/media\/46270"}],"wp:attachment":[{"href":"https:\/\/www.radiopiu.net\/wordpress\/wp-json\/wp\/v2\/media?parent=341254"}],"wp:term":[{"taxonomy":"category","embeddable":true,"href":"https:\/\/www.radiopiu.net\/wordpress\/wp-json\/wp\/v2\/categories?post=341254"},{"taxonomy":"post_tag","embeddable":true,"href":"https:\/\/www.radiopiu.net\/wordpress\/wp-json\/wp\/v2\/tags?post=341254"}],"curies":[{"name":"wp","href":"https:\/\/api.w.org\/{rel}","templated":true}]}}