{"id":341258,"date":"2023-06-22T07:55:57","date_gmt":"2023-06-22T05:55:57","guid":{"rendered":"https:\/\/www.radiopiu.net\/wordpress\/?p=341258"},"modified":"2023-06-22T07:59:26","modified_gmt":"2023-06-22T05:59:26","slug":"dal-1983-la-rassegna-stampa-locale-di-mirko-mezzacasa-6","status":"publish","type":"post","link":"https:\/\/www.radiopiu.net\/wordpress\/dal-1983-la-rassegna-stampa-locale-di-mirko-mezzacasa-6\/","title":{"rendered":"DAL 1983, LA RASSEGNA STAMPA LOCALE di mirko mezzacasa"},"content":{"rendered":"<p><iframe loading=\"lazy\" title=\"RASSEGNA STAMPA LOCALE\" width=\"1200\" height=\"675\" src=\"https:\/\/www.youtube.com\/embed\/2I85JQFB4nQ?feature=oembed\" frameborder=\"0\" allow=\"accelerometer; autoplay; clipboard-write; encrypted-media; gyroscope; picture-in-picture; web-share\" allowfullscreen><\/iframe><\/p>\n<p><span style=\"color: #ff0000;\">speciale viabilit\u00e0:\u00a0<\/span> 203 AGORDINA, tratta AGORDO-MAS DI SEDICO localit\u00e0 LA PISSA in prossimit\u00e0 di La Stanga: INTERRUZIONI\u00a0 temporanee: DALLE 8 ALLE 9.35 DALLE 9,50 ALLE 11.10 DALLE 11.25 ALLE 12.20 DALLE 14.25 ALLE 15.55<br \/>\nSP347 DEL DURAN E CEREDA: chiusa in localit\u00e0 Lantrago La Valle. Deviazioni sulla viabilit\u00e0 comunale.<br \/>\nSABATO DOLOMITES BIKE DAY, PASSI CHIUSI Campolongo-Falzarego-Valparola. VENETO STRADE PRESIDIERA&#8217; CON MOVIERE I SEMAFORI LUNGO LA 203 AGORDINA TRA CENCENIGHE ED ALLEGHE PER\u00a0 EVITARE INCOLONNAMENTI<\/p>\n<p><strong>BELLUNO<\/strong> G.P. 36 anni, siciliano d&#8217;origine residente a Treviso rimane in carcere. Lo ha deciso il giudice Enrica Marson che ha convalidato l&#8217;arresto. L&#8217;ipotesi: tentato omicidio per l&#8217;aggressione al 60enne moldavo preso a coltellate tra sabato e domenica sul Liston.<br \/>\n<strong><em>ARCHIVIATA L\u2019INCHIESTA SULLA TRAGEDIA DELLA MARMOLADA: \u00abEVENTO NON PREVEDIBILE\u00bb<\/em><\/strong><br \/>\n<strong>SANTA GIUSTINA\u00a0<\/strong>\u00a0Incidente\u00a0 all&#8217;altezza di via Pulliere. Per cause in corso di accertamento da parte dei carabinieri una moto condotta da un 32 enne padovano e una bici con in sella un 40 enne di Lozzo di Cadore sono entrate in contatto. Quest&#8217;ultimo ha riportato alcune abrasioni ed \u00e8 stato portato all&#8217;ospedale di Feltre.<br \/>\n<strong>ROMA<\/strong> Approvato il provvedimento. Tra le novit\u00e0 pi\u00f9 rilevanti c&#8217;\u00e8 quella che prolunga di cinque anni, rispetto ai dieci gi\u00e0 stabiliti, i contributi straordinari dello Stato ai Comuni nati da fusioni realizzate a decorrere dal primo gennaio 2014. Questo fa s\u00ec che tra i beneficiari si possa comprendere anche Quero-Vas, ufficialmente fuso nel 2013, ma con contributi erogati a partire dal 2014.<br \/>\n<em><strong>SABATO, L&#8217;INTITOLAZIONE DELL&#8217;OSPEDALE DI AGORDO A PAPA LUCIANI<\/strong><\/em><br \/>\n<strong>AGORDO<\/strong> Domenica 25 giugno \u00e8 in programma una visita guidata lungo la Via della Dolomia in Valle di San Lucano con il geologo Danilo Giordano docente all\u2019Istituto Minerario \u201cU. Follador\u201d di Agordo. Ritrovo ore 8.30 parcheggio di Tamonich (Agordo). Iscrizioni presso Ufficio turistico di Agordo ,da Luned\u00ec 19 giugno a Gioved\u00ec 22 giugno<br \/>\n<strong>CANALE D&#8217;AGORDO<\/strong> Oggi alle 21 nella sala Ex Emigranti di Canale D&#8217;Agordo il primo appuntamento con le Biblioteche della Valle Del Biois. La presentazione del libro &#8220;Gli Occhi Dell&#8217;Ecuador&#8221; con Sonia Andrich<br \/>\n<strong>SABATO 24<\/strong> GIUGNO LA SECONDA EDIZIONE DELLA FRASSENE&#8217; CROSS ALLE 9.30 LO SPECIALE ALLA RADIO.<br \/>\n<strong>VENEZIA FC<\/strong> IN RITIRO A FALCADE PER I PROSSIMI QUATTRO ANNI ALLE 12.30 LO SPECIALE NEL NOTIZIARIO PRINCIPALE<br \/>\n<strong>IGNACIO MARTINEZ<\/strong> ALLA PALLAVOLO MASCHILE BELLUNO<\/p>\n","protected":false},"excerpt":{"rendered":"<p>speciale viabilit\u00e0:\u00a0 203 AGORDINA, tratta AGORDO-MAS DI SEDICO localit\u00e0 LA PISSA in prossimit\u00e0 di La Stanga: INTERRUZIONI\u00a0 temporanee: DALLE 8 ALLE 9.35 DALLE 9,50 ALLE 11.10 DALLE 11.25 ALLE 12.20 DALLE 14.25 ALLE 15.55 SP347 DEL DURAN E CEREDA: chiusa in localit\u00e0 Lantrago La Valle. Deviazioni sulla viabilit\u00e0 comunale. SABATO DOLOMITES BIKE DAY, PASSI CHIUSI&hellip;<\/p>\n","protected":false},"author":4,"featured_media":341242,"comment_status":"closed","ping_status":"closed","sticky":false,"template":"","format":"standard","meta":{"_monsterinsights_skip_tracking":false,"_monsterinsights_sitenote_active":false,"_monsterinsights_sitenote_note":"","_monsterinsights_sitenote_category":0,"footnotes":""},"categories":[104,49,142],"tags":[],"class_list":["post-341258","post","type-post","status-publish","format-standard","has-post-thumbnail","hentry","category-evidenza_3","category-news-18","category-rassegna-stampa","category-104","category-49","category-142","description-off"],"img_url":"https:\/\/www.radiopiu.net\/wordpress\/wp-content\/uploads\/2023\/06\/Senza-nome-50.png","_links":{"self":[{"href":"https:\/\/www.radiopiu.net\/wordpress\/wp-json\/wp\/v2\/posts\/341258","targetHints":{"allow":["GET"]}}],"collection":[{"href":"https:\/\/www.radiopiu.net\/wordpress\/wp-json\/wp\/v2\/posts"}],"about":[{"href":"https:\/\/www.radiopiu.net\/wordpress\/wp-json\/wp\/v2\/types\/post"}],"author":[{"embeddable":true,"href":"https:\/\/www.radiopiu.net\/wordpress\/wp-json\/wp\/v2\/users\/4"}],"replies":[{"embeddable":true,"href":"https:\/\/www.radiopiu.net\/wordpress\/wp-json\/wp\/v2\/comments?post=341258"}],"version-history":[{"count":0,"href":"https:\/\/www.radiopiu.net\/wordpress\/wp-json\/wp\/v2\/posts\/341258\/revisions"}],"wp:featuredmedia":[{"embeddable":true,"href":"https:\/\/www.radiopiu.net\/wordpress\/wp-json\/wp\/v2\/media\/341242"}],"wp:attachment":[{"href":"https:\/\/www.radiopiu.net\/wordpress\/wp-json\/wp\/v2\/media?parent=341258"}],"wp:term":[{"taxonomy":"category","embeddable":true,"href":"https:\/\/www.radiopiu.net\/wordpress\/wp-json\/wp\/v2\/categories?post=341258"},{"taxonomy":"post_tag","embeddable":true,"href":"https:\/\/www.radiopiu.net\/wordpress\/wp-json\/wp\/v2\/tags?post=341258"}],"curies":[{"name":"wp","href":"https:\/\/api.w.org\/{rel}","templated":true}]}}