{"id":341310,"date":"2023-06-23T05:37:25","date_gmt":"2023-06-23T03:37:25","guid":{"rendered":"https:\/\/www.radiopiu.net\/wordpress\/?p=341310"},"modified":"2023-06-23T05:43:08","modified_gmt":"2023-06-23T03:43:08","slug":"meteo-in-veneto-dichiarata-allerta-gialla-per-forti-temporali","status":"publish","type":"post","link":"https:\/\/www.radiopiu.net\/wordpress\/meteo-in-veneto-dichiarata-allerta-gialla-per-forti-temporali\/","title":{"rendered":"METEO. IN VENETO DICHIARATA ALLERTA GIALLA PER FORTI TEMPORALI"},"content":{"rendered":"<p><strong><img loading=\"lazy\" decoding=\"async\" class=\"alignleft\" src=\"https:\/\/www.radiopiu.net\/wordpress\/wp-content\/uploads\/2018\/06\/temporale.jpg\" width=\"192\" height=\"127\" \/>REDAZIONE\u00a0<\/strong><b> \u00a0<\/b>Dopo alcuni giorni in cui le temperature e l\u2019umidit\u00e0 sono aumentate in modo significativo, nella giornata di domani, venerd\u00ec, \u00e8 previsto in Veneto il passaggio di un sistema frontale che porter\u00e0 condizioni di instabilit\u00e0. Sono previste fasi di rovesci e temporali sparsi, pi\u00f9 probabili fino al pomeriggio in montagna e dalle ore centrali nella pianura. Saranno possibili fenomeni anche intensi e sulle zone montane non \u00e8 escluso qualche temporale anche intenso gi\u00e0 nella tarda serata di oggi. Sulla base di queste previsioni, il Centro Funzionale Decentrato della Protezione Civile della Regione Veneto ha emesso un Avviso di criticit\u00e0 idrogeologica e idraulica (allerta gialla) sull\u2019intero territorio, valevole dalle 21.00 di oggi fino alla mezzanotte di domani, venerd\u00ec. La valutazione compiuta sugli effetti al suolo indica il possibile innesco di frane superficiali e colate rapide sui settori montani, pedemontani e collinari delle zone di allerta, con il possibile innalzamento dei livelli della rete idrografica secondaria e rigurgito dei sistemi di smaltimento delle acque piovane. Lo scenario sar\u00e0 caratterizzato da fenomeni intensi e in rapida evoluzione.<\/p>\n<p>&nbsp;<\/p>\n<hr \/>\n<p>&nbsp;<\/p>\n","protected":false},"excerpt":{"rendered":"<p>REDAZIONE\u00a0 \u00a0Dopo alcuni giorni in cui le temperature e l\u2019umidit\u00e0 sono aumentate in modo significativo, nella giornata di domani, venerd\u00ec, \u00e8 previsto in Veneto il passaggio di un sistema frontale che porter\u00e0 condizioni di instabilit\u00e0. Sono previste fasi di rovesci e temporali sparsi, pi\u00f9 probabili fino al pomeriggio in montagna e dalle ore centrali nella&hellip;<\/p>\n","protected":false},"author":4,"featured_media":50334,"comment_status":"closed","ping_status":"closed","sticky":false,"template":"","format":"standard","meta":{"_monsterinsights_skip_tracking":false,"_monsterinsights_sitenote_active":false,"_monsterinsights_sitenote_note":"","_monsterinsights_sitenote_category":0,"footnotes":""},"categories":[51,49],"tags":[],"class_list":["post-341310","post","type-post","status-publish","format-standard","has-post-thumbnail","hentry","category-evidenza-top","category-news-18","category-51","category-49","description-off"],"img_url":"https:\/\/www.radiopiu.net\/wordpress\/wp-content\/uploads\/2018\/06\/temporale.jpg","_links":{"self":[{"href":"https:\/\/www.radiopiu.net\/wordpress\/wp-json\/wp\/v2\/posts\/341310","targetHints":{"allow":["GET"]}}],"collection":[{"href":"https:\/\/www.radiopiu.net\/wordpress\/wp-json\/wp\/v2\/posts"}],"about":[{"href":"https:\/\/www.radiopiu.net\/wordpress\/wp-json\/wp\/v2\/types\/post"}],"author":[{"embeddable":true,"href":"https:\/\/www.radiopiu.net\/wordpress\/wp-json\/wp\/v2\/users\/4"}],"replies":[{"embeddable":true,"href":"https:\/\/www.radiopiu.net\/wordpress\/wp-json\/wp\/v2\/comments?post=341310"}],"version-history":[{"count":0,"href":"https:\/\/www.radiopiu.net\/wordpress\/wp-json\/wp\/v2\/posts\/341310\/revisions"}],"wp:featuredmedia":[{"embeddable":true,"href":"https:\/\/www.radiopiu.net\/wordpress\/wp-json\/wp\/v2\/media\/50334"}],"wp:attachment":[{"href":"https:\/\/www.radiopiu.net\/wordpress\/wp-json\/wp\/v2\/media?parent=341310"}],"wp:term":[{"taxonomy":"category","embeddable":true,"href":"https:\/\/www.radiopiu.net\/wordpress\/wp-json\/wp\/v2\/categories?post=341310"},{"taxonomy":"post_tag","embeddable":true,"href":"https:\/\/www.radiopiu.net\/wordpress\/wp-json\/wp\/v2\/tags?post=341310"}],"curies":[{"name":"wp","href":"https:\/\/api.w.org\/{rel}","templated":true}]}}