{"id":341342,"date":"2023-06-23T05:31:22","date_gmt":"2023-06-23T03:31:22","guid":{"rendered":"https:\/\/www.radiopiu.net\/wordpress\/?p=341342"},"modified":"2023-06-23T05:44:13","modified_gmt":"2023-06-23T03:44:13","slug":"un-premio-per-50-anni-di-impegno-a-santantonio","status":"publish","type":"post","link":"https:\/\/www.radiopiu.net\/wordpress\/un-premio-per-50-anni-di-impegno-a-santantonio\/","title":{"rendered":"UN PREMIO PER 50 ANNI DI IMPEGNO A SANT&#8217;ANTONIO"},"content":{"rendered":"<p>&nbsp;<\/p>\n<p><strong>RIVAMONTE<\/strong> Durante la sagra de Sant&#8217;Ant\u00f2ni a Rivamonte, la Pro loco ha premiato due soci, Agostino Cadorin e Antonietta Gnech, per il loro impegno di oltre 50 anni nell&#8217;associazione. Agostino Cadorin, socio fondatore e ex presidente, \u00e8 stato nominato &#8220;presidente onorario della Pro loco Rivamonte&#8221; e ha ricevuto una scultura dell'&#8221;\u00d2m salv\u00e0rech&#8221;, simbolo dell&#8217;associazione. Antonietta Gnech \u00e8 stata premiata per il suo contributo nell&#8217;organizzazione della sagra e per il suo lavoro nel migliorare la gestione dell&#8217;evento. Entrambi sono stati elogiati per il loro impegno nel rendere la sagra un successo, coinvolgendo numerosi volontari di tutte le et\u00e0.<\/p>\n<p><a class=\"dt-pswp-item\" href=\"https:\/\/www.radiopiu.net\/wordpress\/wp-content\/uploads\/2023\/06\/Senza-nome-53.png\" data-dt-img-description=\"\" data-large_image_width=\"641\" data-large_image_height=\"256\"><img loading=\"lazy\" decoding=\"async\" class=\"size-medium wp-image-341343 aligncenter\" src=\"https:\/\/www.radiopiu.net\/wordpress\/wp-content\/uploads\/2023\/06\/Senza-nome-53-300x120.png\" alt=\"\" width=\"300\" height=\"120\" srcset=\"https:\/\/www.radiopiu.net\/wordpress\/wp-content\/uploads\/2023\/06\/Senza-nome-53-300x120.png 300w, https:\/\/www.radiopiu.net\/wordpress\/wp-content\/uploads\/2023\/06\/Senza-nome-53.png 641w\" sizes=\"auto, (max-width: 300px) 100vw, 300px\" \/><\/a><\/p>\n<p>&nbsp;<\/p>\n<hr \/>\n<p>&nbsp;<\/p>\n","protected":false},"excerpt":{"rendered":"<p>&nbsp; RIVAMONTE Durante la sagra de Sant&#8217;Ant\u00f2ni a Rivamonte, la Pro loco ha premiato due soci, Agostino Cadorin e Antonietta Gnech, per il loro impegno di oltre 50 anni nell&#8217;associazione. Agostino Cadorin, socio fondatore e ex presidente, \u00e8 stato nominato &#8220;presidente onorario della Pro loco Rivamonte&#8221; e ha ricevuto una scultura dell&#8217;&#8221;\u00d2m salv\u00e0rech&#8221;, simbolo dell&#8217;associazione.&hellip;<\/p>\n","protected":false},"author":4,"featured_media":341343,"comment_status":"closed","ping_status":"closed","sticky":false,"template":"","format":"standard","meta":{"_monsterinsights_skip_tracking":false,"_monsterinsights_sitenote_active":false,"_monsterinsights_sitenote_note":"","_monsterinsights_sitenote_category":0,"footnotes":""},"categories":[51,49],"tags":[],"class_list":["post-341342","post","type-post","status-publish","format-standard","has-post-thumbnail","hentry","category-evidenza-top","category-news-18","category-51","category-49","description-off"],"img_url":"https:\/\/www.radiopiu.net\/wordpress\/wp-content\/uploads\/2023\/06\/Senza-nome-53.png","_links":{"self":[{"href":"https:\/\/www.radiopiu.net\/wordpress\/wp-json\/wp\/v2\/posts\/341342","targetHints":{"allow":["GET"]}}],"collection":[{"href":"https:\/\/www.radiopiu.net\/wordpress\/wp-json\/wp\/v2\/posts"}],"about":[{"href":"https:\/\/www.radiopiu.net\/wordpress\/wp-json\/wp\/v2\/types\/post"}],"author":[{"embeddable":true,"href":"https:\/\/www.radiopiu.net\/wordpress\/wp-json\/wp\/v2\/users\/4"}],"replies":[{"embeddable":true,"href":"https:\/\/www.radiopiu.net\/wordpress\/wp-json\/wp\/v2\/comments?post=341342"}],"version-history":[{"count":0,"href":"https:\/\/www.radiopiu.net\/wordpress\/wp-json\/wp\/v2\/posts\/341342\/revisions"}],"wp:featuredmedia":[{"embeddable":true,"href":"https:\/\/www.radiopiu.net\/wordpress\/wp-json\/wp\/v2\/media\/341343"}],"wp:attachment":[{"href":"https:\/\/www.radiopiu.net\/wordpress\/wp-json\/wp\/v2\/media?parent=341342"}],"wp:term":[{"taxonomy":"category","embeddable":true,"href":"https:\/\/www.radiopiu.net\/wordpress\/wp-json\/wp\/v2\/categories?post=341342"},{"taxonomy":"post_tag","embeddable":true,"href":"https:\/\/www.radiopiu.net\/wordpress\/wp-json\/wp\/v2\/tags?post=341342"}],"curies":[{"name":"wp","href":"https:\/\/api.w.org\/{rel}","templated":true}]}}