{"id":341350,"date":"2023-06-23T05:40:20","date_gmt":"2023-06-23T03:40:20","guid":{"rendered":"https:\/\/www.radiopiu.net\/wordpress\/?p=341350"},"modified":"2023-06-23T05:41:51","modified_gmt":"2023-06-23T03:41:51","slug":"indagato-per-guida-in-stato-di-ebbrezza-e-fuga","status":"publish","type":"post","link":"https:\/\/www.radiopiu.net\/wordpress\/indagato-per-guida-in-stato-di-ebbrezza-e-fuga\/","title":{"rendered":"INDAGATO: PER GUIDA IN STATO DI EBBREZZA E FUGA"},"content":{"rendered":"<blockquote>\n<h3><\/h3>\n<\/blockquote>\n<p><strong><a class=\"dt-pswp-item\" href=\"https:\/\/www.radiopiu.net\/wordpress\/wp-content\/uploads\/2023\/06\/Senza-nome-51.png\" data-dt-img-description=\"\" data-large_image_width=\"554\" data-large_image_height=\"317\"><img loading=\"lazy\" decoding=\"async\" class=\"size-medium wp-image-341336 alignleft\" src=\"https:\/\/www.radiopiu.net\/wordpress\/wp-content\/uploads\/2023\/06\/Senza-nome-51-300x172.png\" alt=\"\" width=\"300\" height=\"172\" srcset=\"https:\/\/www.radiopiu.net\/wordpress\/wp-content\/uploads\/2023\/06\/Senza-nome-51-300x172.png 300w, https:\/\/www.radiopiu.net\/wordpress\/wp-content\/uploads\/2023\/06\/Senza-nome-51.png 554w\" sizes=\"auto, (max-width: 300px) 100vw, 300px\" \/><\/a>FELTRE<\/strong>\u00a0 Chiuse le indagini sull&#8217;investimento dello scorso 22 maggio, in via Bagnols sur C\u00e8ze, all&#8217;altezza della rotatoria del Pasquer. M.Z., 42 anni, di Arsi\u00e8 ha ricevuto l&#8217;avviso di garanzia, nel quale la Procura lo accusa di lesioni stradali aggravate, guida in stato di ebbrezza e fuga e omissione di soccorso. I.C., 54 anni, feltrino sta un po&#8217; meglio e ha lasciato l&#8217;ospedale Santa Maria del Prato. La prognosi \u00e8 superiore ai 40 giorni e il ferito si costituir\u00e0 parte civile con un legale di sua fiducia in sede di udienza preliminare. L&#8217;indagato ha perso il controllo del veicolo a causa della velocit\u00e0 inadeguata, andando a collidere contro le barriere della pista ciclabile e pedonale, investendo l&#8217;uomo che stava camminando per conto suo. Dopo l&#8217;incidente, l&#8217;automobilista non si \u00e8 fermato a prestare soccorso al ferito, \u00e8 stato fermato da un vigile urbano alla rotatoria dei vigili del fuoco, dove \u00e8 stato notato il suo stato confusionale. Sottoposto all&#8217;alcoltest, i risultati hanno rivelato un tasso alcolemico superiore alla soglia legale, confermando l&#8217;accusa di guida in stato di ebbrezza.<\/p>\n<p>&nbsp;<\/p>\n<p>&nbsp;<\/p>\n<hr \/>\n<div class=\"flex-1 overflow-hidden\">\n<div class=\"react-scroll-to-bottom--css-bqtti-79elbk h-full dark:bg-gray-800\">\n<div class=\"react-scroll-to-bottom--css-bqtti-1n7m0yu\">\n<div class=\"flex flex-col text-sm dark:bg-gray-800\">\n<div class=\"h-32 md:h-48 flex-shrink-0\"><\/div>\n<\/div>\n<\/div>\n<\/div>\n<\/div>\n","protected":false},"excerpt":{"rendered":"<p>FELTRE\u00a0 Chiuse le indagini sull&#8217;investimento dello scorso 22 maggio, in via Bagnols sur C\u00e8ze, all&#8217;altezza della rotatoria del Pasquer. M.Z., 42 anni, di Arsi\u00e8 ha ricevuto l&#8217;avviso di garanzia, nel quale la Procura lo accusa di lesioni stradali aggravate, guida in stato di ebbrezza e fuga e omissione di soccorso. I.C., 54 anni, feltrino sta&hellip;<\/p>\n","protected":false},"author":4,"featured_media":341336,"comment_status":"closed","ping_status":"closed","sticky":false,"template":"","format":"standard","meta":{"_monsterinsights_skip_tracking":false,"_monsterinsights_sitenote_active":false,"_monsterinsights_sitenote_note":"","_monsterinsights_sitenote_category":0,"footnotes":""},"categories":[51,49],"tags":[],"class_list":["post-341350","post","type-post","status-publish","format-standard","has-post-thumbnail","hentry","category-evidenza-top","category-news-18","category-51","category-49","description-off"],"img_url":"https:\/\/www.radiopiu.net\/wordpress\/wp-content\/uploads\/2023\/06\/Senza-nome-51.png","_links":{"self":[{"href":"https:\/\/www.radiopiu.net\/wordpress\/wp-json\/wp\/v2\/posts\/341350","targetHints":{"allow":["GET"]}}],"collection":[{"href":"https:\/\/www.radiopiu.net\/wordpress\/wp-json\/wp\/v2\/posts"}],"about":[{"href":"https:\/\/www.radiopiu.net\/wordpress\/wp-json\/wp\/v2\/types\/post"}],"author":[{"embeddable":true,"href":"https:\/\/www.radiopiu.net\/wordpress\/wp-json\/wp\/v2\/users\/4"}],"replies":[{"embeddable":true,"href":"https:\/\/www.radiopiu.net\/wordpress\/wp-json\/wp\/v2\/comments?post=341350"}],"version-history":[{"count":0,"href":"https:\/\/www.radiopiu.net\/wordpress\/wp-json\/wp\/v2\/posts\/341350\/revisions"}],"wp:featuredmedia":[{"embeddable":true,"href":"https:\/\/www.radiopiu.net\/wordpress\/wp-json\/wp\/v2\/media\/341336"}],"wp:attachment":[{"href":"https:\/\/www.radiopiu.net\/wordpress\/wp-json\/wp\/v2\/media?parent=341350"}],"wp:term":[{"taxonomy":"category","embeddable":true,"href":"https:\/\/www.radiopiu.net\/wordpress\/wp-json\/wp\/v2\/categories?post=341350"},{"taxonomy":"post_tag","embeddable":true,"href":"https:\/\/www.radiopiu.net\/wordpress\/wp-json\/wp\/v2\/tags?post=341350"}],"curies":[{"name":"wp","href":"https:\/\/api.w.org\/{rel}","templated":true}]}}