{"id":341366,"date":"2023-06-23T07:47:47","date_gmt":"2023-06-23T05:47:47","guid":{"rendered":"https:\/\/www.radiopiu.net\/wordpress\/?p=341366"},"modified":"2023-06-23T09:02:52","modified_gmt":"2023-06-23T07:02:52","slug":"341366-2","status":"publish","type":"post","link":"https:\/\/www.radiopiu.net\/wordpress\/341366-2\/","title":{"rendered":"LA RASSEGNA STAMPA LOCALE DAL 1983 &#8230; SU RADIO PIU&#8217;"},"content":{"rendered":"<p><iframe loading=\"lazy\" title=\"RASSEGNA STAMPA LOCALE\" width=\"1200\" height=\"675\" src=\"https:\/\/www.youtube.com\/embed\/dQy2ahYR5Xk?feature=oembed\" frameborder=\"0\" allow=\"accelerometer; autoplay; clipboard-write; encrypted-media; gyroscope; picture-in-picture; web-share\" allowfullscreen><\/iframe><\/p>\n<p><span style=\"color: #ff0000;\">Un terremoto di magnitudo\u00a0<strong>ML 2.8<\/strong>\u00a0\u00e8 avvenuto nella zona:\u00a0<strong>5 km N Fregona (TV)<\/strong>, OGGI ALLE 7.21 con coordinate geografiche (lat, lon) <strong>46.0530<\/strong>,\u00a0<strong>12.3410<\/strong>\u00a0ad una profondit\u00e0 di\u00a0<strong>8 km<\/strong>. Il terremoto \u00e8 stato localizzato da:\u00a0<strong>Sala Sismica INGV-Roma<\/strong>.<\/span><\/p>\n<p><strong>203 agordina: in localit\u00e0 La Pissa, in alcune fasce orarie. Fino al 27 giugno, sabato e domenica esclusi, INTERRUZIONI temporanee: DALLE 8 ALLE 9.35 DALLE 9,50 ALLE 11.10 DALLE 11.25 ALLE 12.20 DALLE 14.25 ALLE 15.55<\/strong><\/p>\n<p>BELLUNO La scoperta agghiacciante riguarda la morte del piccolo Nicol\u00f2 Feltrin, avvenuta il 28 luglio 2022 a Belluno. \u00c8 emerso che la causa del decesso \u00e8 stata una concentrazione letale di hashish mescolata al cibo preparato dai genitori<br \/>\nOSPITALE DI CADORE Attorno alle 15.30, ieri pomeriggio, \u00e8 scattato l\u2019allarme per un uomo rimasto sotto la motocarriola, mentre stava facendo lavori in una casera sul sentiero che porta a Casera Girolda. L\u201986enne di Tarzo (TV), ha riportato un trauma toracico.<br \/>\nBELLUNO L\u2019assessore Franco Roccon ha presentato una denuncia in Questura per procurato allarme riguardo alla diffusione di un messaggio falso sul ponte alla Veneggia. Il messaggio, diffuso su piattaforme social e di messaggistica, invitava gli automobilisti a evitare il ponte a causa del rischio di crollo<br \/>\nFELTRE Chiuse le indagini sull\u2019investimento dello scorso 22 maggio, in via Bagnols sur C\u00e8ze, all\u2019altezza della rotatoria del Pasquer. M.Z., 42 anni, di Arsi\u00e8 ha ricevuto l\u2019avviso di garanzia, nel quale la Procura lo accusa di lesioni stradali aggravate, guida in stato di ebbrezza e fuga e omissione di soccorso. I.C., 54 anni, feltrino sta un po\u2019 meglio e ha lasciato l\u2019ospedale Santa Maria del Prato.<br \/>\nBELLUNO Guasto alla linea telefonica\u00a0 a Piandelmonte. Riparato mercoledi, ma gi\u00e0 ieri sera il disservizio si \u00e8 ripresentato. Tim al lavoro e cresce il dissenso tra le 17 persone della frazione.<br \/>\nNUOVA PIAZZA AD ARABBA NEL RICORDO DI GIANNI PEZZEI<br \/>\nLIVINALLONGO Il sindaco di Livinallongo, Leandro Grones, insieme ad alcuni amici, ha rilevato un aumento del numero di auto di lusso o sportive che transitano ogni giorno sui principali passi dolomitici. Molti di questi veicoli sono considerati insolenti a causa della velocit\u00e0 e del rumore che generano. Grones sta coinvolgendo altri sindaci per valutare misure da suggerire alle autorit\u00e0 competenti al fine di regolamentare la situazione.<br \/>\nAGORDO Domani alle 11, alla presenza dell\u2019Assessore alla Sanit\u00e0 e alle Politiche sociali della Regione del Veneto Manuela Lanzarin, si terr\u00e0 la cerimonia di intitolazione dell\u2019Ospedale di Agordo a Giovanni Paolo I \u201cPapa Luciani\u201d nello spazio antistante l\u2019ingresso dell\u2019ospedale di Agordo.<br \/>\nAGORDO L\u2019Asca, l\u2019Azienda speciale consortile agordina, cerca Oss, operatori socio sanitari, con un nuovo bando mirato a formare una graduatoria di assunzione. La scadenza per la presentazione delle domande \u00e8 il 5 luglio<br \/>\nBORGO VALBELLUNA Ultimi preparativi per accendere i motori di questa 2\u00b0 edizione di Motori e Speranza a Morgan la piccola frazione del comune di Borgo Valbelluna (BL).Solidariet\u00e0 ed inclusivit\u00e0 sono gli obiettivi che il gruppo frazionale di Morgan supportato dalla ASD Valentino Racing di Loreggia (PD) si \u00e8 nuovamente posto quale traguardo per la seconda edizione di un evento che lo scorso anno a raccolto un grande successo<br \/>\nROCCA PIETORE \u201cUn\u2019estate di cultura e tradizioni: l\u2019Associazione Culturale Palue presenta un calendario ricco di eventi nel suggestivo borgo di Palue e nel paese di Rocca Pietore. Dal 24 giugno al 10 settembre, abitanti e turisti saranno accompagnati alla scoperta di un prezioso patrimonio. L\u2019inaugurazione di queste straordinarie iniziative \u00e8 prevista per domenica 25 giugno alle ore 15:00, presso l\u2019antico borgo di Palue<br \/>\nDOMANI APRE LA MOSTRA DELLA RADIO A TAIBON, EX MUNICIPIO, INGRESSO LIBERO E GRATUITO PER TUTTI. APERTI ANCHE IL MUSEO ETNOGRAFICO E IL MUSEO DEI POMPIERI VOLONTARI<br \/>\nAGORDO L\u2019associazione Arca dei Volti e il Circolo Culturale Agordino, insieme per la seconda volta in Agordo, propongono una mostra di volti lignei intitolata \u201cAd Agordo \u00e8 cos\u00ec\u201d. In sala \u201cTamis\u201d, sar\u00e0 allestita dal 25 giugno al 2 luglio un\u2019esposizione delle maschere in legno della tradizione dolomitica re-interpretate dagli studenti della scuola organizzata dall\u2019associazione Arca dei Volti, guidata da Beppino Lorenzet con l\u2019aiuto di Sara Andrich e la collaborazione di altri esperti. Anche quest\u2019anno saranno presenti alcuni Olt de Riva dell\u2019artista agordino Tita Bressan. L\u2019espsizione avr\u00e0 inizio sabato 24 giugno ore 17.30 con l\u2019inaugurazione<br \/>\nDA OGGI TRE GIORNI DI FESTA A CANALE D\u2019AGORDO CON LA SAGRA DI SAN GIOVANNI<\/p>\n<p>SP347 DEL DURAN E CEREDA: localit\u00e0 Lantrago La Valle. Fino al 13 luglio chiusura totale al traffico della strada per il Passo Duran per lavori di allargamento del Ponte Lantrago e sistemazione della carreggiata. percorso alternativo per la comunale da Crostolin.<br \/>\n563 digonera chiusa dalle 7:30 alle 18, negli altri orari istituzione di un senso unico alternato<br \/>\nDOMENICA PASSI: FALZAREGO-VALPAROLA-CAMPOLONGO CHIUSI DALLE 8.30 ALLE 14.30 MANIFESTAZIONE DOLOMITES BIKE DAY<br \/>\nSEDICO Finalmente dopo anni di proteste, lettere, critiche social ecco finalmente la pensilina per l\u2019attesa dell\u2019autobus. Finalmente. Il luogo \u00e8 pi\u00f9 accogliente ma decisamente triste per quel rudere recintato, ex casa cantoniera lungo la regionale 203 agordina<\/p>\n<p>&nbsp;<\/p>\n","protected":false},"excerpt":{"rendered":"<p>Un terremoto di magnitudo\u00a0ML 2.8\u00a0\u00e8 avvenuto nella zona:\u00a05 km N Fregona (TV), OGGI ALLE 7.21 con coordinate geografiche (lat, lon) 46.0530,\u00a012.3410\u00a0ad una profondit\u00e0 di\u00a08 km. Il terremoto \u00e8 stato localizzato da:\u00a0Sala Sismica INGV-Roma. 203 agordina: in localit\u00e0 La Pissa, in alcune fasce orarie. Fino al 27 giugno, sabato e domenica esclusi, INTERRUZIONI temporanee: DALLE 8&hellip;<\/p>\n","protected":false},"author":4,"featured_media":341367,"comment_status":"closed","ping_status":"closed","sticky":false,"template":"","format":"standard","meta":{"_monsterinsights_skip_tracking":false,"_monsterinsights_sitenote_active":false,"_monsterinsights_sitenote_note":"","_monsterinsights_sitenote_category":0,"footnotes":""},"categories":[104,49,142],"tags":[],"class_list":["post-341366","post","type-post","status-publish","format-standard","has-post-thumbnail","hentry","category-evidenza_3","category-news-18","category-rassegna-stampa","category-104","category-49","category-142","description-off"],"img_url":"https:\/\/www.radiopiu.net\/wordpress\/wp-content\/uploads\/2023\/06\/COPERT.png","_links":{"self":[{"href":"https:\/\/www.radiopiu.net\/wordpress\/wp-json\/wp\/v2\/posts\/341366","targetHints":{"allow":["GET"]}}],"collection":[{"href":"https:\/\/www.radiopiu.net\/wordpress\/wp-json\/wp\/v2\/posts"}],"about":[{"href":"https:\/\/www.radiopiu.net\/wordpress\/wp-json\/wp\/v2\/types\/post"}],"author":[{"embeddable":true,"href":"https:\/\/www.radiopiu.net\/wordpress\/wp-json\/wp\/v2\/users\/4"}],"replies":[{"embeddable":true,"href":"https:\/\/www.radiopiu.net\/wordpress\/wp-json\/wp\/v2\/comments?post=341366"}],"version-history":[{"count":0,"href":"https:\/\/www.radiopiu.net\/wordpress\/wp-json\/wp\/v2\/posts\/341366\/revisions"}],"wp:featuredmedia":[{"embeddable":true,"href":"https:\/\/www.radiopiu.net\/wordpress\/wp-json\/wp\/v2\/media\/341367"}],"wp:attachment":[{"href":"https:\/\/www.radiopiu.net\/wordpress\/wp-json\/wp\/v2\/media?parent=341366"}],"wp:term":[{"taxonomy":"category","embeddable":true,"href":"https:\/\/www.radiopiu.net\/wordpress\/wp-json\/wp\/v2\/categories?post=341366"},{"taxonomy":"post_tag","embeddable":true,"href":"https:\/\/www.radiopiu.net\/wordpress\/wp-json\/wp\/v2\/tags?post=341366"}],"curies":[{"name":"wp","href":"https:\/\/api.w.org\/{rel}","templated":true}]}}