{"id":341384,"date":"2023-06-24T05:41:21","date_gmt":"2023-06-24T03:41:21","guid":{"rendered":"https:\/\/www.radiopiu.net\/wordpress\/?p=341384"},"modified":"2023-06-24T07:19:27","modified_gmt":"2023-06-24T05:19:27","slug":"giornale-radiopiu-24-giugno-2023-direttore-mirko-mezzacasaverso-i-40-anni-25-giugno-1983-25-giugno-2023","status":"publish","type":"post","link":"https:\/\/www.radiopiu.net\/wordpress\/giornale-radiopiu-24-giugno-2023-direttore-mirko-mezzacasaverso-i-40-anni-25-giugno-1983-25-giugno-2023\/","title":{"rendered":"GIORNALE RADIOPIU 24 GIUGNO 2023 DIRETTORE MIRKO MEZZACASA\u2026VERSO I 40 ANNI 25 GIUGNO 1983-25 GIUGNO 2023"},"content":{"rendered":"<div class=\"page-title-head hgroup\">\n<h2 style=\"text-align: left;\"><span style=\"color: #ff0000;\"><span style=\"vertical-align: inherit;\"><a class=\"dt-pswp-item\" href=\"https:\/\/www.radiopiu.net\/wordpress\/wp-content\/uploads\/2023\/04\/e0aad41d-951e-47b9-9fae-1a879a9bcb7e-1.jpg\" data-dt-img-description=\"\" data-large_image_width=\"1200\" data-large_image_height=\"1200\"><img loading=\"lazy\" decoding=\"async\" class=\"wp-image-333205 alignleft\" src=\"https:\/\/www.radiopiu.net\/wordpress\/wp-content\/uploads\/2023\/04\/e0aad41d-951e-47b9-9fae-1a879a9bcb7e-1-300x300.jpg\" alt=\"\" width=\"110\" height=\"110\" srcset=\"https:\/\/www.radiopiu.net\/wordpress\/wp-content\/uploads\/2023\/04\/e0aad41d-951e-47b9-9fae-1a879a9bcb7e-1-300x300.jpg 300w, https:\/\/www.radiopiu.net\/wordpress\/wp-content\/uploads\/2023\/04\/e0aad41d-951e-47b9-9fae-1a879a9bcb7e-1-1024x1024.jpg 1024w, https:\/\/www.radiopiu.net\/wordpress\/wp-content\/uploads\/2023\/04\/e0aad41d-951e-47b9-9fae-1a879a9bcb7e-1-150x150.jpg 150w, https:\/\/www.radiopiu.net\/wordpress\/wp-content\/uploads\/2023\/04\/e0aad41d-951e-47b9-9fae-1a879a9bcb7e-1-768x768.jpg 768w, https:\/\/www.radiopiu.net\/wordpress\/wp-content\/uploads\/2023\/04\/e0aad41d-951e-47b9-9fae-1a879a9bcb7e-1.jpg 1200w\" sizes=\"auto, (max-width: 110px) 100vw, 110px\" \/><\/a><\/span><\/span><\/h2>\n<h1 class=\"entry-title\">40esimo di RADIOPIU\u2026. LA VOCE DELL\u2019EMOZIONE<\/h1>\n<\/div>\n<p>&nbsp;<\/p>\n<p>&nbsp;<\/p>\n<p><a class=\"dt-pswp-item\" href=\"https:\/\/www.radiopiu.net\/wordpress\/wp-content\/uploads\/2023\/06\/90e775c5-6747-4bfb-b332-3f2e2205788a.jpg\" data-dt-img-description=\"\" data-large_image_width=\"1127\" data-large_image_height=\"1600\"><img loading=\"lazy\" decoding=\"async\" class=\"wp-image-341450 alignleft\" src=\"https:\/\/www.radiopiu.net\/wordpress\/wp-content\/uploads\/2023\/06\/90e775c5-6747-4bfb-b332-3f2e2205788a-211x300.jpg\" alt=\"\" width=\"233\" height=\"331\" srcset=\"https:\/\/www.radiopiu.net\/wordpress\/wp-content\/uploads\/2023\/06\/90e775c5-6747-4bfb-b332-3f2e2205788a-211x300.jpg 211w, https:\/\/www.radiopiu.net\/wordpress\/wp-content\/uploads\/2023\/06\/90e775c5-6747-4bfb-b332-3f2e2205788a-721x1024.jpg 721w, https:\/\/www.radiopiu.net\/wordpress\/wp-content\/uploads\/2023\/06\/90e775c5-6747-4bfb-b332-3f2e2205788a-768x1090.jpg 768w, https:\/\/www.radiopiu.net\/wordpress\/wp-content\/uploads\/2023\/06\/90e775c5-6747-4bfb-b332-3f2e2205788a-1082x1536.jpg 1082w, https:\/\/www.radiopiu.net\/wordpress\/wp-content\/uploads\/2023\/06\/90e775c5-6747-4bfb-b332-3f2e2205788a.jpg 1127w\" sizes=\"auto, (max-width: 233px) 100vw, 233px\" \/><\/a><\/p>\n<p>&nbsp;<\/p>\n<p><strong>OGGI ALLE 10.00 A TAIBON AGORDINO PIAZZA SAN ROCCO, SIETE TUTTI INVITATI ALL&#8217;INAUGURAZIONE DELLA MOSTRA IN OCCASIONE DEI 40 ANNI DI RADIOPIU, E&#8217; APERTO IL MUSEO ETNOGRAFICO &#8220;CASA MARIA DEL PACIFICO&#8221; E IL MUSEO DEI POMPIERI VOLONTARI\u00a0 diretta canali social di Radio Pi\u00f9<\/strong><\/p>\n<p>&nbsp;<\/p>\n<p>&nbsp;<\/p>\n<p>&nbsp;<\/p>\n<p>&nbsp;<\/p>\n<p>&nbsp;<\/p>\n<p>&nbsp;<\/p>\n<p><strong>ANTICIPAZIONE&#8230; MOSTRA\u00a0\u00a0<\/strong><\/p>\n<p>&nbsp;<\/p>\n<p><a href=\"https:\/\/www.facebook.com\/Mirkomezziano\/videos\/1022380952451662\">https:\/\/www.facebook.com\/Mirkomezziano\/videos\/1022380952451662<\/a><\/p>\n<p>&nbsp;<\/p>\n<p>&nbsp;<\/p>\n<p><strong>OMAGGIO ALLA RADIO<\/strong>&#8230; Radio Marelli, di Alessandro Savio, socio fondatore di RADIOPIU&#8217; anche nella sua casa a Taibon non manca&#8230; l&#8217;amata radio. Ritrovata anni fa in discarica e restaurata da Renzo Tocchetto&#8230; pap\u00e0 del nostro Moreno.<\/p>\n\n\t\t\t<style type='text\/css'>\n\t\t\t\t#gallery-1 {\n\t\t\t\t\tmargin: auto;\n\t\t\t\t}\n\t\t\t\t#gallery-1 .gallery-item {\n\t\t\t\t\tfloat: left;\n\t\t\t\t\tmargin-top: 10px;\n\t\t\t\t\ttext-align: center;\n\t\t\t\t\twidth: 33%;\n\t\t\t\t}\n\t\t\t\t#gallery-1 img {\n\t\t\t\t\tborder: 2px solid #cfcfcf;\n\t\t\t\t}\n\t\t\t\t#gallery-1 .gallery-caption {\n\t\t\t\t\tmargin-left: 0;\n\t\t\t\t}\n\t\t\t\t\/* see gallery_shortcode() in wp-includes\/media.php *\/\n\t\t\t<\/style>\n\t\t<div id='gallery-1' class='dt-gallery-container gallery galleryid-341384 gallery-columns-3 gallery-size-thumbnail'><dl class='gallery-item'>\n\t\t\t\t<dt class='gallery-icon portrait'>\n\t\t\t\t\t<a class=\"rollover rollover-zoom dt-pswp-item\" title=\"SenzSSSa nome\" data-dt-img-description=\"\" data-large_image_width=\"364\" data-large_image_height=\"473\"href='https:\/\/www.radiopiu.net\/wordpress\/wp-content\/uploads\/2023\/06\/SenzSSSa-nome-e1687528982300.png'><img loading=\"lazy\" decoding=\"async\" width=\"150\" height=\"150\" src=\"https:\/\/www.radiopiu.net\/wordpress\/wp-content\/uploads\/2023\/06\/SenzSSSa-nome-e1687528982300-150x150.png\" class=\"attachment-thumbnail size-thumbnail\" alt=\"\" \/><\/a>\n\t\t\t\t<\/dt><\/dl><dl class='gallery-item'>\n\t\t\t\t<dt class='gallery-icon landscape'>\n\t\t\t\t\t<a class=\"rollover rollover-zoom dt-pswp-item\" title=\"Senzasssss nosssme\" data-dt-img-description=\"\" data-large_image_width=\"618\" data-large_image_height=\"390\"href='https:\/\/www.radiopiu.net\/wordpress\/wp-content\/uploads\/2023\/06\/Senzasssss-nosssme-e1687528969777.png'><img loading=\"lazy\" decoding=\"async\" width=\"150\" height=\"150\" src=\"https:\/\/www.radiopiu.net\/wordpress\/wp-content\/uploads\/2023\/06\/Senzasssss-nosssme-e1687528969777-150x150.png\" class=\"attachment-thumbnail size-thumbnail\" alt=\"\" \/><\/a>\n\t\t\t\t<\/dt><\/dl><dl class='gallery-item'>\n\t\t\t\t<dt class='gallery-icon landscape'>\n\t\t\t\t\t<a class=\"rollover rollover-zoom dt-pswp-item\" title=\"S2222enza nome\" data-dt-img-description=\"\" data-large_image_width=\"615\" data-large_image_height=\"380\"href='https:\/\/www.radiopiu.net\/wordpress\/wp-content\/uploads\/2023\/06\/S2222enza-nome-e1687528996407.png'><img loading=\"lazy\" decoding=\"async\" width=\"150\" height=\"150\" src=\"https:\/\/www.radiopiu.net\/wordpress\/wp-content\/uploads\/2023\/06\/S2222enza-nome-e1687528996407-150x150.png\" class=\"attachment-thumbnail size-thumbnail\" alt=\"\" \/><\/a>\n\t\t\t\t<\/dt><\/dl><br style=\"clear: both\" \/>\n\t\t\t<\/div>\n\n<p>&nbsp;<\/p>\n<p><strong>OGGI SUL CORRIERE DELLE ALPI&#8230;<\/strong><br \/>\n<strong>DI GIANNI SANTOMASO<\/strong><\/p>\n<p><a class=\"dt-pswp-item\" href=\"https:\/\/www.radiopiu.net\/wordpress\/wp-content\/uploads\/2023\/06\/Senza-nome-59.png\" data-dt-img-description=\"\" data-large_image_width=\"445\" data-large_image_height=\"448\"><img loading=\"lazy\" decoding=\"async\" class=\"wp-image-341516 size-full aligncenter\" src=\"https:\/\/www.radiopiu.net\/wordpress\/wp-content\/uploads\/2023\/06\/Senza-nome-59.png\" alt=\"\" width=\"445\" height=\"448\" srcset=\"https:\/\/www.radiopiu.net\/wordpress\/wp-content\/uploads\/2023\/06\/Senza-nome-59.png 445w, https:\/\/www.radiopiu.net\/wordpress\/wp-content\/uploads\/2023\/06\/Senza-nome-59-298x300.png 298w, https:\/\/www.radiopiu.net\/wordpress\/wp-content\/uploads\/2023\/06\/Senza-nome-59-150x150.png 150w\" sizes=\"auto, (max-width: 445px) 100vw, 445px\" \/><\/a><\/p>\n<div class=\"articlePlainText\">Suona il telefono, risponde. Si chiacchiera. Risuona il telefono, risponde. E via di nuovo. Poi a un tratto arriva un fulmine e la radio si interrompe. Si alza di scatto e corre nello studio della diretta per riprendere in mano le redini e avvisare gli ascoltatori che c&#8217;\u00e8 stato un piccolo problema, ma che tutto verr\u00e0 ripristinato a brevissimo. E cos\u00ec \u00e8. Poco prima, in sottofondo, c&#8217;era Roberto Vecchioni che cantava &#8220;Hotel dei giorni immobili&#8221;. Di certo non sono quelli i giorni di Mirko Mezzacasa e nemmeno quelli che da 40 anni si susseguono a Radio Pi\u00f9, l&#8217;emittente agordina che iniziava la sua storia il 25 giugno 1983 dalla sede di piazza San Rocco a Taibon. Oggi, proprio l\u00ec, verr\u00e0 inaugurata una mostra dedicata alle radio (fino a luned\u00ec). \u00abSar\u00e0 un&#8217;esposizione curata da Franco Ben &#8220;Gn\u00e9l&#8221;, Ivano Benvegn\u00f9 e da me\u00bb, dice Mezzacasa, \u00absiamo dei cultori delle radio. Loro ne hanno pi\u00f9 di me e sono anche degli abili riparatori\u00bb.<\/div>\n<div class=\"articlePlainText\"><strong>Quanti modelli in esposizione? A quando risalgono?<\/strong><\/div>\n<div class=\"articlePlainText\">\u00abAbbiamo allestito una mostra con circa 150 pezzi e non sono mica tutti quelli che abbiamo. Sono radio che vanno dagli anni&#8217;20 del Novecento in poi. Per quanto mi riguarda alcune me le sono procurate ai mercatini, altre mi sono state donate. Poco tempo fa mi \u00e8 arrivata dalla Svizzera una Radio Alfiere degli anni&#8217;60. \u00c8 interessante vedere i cambiamenti che ci sono stati dai grandi cassoni degli anni&#8217;30 (c&#8217;\u00e8 una bellissima Radio Agricola,\u00a0ndr\u00a0), alle radioline degli anni&#8217;80, le Satellit della Grundig a cui correvamo dietro e che costavano molto. Allora il pi\u00f9 grosso problema che avevano i lavoratori in Luxottica era di avere le pile di ricambio per poter sempre ascoltare la radio\u00bb.<\/div>\n<div class=\"articlePlainText\"><strong>Avete pensato di farci un museo permanente?<\/strong><\/div>\n<div class=\"articlePlainText\">\u00abNoi saremmo felici di metterle a disposizione a questo scopo. Bisognerebbe trovare un posto qui a Taibon, dove Radio Pi\u00f9 \u00e8 nata 40 anni fa in una sede fatta di tre stanze, molto fredde d&#8217;inverno e molto calde d&#8217;estate, con un pavimento scricchiolante. Bastava una minima vibrazione per far saltare la puntina del giradischi\u00bb.<\/div>\n<div class=\"articlePlainText\">In 40 anni sono cambiati gli apparecchi di ascolto, ma Radio Pi\u00f9 come \u00e8 cambiata?<\/div>\n<div class=\"articlePlainText\">\u00abPenso ai giovani che finch\u00e9 non conoscono la radio non la conoscono, poi vengono per un&#8217;intervista, la condividono con gli amici sui social. A loro poi piace tornare e parlare. Prendiamo i giovani del Musla che hanno iniziato una trasmissione e un mese dopo mi hanno chiesto di raddoppiarla. Capiscono la potenza della radio, oggi amplificata dai podcast e dai social. I giovani entrano, magari con soggezione, si raccontano e poi si lasciano andare ed \u00e8 come stare al bar\u00bb.<\/div>\n<div class=\"articlePlainText\"><strong>Un po&#8217;come te, come voi, nel 1983?<\/strong><\/div>\n<div class=\"articlePlainText\">\u00abS\u00ec, anche noi non conoscevamo la radio. \u00c8 un modo di esprimersi, un mezzo per lanciare certi messaggi. Fornisce sempre stimoli nuovi, non \u00e8 statica. Qui tutti hanno la possibilit\u00e0 di provare. &#8220;Vieni \u2013 dico io \u2013 dimostrami quello che sai fare e che la tua idea funziona. Se poi non \u00e8 cos\u00ec ne parliamo, ma dopo. Intanto fai. ..\u00bb.<\/div>\n<div class=\"articlePlainText\"><strong>Non ci sono preclusioni, insomma\u2026<\/strong><\/div>\n<div class=\"articlePlainText\">\u00abRadio Pi\u00f9 \u00e8 sempre stata molto varia. Abbiamo cercato di calare la programmazione sulle esigenze e sulle esperienze del territorio, non andando dietro alle mode, ma a quello che il territorio esprimeva. E cos\u00ec abbiamo avvicinato pubblici diversi e molti giovani. Qui c&#8217;\u00e8 dentro di tutto: l&#8217;hockey, il calcio, la musica, i notiziari, la viabilit\u00e0. Abbiamo messo una frequenza tra Agordo e Belluno proprio per assicurare un&#8217;informazione puntuale sulla percorrenza delle strade: quando ci sono dei problemi gli ascolti si impennano. Riusciamo a raggiungere quattromila persone con il canale Telegram, altre 50 mila su Facebook. Sul sito abbiamo una media di 10-15 mila ingressi al giorno e 20-25 mila pagine che vengono visualizzate. Numeri\u00a0 cresciuti nel tempo\u00bb.<\/div>\n<div class=\"articlePlainText\"><strong>Social e streaming vi consentono un monitoraggio continuo&#8230;<\/strong><\/div>\n<div class=\"articlePlainText\">\u00abIn vacanza in Croazia e Slovenia ho potuto ascoltare costantemente la mia radio anche se Brunella, la mia fidanzata, non era molto d&#8217;accordo. Battute a parte, per noi \u00e8 fondamentale perch\u00e9 hai la percezione di quello che fa l&#8217;ascoltatore. Se da 300 persone che ascoltano si passa a 30, qualche domanda devi fartela\u00bb.<\/div>\n<div class=\"articlePlainText\"><strong>Cos&#8217;\u00e8 che tira di pi\u00f9?<\/strong><\/div>\n<div class=\"articlePlainText\">\u00abL&#8217;informazione locale con la rassegna stampa che da 40 anni va in onda alle 8, i notiziari, i Gr, gli approfondimenti; il mercatino che aggiorniamo di continuo, che ha 150 mila visualizzazioni all&#8217;anno e che \u00e8 diventato un punto di riferimento per i lavoratori stagionali. Poi c&#8217;\u00e8 l&#8217;intrattenimento musicale: siamo fortunati ad avere collaboratori che fanno programmi settoriali dal country al rock, dagli anni&#8217;80 alla musica italiana. Inoltre \u00e8 cresciuto molto &#8220;In vivo verso&#8221; che \u00e8 diventata una palestra per i poeti in erba\u00bb.<\/div>\n<div class=\"articlePlainText\"><strong>E il futuro di Radio Pi\u00f9 come lo vedi?<\/strong><\/div>\n<div class=\"articlePlainText\">\u00abSpero che ci siano dei giovani, delle associazioni, che possano portarla avanti. Non vorrei dover vendere le frequenze al network come hanno fatto nel tempo quasi tutte le radio bellunesi che hanno capitalizzato gli investimenti fatti\u00bb.<\/div>\n<div class=\"articlePlainText\"><strong>E tu, quali sentieri vorresti ancora battere?<\/strong><\/div>\n<div class=\"articlePlainText\">\u00abDi recente, dopo quasi trent&#8217;anni, ho ripreso in mano la raccolta della pubblicit\u00e0 e ho visto che il contatto col cliente e il creare qualcosa di nuovo mi piacciono ancora da matti. Ma ci sono poi ancora un sacco di cose che avrei voglia di fare. Ogni giorno mi viene in mente qualcosa, ma non ho il tempo per fare tutto. Frustrazione? No, \u00e8 un modo per alzarsi anche domani mattina\u00bb.<\/div>\n<div><\/div>\n<div><\/div>\n<hr \/>\n<h2 style=\"text-align: left;\"><span style=\"color: #ff0000;\"><span style=\"vertical-align: inherit;\">\u00a0<\/span><\/span><\/h2>\n<h2 style=\"text-align: left;\"><span style=\"color: #ff0000;\"><span style=\"vertical-align: inherit;\">ISCRIVITI AL NOSTRO CANALE\u00a0 <\/span><\/span><span style=\"vertical-align: inherit;\"> YOUTUBE PER SEGUIRE IN DIRETTA I PRINCIPALI PROGRAMMI DI RADIO PIU&#8217; E LE FUTURE DIRETTE IN ESTERNA. PER ISCRIVERTI <\/span><a style=\"color: #ff0000;\" href=\"https:\/\/youtube.com\/@radiopiu1527\"><span style=\"vertical-align: inherit;\">CLICCA QUI <\/span><\/a><span style=\"color: #ff0000; font-size: 14px; font-weight: normal;\"><span style=\"vertical-align: inherit;\">E PREMI\u00a0 &#8220;Iscriviti&#8221;\u00a0 \u00a0<\/span><\/span><\/h2>\n<p>&nbsp;<\/p>\n<hr \/>\n<p>&nbsp;<\/p>\n<p><strong>TRADIZIONI<\/strong><br \/>\n<strong>IERI SERA AD ALLEGHE_FERTAZZA_I FUOCHI DI SAN GIOVANNI<\/strong><\/p>\n\n\t\t\t<style type='text\/css'>\n\t\t\t\t#gallery-2 {\n\t\t\t\t\tmargin: auto;\n\t\t\t\t}\n\t\t\t\t#gallery-2 .gallery-item {\n\t\t\t\t\tfloat: left;\n\t\t\t\t\tmargin-top: 10px;\n\t\t\t\t\ttext-align: center;\n\t\t\t\t\twidth: 33%;\n\t\t\t\t}\n\t\t\t\t#gallery-2 img {\n\t\t\t\t\tborder: 2px solid #cfcfcf;\n\t\t\t\t}\n\t\t\t\t#gallery-2 .gallery-caption {\n\t\t\t\t\tmargin-left: 0;\n\t\t\t\t}\n\t\t\t\t\/* see gallery_shortcode() in wp-includes\/media.php *\/\n\t\t\t<\/style>\n\t\t<div id='gallery-2' class='dt-gallery-container gallery galleryid-341384 gallery-columns-3 gallery-size-thumbnail'><dl class='gallery-item'>\n\t\t\t\t<dt class='gallery-icon portrait'>\n\t\t\t\t\t<a class=\"rollover rollover-zoom dt-pswp-item\" title=\"24190350-33ff-4b11-a43d-cd799df93791\" data-dt-img-description=\"\" data-large_image_width=\"1200\" data-large_image_height=\"1600\"href='https:\/\/www.radiopiu.net\/wordpress\/wp-content\/uploads\/2023\/06\/24190350-33ff-4b11-a43d-cd799df93791-2.jpg'><img loading=\"lazy\" decoding=\"async\" width=\"150\" height=\"150\" src=\"https:\/\/www.radiopiu.net\/wordpress\/wp-content\/uploads\/2023\/06\/24190350-33ff-4b11-a43d-cd799df93791-2-150x150.jpg\" class=\"attachment-thumbnail size-thumbnail\" alt=\"\" \/><\/a>\n\t\t\t\t<\/dt><\/dl><dl class='gallery-item'>\n\t\t\t\t<dt class='gallery-icon portrait'>\n\t\t\t\t\t<a class=\"rollover rollover-zoom dt-pswp-item\" title=\"0581c9ce-bf65-481b-a534-159e0db258f8\" data-dt-img-description=\"\" data-large_image_width=\"1200\" data-large_image_height=\"1600\"href='https:\/\/www.radiopiu.net\/wordpress\/wp-content\/uploads\/2023\/06\/0581c9ce-bf65-481b-a534-159e0db258f8-2.jpg'><img loading=\"lazy\" decoding=\"async\" width=\"150\" height=\"150\" src=\"https:\/\/www.radiopiu.net\/wordpress\/wp-content\/uploads\/2023\/06\/0581c9ce-bf65-481b-a534-159e0db258f8-2-150x150.jpg\" class=\"attachment-thumbnail size-thumbnail\" alt=\"\" \/><\/a>\n\t\t\t\t<\/dt><\/dl><dl class='gallery-item'>\n\t\t\t\t<dt class='gallery-icon portrait'>\n\t\t\t\t\t<a class=\"rollover rollover-zoom dt-pswp-item\" title=\"b4236cea-d3c5-4645-b222-a1c8118ca2b7\" data-dt-img-description=\"\" data-large_image_width=\"1200\" data-large_image_height=\"1600\"href='https:\/\/www.radiopiu.net\/wordpress\/wp-content\/uploads\/2023\/06\/b4236cea-d3c5-4645-b222-a1c8118ca2b7-2.jpg'><img loading=\"lazy\" decoding=\"async\" width=\"150\" height=\"150\" src=\"https:\/\/www.radiopiu.net\/wordpress\/wp-content\/uploads\/2023\/06\/b4236cea-d3c5-4645-b222-a1c8118ca2b7-2-150x150.jpg\" class=\"attachment-thumbnail size-thumbnail\" alt=\"\" \/><\/a>\n\t\t\t\t<\/dt><\/dl><br style=\"clear: both\" \/>\n\t\t\t<\/div>\n\n<p>&nbsp;<\/p>\n<p>&nbsp;<\/p>\n<hr \/>\n<p>&nbsp;<\/p>\n<blockquote>\n<h3>ACQUA DI NUOVO\u00a0 POTABILE A GOSALDO<\/h3>\n<\/blockquote>\n<p><strong>GOSALDO <\/strong>Gestione Servizi Pubblici informa che a GOSALDO l&#8217;acqua erogata dall&#8217;acquedotto \u00e8 potabile e pu\u00f2 essere usata per scopi alimentari. Interessate le\u00a0 localit\u00e0 LE FOCHE, LAMBROI, DENEORE, MAGAIT, REN, SELLE, COL TAMAI, BITTI, GIARDOI, PETTUINE, LAVEDER, PONGAN, VALLASIN, FAUSTIN, CIET, MARCHET, FOCH, TITELE, CODA, NORI, PIOLE DOMADORE, LONGHI, SARASIN, LA COSTA, MASOCH, NAGAREI, CALDRAS, NADAI, ZAVAT, CARRERA, BEZZOI e STUER<\/p>\n<p>&nbsp;<\/p>\n<hr \/>\n<blockquote>\n<h3><\/h3>\n<h3>LAVORI PROGRAMMATI ENEL<\/h3>\n<\/blockquote>\n<p><span style=\"color: #000000;\"><strong>VOLTAGO <\/strong><span style=\"color: #ff0000;\">MERCOLEDI 28<\/span><\/span>\u00a0DALLE 9 ALLE 12 INTERRUZIONI DI ENERGIA ELETTRICA NELLE VIE MATHADOR, TRENTO TRIESTE, DIGOMAN, GIOIA E 4 NOVEMBRE<\/p>\n<p>&nbsp;<\/p>\n<hr \/>\n<p>&nbsp;<\/p>\n<blockquote>\n<h3 class=\"entry-title\">REGIONALE 203 AGORDINA: fino a lunedi nessuna interruzione, il cantiere riapre la prossima settimana.<\/h3>\n<\/blockquote>\n<p>&nbsp;<\/p>\n<hr \/>\n<p>&nbsp;<\/p>\n<blockquote>\n<h2>CHIUDE LA PRINCIPALE PER IL DURAN, DEVIAZIONI IN LOCO<\/h2>\n<\/blockquote>\n<p><strong>SP347 DEL DURAN E CEREDA:<\/strong> localit\u00e0 Lantrago La Valle. <span style=\"color: #ff0000;\">Fino\u00a0al 13 luglio<\/span> chiusura totale al traffico della strada per il Passo Duran per lavori di allargamento del Ponte Lantrago e sistemazione della carreggiata. percorso alternativo consigliato: CROSTOLIN-GAIDON\u00a0 strada comunale interdetta al transito dei veicoli con larghezza superiore ai 2 metri e 40 centimetri.<\/p>\n<p>&nbsp;<\/p>\n<p>&nbsp;<\/p>\n<hr \/>\n<p>&nbsp;<\/p>\n<blockquote>\n<h3>SAVINER-DIGONERA: LE CHIUSURE<\/h3>\n<\/blockquote>\n<p>Veneto strade comunica che la SP 563 di Salesei sar\u00e0 interessata da un&#8217;interdizione totale alla circolazione in localit\u00e0 Digonera nel comune di Rocca Pietore.\u00a0 Da domani\u00a0 al 23 giugno la strada sar\u00e0 chiusa dalle 7:30 alle 18, negli altri orari istituzione di un senso unico alternato regolato da semaforo e limite di velocit\u00e0 a 30 km\/h. Dal 23 giugno al 28 luglio la strada sar\u00e0 di nuovo interdetta al traffico dalle 8 del luned\u00ec alle 18 di venerd\u00ec e nel fine settimana istituzione di un senso unico alternato regolato da semaforo e limite di velocit\u00e0 a 30 km\/h.<\/p>\n<p>&nbsp;<\/p>\n<p>&nbsp;<\/p>\n<hr \/>\n<blockquote cite=\"mid:71af1df6-9fc9-1516-1e33-7eaeccfeb975@arabba.it\">\n<div class=\"moz-forward-container\">\n<div class=\"moz-forward-container\">\n<p><span style=\"color: #000000; font-size: large;\"><b><span lang=\"IT\"><span class=\"il\"><a class=\"dt-pswp-item\" href=\"https:\/\/www.radiopiu.net\/wordpress\/wp-content\/uploads\/2023\/06\/e644e1a5-b422-4966-af52-805527e9f75b.jpg\" data-dt-img-description=\"\" data-large_image_width=\"1536\" data-large_image_height=\"2048\"><img loading=\"lazy\" decoding=\"async\" class=\"size-medium wp-image-341199 alignleft\" src=\"https:\/\/www.radiopiu.net\/wordpress\/wp-content\/uploads\/2023\/06\/e644e1a5-b422-4966-af52-805527e9f75b-225x300.jpg\" alt=\"\" width=\"225\" height=\"300\" srcset=\"https:\/\/www.radiopiu.net\/wordpress\/wp-content\/uploads\/2023\/06\/e644e1a5-b422-4966-af52-805527e9f75b-225x300.jpg 225w, https:\/\/www.radiopiu.net\/wordpress\/wp-content\/uploads\/2023\/06\/e644e1a5-b422-4966-af52-805527e9f75b-768x1024.jpg 768w, https:\/\/www.radiopiu.net\/wordpress\/wp-content\/uploads\/2023\/06\/e644e1a5-b422-4966-af52-805527e9f75b-1152x1536.jpg 1152w, https:\/\/www.radiopiu.net\/wordpress\/wp-content\/uploads\/2023\/06\/e644e1a5-b422-4966-af52-805527e9f75b.jpg 1536w\" sizes=\"auto, (max-width: 225px) 100vw, 225px\" \/><\/a>COMUNICAZIONE<\/span> LIMITAZIONE AL TRAFFICO DEI PASSI CAMPOLONGO &#8211; FALZAREGO &#8211; VALPAROLA<\/span><\/b><\/span><\/p>\n<div><span style=\"color: #000000;\"><span class=\"il\">\u00a0DOLOMITES<\/span> <span class=\"il\">BIKE<\/span> <span class=\"il\">DAY, evento non competitivo per gli amanti della bicicletta, \u00e8 in programma<\/span> oggi\u00a0 O<\/span><span style=\"color: #000000;\"><span class=\"il\">rario<\/span> di chiusura delle strade, <span lang=\"IT\"><b>\u00a0dalle ore 08:30 alle ore 14:30. <\/b><\/span><\/span><span style=\"color: #000000;\">Tratte interessate: da\u00a0<\/span><b style=\"color: #000000;\">Passo<\/b><b style=\"color: #000000;\">Campolongo<\/b><span style=\"color: #000000;\">\u00a0\u2013\u00a0<\/span><b style=\"color: #000000;\">Arabba<\/b><span style=\"color: #000000;\">\u00a0\u2013<\/span><wbr style=\"color: #000000;\" \/><b style=\"color: #000000;\">Pieve di Livinallongo (SS48)\u00a0<\/b><span style=\"color: #000000;\">\u2013\u00a0<\/span><b style=\"color: #000000;\">Passo Falzarego\u00a0\u2013 (SP 37) Passo Valparola\u00a0<\/b><span style=\"color: #000000;\">\u2013 San Cassiano \u2013 La Villa (SS244) \u2013 Corvara bivio direzione Passo Campolongo &#8211; Arabba.\u00a0 <\/span><span style=\"color: #000000;\">Ai ciclisti si consiglia il senso antiorario, quindi da Passo Campolongo, Arabba, Pieve di Livinallongo in salita verso il Passo Falzarego.\u00a0<\/span><\/div>\n<div><\/div>\n<div><\/div>\n<div><\/div>\n<div><span style=\"color: #ff0000;\"><strong>VENETO STRADE PRESIDIERA&#8217; CON MOVIERE I SEMAFORI LUNGO LA 203 AGORDINA TRA CENCENIGHE ED ALLEGHE PER\u00a0 EVITARE INCOLONNAMENTI<\/strong><\/span><\/div>\n<div><\/div>\n<\/div>\n<\/div>\n<\/blockquote>\n<div class=\"moz-forward-container\">\n<div class=\"moz-forward-container\">\n<p>&nbsp;<\/p>\n<p>&nbsp;<\/p>\n<hr \/>\n<p>&nbsp;<\/p>\n<blockquote>\n<h3>IN MOTO CONTRO IL PALO DELLA PUBBLICA ILLUMINAZIONE<\/h3>\n<\/blockquote>\n<p><strong><img loading=\"lazy\" decoding=\"async\" class=\"alignleft\" src=\"https:\/\/www.radiopiu.net\/wordpress\/wp-content\/uploads\/2021\/07\/1ccf594b-9821-4e46-93d3-896eca847217-300x300.jpg\" width=\"146\" height=\"146\" \/>LIMANA<\/strong><\/p>\n<p><strong>MORENO GIOLI<\/strong><\/p>\n<p>&nbsp;<\/p>\n<p>&nbsp;<\/p>\n<p>&nbsp;<\/p>\n<audio class=\"wp-audio-shortcode\" id=\"audio-341384-1\" preload=\"none\" style=\"width: 100%;\" controls=\"controls\"><source type=\"audio\/mpeg\" src=\"https:\/\/www.radiopiu.net\/wordpress\/wp-content\/uploads\/2023\/06\/palo-moreno-incidente.mp3?_=1\" \/><a href=\"https:\/\/www.radiopiu.net\/wordpress\/wp-content\/uploads\/2023\/06\/palo-moreno-incidente.mp3\">https:\/\/www.radiopiu.net\/wordpress\/wp-content\/uploads\/2023\/06\/palo-moreno-incidente.mp3<\/a><\/audio>\n<p>&nbsp;<\/p>\n<p>&nbsp;<\/p>\n<hr \/>\n<p>&nbsp;<\/p>\n<blockquote>\n<h3>MALTEMPO, PROTEZIONE CIVILE E VIGILI DEL FUOCO\u00a0 IN VIA MEASSA<\/h3>\n<p><em>Nell&#8217;intervento \u00e8 stato interessato anche il Comune di Belluno\u00a0 che ha partecipato all&#8217;operazione di emergenza con la supervisione dell&#8217;assessore Lorenza De Kunovich e una squadra della Protezione Civile del Comune di Belluno che ha aiutato la famiglia a liberare i locali allagati\u00a0\u00a0<\/em><\/p><\/blockquote>\n\n\t\t\t<style type='text\/css'>\n\t\t\t\t#gallery-3 {\n\t\t\t\t\tmargin: auto;\n\t\t\t\t}\n\t\t\t\t#gallery-3 .gallery-item {\n\t\t\t\t\tfloat: left;\n\t\t\t\t\tmargin-top: 10px;\n\t\t\t\t\ttext-align: center;\n\t\t\t\t\twidth: 33%;\n\t\t\t\t}\n\t\t\t\t#gallery-3 img {\n\t\t\t\t\tborder: 2px solid #cfcfcf;\n\t\t\t\t}\n\t\t\t\t#gallery-3 .gallery-caption {\n\t\t\t\t\tmargin-left: 0;\n\t\t\t\t}\n\t\t\t\t\/* see gallery_shortcode() in wp-includes\/media.php *\/\n\t\t\t<\/style>\n\t\t<div id='gallery-3' class='dt-gallery-container gallery galleryid-341384 gallery-columns-3 gallery-size-thumbnail'><dl class='gallery-item'>\n\t\t\t\t<dt class='gallery-icon landscape'>\n\t\t\t\t\t<a class=\"rollover rollover-zoom dt-pswp-item\" title=\"2d05cbd9-2292-4704-8a81-3627239440ce\" data-dt-img-description=\"\" data-large_image_width=\"2048\" data-large_image_height=\"1536\"href='https:\/\/www.radiopiu.net\/wordpress\/wp-content\/uploads\/2023\/06\/2d05cbd9-2292-4704-8a81-3627239440ce.jpg'><img loading=\"lazy\" decoding=\"async\" width=\"150\" height=\"150\" src=\"https:\/\/www.radiopiu.net\/wordpress\/wp-content\/uploads\/2023\/06\/2d05cbd9-2292-4704-8a81-3627239440ce-150x150.jpg\" class=\"attachment-thumbnail size-thumbnail\" alt=\"\" \/><\/a>\n\t\t\t\t<\/dt><\/dl><dl class='gallery-item'>\n\t\t\t\t<dt class='gallery-icon portrait'>\n\t\t\t\t\t<a class=\"rollover rollover-zoom dt-pswp-item\" title=\"bcb1ae6e-eede-4633-bd06-cbc1a9fba88a\" data-dt-img-description=\"\" data-large_image_width=\"1536\" data-large_image_height=\"2048\"href='https:\/\/www.radiopiu.net\/wordpress\/wp-content\/uploads\/2023\/06\/bcb1ae6e-eede-4633-bd06-cbc1a9fba88a.jpg'><img loading=\"lazy\" decoding=\"async\" width=\"150\" height=\"150\" src=\"https:\/\/www.radiopiu.net\/wordpress\/wp-content\/uploads\/2023\/06\/bcb1ae6e-eede-4633-bd06-cbc1a9fba88a-150x150.jpg\" class=\"attachment-thumbnail size-thumbnail\" alt=\"\" \/><\/a>\n\t\t\t\t<\/dt><\/dl><dl class='gallery-item'>\n\t\t\t\t<dt class='gallery-icon landscape'>\n\t\t\t\t\t<a class=\"rollover rollover-zoom dt-pswp-item\" title=\"4a9ef0bf-346f-4fb2-a2ab-abbe96b5e601\" data-dt-img-description=\"\" data-large_image_width=\"2048\" data-large_image_height=\"1536\"href='https:\/\/www.radiopiu.net\/wordpress\/wp-content\/uploads\/2023\/06\/4a9ef0bf-346f-4fb2-a2ab-abbe96b5e601.jpg'><img loading=\"lazy\" decoding=\"async\" width=\"150\" height=\"150\" src=\"https:\/\/www.radiopiu.net\/wordpress\/wp-content\/uploads\/2023\/06\/4a9ef0bf-346f-4fb2-a2ab-abbe96b5e601-150x150.jpg\" class=\"attachment-thumbnail size-thumbnail\" alt=\"\" \/><\/a>\n\t\t\t\t<\/dt><\/dl><br style=\"clear: both\" \/><dl class='gallery-item'>\n\t\t\t\t<dt class='gallery-icon portrait'>\n\t\t\t\t\t<a class=\"rollover rollover-zoom dt-pswp-item\" title=\"cbcda007-6089-4981-b199-0290f1a8e4e7\" data-dt-img-description=\"\" data-large_image_width=\"1536\" data-large_image_height=\"2048\"href='https:\/\/www.radiopiu.net\/wordpress\/wp-content\/uploads\/2023\/06\/cbcda007-6089-4981-b199-0290f1a8e4e7.jpg'><img loading=\"lazy\" decoding=\"async\" width=\"150\" height=\"150\" src=\"https:\/\/www.radiopiu.net\/wordpress\/wp-content\/uploads\/2023\/06\/cbcda007-6089-4981-b199-0290f1a8e4e7-150x150.jpg\" class=\"attachment-thumbnail size-thumbnail\" alt=\"\" \/><\/a>\n\t\t\t\t<\/dt><\/dl><dl class='gallery-item'>\n\t\t\t\t<dt class='gallery-icon landscape'>\n\t\t\t\t\t<a class=\"rollover rollover-zoom dt-pswp-item\" title=\"89241993-7b73-4144-a02a-667516d9bca0\" data-dt-img-description=\"\" data-large_image_width=\"2048\" data-large_image_height=\"1536\"href='https:\/\/www.radiopiu.net\/wordpress\/wp-content\/uploads\/2023\/06\/89241993-7b73-4144-a02a-667516d9bca0.jpg'><img loading=\"lazy\" decoding=\"async\" width=\"150\" height=\"150\" src=\"https:\/\/www.radiopiu.net\/wordpress\/wp-content\/uploads\/2023\/06\/89241993-7b73-4144-a02a-667516d9bca0-150x150.jpg\" class=\"attachment-thumbnail size-thumbnail\" alt=\"\" \/><\/a>\n\t\t\t\t<\/dt><\/dl><dl class='gallery-item'>\n\t\t\t\t<dt class='gallery-icon landscape'>\n\t\t\t\t\t<a class=\"rollover rollover-zoom dt-pswp-item\" title=\"5cc8ac4e-5308-4057-9d94-0ebae133a235\" data-dt-img-description=\"\" data-large_image_width=\"2048\" data-large_image_height=\"1536\"href='https:\/\/www.radiopiu.net\/wordpress\/wp-content\/uploads\/2023\/06\/5cc8ac4e-5308-4057-9d94-0ebae133a235.jpg'><img loading=\"lazy\" decoding=\"async\" width=\"150\" height=\"150\" src=\"https:\/\/www.radiopiu.net\/wordpress\/wp-content\/uploads\/2023\/06\/5cc8ac4e-5308-4057-9d94-0ebae133a235-150x150.jpg\" class=\"attachment-thumbnail size-thumbnail\" alt=\"\" \/><\/a>\n\t\t\t\t<\/dt><\/dl><br style=\"clear: both\" \/>\n\t\t\t<\/div>\n\n<p><strong><a class=\"dt-pswp-item\" href=\"https:\/\/www.radiopiu.net\/wordpress\/wp-content\/uploads\/2023\/06\/dbd8a34a-5d8f-43b4-91f7-ae6004bbfb99.jpg\" data-dt-img-description=\"\" data-large_image_width=\"1124\" data-large_image_height=\"720\"><img loading=\"lazy\" decoding=\"async\" class=\"size-medium wp-image-341476 alignleft\" src=\"https:\/\/www.radiopiu.net\/wordpress\/wp-content\/uploads\/2023\/06\/dbd8a34a-5d8f-43b4-91f7-ae6004bbfb99-300x192.jpg\" alt=\"\" width=\"300\" height=\"192\" srcset=\"https:\/\/www.radiopiu.net\/wordpress\/wp-content\/uploads\/2023\/06\/dbd8a34a-5d8f-43b4-91f7-ae6004bbfb99-300x192.jpg 300w, https:\/\/www.radiopiu.net\/wordpress\/wp-content\/uploads\/2023\/06\/dbd8a34a-5d8f-43b4-91f7-ae6004bbfb99-1024x656.jpg 1024w, https:\/\/www.radiopiu.net\/wordpress\/wp-content\/uploads\/2023\/06\/dbd8a34a-5d8f-43b4-91f7-ae6004bbfb99-768x492.jpg 768w, https:\/\/www.radiopiu.net\/wordpress\/wp-content\/uploads\/2023\/06\/dbd8a34a-5d8f-43b4-91f7-ae6004bbfb99.jpg 1124w\" sizes=\"auto, (max-width: 300px) 100vw, 300px\" \/><\/a>\u00a0BELLUNO<\/strong>\u00a0 Ieri nel primo pomeriggio\u00a0 i vigili del fuoco sono stati chiamati a intervenire in Via Meassa, a Belluno, a causa dell&#8217;allagamento della rampa di un box dovuto allo straripamento di un piccolo rio. L&#8217;acqua in eccesso ha causato problemi e ha reso necessario l&#8217;intervento immediato delle autorit\u00e0. Una squadra di pompieri \u00e8 stata inviata dalla centrale per affrontare la situazione di emergenza. Arrivati sul posto, i vigili del fuoco hanno prontamente utilizzato delle motopompe per prosciugare l&#8217;acqua che aveva invaso la rampa del box. Nel frattempo, hanno anche lavorato per mettere in sicurezza un&#8217;auto che era finita sott&#8217;acqua a causa dell&#8217;allagamento. Le operazioni di prosciugamento e recupero sono durate circa due ore, durante le quali i vigili del fuoco hanno lavorato incessantemente per risolvere la situazione. Grazie al loro tempestivo intervento e alla professionalit\u00e0 dimostrata, l&#8217;acqua \u00e8 stata completamente drenata e l&#8217;auto \u00e8 stata messa in sicurezza. L&#8217;allagamento causato dallo straripamento del piccolo rio ha creato non solo disagi per i residenti e i proprietari degli immobili, ma anche un potenziale pericolo per l&#8217;auto coinvolta.<\/p>\n<p>&nbsp;<\/p>\n<p>&nbsp;<\/p>\n<hr \/>\n<p>&nbsp;<\/p>\n<p>&nbsp;<\/p>\n<blockquote>\n<h3>ESCURSIONISTA PERDE IL SENTIERO SUL MONTE PELMO<\/h3>\n<\/blockquote>\n<p><strong><a class=\"dt-pswp-item\" href=\"https:\/\/www.radiopiu.net\/wordpress\/wp-content\/uploads\/2023\/06\/Watermark_20230623_092443_899.jpg\" data-dt-img-description=\"\" data-large_image_width=\"1773\" data-large_image_height=\"2364\"><img loading=\"lazy\" decoding=\"async\" class=\" wp-image-341382 alignleft\" src=\"https:\/\/www.radiopiu.net\/wordpress\/wp-content\/uploads\/2023\/06\/Watermark_20230623_092443_899-225x300.jpg\" alt=\"\" width=\"96\" height=\"128\" srcset=\"https:\/\/www.radiopiu.net\/wordpress\/wp-content\/uploads\/2023\/06\/Watermark_20230623_092443_899-225x300.jpg 225w, https:\/\/www.radiopiu.net\/wordpress\/wp-content\/uploads\/2023\/06\/Watermark_20230623_092443_899-768x1024.jpg 768w, https:\/\/www.radiopiu.net\/wordpress\/wp-content\/uploads\/2023\/06\/Watermark_20230623_092443_899-1152x1536.jpg 1152w, https:\/\/www.radiopiu.net\/wordpress\/wp-content\/uploads\/2023\/06\/Watermark_20230623_092443_899-1536x2048.jpg 1536w, https:\/\/www.radiopiu.net\/wordpress\/wp-content\/uploads\/2023\/06\/Watermark_20230623_092443_899.jpg 1773w\" sizes=\"auto, (max-width: 96px) 100vw, 96px\" \/><\/a>BORCA DI CADORE<\/strong> Si \u00e8 concluso la notte scorsa il recupero di un escursionista in difficolt\u00e0 sul Pelmo. Gioved\u00ec, verso le 16.45, il Soccorso alpino di San Vito di Cadore \u00e8 stato attivato dalla Centrale del 118, in quanto, in zona Val d&#8217;Arcia, l&#8217;uomo che aveva chiamato non era pi\u00f9 in grado di proseguire. Si sono mossi sei soccorritori, in contatto telefonico con il 62enne di Venezia, che era partito dal Passo Staulanza per completare il giro del Pelmo. La squadra \u00e8 arrivata nella zona indicata dalle coordinate ricevute, ma non ha trovato l&#8217;escursionista, sceso in realt\u00e0 molto pi\u00f9 in basso. L&#8217;uomo, anzich\u00e9 dirigersi verso la forcella della Val d&#8217;Arcia, a 2.470 metri, aveva invece perso l&#8217;orientamento e iniziato a scendere verso il paese per poi bloccarsi a quota 2.100. I soccorritori hanno iniziato a chiamarlo, finch\u00e9 non ha risposto e lo hanno individuato. Una volta da lui, la squadra, dopo avergli dato da bere e qualcosa da mangiare, ha deciso di portarlo verso la sterrata sottostante, che da Pian de Madier sale al Rifugio Venezia. Dotato di imbrago e assicurato, l&#8217;uomo \u00e8 stato calato a pi\u00f9 riprese, attrezzando sette ancoraggi, per circa 600 metri lungo una forra in secca. Con lui la squadra \u00e8 poi arrivata al Venezia e da l\u00ec i soccorritori hanno riaccompagnato l&#8217;escursionista allo Staulanza a riprendere la propria macchina.<\/p>\n<p>&nbsp;<\/p>\n<p>&nbsp;<\/p>\n<hr \/>\n<p>&nbsp;<\/p>\n<blockquote>\n<h3>LA REGIONE VENETO POTENZIA SUEM 118 E SOCCORSO ALPINO PER ESTATE 2023<\/h3>\n<blockquote>\n<h3><em><span style=\"font-size: 14px; font-weight: normal;\">Suem 118 e Soccorso Alpino raddoppiano i loro sforzi potenziando la loro presenza con l&#8217;attivazione di un secondo elicottero a Belluno e con una nuova organizzazione complessiva, che prevede anche una nuova convenzione decennale con il Soccorso Alpino, il cui apporto di uomini ed esperienza \u00e8 irrinunciabile nell&#8217;attivit\u00e0 dell&#8217;elisoccorso in montagna.<\/span><\/em><\/h3>\n<\/blockquote>\n<\/blockquote>\n<p><strong><a class=\"dt-pswp-item\" href=\"https:\/\/www.radiopiu.net\/wordpress\/wp-content\/uploads\/2022\/08\/salt_20220802_105143_280.jpg\" data-dt-img-description=\"\" data-large_image_width=\"2364\" data-large_image_height=\"1773\"><img loading=\"lazy\" decoding=\"async\" class=\" wp-image-290574 alignleft\" src=\"https:\/\/www.radiopiu.net\/wordpress\/wp-content\/uploads\/2022\/08\/salt_20220802_105143_280-300x225.jpg\" alt=\"\" width=\"165\" height=\"124\" srcset=\"https:\/\/www.radiopiu.net\/wordpress\/wp-content\/uploads\/2022\/08\/salt_20220802_105143_280-300x225.jpg 300w, https:\/\/www.radiopiu.net\/wordpress\/wp-content\/uploads\/2022\/08\/salt_20220802_105143_280-1024x768.jpg 1024w, https:\/\/www.radiopiu.net\/wordpress\/wp-content\/uploads\/2022\/08\/salt_20220802_105143_280-768x576.jpg 768w, https:\/\/www.radiopiu.net\/wordpress\/wp-content\/uploads\/2022\/08\/salt_20220802_105143_280-1536x1152.jpg 1536w, https:\/\/www.radiopiu.net\/wordpress\/wp-content\/uploads\/2022\/08\/salt_20220802_105143_280-2048x1536.jpg 2048w\" sizes=\"auto, (max-width: 165px) 100vw, 165px\" \/><\/a>VENEZIA <\/strong>Gli angeli del Suem 118 e del Soccorso Alpino che scendono dal cielo per salvare vite e mettere in salvo i turisti feriti o in difficolt\u00e0 durante il periodo estivo sulla montagna veneta, raddoppiano i loro encomiabili sforzi e, con il sostegno della giunta regionale, potenziano la loro presenza con l\u2019attivazione di un secondo elicottero a Belluno e con una nuova organizzazione complessiva, che prevede anche una nuova convenzione decennale con il Soccorso Alpino, il cui apporto di uomini ed esperienza \u00e8 risultato in molti casi prezioso, a cominciare dalla lotta per strappare delle vite alla tragica valanga di ghiaccio e pietre accaduta quasi un anno fa in Marmolada. Il tutto \u00e8 stato deliberato dalla Giunta regionale, su proposta dell\u2019Assessore alla Sanit\u00e0, Manuela Lanzarin. La Giunta ha ritenuto per il momento di mantenere l\u2019attivit\u00e0 sperimentale di volo notturno H24 sulla base di Treviso e di volo diurno e notturno H12 su Pieve di Cadore ed ha incaricato il CREU di produrre un\u2019analisi delle risultanze della sperimentazione in corso, al fine di poter successivamente adottare un provvedimento complessivo di riorganizzazione della rete di elisoccorso che garantisca anche l\u2019attivit\u00e0 H24 su tutto il territorio regionale.<\/p>\n<p>&nbsp;<\/p>\n<hr \/>\n<p>&nbsp;<\/p>\n<blockquote>\n<h3>ADDIO SORRIDENTE DANIELA<\/h3>\n<\/blockquote>\n<p><strong><a class=\"dt-pswp-item\" href=\"https:\/\/www.radiopiu.net\/wordpress\/wp-content\/uploads\/2023\/06\/Senza-nome-58.png\" data-dt-img-description=\"\" data-large_image_width=\"276\" data-large_image_height=\"264\"><img loading=\"lazy\" decoding=\"async\" class=\" wp-image-341513 alignleft\" src=\"https:\/\/www.radiopiu.net\/wordpress\/wp-content\/uploads\/2023\/06\/Senza-nome-58.png\" alt=\"\" width=\"185\" height=\"177\" \/><\/a>BELLUNO<\/strong> Daniela Costigliola se n&#8217;\u00e8 andata\u00a0 per un male incurabile e aggressivo. Aveva solo 46 anni ed era titolare, con il marito Roberto Prisco, dell&#8217;Osteria del Tiziano, in via Cavour e della pizzeria F40, in piazza dei Martiri. Daniela era una donna allegra e solare. Originaria di Monte di Procida, in provincia di Napoli, era salita in Cadore insieme al marito, per aprire una prima osteria in via Don Natale Talamini. Poi il trasferimento a Belluno, per prendere il posto di una storica pizzeria cittadina, nella zona della stazione. Pi\u00f9 recente l&#8217;acquisizione dell&#8217;F40. La famiglia Prisco abita in via Monte Grappa e i funerali di Daniela Costigliola saranno celebrati luned\u00ec pomeriggio, alle 15.30, nella chiesa parrocchiale di San Nicol\u00f2, in Borgo Piave. La famiglia ringrazia fin da ora l&#8217;Adimed, l&#8217;Assistenza domiciliare infermieristica del Distretto di Belluno.<\/p>\n<p>&nbsp;<\/p>\n<hr \/>\n<p>&nbsp;<\/p>\n<blockquote>\n<h3>LADRI IN TRASFERTA A JESOLO<\/h3>\n<\/blockquote>\n<p><strong>BELLUNO<\/strong> Hanno rubato uno zaino a Jesolo, all&#8217;interno c&#8217;era per\u00f2 il telefonino con tanto di segnalatore Gps. I due trentenni bellunesi gi\u00e0 noti alle forze dell&#8217;ordine sono stati fermati dai carabinieri. Processo per direttissima, il giudice ha disposto l&#8217;arresto con obbligo di dimora nel Comune di residenza, chiusi\u00a0 in casa dalle 20 della sera alle 7 del mattino.<\/p>\n<p>&nbsp;<\/p>\n<p>&nbsp;<\/p>\n<hr \/>\n<p>&nbsp;<\/p>\n<p>&nbsp;<\/p>\n<blockquote>\n<h3 class=\"articlePlainTitle\">CADE CON LA BICI, BRACCIO FRATTURATO<\/h3>\n<\/blockquote>\n<\/div>\n<\/div>\n<div class=\"moz-forward-container\">\n<div class=\"moz-forward-container\">\n<div class=\"addthis_sharing_toolbox\" data-url=\"http:\/\/sfoglio.corrierealpi.gelocal.it\/share_article.php?article_id=12485215\" data-title=\"\u00abSempre col sorriso\u00bb \u00e8 morta la ristoratrice Daniela CostigliolaOcchialerie, un assegno per i diplom...\"><strong>FELTRE<\/strong>\u00a0 Al Pasquer, la bambina ha perduto il controllo della sua bici ed \u00e8 finita dentro la scarpata procurandosi la frattura di un braccio. Immediati sono scattati i soccorsi che hanno coinvolto il personale sanitario inviato con l&#8217;ambulanza del 118 e i vigili del fuoco<\/div>\n<p>&nbsp;<\/p>\n<p>&nbsp;<\/p>\n<hr \/>\n<p>&nbsp;<\/p>\n<blockquote>\n<h3><a class=\"dt-pswp-item\" href=\"https:\/\/www.radiopiu.net\/wordpress\/wp-content\/uploads\/2023\/06\/Senza-nome-56.png\" data-dt-img-description=\"\" data-large_image_width=\"347\" data-large_image_height=\"159\"><img loading=\"lazy\" decoding=\"async\" class=\"size-medium wp-image-341373 alignleft\" src=\"https:\/\/www.radiopiu.net\/wordpress\/wp-content\/uploads\/2023\/06\/Senza-nome-56-300x137.png\" alt=\"\" width=\"300\" height=\"137\" srcset=\"https:\/\/www.radiopiu.net\/wordpress\/wp-content\/uploads\/2023\/06\/Senza-nome-56-300x137.png 300w, https:\/\/www.radiopiu.net\/wordpress\/wp-content\/uploads\/2023\/06\/Senza-nome-56.png 347w\" sizes=\"auto, (max-width: 300px) 100vw, 300px\" \/><\/a>TERREMOTO TRA TREVIGIANO E BELLUNESE. PERCEPITO MA NON RISULTANO DANNI<\/h3>\n<\/blockquote>\n<p><strong>VENEZIA <\/strong>La Direzione Protezione Civile della Regione Veneto ha emesso una segnalazione di avvenuto terremoto, verificatosi alle 7.21 di ieri, con epicentro nell\u2019area di Fregona (Treviso) e una magnitudo di 2,9 sulla scala Richter. La scossa \u00e8 stata percepita e non si segnalano danni n\u00e9 lievi n\u00e9 rilevanti. Questi i Comuni delle province di Treviso e Belluno coinvolti: Fregona, Vittorio Veneto, Tambre, Alpago, sarmede, Revine Lago, Cappella Maggiore, Belluno, Ponte nelle Alpi, Limana, Chies d\u2019Alpago, Tarzo, Colle Umberto e Cordignano.<\/p>\n<p><em>foto RILEVAMENTO DEL TERREMOTO AL SISMOGRAFO DI AGORDO<\/em><\/p>\n<p>&nbsp;<\/p>\n<hr \/>\n<blockquote>\n<h3><\/h3>\n<h3>DA OGGI IL CIVILE DIVENTA IL &#8220;BEATO LUCIANI&#8221; NEL RICORDO DI DON ALBINO DI CANALE D&#8217;AGORDO<\/h3>\n<p><em><strong>ALLE 11.00 INTITOLAZIONE DELL&#8217;OSPEDALE. diretta sui canali social di Radio Pi\u00f9.\u00a0<\/strong><\/em><\/p><\/blockquote>\n<p><strong><span style=\"font-family: Times New Roman, serif;\"><span style=\"font-size: medium;\"><span style=\"font-family: Calibri, serif;\"><span style=\"font-size: small;\"><a class=\"dt-pswp-item\" href=\"https:\/\/www.radiopiu.net\/wordpress\/wp-content\/uploads\/2023\/06\/AGORDO-S.Pietro-29.6.1978.-Il-patriarca-Albino-Luciani-tra-i-fedeli-agordini.jpg\" data-dt-img-description=\"\" data-large_image_width=\"1768\" data-large_image_height=\"1166\"><img loading=\"lazy\" decoding=\"async\" class=\"size-medium wp-image-341441 alignleft\" src=\"https:\/\/www.radiopiu.net\/wordpress\/wp-content\/uploads\/2023\/06\/AGORDO-S.Pietro-29.6.1978.-Il-patriarca-Albino-Luciani-tra-i-fedeli-agordini-300x198.jpg\" alt=\"\" width=\"300\" height=\"198\" srcset=\"https:\/\/www.radiopiu.net\/wordpress\/wp-content\/uploads\/2023\/06\/AGORDO-S.Pietro-29.6.1978.-Il-patriarca-Albino-Luciani-tra-i-fedeli-agordini-300x198.jpg 300w, https:\/\/www.radiopiu.net\/wordpress\/wp-content\/uploads\/2023\/06\/AGORDO-S.Pietro-29.6.1978.-Il-patriarca-Albino-Luciani-tra-i-fedeli-agordini-1024x675.jpg 1024w, https:\/\/www.radiopiu.net\/wordpress\/wp-content\/uploads\/2023\/06\/AGORDO-S.Pietro-29.6.1978.-Il-patriarca-Albino-Luciani-tra-i-fedeli-agordini-768x506.jpg 768w, https:\/\/www.radiopiu.net\/wordpress\/wp-content\/uploads\/2023\/06\/AGORDO-S.Pietro-29.6.1978.-Il-patriarca-Albino-Luciani-tra-i-fedeli-agordini-1536x1013.jpg 1536w, https:\/\/www.radiopiu.net\/wordpress\/wp-content\/uploads\/2023\/06\/AGORDO-S.Pietro-29.6.1978.-Il-patriarca-Albino-Luciani-tra-i-fedeli-agordini.jpg 1768w\" sizes=\"auto, (max-width: 300px) 100vw, 300px\" \/><\/a>AGORDO <\/span><\/span><\/span><\/span><\/strong><span style=\"font-family: Times New Roman, serif;\"><span style=\"font-size: medium;\"><span style=\"font-family: Calibri, serif;\"><span style=\"font-size: small;\">Oggi<\/span><\/span><\/span><\/span><span style=\"font-family: Times New Roman, serif;\"><span style=\"font-size: medium;\"><span style=\"font-family: Calibri, serif;\"><span style=\"font-size: small;\">, alle 11, l\u2019ospedale di Agordo sar\u00e0 ufficialmente dedicato al beato Giovanni Paolo I-Papa Luciani. Alla cerimonia sar\u00e0 presente il commissario dell\u2019Ulss 1 Dolomiti, Giuseppe Dal Ben, assieme all\u2019assessore regionale Manuela Lanzarin, al vescovo Renato Marangoni e agli amministratori agordini. <\/span><\/span><\/span><\/span><span style=\"font-family: Times New Roman, serif;\"><span style=\"font-size: medium;\"><span style=\"font-family: Calibri, serif;\"><span style=\"font-size: small;\">La proposta era stata pubblicamente avanzata la sera del 18 luglio 2012, in occasione della fiaccolata sul Br\u00f3i di Agordo, promossa dai giovani dei gruppi \u201cL\u2019Impronta\u201d e \u201cAltra voce &#8211; Consulta giovanile agordina\u201d, con il supporto dell\u2019emittente RadioPi\u00f9 per il 50\u00b0 della nuova struttura del nosocomio di vallata e a difesa dello stesso. Era infatti gi\u00e0 purtroppo in atto la politica della \u201crazionalizzazione\u201d dei servizi sanitari con ripetuti tagli anche all\u2019ospedale agordino, confermata e continuata con il piano sanitario della Regione Veneto di quello stesso anno. <\/span><\/span><\/span><\/span><span style=\"font-family: Times New Roman, serif;\"><span style=\"font-size: medium;\"><span style=\"font-family: Calibri, serif;\"><span style=\"font-size: small;\">Rendere onore al papa agordino, era sembrata una proposta pi\u00f9 che plausibile, visto che solo un anno prima la sindaca di Pieve di Cadore, Antonia Ciotti, con un brevissimo iter aveva fatto intitolare l\u2019ospedale del Cadore al papa polacco Giovanni Paolo II. Accolta con entusiasmo dall\u2019allora presidente della Comunit\u00e0 montana agordina e da altri sindaci presenti, non ha per\u00f2 avuto il seguito e l\u2019esito sperato. <\/span><\/span><\/span><\/span><span style=\"font-family: Times New Roman, serif;\"><span style=\"font-size: medium;\"><span style=\"font-family: Calibri, serif;\"><span style=\"font-size: small;\">Il Comitato sanit\u00e0 agordina la ripropose con una lettera del 28 gennaio 2020 indirizzata al presidente dell\u2019Unione montana agordina e al sindaco di Agordo. L\u2019aveva <a class=\"dt-pswp-item\" href=\"https:\/\/www.radiopiu.net\/wordpress\/wp-content\/uploads\/2023\/06\/AGORDO-Ospedale-civile.jpg\" data-dt-img-description=\"\" data-large_image_width=\"1024\" data-large_image_height=\"461\"><img loading=\"lazy\" decoding=\"async\" class=\"size-medium wp-image-341440 alignright\" src=\"https:\/\/www.radiopiu.net\/wordpress\/wp-content\/uploads\/2023\/06\/AGORDO-Ospedale-civile-300x135.jpg\" alt=\"\" width=\"300\" height=\"135\" srcset=\"https:\/\/www.radiopiu.net\/wordpress\/wp-content\/uploads\/2023\/06\/AGORDO-Ospedale-civile-300x135.jpg 300w, https:\/\/www.radiopiu.net\/wordpress\/wp-content\/uploads\/2023\/06\/AGORDO-Ospedale-civile-768x346.jpg 768w, https:\/\/www.radiopiu.net\/wordpress\/wp-content\/uploads\/2023\/06\/AGORDO-Ospedale-civile.jpg 1024w\" sizes=\"auto, (max-width: 300px) 100vw, 300px\" \/><\/a>anticipato anche l\u2019allora arcidiacono, Giorgio Lise, nell\u2019omelia di congedo da Agordo del settembre 2019, con le seguenti parole: <\/span><\/span><span style=\"font-family: Calibri, serif;\"><span style=\"font-size: small;\">\u201c&#8230;riprendo l\u2019idea sorta ancora nel 2012 di intitolare l\u2019Ospedale ad un grande agordino: Papa Luciani, che nella sua vita \u00e8 sempre stato molto vicino e attento a chi soffriva. Se l\u2019iniziativa andasse a buon fine, potrebbe aiutare l\u2019esistenza dell\u2019ospedale non per uno sterile orgoglio di vallata, ma come struttura essenziale alla vita dignitosa nelle nostre vallate\u201d<\/span><\/span><span style=\"font-family: Calibri, serif;\"><span style=\"font-size: small;\">. <\/span><\/span><\/span><\/span><span style=\"font-family: Times New Roman, serif;\"><span style=\"font-size: medium;\"><span style=\"font-family: Calibri, serif;\"><span style=\"font-size: small;\">Il momento tanto atteso \u00e8 dunque arrivato, con la speranza che l\u2019ospedale possa continuare ad offrire cure di qualit\u00e0 e un ambiente accogliente per i pazienti, perpetuando cos\u00ec lo spirito di amore e dedizione incarnato da Papa Luciani, e ancor prima dai tanti benefattori agordini che lo vollero fermamente e lo realizzarono con impegno e sacrificio perch\u00e9, come scritto nella pergamena inserita nella posa della prima pietra della nuova struttura il 26 giugno 1960: &#8220;&#8230; gli agordini vi possano trovare nella loro lotta contro il dolore la luce di una speranza\u201d. <\/span><\/span><\/span><\/span><em><span style=\"font-family: Times New Roman, serif;\"><span style=\"font-size: medium;\"><span style=\"font-family: Calibri, serif;\"><span style=\"font-size: small;\">\u00abCi auguriamo che questa decisione\u00bb, ha detto l\u2019attuale arcidiacono di Agordo, Cesare Larese, \u00abseppure distinta dalle problematiche aziendali delle Unit\u00e0 socio-sanitarie, possa essere una spinta per il sostegno, la promozione e il progresso verso una sempre maggiore efficienza dell\u2019ospedale stesso, posto a servizio delle persone della nostra vallata, bellissima, ma assai disagevole a causa dell\u2019ambiente montano e delle distanze\u00bb.<\/span><\/span><\/span><\/span><\/em><\/p>\n<p>foto in alto: L\u2019intitolazione coincide significativamente con la festa patronale dei Ss. Pietro e Paolo, che richiama alla memoria il 29 giugno 1978 con l\u2019indimenticabile incontro con l\u2019allora patriarca di Venezia al termine del solenne pontificale celebrato nella chiesa \u201cche aveva tanto amato\u201d. L\u2019ultima sua visita alla terra natale prima di essere eletto Papa Giovanni Paolo I il 26 agosto successivo.<\/p>\n<p>foto in basso: \u2013 L\u2019ospedale civile, da domani, ospedale \u201cGiovanni Paolo I-Papa Luciani\u201d.<\/p>\n<p>&nbsp;<\/p>\n<blockquote><p><em><strong>Il programma della cerimonia: <\/strong>\u00a011.00: Direttore Generale, Giuseppe Dal Ben: saluto e introduzione 11.08: Don Davide Fiocco: Papa Luciani e la salute \u00a011.16: Presidente Unione Montana, Paolo Frena: le motivazioni \u00a011.20 Sindaco di Agordo, Roberto Chissal\u00e8: significato intitolazione \u00a011.24: Assessore regionale Manuela Lanzarin: saluto \u00a011.40: Vescovo, mons. Renato Marangoni: benedizione\u00a011.45: Scopertura insegna all\u2019ingresso dell\u2019ospedale<\/em><\/p><\/blockquote>\n<p>&nbsp;<\/p>\n<p>&nbsp;<\/p>\n<hr \/>\n<p>&nbsp;<\/p>\n<blockquote>\n<h3>TRASIZIONE DIGITALE: UN INCONTRO IN PREFETTURA CON I SINDACI DEL CADORE<\/h3>\n<\/blockquote>\n<p><strong><a class=\"dt-pswp-item\" href=\"https:\/\/www.radiopiu.net\/wordpress\/wp-content\/uploads\/2021\/06\/68d028ad-2468-42a2-a92d-95fbdaa97527.jpg\" data-dt-img-description=\"\" data-large_image_width=\"1024\" data-large_image_height=\"768\"><img loading=\"lazy\" decoding=\"async\" class=\" wp-image-213618 alignleft\" src=\"https:\/\/www.radiopiu.net\/wordpress\/wp-content\/uploads\/2021\/06\/68d028ad-2468-42a2-a92d-95fbdaa97527-300x225.jpg\" alt=\"\" width=\"151\" height=\"113\" srcset=\"https:\/\/www.radiopiu.net\/wordpress\/wp-content\/uploads\/2021\/06\/68d028ad-2468-42a2-a92d-95fbdaa97527-300x225.jpg 300w, https:\/\/www.radiopiu.net\/wordpress\/wp-content\/uploads\/2021\/06\/68d028ad-2468-42a2-a92d-95fbdaa97527-768x576.jpg 768w, https:\/\/www.radiopiu.net\/wordpress\/wp-content\/uploads\/2021\/06\/68d028ad-2468-42a2-a92d-95fbdaa97527.jpg 1024w\" sizes=\"auto, (max-width: 151px) 100vw, 151px\" \/><\/a>BELLUNO <\/strong>Marted\u00ec Scorso si \u00e8 tenuto un evento a Belluno, organizzato dalla Prefettura e dal Dipartimento per la trasformazione digitale, per presentare i progetti di digitalizzazione finanziati con i fondi PNRR. L&#8217;obiettivo dell&#8217;incontro era illustrare l&#8217;attivit\u00e0 condotta sul territorio nel campo della digitalizzazione delle amministrazioni locali, in particolare nella zona montana del Cadore, e come il Dipartimento per la Trasformazione Digitale supporta i comuni nel monitoraggio e nell&#8217;implementazione dei progetti. Durante l&#8217;evento sono stati evidenziati i vantaggi della trasformazione digitale, come la semplificazione delle procedure amministrative e il miglioramento dei servizi offerti ai cittadini. I sindaci dei comuni del Cadore hanno sottolineato l&#8217;importanza di queste iniziative nel colmare il divario digitale nelle zone montane e nell&#8217;aggiornare i servizi pubblici. Sono stati presentati i risultati delle attivit\u00e0 svolte sul territorio, coinvolgendo anche i presidenti delle Unioni montane che hanno illustrato il ruolo di aggregatori nel processo di digitalizzazione. L&#8217;incontro si \u00e8 concluso con una tavola rotonda in cui i comuni hanno discusso i benefici dei finanziamenti ricevuti e la loro integrazione con le iniziative digitali gi\u00e0 in corso, nonch\u00e9 l&#8217;esperienza di gestione dei finanziamenti PNRR e il rapporto con i cittadini. Il Prefetto di Belluno ha sottolineato come la trasformazione digitale della Pubblica Amministrazione e l&#8217;interconnessione di banche dati pubbliche sicure comporteranno un risparmio economico e di tempo, aumentando l&#8217;efficienza complessiva del sistema. \u00c8 una sfida importante che il Paese deve affrontare nonostante le difficolt\u00e0 attuali.<\/p>\n<p>&nbsp;<\/p>\n<hr \/>\n<p>&nbsp;<\/p>\n<blockquote>\n<h3>\u00a0AL VIA I LAVORI DI MANUTENZIONE DEI CAVALCAFERROVIA LUNGO LA SS 50 \u201cDEL GRAPPA E DEL PASSO ROLLE\u201d<\/h3>\n<p><strong>BELLUNO<\/strong><\/p>\n<p><strong>DI MORENO GIOLI<\/strong><\/p>\n<audio class=\"wp-audio-shortcode\" id=\"audio-341384-2\" preload=\"none\" style=\"width: 100%;\" controls=\"controls\"><source type=\"audio\/mpeg\" src=\"https:\/\/www.radiopiu.net\/wordpress\/wp-content\/uploads\/2023\/06\/lavori-ss50.mp3?_=2\" \/><a href=\"https:\/\/www.radiopiu.net\/wordpress\/wp-content\/uploads\/2023\/06\/lavori-ss50.mp3\">https:\/\/www.radiopiu.net\/wordpress\/wp-content\/uploads\/2023\/06\/lavori-ss50.mp3<\/a><\/audio>\n<p>&nbsp;<\/p><\/blockquote>\n<p><strong><img loading=\"lazy\" decoding=\"async\" class=\"alignleft\" src=\"https:\/\/www.radiopiu.net\/wordpress\/wp-content\/uploads\/2023\/06\/th-9.jpg\" width=\"343\" height=\"147\" \/>VENEZIA\u00a0<\/strong> Anas ha programmato l\u2019avvio dei lavori di manutenzione dei cavalcaferrovia Busche\/Feltre e al\u00a0 Santa Giustina. Il piano degli interventi prevede il consolidamento delle spalle dell\u2019opera e la successiva demolizione e ricostruzione integrale dell\u2019impalcato. Il programma dei lavori, condiviso e concordato con gli enti territorialmente competenti, \u00e8 stato fissato in concomitanza con la sospensione del servizio\u00a0ferroviario attualmente in corso.<\/p>\n<p>La fase iniziale dei lavori, che prender\u00e0 avvio nella prima settimana di luglio e durer\u00e0 circa 40 giorni, non comporta alcuna interruzione della circolazione, ma la deviazione della corrente di traffico in direzione Feltre su viabilit\u00e0 locale. I mezzi che viaggiano in direzione Belluno potranno transitare regolarmente sulla statale 50. L\u2019andamento dei lavori e le successive fasi di cantierizzazione e di modifica alla circolazione saranno resi noti all\u2019utenza con congruo anticipo.<\/p>\n<p>&nbsp;<\/p>\n<hr \/>\n<p>&nbsp;<\/p>\n<blockquote>\n<h3>AIUTO BELLUNESE NELLE TERRE COLPITE DELL\u2019ALLUVIONE, 66 I VOLONTARI DI PROTEZIONE CIVILE IN EMILIA ROMAGNA<\/h3>\n<\/blockquote>\n<p><strong>BELLUNO <\/strong>Sta tornando alla normalit\u00e0 la situazione in Emilia Romagna. Nelle terre colpite dall\u2019alluvione dello scorso maggio sono intervenute anche le tute fluo bellunesi. In totale hanno operato 66 volontari di Protezione Civile appartenenti a diversi gruppi, con l\u2019organizzazione della colonna mobile del Veneto e il coordinamento della Regione. In particolare, sono state prestate 371 giornate\/uomo di lavoro, grazie all\u2019apporto dell\u2019Ana Belluno e Ana Feltre, dei gruppi Protezione Civile e antincendio boschivo di Soverzene, di San Tomaso Agordino e di Voltago, di Auronzo, del \u201cMonte Peron\u201d di Sedico e di Sospirolo, della Squadra feltrina cinofili da soccorso, dei volontari di Protezione Civile Antelao e dei volontari per la Protezione civile e ambientale del Comune di Alano.<br \/>\nLa Provincia ha messo a disposizione attrezzatura di movimento terra, mentre ogni associazione \u00e8 intervenuta con la sua strumentazione, nei Comuni di Imola (nella frazione di Spazzate Sassatelli), Rimini, Faenza, Brisighella, Solarolo e Riolo Terme.<\/p>\n\n\t\t\t<style type='text\/css'>\n\t\t\t\t#gallery-4 {\n\t\t\t\t\tmargin: auto;\n\t\t\t\t}\n\t\t\t\t#gallery-4 .gallery-item {\n\t\t\t\t\tfloat: left;\n\t\t\t\t\tmargin-top: 10px;\n\t\t\t\t\ttext-align: center;\n\t\t\t\t\twidth: 25%;\n\t\t\t\t}\n\t\t\t\t#gallery-4 img {\n\t\t\t\t\tborder: 2px solid #cfcfcf;\n\t\t\t\t}\n\t\t\t\t#gallery-4 .gallery-caption {\n\t\t\t\t\tmargin-left: 0;\n\t\t\t\t}\n\t\t\t\t\/* see gallery_shortcode() in wp-includes\/media.php *\/\n\t\t\t<\/style>\n\t\t<div id='gallery-4' class='dt-gallery-container gallery galleryid-341384 gallery-columns-4 gallery-size-thumbnail'><dl class='gallery-item'>\n\t\t\t\t<dt class='gallery-icon landscape'>\n\t\t\t\t\t<a class=\"rollover rollover-zoom dt-pswp-item\" title=\"PHOTO-2023-06-22-16-45-10 2\" data-dt-img-description=\"\" data-large_image_width=\"2040\" data-large_image_height=\"1536\"href='https:\/\/www.radiopiu.net\/wordpress\/wp-content\/uploads\/2023\/06\/PHOTO-2023-06-22-16-45-10-2.jpg'><img loading=\"lazy\" decoding=\"async\" width=\"150\" height=\"150\" src=\"https:\/\/www.radiopiu.net\/wordpress\/wp-content\/uploads\/2023\/06\/PHOTO-2023-06-22-16-45-10-2-150x150.jpg\" class=\"attachment-thumbnail size-thumbnail\" alt=\"\" \/><\/a>\n\t\t\t\t<\/dt><\/dl><dl class='gallery-item'>\n\t\t\t\t<dt class='gallery-icon landscape'>\n\t\t\t\t\t<a class=\"rollover rollover-zoom dt-pswp-item\" title=\"PHOTO-2023-06-22-16-45-11\" data-dt-img-description=\"\" data-large_image_width=\"2040\" data-large_image_height=\"1536\"href='https:\/\/www.radiopiu.net\/wordpress\/wp-content\/uploads\/2023\/06\/PHOTO-2023-06-22-16-45-11.jpg'><img loading=\"lazy\" decoding=\"async\" width=\"150\" height=\"150\" src=\"https:\/\/www.radiopiu.net\/wordpress\/wp-content\/uploads\/2023\/06\/PHOTO-2023-06-22-16-45-11-150x150.jpg\" class=\"attachment-thumbnail size-thumbnail\" alt=\"\" \/><\/a>\n\t\t\t\t<\/dt><\/dl><dl class='gallery-item'>\n\t\t\t\t<dt class='gallery-icon portrait'>\n\t\t\t\t\t<a class=\"rollover rollover-zoom dt-pswp-item\" title=\"PHOTO-2023-06-22-16-46-27\" data-dt-img-description=\"\" data-large_image_width=\"1200\" data-large_image_height=\"1600\"href='https:\/\/www.radiopiu.net\/wordpress\/wp-content\/uploads\/2023\/06\/PHOTO-2023-06-22-16-46-27.jpg'><img loading=\"lazy\" decoding=\"async\" width=\"150\" height=\"150\" src=\"https:\/\/www.radiopiu.net\/wordpress\/wp-content\/uploads\/2023\/06\/PHOTO-2023-06-22-16-46-27-150x150.jpg\" class=\"attachment-thumbnail size-thumbnail\" alt=\"\" \/><\/a>\n\t\t\t\t<\/dt><\/dl><dl class='gallery-item'>\n\t\t\t\t<dt class='gallery-icon landscape'>\n\t\t\t\t\t<a class=\"rollover rollover-zoom dt-pswp-item\" title=\"347796784_4323238494568311_5667422119603565908_n\" data-dt-img-description=\"\" data-large_image_width=\"2048\" data-large_image_height=\"922\"href='https:\/\/www.radiopiu.net\/wordpress\/wp-content\/uploads\/2023\/06\/347796784_4323238494568311_5667422119603565908_n.jpg'><img loading=\"lazy\" decoding=\"async\" width=\"150\" height=\"150\" src=\"https:\/\/www.radiopiu.net\/wordpress\/wp-content\/uploads\/2023\/06\/347796784_4323238494568311_5667422119603565908_n-150x150.jpg\" class=\"attachment-thumbnail size-thumbnail\" alt=\"\" \/><\/a>\n\t\t\t\t<\/dt><\/dl><br style=\"clear: both\" \/>\n\t\t\t<\/div>\n\n<p>&nbsp;<\/p>\n<p>&nbsp;<\/p>\n<p>&nbsp;<\/p>\n<hr \/>\n<p>&nbsp;<\/p>\n<p>&nbsp;<\/p>\n<blockquote>\n<h3><a class=\"dt-pswp-item\" href=\"https:\/\/www.radiopiu.net\/wordpress\/wp-content\/uploads\/2023\/06\/Sersa-23.06.23.jpeg\" data-dt-img-description=\"\" data-large_image_width=\"2048\" data-large_image_height=\"1536\"><img loading=\"lazy\" decoding=\"async\" class=\"size-medium wp-image-341465 alignleft\" src=\"https:\/\/www.radiopiu.net\/wordpress\/wp-content\/uploads\/2023\/06\/Sersa-23.06.23-300x225.jpeg\" alt=\"\" width=\"300\" height=\"225\" srcset=\"https:\/\/www.radiopiu.net\/wordpress\/wp-content\/uploads\/2023\/06\/Sersa-23.06.23-300x225.jpeg 300w, https:\/\/www.radiopiu.net\/wordpress\/wp-content\/uploads\/2023\/06\/Sersa-23.06.23-1024x768.jpeg 1024w, https:\/\/www.radiopiu.net\/wordpress\/wp-content\/uploads\/2023\/06\/Sersa-23.06.23-768x576.jpeg 768w, https:\/\/www.radiopiu.net\/wordpress\/wp-content\/uploads\/2023\/06\/Sersa-23.06.23-1536x1152.jpeg 1536w, https:\/\/www.radiopiu.net\/wordpress\/wp-content\/uploads\/2023\/06\/Sersa-23.06.23.jpeg 2048w\" sizes=\"auto, (max-width: 300px) 100vw, 300px\" \/><\/a>FESTA IN SERSA Raggiunto l\u2019obiettivo dei 152 ospiti<\/h3>\n<\/blockquote>\n<p>La struttura \u00e8 tornata operativa a pieno regime. Lo sforzo condotto dalla direzione della partecipata e dall\u2019amministrazione ha permesso di tornare ad accogliere 152 ospiti, capienza necessaria per riportare in equilibrio i conti dopo le difficolt\u00e0 iniziate negli anni della pandemia.<\/p>\n<p>&nbsp;<\/p>\n<p>&nbsp;<\/p>\n<p>L&#8217;AMMINISTRATORE UNICO GIUSEPPE MONTUORI<\/p>\n<audio class=\"wp-audio-shortcode\" id=\"audio-341384-3\" preload=\"none\" style=\"width: 100%;\" controls=\"controls\"><source type=\"audio\/mpeg\" src=\"https:\/\/www.radiopiu.net\/wordpress\/wp-content\/uploads\/2023\/06\/MONTURI.mp3?_=3\" \/><a href=\"https:\/\/www.radiopiu.net\/wordpress\/wp-content\/uploads\/2023\/06\/MONTURI.mp3\">https:\/\/www.radiopiu.net\/wordpress\/wp-content\/uploads\/2023\/06\/MONTURI.mp3<\/a><\/audio>\n<p>&nbsp;<\/p>\n<p>IL SINDACO OSCAR DE PELLEGRIN<\/p>\n<audio class=\"wp-audio-shortcode\" id=\"audio-341384-4\" preload=\"none\" style=\"width: 100%;\" controls=\"controls\"><source type=\"audio\/mpeg\" src=\"https:\/\/www.radiopiu.net\/wordpress\/wp-content\/uploads\/2023\/06\/DE-PELLEGRIN_SERSA.mp3?_=4\" \/><a href=\"https:\/\/www.radiopiu.net\/wordpress\/wp-content\/uploads\/2023\/06\/DE-PELLEGRIN_SERSA.mp3\">https:\/\/www.radiopiu.net\/wordpress\/wp-content\/uploads\/2023\/06\/DE-PELLEGRIN_SERSA.mp3<\/a><\/audio>\n<p>&nbsp;<\/p>\n<p>&nbsp;<\/p>\n<hr \/>\n<p>&nbsp;<\/p>\n<blockquote>\n<h3>AIUTO BELLUNESE NELLE TERRE COLPITE DELL\u2019ALLUVIONE, 66 I VOLONTARI DI PROTEZIONE CIVILE IN EMILIA ROMAGNA<\/h3>\n<\/blockquote>\n<p><strong>BELLUNO <\/strong>Sta tornando alla normalit\u00e0 la situazione in Emilia Romagna. Nelle terre colpite dall\u2019alluvione dello scorso maggio sono intervenute anche le tute fluo bellunesi. In totale hanno operato 66 volontari di Protezione Civile appartenenti a diversi gruppi, con l\u2019organizzazione della colonna mobile del Veneto e il coordinamento della Regione. In particolare, sono state prestate 371 giornate\/uomo di lavoro, grazie all\u2019apporto dell\u2019Ana Belluno e Ana Feltre, dei gruppi Protezione Civile e antincendio boschivo di Soverzene, di San Tomaso Agordino e di Voltago, di Auronzo, del \u201cMonte Peron\u201d di Sedico e di Sospirolo, della Squadra feltrina cinofili da soccorso, dei volontari di Protezione Civile Antelao e dei volontari per la Protezione civile e ambientale del Comune di Alano.<br \/>\nLa Provincia ha messo a disposizione attrezzatura di movimento terra, mentre ogni associazione \u00e8 intervenuta con la sua strumentazione, nei Comuni di Imola (nella frazione di Spazzate Sassatelli), Rimini, Faenza, Brisighella, Solarolo e Riolo Terme.<\/p>\n\n\t\t\t<style type='text\/css'>\n\t\t\t\t#gallery-5 {\n\t\t\t\t\tmargin: auto;\n\t\t\t\t}\n\t\t\t\t#gallery-5 .gallery-item {\n\t\t\t\t\tfloat: left;\n\t\t\t\t\tmargin-top: 10px;\n\t\t\t\t\ttext-align: center;\n\t\t\t\t\twidth: 25%;\n\t\t\t\t}\n\t\t\t\t#gallery-5 img {\n\t\t\t\t\tborder: 2px solid #cfcfcf;\n\t\t\t\t}\n\t\t\t\t#gallery-5 .gallery-caption {\n\t\t\t\t\tmargin-left: 0;\n\t\t\t\t}\n\t\t\t\t\/* see gallery_shortcode() in wp-includes\/media.php *\/\n\t\t\t<\/style>\n\t\t<div id='gallery-5' class='dt-gallery-container gallery galleryid-341384 gallery-columns-4 gallery-size-thumbnail'><dl class='gallery-item'>\n\t\t\t\t<dt class='gallery-icon landscape'>\n\t\t\t\t\t<a class=\"rollover rollover-zoom dt-pswp-item\" title=\"PHOTO-2023-06-22-16-45-10 2\" data-dt-img-description=\"\" data-large_image_width=\"2040\" data-large_image_height=\"1536\"href='https:\/\/www.radiopiu.net\/wordpress\/wp-content\/uploads\/2023\/06\/PHOTO-2023-06-22-16-45-10-2.jpg'><img loading=\"lazy\" decoding=\"async\" width=\"150\" height=\"150\" src=\"https:\/\/www.radiopiu.net\/wordpress\/wp-content\/uploads\/2023\/06\/PHOTO-2023-06-22-16-45-10-2-150x150.jpg\" class=\"attachment-thumbnail size-thumbnail\" alt=\"\" \/><\/a>\n\t\t\t\t<\/dt><\/dl><dl class='gallery-item'>\n\t\t\t\t<dt class='gallery-icon landscape'>\n\t\t\t\t\t<a class=\"rollover rollover-zoom dt-pswp-item\" title=\"PHOTO-2023-06-22-16-45-11\" data-dt-img-description=\"\" data-large_image_width=\"2040\" data-large_image_height=\"1536\"href='https:\/\/www.radiopiu.net\/wordpress\/wp-content\/uploads\/2023\/06\/PHOTO-2023-06-22-16-45-11.jpg'><img loading=\"lazy\" decoding=\"async\" width=\"150\" height=\"150\" src=\"https:\/\/www.radiopiu.net\/wordpress\/wp-content\/uploads\/2023\/06\/PHOTO-2023-06-22-16-45-11-150x150.jpg\" class=\"attachment-thumbnail size-thumbnail\" alt=\"\" \/><\/a>\n\t\t\t\t<\/dt><\/dl><dl class='gallery-item'>\n\t\t\t\t<dt class='gallery-icon portrait'>\n\t\t\t\t\t<a class=\"rollover rollover-zoom dt-pswp-item\" title=\"PHOTO-2023-06-22-16-46-27\" data-dt-img-description=\"\" data-large_image_width=\"1200\" data-large_image_height=\"1600\"href='https:\/\/www.radiopiu.net\/wordpress\/wp-content\/uploads\/2023\/06\/PHOTO-2023-06-22-16-46-27.jpg'><img loading=\"lazy\" decoding=\"async\" width=\"150\" height=\"150\" src=\"https:\/\/www.radiopiu.net\/wordpress\/wp-content\/uploads\/2023\/06\/PHOTO-2023-06-22-16-46-27-150x150.jpg\" class=\"attachment-thumbnail size-thumbnail\" alt=\"\" \/><\/a>\n\t\t\t\t<\/dt><\/dl><dl class='gallery-item'>\n\t\t\t\t<dt class='gallery-icon landscape'>\n\t\t\t\t\t<a class=\"rollover rollover-zoom dt-pswp-item\" title=\"347796784_4323238494568311_5667422119603565908_n\" data-dt-img-description=\"\" data-large_image_width=\"2048\" data-large_image_height=\"922\"href='https:\/\/www.radiopiu.net\/wordpress\/wp-content\/uploads\/2023\/06\/347796784_4323238494568311_5667422119603565908_n.jpg'><img loading=\"lazy\" decoding=\"async\" width=\"150\" height=\"150\" src=\"https:\/\/www.radiopiu.net\/wordpress\/wp-content\/uploads\/2023\/06\/347796784_4323238494568311_5667422119603565908_n-150x150.jpg\" class=\"attachment-thumbnail size-thumbnail\" alt=\"\" \/><\/a>\n\t\t\t\t<\/dt><\/dl><br style=\"clear: both\" \/>\n\t\t\t<\/div>\n\n<p>&nbsp;<\/p>\n<p>&nbsp;<\/p>\n<hr \/>\n<p>&nbsp;<\/p>\n<p>&nbsp;<\/p>\n<blockquote>\n<h3>AL VIA IL CALENDARIO VENATORIO DELLA STAGIONE 2023-2024.<\/h3>\n<\/blockquote>\n<p><strong><a class=\"dt-pswp-item\" href=\"https:\/\/www.radiopiu.net\/wordpress\/wp-content\/uploads\/2023\/06\/CACCIATORE-150x150-1.jpg\" data-dt-img-description=\"\" data-large_image_width=\"150\" data-large_image_height=\"150\"><img loading=\"lazy\" decoding=\"async\" class=\" wp-image-340474 alignleft\" src=\"https:\/\/www.radiopiu.net\/wordpress\/wp-content\/uploads\/2023\/06\/CACCIATORE-150x150-1.jpg\" alt=\"\" width=\"108\" height=\"108\" \/><\/a>VENEZIA\u00a0<\/strong> La stagione venatoria aprir\u00e0 domenica 17 settembre 2023 per chiudersi luned\u00ec 31 gennaio 2024. Sono le date fissate dal Calendario Venatorio della Stagione 2023-2024, approvato con delibera dalla Giunta Regionale del Veneto. Il calendario prevede alcune giornate di preapertura (2, 3, 4, 6 e 7 settembre) per le specie ghiandaia, gazza, cornacchia nera e cornacchia grigia. Viene confermata la caccia al colombaccio, nelle due giornate di preapertura del 2 e 3 settembre, anche in considerazione del buono stato della popolazione nel territorio regionale. Via libera infine per la preapertura alla specie tortora nelle giornate del 2 e 3 settembre prossimi nel piano rispetto del Piano di gestione di questa specie.<\/p>\n<p>&nbsp;<\/p>\n<p>&nbsp;<\/p>\n<hr \/>\n<p>&nbsp;<\/p>\n<blockquote>\n<h2 class=\"articlePlainTitle\">L&#8217;Asca in cerca di Oss: e offre anche dei benefit<\/h2>\n<\/blockquote>\n<p class=\"articlePlainText\"><strong><a class=\"dt-pswp-item\" href=\"https:\/\/www.radiopiu.net\/wordpress\/wp-content\/uploads\/2022\/01\/6441593_15212809_asca.jpg\" data-dt-img-description=\"\" data-large_image_width=\"620\" data-large_image_height=\"340\"><img loading=\"lazy\" decoding=\"async\" class=\"size-medium wp-image-254405 alignleft\" src=\"https:\/\/www.radiopiu.net\/wordpress\/wp-content\/uploads\/2022\/01\/6441593_15212809_asca-300x165.jpg\" alt=\"\" width=\"300\" height=\"165\" srcset=\"https:\/\/www.radiopiu.net\/wordpress\/wp-content\/uploads\/2022\/01\/6441593_15212809_asca-300x165.jpg 300w, https:\/\/www.radiopiu.net\/wordpress\/wp-content\/uploads\/2022\/01\/6441593_15212809_asca.jpg 620w\" sizes=\"auto, (max-width: 300px) 100vw, 300px\" \/><\/a>AGORDO<\/strong> L&#8217;Asca, l&#8217;Azienda speciale consortile agordina, cerca Oss, operatori socio sanitari, con un nuovo bando mirato a formare una graduatoria di assunzione. La scadenza per la presentazione delle domande \u00e8 il 5 luglio e sul sito dell&#8217;Azienda speciale consortile agordina \u00e8 disponibile la documentazione completa. Oltre al trattamento economico del livello 4S di Uneba, si offre un superminimo di 2.502 euro lordi annui, l&#8217;accesso al welfare aziendale, secondo criteri e valutazioni a seguito di accordi sindacali, la possibilit\u00e0 di sistemazione abitativa gratuita per otto mesi salvo pagamento delle utenze, fino a esaurimento delle disponibilit\u00e0. La domanda potr\u00e0 essere presentata direttamente agli uffici di Asca ad Agordo, per raccomandata (via Dozza, 1, 32021 Agordo-BL), via pec ad a. s. c. a@pec. it o via mail ordinaria a personale@servizisocialiasca. it.<\/p>\n<p>&nbsp;<\/p>\n<hr \/>\n<p>&nbsp;<\/p>\n<blockquote>\n<h1>&#x1f198;&#x1f198; FAMIGLIE OSPITANTI &#x1f198;&#x1f198;<\/h1>\n<\/blockquote>\n<p><strong><a class=\"dt-pswp-item\" href=\"https:\/\/www.radiopiu.net\/wordpress\/wp-content\/uploads\/2023\/06\/4d4b83ca-70b7-4588-9bc8-69097fe2bf56.jpg\" data-dt-img-description=\"\" data-large_image_width=\"1748\" data-large_image_height=\"1240\"><img loading=\"lazy\" decoding=\"async\" class=\"wp-image-341449 alignleft\" src=\"https:\/\/www.radiopiu.net\/wordpress\/wp-content\/uploads\/2023\/06\/4d4b83ca-70b7-4588-9bc8-69097fe2bf56-300x213.jpg\" alt=\"\" width=\"207\" height=\"147\" srcset=\"https:\/\/www.radiopiu.net\/wordpress\/wp-content\/uploads\/2023\/06\/4d4b83ca-70b7-4588-9bc8-69097fe2bf56-300x213.jpg 300w, https:\/\/www.radiopiu.net\/wordpress\/wp-content\/uploads\/2023\/06\/4d4b83ca-70b7-4588-9bc8-69097fe2bf56-1024x726.jpg 1024w, https:\/\/www.radiopiu.net\/wordpress\/wp-content\/uploads\/2023\/06\/4d4b83ca-70b7-4588-9bc8-69097fe2bf56-768x545.jpg 768w, https:\/\/www.radiopiu.net\/wordpress\/wp-content\/uploads\/2023\/06\/4d4b83ca-70b7-4588-9bc8-69097fe2bf56-1536x1090.jpg 1536w, https:\/\/www.radiopiu.net\/wordpress\/wp-content\/uploads\/2023\/06\/4d4b83ca-70b7-4588-9bc8-69097fe2bf56.jpg 1748w\" sizes=\"auto, (max-width: 207px) 100vw, 207px\" \/><\/a>&#x23e9;ULTIME 2 SETTIMANE&#x23ea;<\/strong><\/p>\n<p><strong>BELLUNO<\/strong> Ultime due settimane per individuare famiglie ospitanti per\u00a0 due studenti che dovrebbero arrivare a Belluno a settembre. Chiediamo aiuto a tutti, altrimenti dovremo cancellare il programma e il loro sogno di trascorrere un anno in Italia svanir\u00e0. Se siete disponibili o conoscete qualcuno che possa esserlo, chiediamo gentilmente di contattare Gabriella (tel. 393 0107980). GRAZIE \u00a0per il vostro aiuto!<\/p>\n<p>&nbsp;<\/p>\n<hr \/>\n<p>&nbsp;<\/p>\n<blockquote>\n<h2><a class=\"dt-pswp-item\" href=\"https:\/\/www.radiopiu.net\/wordpress\/wp-content\/uploads\/2023\/06\/festa_abm_2023.jpg\" data-dt-img-description=\"\" data-large_image_width=\"1575\" data-large_image_height=\"787\"><img loading=\"lazy\" decoding=\"async\" class=\" wp-image-341462 alignleft\" src=\"https:\/\/www.radiopiu.net\/wordpress\/wp-content\/uploads\/2023\/06\/festa_abm_2023-300x150.jpg\" alt=\"\" width=\"234\" height=\"117\" srcset=\"https:\/\/www.radiopiu.net\/wordpress\/wp-content\/uploads\/2023\/06\/festa_abm_2023-300x150.jpg 300w, https:\/\/www.radiopiu.net\/wordpress\/wp-content\/uploads\/2023\/06\/festa_abm_2023-1024x512.jpg 1024w, https:\/\/www.radiopiu.net\/wordpress\/wp-content\/uploads\/2023\/06\/festa_abm_2023-768x384.jpg 768w, https:\/\/www.radiopiu.net\/wordpress\/wp-content\/uploads\/2023\/06\/festa_abm_2023-1536x768.jpg 1536w, https:\/\/www.radiopiu.net\/wordpress\/wp-content\/uploads\/2023\/06\/festa_abm_2023.jpg 1575w\" sizes=\"auto, (max-width: 234px) 100vw, 234px\" \/><\/a>Festa dei bellunesi nel mondo Appuntamento a Valle di Cadore domenica 16 luglio<\/h2>\n<\/blockquote>\n<p><strong>BELLUNO<\/strong> Torna il tradizionale appuntamento estivo dell\u2019Associazione Bellunesi nel Mondo. Quest\u2019anno a ospitare la \u201cFesta dei bellunesi nel mondo\u201d, nella giornata di domenica 16 luglio, sar\u00e0 il comune di Valle di Cadore. Questo il programma della giornata:\u00a0 9.30\u00a0 Messa;\u00a0 visita alla\u00a0 \u201cMostra di arti e mestieri\u201d nella Borgata di Costa;\u00a0 12.30 ritrovo a \u201cLa Tappa\u201d (Via O.M. Olivo 24 &#8211; 100 m da piazza Costa) per il pranzo comunitario 14.00 omaggio ai Sindaci, ai Dirigenti e amici dell\u2019Abm venuti a mancare nel corso del 2022\/2023 con il coro \u201cRualan\u201d di Valle di Cadore.<\/p>\n<p>&nbsp;<\/p>\n<hr \/>\n<p>&nbsp;<\/p>\n<blockquote>\n<h3>WILLIAM DA ROIT SUI MAXISCHERMI DI TIME SQUARE A NEW YORK<\/h3>\n<\/blockquote>\n<p><strong>REDAZIONE<\/strong>\u00a0 Ieri alle 12:30 a New York su un maxi schermo di Time Square \u00e8 andato in onda un filmato pubblicitario sull\u2019Islanda con William Da Roit in versione runner.<\/p>\n\n\t\t\t<style type='text\/css'>\n\t\t\t\t#gallery-6 {\n\t\t\t\t\tmargin: auto;\n\t\t\t\t}\n\t\t\t\t#gallery-6 .gallery-item {\n\t\t\t\t\tfloat: left;\n\t\t\t\t\tmargin-top: 10px;\n\t\t\t\t\ttext-align: center;\n\t\t\t\t\twidth: 33%;\n\t\t\t\t}\n\t\t\t\t#gallery-6 img {\n\t\t\t\t\tborder: 2px solid #cfcfcf;\n\t\t\t\t}\n\t\t\t\t#gallery-6 .gallery-caption {\n\t\t\t\t\tmargin-left: 0;\n\t\t\t\t}\n\t\t\t\t\/* see gallery_shortcode() in wp-includes\/media.php *\/\n\t\t\t<\/style>\n\t\t<div id='gallery-6' class='dt-gallery-container gallery galleryid-341384 gallery-columns-3 gallery-size-thumbnail'><dl class='gallery-item'>\n\t\t\t\t<dt class='gallery-icon portrait'>\n\t\t\t\t\t<a class=\"rollover rollover-zoom dt-pswp-item\" title=\"f8256258-fd18-4725-9433-cb31f020b24c\" data-dt-img-description=\"\" data-large_image_width=\"473\" data-large_image_height=\"1024\"href='https:\/\/www.radiopiu.net\/wordpress\/wp-content\/uploads\/2023\/06\/f8256258-fd18-4725-9433-cb31f020b24c.jpeg'><img loading=\"lazy\" decoding=\"async\" width=\"150\" height=\"150\" src=\"https:\/\/www.radiopiu.net\/wordpress\/wp-content\/uploads\/2023\/06\/f8256258-fd18-4725-9433-cb31f020b24c-150x150.jpeg\" class=\"attachment-thumbnail size-thumbnail\" alt=\"\" \/><\/a>\n\t\t\t\t<\/dt><\/dl><dl class='gallery-item'>\n\t\t\t\t<dt class='gallery-icon portrait'>\n\t\t\t\t\t<a class=\"rollover rollover-zoom dt-pswp-item\" title=\"4137ac85-99d0-4e89-a98f-d011fda0310f\" data-dt-img-description=\"\" data-large_image_width=\"652\" data-large_image_height=\"999\"href='https:\/\/www.radiopiu.net\/wordpress\/wp-content\/uploads\/2023\/06\/4137ac85-99d0-4e89-a98f-d011fda0310f.jpeg'><img loading=\"lazy\" decoding=\"async\" width=\"150\" height=\"150\" src=\"https:\/\/www.radiopiu.net\/wordpress\/wp-content\/uploads\/2023\/06\/4137ac85-99d0-4e89-a98f-d011fda0310f-150x150.jpeg\" class=\"attachment-thumbnail size-thumbnail\" alt=\"\" \/><\/a>\n\t\t\t\t<\/dt><\/dl>\n\t\t\t\t<br style='clear: both' \/>\n\t\t\t<\/div>\n\n<p>&nbsp;<\/p>\n<hr \/>\n<p>&nbsp;<\/p>\n<blockquote>\n<h3>RICONOSCIMENTI MERITATI PER SANT&#8217;ANTONI AD AGOSTINO ED ANTONIETTA<\/h3>\n<\/blockquote>\n<p><strong>di Loris Santomaso<\/strong><\/p>\n<p><strong>RIVAMONTE<\/strong> Confermata con successo la vasta popolarit\u00e0, fatta sempre di momenti ludici ma anche di tanta devozione e fede religiosa, della tradizionale sagra de Sant\u2019Ant\u00f2ni. Ma nei cinque giorni della manifestazione, la Pro Loco locale, organizzatrice dell\u2019evento, ha voluto ricordare con gratitudine, premiandoli, due soci che si sono sempre distinti negli oltre 50 anni di vita del sodalizio. Cos\u00ec la sera di sabato 10 giugno, alla presenza del sindaco Nino Deon, del parroco don Fabiano Del Favero e del presidente provinciale delle Pro loco, Davide Praloran, il presidente Giacomo Bressan, assieme alla sua vice Severina Stalliviere e al segretario Simone Fontanive, che ha condotto l\u2019incontro, ha chiamato sul palco Agostino Cadorin e Antonietta Gnech. Cadorin, socio fondatore e primo presidente (per oltre 20 anni) dopo il compianto Silvano Sommariva che tanto ha fatto per far nascere questa Pro Loco, \u00e8 stato colui che, nel lontano 1976, ha proposto, tra l\u2019ironia e lo scetticismo di molti, l\u2019introduzione del piatto tipico locale de \u201ci gn\u00f2ch co la pu\u00ecna\u201d, idea che si \u00e8 rivelata vincente e ha fatto la fortuna della sagra. Per il suo lungo e appassionato impegno \u00e8 stato pertanto nominato \u201cpresidente onorario della Pro Loco Rivamonte\u201d e, assieme a una targa, gli \u00e8 stata donata una scultura dell\u2019\u201c\u00d2m salv\u00e0rech\u201d, simbolo dell\u2019associazione, opera dell\u2019artista locale Tita Bressan, che il festeggiato ha molto gradito, ringraziando con evidente commozione. \u00c8 stata poi premiata Antonietta \u201cferri\u201d Gnech la quale, seppur non presente i primi anni perch\u00e9 emigrata lontano per lavoro, una volta rientrata \u201cha dato non una mano ma tutte e due\u201d per organizzare i turni, portare migliorie nella gestione e contribuendo, come il cospicuo numero di volontari, fatto sempre di tanti giovani e meno giovani impegnati da quasi mezzo secolo, a portare la sagra all\u2019apprezzamento di tutto l\u2019Agordino e non solo.<\/p>\n<p><b>Foto<\/b>: Sabato 10 giugno. La consegna dei riconoscimenti ad Agostino Cadorino e Antonietta Gnech da parte della Pro Loco nell\u2019ambito della tradizionale sagra di Sant\u2019Antonio.<\/p>\n<p><a class=\"dt-pswp-item\" href=\"https:\/\/www.radiopiu.net\/wordpress\/wp-content\/uploads\/2023\/06\/RIVAMONTE-Riconosciementi-dalla-sagra-di-santAntonio.jpg\" data-dt-img-description=\"\" data-large_image_width=\"1024\" data-large_image_height=\"768\"><img loading=\"lazy\" decoding=\"async\" class=\"alignnone wp-image-341446 size-full\" src=\"https:\/\/www.radiopiu.net\/wordpress\/wp-content\/uploads\/2023\/06\/RIVAMONTE-Riconosciementi-dalla-sagra-di-santAntonio.jpg\" alt=\"\" width=\"1024\" height=\"768\" srcset=\"https:\/\/www.radiopiu.net\/wordpress\/wp-content\/uploads\/2023\/06\/RIVAMONTE-Riconosciementi-dalla-sagra-di-santAntonio.jpg 1024w, https:\/\/www.radiopiu.net\/wordpress\/wp-content\/uploads\/2023\/06\/RIVAMONTE-Riconosciementi-dalla-sagra-di-santAntonio-300x225.jpg 300w, https:\/\/www.radiopiu.net\/wordpress\/wp-content\/uploads\/2023\/06\/RIVAMONTE-Riconosciementi-dalla-sagra-di-santAntonio-768x576.jpg 768w\" sizes=\"auto, (max-width: 1024px) 100vw, 1024px\" \/><\/a><\/p>\n<p>&nbsp;<\/p>\n<p>&nbsp;<\/p>\n<hr \/>\n<p>&nbsp;<\/p>\n<div class=\"page-title-head hgroup\">\n<blockquote>\n<h3 class=\"entry-title\">SABATO 1 LUGLIO L\u2019INAUGURAZIONE DEL PERCORSO DI NORDIC WALKING AD AGORDO<\/h3>\n<\/blockquote>\n<\/div>\n<div class=\"page-title-breadcrumbs\">\n<p><strong>AGORDO <\/strong>Sabato 1\u00b0 luglio 2023 in occasione della Sagra di San Piero ad Agordo verr\u00e0 inaugurato il &#8220;Nordic Walking Park Agordino&#8221;, progetto turistico che collega i Comuni di Agordo e Taibon Agordino attraverso un articolato percorso di Nordic Walking, lungo il quale sar\u00e0 possibile ammirare una vastit\u00e0 di ambienti naturalistici e rurali, arricchendo ulteriormente l\u2019offerta turistica della Conca Agordina. Il progetto \u00c8\u2019CO DROGA nell\u2019ambito dei piani di intervento di politiche giovanili \u201cCapacitandosi\u201d e \u201cCapacitazione\u201d della Regione del Veneto, promossi dal Comune di Agordo con la collaborazione dei ragazzi volontari del territorio agordino, si poneva come obiettivo quello di realizzare un itinerario pedonale all\u2019interno del comune stesso, che promuovesse lo sport e la coesione tra le associazioni; il percorso era stato pensato per rendere zone di passaggio frequente, sia le aree con il pi\u00f9 alto valore culturale e ambientale, ma anche quei luoghi in cui si sono verificati episodi di degrado, portando nuova luce e promuovendo, appunto, l\u2019attivit\u00e0 sportiva come \u201cdipendenza positiva\u201d (da qui il nome \u00c8\u2019CO DROGA\u201d) in contrasto all\u2019abuso di sostanze. Il progetto \u00c8\u2019CO DROGA \u00e8 confluito, in seguito, in un tassello del progetto relativo al Programma Interreg V-A Italia-Austria 2014-2020, al quale ha partecipato il Comune di Taibon Agordino come partner insieme a Sesto Pusteria e Lienz in Austria, proponendo dei tracciati denominati \u201cDolomiti Live Insieme a Piedi\u201d. Grazie a questo apporto finanziario \u00e8 stato possibile realizzare, all\u2019interno del territorio di Taibon, la tabellazione, la stampa di cartine e un pannello informativo dal titolo \u201cPercorsi di fondovalle e La Via della Dolomia\u201d, come pure un pannello specifico per il Nordic Walking. Il Nordic Walking Park Agordino \u00e8 dunque il risultato della sinergia di due progetti, nati separatamente e con motivazioni diverse, che si sono uniti per dare forma ad un percorso Nordic Walking unico nel suo genere. Il programma della manifestazione sar\u00e0 il seguente: ore 14.30 ritrovo sul Broi e alle 15:00 inizio caccia al tesoro dedicata ai bambini e camminata lungo il percorso per adulti. Alle 17:30 l&#8217;inaugurazione sotto al tendone con un omaggio per tutti, con la presenza di Radio Pi\u00f9. Sar\u00e0 possibile prenotarsi alle attivit\u00e0 pomeridiane presso l\u2019Ufficio Turistico di Agordo aperto il luned\u00ec, mercoled\u00ec, gioved\u00ec, venerd\u00ec e sabato 9.00-12.00\/15.00-18.00, domenica 9.00-12.00 (marted\u00ec chiuso). Si ringrazia per la realizzazione del progetto Tamara Costantini e Fiorangela Beltrame per il Comune di Taibon Agordino, lo psicologo Francesco Corazza coordinatore dei ragazzi, Fontanive Chiara assessore al Turismo e Politiche Giovanili di Agordo, Asca per il coordinamento amministrativo del progetto, i ragazzi coinvolti nel progetto nel piano di intervento di politiche giovanili e tutti i volontari che hanno partecipato a vario titolo alla realizzazione del percorso.<\/p>\n\n\t\t\t<style type='text\/css'>\n\t\t\t\t#gallery-7 {\n\t\t\t\t\tmargin: auto;\n\t\t\t\t}\n\t\t\t\t#gallery-7 .gallery-item {\n\t\t\t\t\tfloat: left;\n\t\t\t\t\tmargin-top: 10px;\n\t\t\t\t\ttext-align: center;\n\t\t\t\t\twidth: 50%;\n\t\t\t\t}\n\t\t\t\t#gallery-7 img {\n\t\t\t\t\tborder: 2px solid #cfcfcf;\n\t\t\t\t}\n\t\t\t\t#gallery-7 .gallery-caption {\n\t\t\t\t\tmargin-left: 0;\n\t\t\t\t}\n\t\t\t\t\/* see gallery_shortcode() in wp-includes\/media.php *\/\n\t\t\t<\/style>\n\t\t<div id='gallery-7' class='dt-gallery-container gallery galleryid-341384 gallery-columns-2 gallery-size-thumbnail'><dl class='gallery-item'>\n\t\t\t\t<dt class='gallery-icon portrait'>\n\t\t\t\t\t<a class=\"rollover rollover-zoom dt-pswp-item\" title=\"locandina nordic walking\" data-dt-img-description=\"\" data-large_image_width=\"1131\" data-large_image_height=\"1600\"href='https:\/\/www.radiopiu.net\/wordpress\/wp-content\/uploads\/2023\/06\/locandina-nordic-walking.jpeg'><img loading=\"lazy\" decoding=\"async\" width=\"150\" height=\"150\" src=\"https:\/\/www.radiopiu.net\/wordpress\/wp-content\/uploads\/2023\/06\/locandina-nordic-walking-150x150.jpeg\" class=\"attachment-thumbnail size-thumbnail\" alt=\"\" aria-describedby=\"gallery-7-341428\" \/><\/a>\n\t\t\t\t<\/dt>\n\t\t\t\t\t<dd class='wp-caption-text gallery-caption' id='gallery-7-341428'>\n\t\t\t\t\tLA LOCANDINA\n\t\t\t\t\t<\/dd><\/dl><dl class='gallery-item'>\n\t\t\t\t<dt class='gallery-icon landscape'>\n\t\t\t\t\t<a class=\"rollover rollover-zoom dt-pswp-item\" title=\"mappa (2)\" data-dt-img-description=\"\" data-large_image_width=\"1600\" data-large_image_height=\"1131\"href='https:\/\/www.radiopiu.net\/wordpress\/wp-content\/uploads\/2023\/06\/mappa-2.jpeg'><img loading=\"lazy\" decoding=\"async\" width=\"150\" height=\"150\" src=\"https:\/\/www.radiopiu.net\/wordpress\/wp-content\/uploads\/2023\/06\/mappa-2-150x150.jpeg\" class=\"attachment-thumbnail size-thumbnail\" alt=\"\" aria-describedby=\"gallery-7-341427\" \/><\/a>\n\t\t\t\t<\/dt>\n\t\t\t\t\t<dd class='wp-caption-text gallery-caption' id='gallery-7-341427'>\n\t\t\t\t\tLA MAPPA DEL PERCORSO\n\t\t\t\t\t<\/dd><\/dl><br style=\"clear: both\" \/>\n\t\t\t<\/div>\n\n<p>&nbsp;<\/p>\n<p>&nbsp;<\/p>\n<\/div>\n<p>&nbsp;<\/p>\n<p>&nbsp;<\/p>\n<hr \/>\n<p>&nbsp;<\/p>\n<h3>AD UN ANNO DALLA SCOMPARSA, LUXOTTICA RICORDA IL SUO FONDATORE LEONARDO DEL VECCHIO CON UNA MESSA AL PALALUXOTTICA APERTA A TUTTI NON SOLO AI DIPENDENTI LUXOTTICA<\/h3>\n<p><strong>DI GIANNI SANTOMASO<\/strong><\/p>\n<p><strong style=\"color: #ff0000;\">VERSO IL 27 GIUGNO, SCOPRENDO L&#8217;UOMO LEONARDO, L&#8217;IMPRENDITORE DEL VECCHIO<\/strong><\/p>\n<p><strong>AGORDO\u00a0<\/strong><\/p>\n<p><strong>3^ puntata &#8211; <\/strong><span style=\"font-family: FrutigerLTStd-BoldCn, serif;\"><span style=\"font-size: medium;\"><b>LA PRIMA COLLEZIONE A MARCHIO LUXOTTICA<\/b><\/span><\/span><\/p>\n<p><span style=\"font-family: FrutigerLTStd-BoldCn, serif;\"><span style=\"font-size: medium;\"><strong><img decoding=\"async\" class=\"alignleft\" src=\"https:\/\/www.radiopiu.net\/wordpress\/wp-content\/uploads\/2022\/06\/LEONARDO-DEL-VECCHIO-300x204-1.png\" \/>1970<\/strong> &#8211; La prima collezione di occhiali Luxottica viene presentata al MIDO, la pi\u00f9 importante fiera internazionale dell\u2019occhialeria: Leonardo Del Vecchio e i suoi collaboratori espongono in tutto una decina di montature in metallo. Semplici, eleganti e dalla manifattura perfetta. Fissano un prezzo: 600 lire al pezzo. Sono migliaia le montature proposte in quell\u2019edizione 1970 del MIDO. Eppure, lo spazio d\u2019esposizione di Luxottica, il numero 30364, piccolo e spartano, non riesce a contenere l\u2019entusiasmo di grossisti e compratori. Il successo va al di l\u00e0 delle pi\u00f9 ottimistiche aspettative e le richieste sono tali da determinare un\u2019asta al rialzo dei prezzi. Al terzo giorno, gli occhiali Luxottica si vendono a 1.800 lire al pezzo. Il sogno imprenditoriale di Leonardo Del Vecchio \u00e8 appena sbocciato. Fin dai tempi della Johnson, lavora con l\u2019ambizione di diventare il pi\u00f9 bravo, di essere il migliore, di fare il prodotto migliore e pi\u00f9 innovativo. Il successo appena ottenuto sancisce la sua definitiva trasformazione da terzista a produttore di occhiale.<\/span><\/span><\/p>\n<p><span style=\"font-family: FrutigerLTStd-BoldCn, serif;\"><span style=\"font-size: medium;\"><strong>1974<\/strong> &#8211; Intuendo la grande importanza di commercializzare direttamente i suoi prodotti, e cio\u00e8 senza l\u2019intermediazione dei grandi distributori, Leonardo Del Vecchio realizza l\u2019acquisizione della Scarrone S.p.A. di Torino, uno dei principali rivenditori del mercato italiano. La struttura distributiva cos\u00ec definita in Italia d\u00e0 il la a un percorso di integrazione verticale che sar\u00e0 il segno distintivo delle strategie di Luxottica negli anni a venire e si tradurr\u00e0 in un importante <\/span><\/span><span style=\"font-family: FrutigerLTStd-BoldCn, serif;\"><span style=\"font-size: medium;\">vantaggio competitivo.<\/span><\/span><\/p>\n<p><span style=\"font-family: FrutigerLTStd-BoldCn, serif;\"><span style=\"font-size: medium;\"><strong>1981<\/strong> &#8211; Lo sviluppo della distribuzione si consolida a livello internazionale con la prima grande acquisizione del Gruppo: Avant-Garde Optics, uno dei principali distributori dell\u2019epoca negli Stati Uniti, mercato strategico per i produttori italiani. Sempre nel 1981, viene fondata a Monaco di Baviera, in Germania, la prima consociata commerciale del Gruppo: l\u2019operazione \u00e8 un importante banco di prova in un paese con una consolidata tradizione nella produzione di occhiali.<\/span><\/span><\/p>\n<p><span style=\"font-family: FrutigerLTStd-BoldCn, serif;\"><span style=\"font-size: medium;\"><strong>1983-1985<\/strong> &#8211; L\u2019espansione internazionale si intensifica. Nel 1983 \u00e8 la volta dell\u2019apertura di Luxottica Espa\u00f1a, nel 1984 nasce a Londra la Luxottica UK e nel 1985 vengono costituite la Luxottica France a Valbonne, vicino a Nizza, e la Luxottica Canada a Toronto. Progettazione, produzione e vendita: in questi anni sta prendendo forma il modello di business di Luxottica che integra tutte le fasi della catena del valore.<\/span><\/span><\/p>\n<p>&nbsp;<\/p>\n<p>&nbsp;<\/p>\n<p>&nbsp;<\/p>\n<hr \/>\n<p>&nbsp;<\/p>\n<blockquote>\n<h3>QUATTRO ANNI FA VENIVANO ASSEGNATE LE OLIMPIADI DI MILANO CORTINA 2026<\/h3>\n<\/blockquote>\n<p><strong><a class=\"dt-pswp-item\" href=\"https:\/\/www.radiopiu.net\/wordpress\/wp-content\/uploads\/2023\/06\/2d2b751f-bdb2-4df7-9f23-1428a95de238.jpg\" data-dt-img-description=\"\" data-large_image_width=\"662\" data-large_image_height=\"452\"><img loading=\"lazy\" decoding=\"async\" class=\" wp-image-341417 alignleft\" src=\"https:\/\/www.radiopiu.net\/wordpress\/wp-content\/uploads\/2023\/06\/2d2b751f-bdb2-4df7-9f23-1428a95de238-300x205.jpg\" alt=\"\" width=\"176\" height=\"120\" srcset=\"https:\/\/www.radiopiu.net\/wordpress\/wp-content\/uploads\/2023\/06\/2d2b751f-bdb2-4df7-9f23-1428a95de238-300x205.jpg 300w, https:\/\/www.radiopiu.net\/wordpress\/wp-content\/uploads\/2023\/06\/2d2b751f-bdb2-4df7-9f23-1428a95de238.jpg 662w\" sizes=\"auto, (max-width: 176px) 100vw, 176px\" \/><\/a>VENEZIA<\/strong> \u201cA volte i sogni diventano realt\u00e0. Bisogna crederci e inseguirli con tenacia. Arriveranno. Per il Veneto e le sue montagne il sogno \u00e8 arrivato il 24 giugno del 2019 da Losanna, dove la 134\u00b0 sessione del Comitato Olimpico Internazionale assegn\u00f2 con una maggioranza schiacciante (47 a 34) alla candidatura Milano-Cortina le Olimpiadi invernali del 2026. A 4 anni di distanza quella data va ricordata, perch\u00e9 ha segnato l\u2019inizio di una stagione di rinascimento delle nostre montagne, con ampie ricadute per tutto il Veneto e per tutta l\u2019Italia\u201d. Con queste parole il Presidente della Regione Veneto, Luca Zaia, ricorda quel giorno di 4 anni fa quando a Losanna il Presidente del CIO Bach pronunci\u00f2 i due nomi fatidici: \u201cMilano-Cortina\u201d!, Con la svedese Are battuta ancora una volta.<\/p>\n<p>&nbsp;<\/p>\n<p>&nbsp;<\/p>\n<hr \/>\n<p>&nbsp;<\/p>\n<blockquote>\n<h3>UNDICI TELEVISORI DONATI ALLA GERIATRIA DI FELTRE<\/h3>\n<\/blockquote>\n<p><strong><a class=\"dt-pswp-item\" href=\"https:\/\/www.radiopiu.net\/wordpress\/wp-content\/uploads\/2023\/06\/WhatsApp-Image-2023-06-23-at-11.09.17.jpeg\" data-dt-img-description=\"\" data-large_image_width=\"1600\" data-large_image_height=\"1570\"><img loading=\"lazy\" decoding=\"async\" class=\" wp-image-341418 alignleft\" src=\"https:\/\/www.radiopiu.net\/wordpress\/wp-content\/uploads\/2023\/06\/WhatsApp-Image-2023-06-23-at-11.09.17-300x294.jpeg\" alt=\"\" width=\"113\" height=\"111\" srcset=\"https:\/\/www.radiopiu.net\/wordpress\/wp-content\/uploads\/2023\/06\/WhatsApp-Image-2023-06-23-at-11.09.17-300x294.jpeg 300w, https:\/\/www.radiopiu.net\/wordpress\/wp-content\/uploads\/2023\/06\/WhatsApp-Image-2023-06-23-at-11.09.17-1024x1005.jpeg 1024w, https:\/\/www.radiopiu.net\/wordpress\/wp-content\/uploads\/2023\/06\/WhatsApp-Image-2023-06-23-at-11.09.17-768x754.jpeg 768w, https:\/\/www.radiopiu.net\/wordpress\/wp-content\/uploads\/2023\/06\/WhatsApp-Image-2023-06-23-at-11.09.17-1536x1507.jpeg 1536w, https:\/\/www.radiopiu.net\/wordpress\/wp-content\/uploads\/2023\/06\/WhatsApp-Image-2023-06-23-at-11.09.17.jpeg 1600w\" sizes=\"auto, (max-width: 113px) 100vw, 113px\" \/><\/a>FELTRE <\/strong>Grazie al ricavato di una lotteria promossa nel periodo natalizio dal Rotary e dal Rotaract, a cui avevano contribuito molte aziende del feltrino, sono stati donati alla Geriatria dell\u2019ospedale di Feltre 11 nuovi televisori LED. Ogni stanza del reparto, dopo questa donazione, ha una televisione che pu\u00f2 tenere compagnia e far mantenere le abitudini agli anziani, magari affezionati al proprio programma televisivo preferito. Un gesto di umanizzazione che aumenta le qualit\u00e0 delle cure.<\/p>\n<p>&nbsp;<\/p>\n<p>&nbsp;<\/p>\n<hr \/>\n<p>&nbsp;<\/p>\n<blockquote>\n<h3>STUDENTI DELLE SUPERIORI IN CITT\u00c0: NASCE LA GIORNATA DELL&#8217;ACCOGLIENZA<\/h3>\n<\/blockquote>\n<p><strong><a class=\"dt-pswp-item\" href=\"https:\/\/www.radiopiu.net\/wordpress\/wp-content\/uploads\/2022\/04\/FELTRE.jpg\" data-dt-img-description=\"\" data-large_image_width=\"1920\" data-large_image_height=\"1080\"><img loading=\"lazy\" decoding=\"async\" class=\" wp-image-269866 alignleft\" src=\"https:\/\/www.radiopiu.net\/wordpress\/wp-content\/uploads\/2022\/04\/FELTRE-300x169.jpg\" alt=\"\" width=\"188\" height=\"106\" srcset=\"https:\/\/www.radiopiu.net\/wordpress\/wp-content\/uploads\/2022\/04\/FELTRE-300x169.jpg 300w, https:\/\/www.radiopiu.net\/wordpress\/wp-content\/uploads\/2022\/04\/FELTRE-1024x576.jpg 1024w, https:\/\/www.radiopiu.net\/wordpress\/wp-content\/uploads\/2022\/04\/FELTRE-768x432.jpg 768w, https:\/\/www.radiopiu.net\/wordpress\/wp-content\/uploads\/2022\/04\/FELTRE-1536x864.jpg 1536w, https:\/\/www.radiopiu.net\/wordpress\/wp-content\/uploads\/2022\/04\/FELTRE.jpg 1920w\" sizes=\"auto, (max-width: 188px) 100vw, 188px\" \/><\/a>FELTRE <\/strong>Accogliere con un momento di condivisione gli studenti che si accingono a intraprendere un nuovo percorso di studi in citt\u00e0, avvicinandoli al contempo allo straordinario patrimonio artistico e culturale che Feltre custodisce. E&#8217; questo il duplice scopo della \u201cGiornata dell&#8217;Accoglienza\u201d, l&#8217;appuntamento pensato dall&#8217;Amministrazione comunale e approvato nel corso dell&#8217;ultima seduta di giunta, in programma, all&#8217;inizio del prossimo anno scolastico, nella giornate di venerd\u00ec 15 e sabato 16 settembre. L&#8217;iniziativa, fissata per le mattinate, dalle 8.30 alle 13.00, consentir\u00e0 alle prime classi degli istituti scolastici superiori cittadini di compiere una visita guidata nei siti del circuito Totem accompagnati dagli addetti della ditta Aqua, dal personale dei Musei civici e dagli addetti del Museo Diocesano Belluno-Feltre. Al termine del percorso le classi si riuniranno in Piazza Maggiore per un momento di condivisione<\/p>\n<p>&nbsp;<\/p>\n<p>&nbsp;<\/p>\n<hr \/>\n<p>&nbsp;<\/p>\n<blockquote>\n<h3>UN NUOVO SERVIZIO PER LA CERTIFICAZIONE DI GENERE<\/h3>\n<\/blockquote>\n<p><strong><a class=\"dt-pswp-item\" href=\"https:\/\/www.radiopiu.net\/wordpress\/wp-content\/uploads\/2021\/05\/CONFINDUSTRIA.png\" data-dt-img-description=\"\" data-large_image_width=\"575\" data-large_image_height=\"575\"><img loading=\"lazy\" decoding=\"async\" class=\" wp-image-211858 alignleft\" src=\"https:\/\/www.radiopiu.net\/wordpress\/wp-content\/uploads\/2021\/05\/CONFINDUSTRIA-300x300.png\" alt=\"\" width=\"119\" height=\"119\" srcset=\"https:\/\/www.radiopiu.net\/wordpress\/wp-content\/uploads\/2021\/05\/CONFINDUSTRIA-300x300.png 300w, https:\/\/www.radiopiu.net\/wordpress\/wp-content\/uploads\/2021\/05\/CONFINDUSTRIA-150x150.png 150w, https:\/\/www.radiopiu.net\/wordpress\/wp-content\/uploads\/2021\/05\/CONFINDUSTRIA.png 575w\" sizes=\"auto, (max-width: 119px) 100vw, 119px\" \/><\/a>BELLUNO <\/strong>L&#8217;obiettivo \u00e8 tra i pi\u00f9 ambiziosi del Pnrr: ridurre il divario di genere e creare nuove opportunit\u00e0 di crescita professionale per tutte le donne. Proprio per questo, Confindustria Belluno Dolomiti \u00e8 mobilitata e lancia un nuovo servizio rivolto a tutte le imprese del territorio per sostenerle nell&#8217;ottenimento della certificazione della parit\u00e0 di genere, introdotta nel 2021 con il decreto legislativo 162. \u201cUna montagna pi\u00f9 inclusiva \u00e8 una montagna viva e che pu\u00f2 guardare al futuro con fiducia. Non possiamo pi\u00f9 prescindere da una piena e completa valorizzazione dei talenti femminili. \u00c8 una questione etica, economica e sociale\u201d, la premessa di Flavio Mares, delegato al Sociale dell&#8217;Associazione degli industriali bellunesi. La nuova opportunit\u00e0 sar\u00e0 illustrata nel corso di un seminario che si terr\u00e0 il 27 giugno alle 14.30 in Sala Caldart a villa Doglioni Dalmas a Belluno.<\/p>\n<p>&nbsp;<\/p>\n<hr \/>\n<p>&nbsp;<\/p>\n<blockquote>\n<h3><a class=\"dt-pswp-item\" href=\"https:\/\/www.radiopiu.net\/wordpress\/wp-content\/uploads\/2023\/06\/scambi_rotary_belluno3.jpeg\" data-dt-img-description=\"\" data-large_image_width=\"1600\" data-large_image_height=\"1201\"><img loading=\"lazy\" decoding=\"async\" class=\" wp-image-341471 alignleft\" src=\"https:\/\/www.radiopiu.net\/wordpress\/wp-content\/uploads\/2023\/06\/scambi_rotary_belluno3-300x225.jpeg\" alt=\"\" width=\"243\" height=\"182\" srcset=\"https:\/\/www.radiopiu.net\/wordpress\/wp-content\/uploads\/2023\/06\/scambi_rotary_belluno3-300x225.jpeg 300w, https:\/\/www.radiopiu.net\/wordpress\/wp-content\/uploads\/2023\/06\/scambi_rotary_belluno3-1024x769.jpeg 1024w, https:\/\/www.radiopiu.net\/wordpress\/wp-content\/uploads\/2023\/06\/scambi_rotary_belluno3-768x576.jpeg 768w, https:\/\/www.radiopiu.net\/wordpress\/wp-content\/uploads\/2023\/06\/scambi_rotary_belluno3-1536x1153.jpeg 1536w, https:\/\/www.radiopiu.net\/wordpress\/wp-content\/uploads\/2023\/06\/scambi_rotary_belluno3.jpeg 1600w\" sizes=\"auto, (max-width: 243px) 100vw, 243px\" \/><\/a>Da Belluno agli Stati Uniti Sono ripresi gli scambi giovanili del Rotary Club Belluno<\/h3>\n<\/blockquote>\n<p><strong>BELLUNO<\/strong> Sono ripresi a pieno ritmo gli scambi giovanili organizzati dal Rotary Club Belluno e promossi attraverso il service \u201cRotary Youth Exchange\u201d. Giacomo Giovanni Bristot, Andrea Ceol, Lorenzo Monego, Arianna Da Boit e Alice Turrin sono i cinque i giovani che dal Bellunese partiranno per andare negli Stati Uniti, a Bend, citt\u00e0 gemellata con Belluno. Ovviamente si parla di scambi e quindi, una volta terminata questa loro esperienza negli States, saranno i ragazzi americani ad essere ospitati nel cuore delle Dolomiti, ovvero Luke Patrick Davis, Shaun Campbell Newton, Ben Kogot, Gabriella Kanela Bodon e Daniela Faith Dispenza. Gli scambi, avviati nel mese di giugno, termineranno a fine agosto.<\/p>\n<p>&nbsp;<\/p>\n<hr \/>\n<p>&nbsp;<\/p>\n<blockquote>\n<h3><a class=\"dt-pswp-item\" href=\"https:\/\/www.radiopiu.net\/wordpress\/wp-content\/uploads\/2023\/06\/Opera_in_esposizione.jpeg\" data-dt-img-description=\"\" data-large_image_width=\"546\" data-large_image_height=\"731\"><img loading=\"lazy\" decoding=\"async\" class=\" wp-image-341392 alignleft\" src=\"https:\/\/www.radiopiu.net\/wordpress\/wp-content\/uploads\/2023\/06\/Opera_in_esposizione-224x300.jpeg\" alt=\"\" width=\"145\" height=\"194\" srcset=\"https:\/\/www.radiopiu.net\/wordpress\/wp-content\/uploads\/2023\/06\/Opera_in_esposizione-224x300.jpeg 224w, https:\/\/www.radiopiu.net\/wordpress\/wp-content\/uploads\/2023\/06\/Opera_in_esposizione.jpeg 546w\" sizes=\"auto, (max-width: 145px) 100vw, 145px\" \/><\/a>LA POESIA INCONTRA LA PITTURA<\/h3>\n<\/blockquote>\n<p><strong>PONTE NELLE ALPI <\/strong>La poesia incontra la pittura, ad Arsi\u00e8 di Ponte nelle Alpi. E, in particolare, alla Galleria Rizet, dove oggi alle ore 18, verr\u00e0 presentato l\u2019evento artistico dal titolo \u201cAnim\u00e6: oltre la visione &#8211; Gli opposti sono le scapole dei sogni\u201d. La serata verr\u00e0 presentata da Giorgio Torricelli ed \u00e8 sostenuta anche da Comune di Ponte nelle Alpi e Pro Loco.In questo contesto, la pittura di Monica De Don\u00e0 e la poesia di Daniela D\u2019Inc\u00e0 si intrecciano, dando vita a un\u2019esposizione destinata ad arricchire Arsi\u00e8 e l\u2019intera comunit\u00e0 fino al 9 luglio. Le opere potranno essere ammirate ogni gioved\u00ec e venerd\u00ec, dalle 17 alle 19; sabato e domenica, dalle 10 alle 12 e dalle 17 alle 19.<\/p>\n<p>&nbsp;<\/p>\n<p>&nbsp;<\/p>\n<hr \/>\n<p>&nbsp;<\/p>\n<h3>ESTATE CULTURALE E TRADIZIONALE NEL BORGO DI PALUE<\/h3>\n<p><img loading=\"lazy\" decoding=\"async\" class=\"alignleft\" src=\"https:\/\/www.radiopiu.net\/wordpress\/wp-content\/uploads\/2023\/06\/Senza-nome-45.png\" width=\"384\" height=\"221\" \/><strong>ROCCA PIETORE<\/strong> &#8220;Un&#8217;estate di cultura e tradizioni: l&#8217;Associazione Culturale Palue presenta un calendario ricco di eventi nel suggestivo borgo di Palue e nel paese di Rocca Pietore. Dal 24 giugno al 10 settembre, abitanti e turisti saranno accompagnati alla scoperta di un prezioso patrimonio. L&#8217;inaugurazione di queste straordinarie iniziative \u00e8 prevista per domenica 25 giugno alle ore 15:00, presso l&#8217;antico borgo di Palue, e sar\u00e0 accompagnata da un buffet offerto a tutti i partecipanti.\u00a0 Segui l&#8217;Associazione Palue sui seguenti social media: Facebook: Associazione Palue &#8211; La storia siamo noi Instagram: associazione_palu&#8221;<\/p>\n<p>&nbsp;<\/p>\n<p>&nbsp;<\/p>\n<hr \/>\n<p>&nbsp;<\/p>\n<blockquote>\n<h3>VENERDI CONSIGLIO COMUNALE A SELVA DI CADORE<\/h3>\n<\/blockquote>\n<p><strong>SELVA DI CADORE<\/strong> Il sindaco di Selva di Cadore Luca Lorenzini ha chiamato a rapporto i consiglieri comunali per trattare 9 punti all&#8217;ordine del giorno. IL consiglio si terr\u00e0 venerd\u00ec alle 18 e tra i punti in discussione si parler\u00e0 di un consigliere dimissionario, la nomina per i rappresentati del comune in Unione Montana Agordina, la presa d&#8217;atto della designazione del capogruppo di minoranza in seguito alle dimissioni, due variazioni a bilancio, l&#8217;approvazione del bilancio 2023\/25 di ASCA e le modifiche per le celebrazioni di matrimoni civili e le relative tariffe.<\/p>\n<p>&nbsp;<\/p>\n<p>&nbsp;<\/p>\n<hr \/>\n<p>&nbsp;<\/p>\n<h2><span style=\"color: #ff6600;\">IERI ALLA RADIO<\/span><\/h2>\n<h2><\/h2>\n<h2><span style=\"color: #008080;\">&#8220;DINTORN E FORA VIA&#8221;\u00a0<\/span><span style=\"color: #008080;\"> IL PROGRAMMA\u00a0 <\/span><span style=\"color: #008080;\">A CURA DEL MUSLA\u00a0\u00a0<\/span><\/h2>\n<p><strong><img loading=\"lazy\" decoding=\"async\" class=\"alignleft\" src=\"https:\/\/www.radiopiu.net\/wordpress\/wp-content\/uploads\/2020\/04\/giornali-300x200.jpg\" width=\"135\" height=\"90\" \/>PUNTATA 23 GIUGNO JACQUELINE CAZZETTA<\/strong><\/p>\n<audio class=\"wp-audio-shortcode\" id=\"audio-341384-5\" preload=\"none\" style=\"width: 100%;\" controls=\"controls\"><source type=\"audio\/mpeg\" src=\"https:\/\/www.radiopiu.net\/wordpress\/wp-content\/uploads\/2023\/06\/MUSLA-3.mp3?_=5\" \/><a href=\"https:\/\/www.radiopiu.net\/wordpress\/wp-content\/uploads\/2023\/06\/MUSLA-3.mp3\">https:\/\/www.radiopiu.net\/wordpress\/wp-content\/uploads\/2023\/06\/MUSLA-3.mp3<\/a><\/audio>\n<p>&nbsp;<\/p>\n<p>&nbsp;<\/p>\n<hr \/>\n<h2><\/h2>\n<div class=\"page-title-breadcrumbs\">\n<blockquote><p>&nbsp;<\/p>\n<h2><strong><a class=\"dt-pswp-item\" href=\"https:\/\/www.radiopiu.net\/wordpress\/wp-content\/uploads\/2023\/06\/lucia-colleselli.png\" data-dt-img-description=\"\" data-large_image_width=\"436\" data-large_image_height=\"298\"><img loading=\"lazy\" decoding=\"async\" class=\" wp-image-341401 alignleft\" src=\"https:\/\/www.radiopiu.net\/wordpress\/wp-content\/uploads\/2023\/06\/lucia-colleselli-300x205.png\" alt=\"\" width=\"206\" height=\"141\" srcset=\"https:\/\/www.radiopiu.net\/wordpress\/wp-content\/uploads\/2023\/06\/lucia-colleselli-300x205.png 300w, https:\/\/www.radiopiu.net\/wordpress\/wp-content\/uploads\/2023\/06\/lucia-colleselli.png 436w\" sizes=\"auto, (max-width: 206px) 100vw, 206px\" \/><\/a><\/strong><span style=\"color: #3366ff;\">POLIAMBULATORIO AGORDINO: LUCIA COLLESELLI, LA LOGOPEDISTA<\/span><\/h2>\n<p><strong>di Mirko Mezzacasa<\/strong><\/p>\n<p>OSPITE: Lucia Colleselli, Logopedista<\/p>\n<audio class=\"wp-audio-shortcode\" id=\"audio-341384-6\" preload=\"none\" style=\"width: 100%;\" controls=\"controls\"><source type=\"audio\/mpeg\" src=\"https:\/\/www.radiopiu.net\/wordpress\/wp-content\/uploads\/2023\/06\/LAURA-COLLESELLI-LOGOPEDISTA.mp3?_=6\" \/><a href=\"https:\/\/www.radiopiu.net\/wordpress\/wp-content\/uploads\/2023\/06\/LAURA-COLLESELLI-LOGOPEDISTA.mp3\">https:\/\/www.radiopiu.net\/wordpress\/wp-content\/uploads\/2023\/06\/LAURA-COLLESELLI-LOGOPEDISTA.mp3<\/a><\/audio>\n<p>&nbsp;<\/p>\n<p>&nbsp;<\/p>\n<h2><strong><a class=\"dt-pswp-item\" href=\"https:\/\/www.radiopiu.net\/wordpress\/wp-content\/uploads\/2019\/08\/logo-alleghe-hockey.png\" data-dt-img-description=\"\" data-large_image_width=\"547\" data-large_image_height=\"512\"><img loading=\"lazy\" decoding=\"async\" class=\" wp-image-95699 alignleft\" src=\"https:\/\/www.radiopiu.net\/wordpress\/wp-content\/uploads\/2019\/08\/logo-alleghe-hockey-300x281.png\" alt=\"\" width=\"149\" height=\"140\" srcset=\"https:\/\/www.radiopiu.net\/wordpress\/wp-content\/uploads\/2019\/08\/logo-alleghe-hockey-300x281.png 300w, https:\/\/www.radiopiu.net\/wordpress\/wp-content\/uploads\/2019\/08\/logo-alleghe-hockey.png 547w\" sizes=\"auto, (max-width: 149px) 100vw, 149px\" \/><\/a><\/strong><span style=\"color: #ff0000;\">LA FAMIGLIA ALLEGHE HOCKEY A RADIO PIU&#8217;<\/span><\/h2>\n<p><strong>di Mirko Mezzacasa<\/strong><\/p>\n<p>OSPITI: Adriano Levis, Matthias Levis, Daniele Veggiato, Fabio Cominato, Erol Badole<\/p>\n<audio class=\"wp-audio-shortcode\" id=\"audio-341384-7\" preload=\"none\" style=\"width: 100%;\" controls=\"controls\"><source type=\"audio\/mpeg\" src=\"https:\/\/www.radiopiu.net\/wordpress\/wp-content\/uploads\/2023\/06\/ALLEGHE-HOCKEY.mp3?_=7\" \/><a href=\"https:\/\/www.radiopiu.net\/wordpress\/wp-content\/uploads\/2023\/06\/ALLEGHE-HOCKEY.mp3\">https:\/\/www.radiopiu.net\/wordpress\/wp-content\/uploads\/2023\/06\/ALLEGHE-HOCKEY.mp3<\/a><\/audio>\n<p>&nbsp;<\/p>\n<p>&nbsp;<\/p>\n<hr \/>\n<p>&nbsp;<\/p>\n<div class=\"page-title-breadcrumbs\">\n<blockquote>\n<h3>LA FESTA A CANALE D&#8217;AGORDO CON LA SAGRA DI SAN GIOVANNI OGGI 24 GIUGNO<\/h3>\n<\/blockquote>\n<\/div>\n<div class=\"page-title-breadcrumbs\">\n<p><img decoding=\"async\" class=\"aligncenter\" src=\"https:\/\/www.radiopiu.net\/wordpress\/wp-content\/uploads\/2023\/05\/42abf5ad-ee3c-42c9-9043-e91339305204-214x300.jpg\" \/><\/p>\n<p>&nbsp;<\/p>\n<p><strong>DI JOHN FRANCIS DELLA PIETRA<\/strong><\/p>\n<audio class=\"wp-audio-shortcode\" id=\"audio-341384-8\" preload=\"none\" style=\"width: 100%;\" controls=\"controls\"><source type=\"audio\/mpeg\" src=\"https:\/\/www.radiopiu.net\/wordpress\/wp-content\/uploads\/2023\/06\/JOHN-SAN-GIOVANNI.mp3?_=8\" \/><a href=\"https:\/\/www.radiopiu.net\/wordpress\/wp-content\/uploads\/2023\/06\/JOHN-SAN-GIOVANNI.mp3\">https:\/\/www.radiopiu.net\/wordpress\/wp-content\/uploads\/2023\/06\/JOHN-SAN-GIOVANNI.mp3<\/a><\/audio>\n<p>&nbsp;<\/p>\n<\/div>\n<p><a class=\"dt-pswp-item\" href=\"https:\/\/www.radiopiu.net\/wordpress\/wp-content\/uploads\/2023\/06\/f0312189-1ff3-461f-a600-526255b72dbd.jpg\" data-dt-img-description=\"\" data-large_image_width=\"1200\" data-large_image_height=\"1600\"><img loading=\"lazy\" decoding=\"async\" class=\"size-medium wp-image-341457 alignleft\" src=\"https:\/\/www.radiopiu.net\/wordpress\/wp-content\/uploads\/2023\/06\/f0312189-1ff3-461f-a600-526255b72dbd-225x300.jpg\" alt=\"\" width=\"225\" height=\"300\" srcset=\"https:\/\/www.radiopiu.net\/wordpress\/wp-content\/uploads\/2023\/06\/f0312189-1ff3-461f-a600-526255b72dbd-225x300.jpg 225w, https:\/\/www.radiopiu.net\/wordpress\/wp-content\/uploads\/2023\/06\/f0312189-1ff3-461f-a600-526255b72dbd-768x1024.jpg 768w, https:\/\/www.radiopiu.net\/wordpress\/wp-content\/uploads\/2023\/06\/f0312189-1ff3-461f-a600-526255b72dbd-1152x1536.jpg 1152w, https:\/\/www.radiopiu.net\/wordpress\/wp-content\/uploads\/2023\/06\/f0312189-1ff3-461f-a600-526255b72dbd.jpg 1200w\" sizes=\"auto, (max-width: 225px) 100vw, 225px\" \/><\/a>Veloci trascorron gl anni<br \/>\nTi perdi via un attimo e gi\u00e0 torna s Giovanni<br \/>\nUna festa peculiare<br \/>\nPer quelli di canale<br \/>\nSi rinnovano le tradizioni<br \/>\nFra vecchie e nuove emozioni<br \/>\nCiascuno cerca di dare il meglio di s\u00e9<br \/>\nE nei preparativi si fa in tre<br \/>\nTutto dev esser pronto per la messa nella pieve<br \/>\nIl canto ed suono pi\u00f9 acceso o pi\u00f9 lieve<br \/>\nLa voce pi\u00f9 alta o pi\u00f9 roca<br \/>\nNel momento solenne dovr\u00e0 far venire la pelle d oca<br \/>\nIn tanti arriveranno per la sentita celebrazione<br \/>\nAlcuni con un po di trepidazione<br \/>\nAnche papa luciani<br \/>\nTeneva molto alla ricorrenza del santo Giovanni<br \/>\nIl battista<br \/>\nEra sulla sua preferita lista<br \/>\nAl termine l accorata benedizione<br \/>\nNei molteplici ricordi far\u00e0 venir pi\u00f9 d un magone<br \/>\nMa al suono della campane a festa<br \/>\nIn ognuno la gioia sempre resta<br \/>\nEcco \u00e8 l ora d un giro in giostra<br \/>\nO di veder delle bancarelle la bella mostra<br \/>\nE poi suvvia<br \/>\nUn bicchiere in compagnia<br \/>\nBisogna anche santificare<br \/>\nLa serenit\u00e0 che l attimo ci sa dare<br \/>\nVerr\u00e0 sera<br \/>\nAncora di ringraziamento una preghiera<br \/>\nA s Giovanni<br \/>\nProteggerci come tutti gl anni<br \/>\n\u00c8 sceso il buio si smorzano le luci le persone son sole<br \/>\nNo ecco s illuminan le lucciole<br \/>\nQuante nella giornata emozioni<br \/>\nGrazie alle nostre tradizioni &#8230;<\/p>\n<p>&nbsp;<\/p>\n<p>&nbsp;<\/p><\/blockquote>\n<\/div>\n<p>&nbsp;<\/p>\n<hr \/>\n<p>&nbsp;<\/p>\n<p>&nbsp;<\/p>\n<p><strong>OGGI APRE LA MOSTRA DELLA RADIO A TAIBON, EX MUNICIPIO, INGRESSO LIBERO E GRATUITO PER TUTTI. APERTI ANCHE IL MUSEO ETNOGRAFICO E IL MUSEO DEI POMPIERI VOLONTARI<\/strong><\/p>\n<p><strong>LA DIRETTA DALLA SALA EX MUNICIPIO DI TAIBON<\/strong><\/p>\n<p>https:\/\/www.facebook.com\/Mirkomezziano\/videos\/215177534275676<\/p>\n<p>&nbsp;<\/p>\n<hr \/>\n<p>&nbsp;<\/p>\n<p><strong>ATTIVAMENTE AGORDINO&#8230; GRAZIE\u00a0<\/strong><\/p>\n<p><a href=\"https:\/\/www.facebook.com\/marco.baghy.1\/videos\/957167792066752\">https:\/\/www.facebook.com\/marco.baghy.1\/videos\/957167792066752<\/a><\/p>\n<p>&nbsp;<\/p>\n<p>&nbsp;<\/p>\n<hr \/>\n<p>&nbsp;<\/p>\n<blockquote>\n<h3>UNA RADIO&#8230;TANTI RICORDI per Patrizia, amica quotidiana<\/h3>\n<\/blockquote>\n<p><strong><a class=\"dt-pswp-item\" href=\"https:\/\/www.radiopiu.net\/wordpress\/wp-content\/uploads\/2018\/01\/radio-1773304_1920.jpg\" data-dt-img-description=\"\" data-large_image_width=\"1920\" data-large_image_height=\"1280\"><img loading=\"lazy\" decoding=\"async\" class=\" wp-image-41080 alignleft\" src=\"https:\/\/www.radiopiu.net\/wordpress\/wp-content\/uploads\/2018\/01\/radio-1773304_1920-300x200.jpg\" alt=\"\" width=\"197\" height=\"131\" srcset=\"https:\/\/www.radiopiu.net\/wordpress\/wp-content\/uploads\/2018\/01\/radio-1773304_1920-300x200.jpg 300w, https:\/\/www.radiopiu.net\/wordpress\/wp-content\/uploads\/2018\/01\/radio-1773304_1920-768x512.jpg 768w, https:\/\/www.radiopiu.net\/wordpress\/wp-content\/uploads\/2018\/01\/radio-1773304_1920-1024x683.jpg 1024w, https:\/\/www.radiopiu.net\/wordpress\/wp-content\/uploads\/2018\/01\/radio-1773304_1920.jpg 1920w\" sizes=\"auto, (max-width: 197px) 100vw, 197px\" \/><\/a>REDAZIONE<\/strong> Riceviamo e pubblichiamo dei ricordi di Patrizia, una nostra ascoltatrice originaria alleghese<\/p>\n<blockquote><p><em>Mi sembra ieri che allo stadio del ghiaccio di Alleghe ho fatto gli auguri per i vostri vent&#8217;anni. E rieccomi per il raddoppio. Si sa, sono una delle affezionate numero uno. Ascoltavo radio Alleghe\/Masar\u00e8 subito prima di voi al bar Trieste dove c&#8217;era dal mattino a sera. Quando arrivavo non salutavo, schiacciavo il bottone della radio e tutti a dire &#8220;ahhh \u00e8 arrivata! Eh s\u00ec!&#8221; Per non parlare delle partite di hockey. L\u00ec proprio era religioso silenzio nell&#8217;attesa di sentire che il pack (parola imparata da te) entrasse nella porta avversaria. La vita continua ma cosa credi? In casa, accendi e c&#8217;\u00e8 Radio Pi\u00f9. In camera c&#8217;\u00e8 Radio Pi\u00f9, nelle auto Radio PI\u00f9. Una compagnia, una mania? No, informazioni ed emozioni. <\/em><em>Poi arriva Vaia: silenzio, disperazione ed arte dell&#8217;arrocco da parte vostra per continuare ad informare. Mi sono trovata nei primi giorni, a fare da &#8220;ponte&#8221; a mia volta con le mie pi\u00f9 care amiche che abitando gi\u00f9 non avevano notizie certe di su. Ma&#8230;lo ha detto Mirkodiradiopi\u00f9!!! E l&#8217;ha capito anche Crozza alla sua maniera. Ok caro, tu sai che ti seguo, a volte parlo con l&#8217;apparecchio radio e non con te ma ci sono! L&#8217;abbraccio forte, con l&#8217;augurio di continuare sempre sempre. <\/em><\/p>\n<p><em>Patrizia<\/em><\/p><\/blockquote>\n<p>&nbsp;<\/p>\n<hr \/>\n<p>&nbsp;<\/p>\n<blockquote>\n<h2>GRAZIE GIORGIO!<\/h2>\n<\/blockquote>\n<p>https:\/\/www.facebook.com\/radiopiu\/videos\/283862090774594<\/p>\n<p>&nbsp;<\/p>\n<hr \/>\n<blockquote>\n<h3><\/h3>\n<h3>RICORDI DI UNA VITA CON LA RADIO DI CASA<\/h3>\n<\/blockquote>\n<p><a class=\"dt-pswp-item\" href=\"https:\/\/www.radiopiu.net\/wordpress\/wp-content\/uploads\/2023\/06\/MATTEO-MAIERON.jpg\" data-dt-img-description=\"\" data-large_image_width=\"640\" data-large_image_height=\"480\"><img loading=\"lazy\" decoding=\"async\" class=\"size-medium wp-image-341180 alignleft\" src=\"https:\/\/www.radiopiu.net\/wordpress\/wp-content\/uploads\/2023\/06\/MATTEO-MAIERON-300x225.jpg\" alt=\"\" width=\"300\" height=\"225\" srcset=\"https:\/\/www.radiopiu.net\/wordpress\/wp-content\/uploads\/2023\/06\/MATTEO-MAIERON-300x225.jpg 300w, https:\/\/www.radiopiu.net\/wordpress\/wp-content\/uploads\/2023\/06\/MATTEO-MAIERON.jpg 640w\" sizes=\"auto, (max-width: 300px) 100vw, 300px\" \/><\/a>Poi&#8230; ricevi una mail scritta di getto da Marika. Emozionante perch\u00e9 rivivi 40 anni di radio, quel pap\u00e0 da sempre pieno di affetto per la Radio Pi\u00f9, tramandato al resto della famiglia. Ma il ricordo pi\u00f9 bello e vero \u00e8 proprio quello di Marika con una pensiero a Matteo. Di cuore.<\/p>\n<p><strong>Cara Radio Pi\u00f9<\/strong><\/p>\n<p><em>due righe per raccontarti cos\u2019\u00e8 e cosa \u00e8 stata per me Radio Pi\u00f9\u2026\u2026Radio Pi\u00f9 me l\u2019ha fatta conoscere mio pap\u00e0 Matteo, quando chiamava in Radio per fare delle dediche, \u201cIl Silenzio\u201d per i colleghi carabinieri, \u201cChi non lavora non fa l\u2019amore\u201d per il cognato in fabbrica, \u201dMa che film la vita\u201d per me il giorno del mio compleanno\u2026..che ti sei ricordato di dedicarmi anche quando lui non c\u2019era pi\u00f9. Radio Pi\u00f9 l\u2019ho visitata proprio con mio pap\u00e0 da bambina:\u201c ti porto da Mirko cos\u00ec ti fa vedere la Radio\u201d. E poi quando chiamava e tu lo mettevi in diretta, riagganciava perch\u00e9 si vergognava\u00a0 Radio Pi\u00f9 dove andava a prendere i biglietti dei concerti dei Nomadi\u2026.quanti!!!! Cercava sempre di darti qualche informazione quando succedeva qualcosa\u2026.e poi quando \u00e8 andato in pensione, quel piccolo dispiacere per non poterlo pi\u00f9 fare. Radio Pi\u00f9 \u00e8 quell\u2019appuntamento quotidiano con le notizie dei nostri Paesi, \u00e8 la conferma di quel \u201csentito dire\u201d che se lo conferma il Mirko allora \u00e8 vero!! Radio Pi\u00f9 \u00e8 un punto di riferimento per giovani e meno giovani perch\u00e9 \u00e8 la Nostra Radio!! Tanti auguri Radio Pi\u00f9 e un grazie di cuore&#8230;<\/em><\/p>\n<p>&nbsp;<\/p>\n<p>&nbsp;<\/p>\n<blockquote>\n<h3>TU CHIAMALE SE VUOI&#8230; EMOZIONI io le moltiplico per 40<\/h3>\n<\/blockquote>\n<div dir=\"auto\">\n<p><strong><a class=\"dt-pswp-item\" href=\"https:\/\/www.radiopiu.net\/wordpress\/wp-content\/uploads\/2023\/06\/3f405473-f7f0-4403-b6d1-01d81c93e8b4.jpg\" data-dt-img-description=\"\" data-large_image_width=\"1600\" data-large_image_height=\"777\"><img loading=\"lazy\" decoding=\"async\" class=\" wp-image-341041 alignleft\" src=\"https:\/\/www.radiopiu.net\/wordpress\/wp-content\/uploads\/2023\/06\/3f405473-f7f0-4403-b6d1-01d81c93e8b4-300x146.jpg\" alt=\"\" width=\"327\" height=\"159\" srcset=\"https:\/\/www.radiopiu.net\/wordpress\/wp-content\/uploads\/2023\/06\/3f405473-f7f0-4403-b6d1-01d81c93e8b4-300x146.jpg 300w, https:\/\/www.radiopiu.net\/wordpress\/wp-content\/uploads\/2023\/06\/3f405473-f7f0-4403-b6d1-01d81c93e8b4-1024x497.jpg 1024w, https:\/\/www.radiopiu.net\/wordpress\/wp-content\/uploads\/2023\/06\/3f405473-f7f0-4403-b6d1-01d81c93e8b4-768x373.jpg 768w, https:\/\/www.radiopiu.net\/wordpress\/wp-content\/uploads\/2023\/06\/3f405473-f7f0-4403-b6d1-01d81c93e8b4-1536x746.jpg 1536w, https:\/\/www.radiopiu.net\/wordpress\/wp-content\/uploads\/2023\/06\/3f405473-f7f0-4403-b6d1-01d81c93e8b4.jpg 1600w\" sizes=\"auto, (max-width: 327px) 100vw, 327px\" \/><\/a>TAIBON\u00a0<\/strong> Le ragazze e i ragazzi dell&#8217;Ada si sono vestiti in biancorosso, i colori della Radio Pi\u00f9, per celebrare un evento speciale. L&#8217;aria era carica di emozione mentre si preparavano a sorprendermi&#8230; davanti alla porta della radio di Via Paris Bordone in occasione del 40\u00ba anniversario di Radio Pi\u00f9.<\/p>\n<div dir=\"auto\">Ed \u00e8 proprio per celebrare questo traguardo importante che gli i ragazzi e le ragazze dell&#8217;Ada, hanno deciso di organizzare una sorpresa indimenticabile. Indossando orgogliosamente i colori distintivi della stazione radio, il bianco e il rosso, i ragazzi si sono radunati in Via Paris Bordone.<\/div>\n<div dir=\"auto\">L&#8217;atmosfera era elettrizzante mentre i membri dell&#8217;Ada svolgevano gli ultimi preparativi. Gli altoparlanti erano pronti a diffondere LA RADIO DI EUGENIO FINARDI. La strada si riempiva di colori e suoni, attirando l&#8217;attenzione dei passanti incuriositi che si fermavano per assistere a ci\u00f2 che stava per accadere, una coreografia impeccabile. I loro movimenti sincronizzati, accompagnati dalla musica, hanno creato un&#8217;atmosfera magica.<\/div>\n<div dir=\"auto\">grazie&#8230; di cuore.. mirko<\/div>\n<p>\u200b<\/p>\n<\/div>\n<p><iframe loading=\"lazy\" title=\"Ada danza a Radio Pi\u00f9\" width=\"1200\" height=\"675\" src=\"https:\/\/www.youtube.com\/embed\/8n-QCOooa5Y?feature=oembed\" frameborder=\"0\" allow=\"accelerometer; autoplay; clipboard-write; encrypted-media; gyroscope; picture-in-picture; web-share\" allowfullscreen><\/iframe><\/p>\n<p>&nbsp;<\/p>\n<p>&nbsp;<\/p>\n<hr \/>\n<h3 dir=\"auto\"><\/h3>\n<h3 dir=\"auto\">GRAZIE APPIA&#8230; 40 ANNI ASSIEME. Radio Pi\u00f9 nasce come Sdf Societ\u00e0 di Fatto nel giugno del 1983&#8230; da allora ad oggi sempre con l&#8217;Appia&#8230; anche oggi con Cristian Sacchet e Lucillo Lorenzi&#8230;<\/h3>\n<div dir=\"auto\">grazie<\/div>\n<div dir=\"auto\">mirko<\/div>\n<p>&nbsp;<\/p>\n\n\t\t\t<style type='text\/css'>\n\t\t\t\t#gallery-8 {\n\t\t\t\t\tmargin: auto;\n\t\t\t\t}\n\t\t\t\t#gallery-8 .gallery-item {\n\t\t\t\t\tfloat: left;\n\t\t\t\t\tmargin-top: 10px;\n\t\t\t\t\ttext-align: center;\n\t\t\t\t\twidth: 33%;\n\t\t\t\t}\n\t\t\t\t#gallery-8 img {\n\t\t\t\t\tborder: 2px solid #cfcfcf;\n\t\t\t\t}\n\t\t\t\t#gallery-8 .gallery-caption {\n\t\t\t\t\tmargin-left: 0;\n\t\t\t\t}\n\t\t\t\t\/* see gallery_shortcode() in wp-includes\/media.php *\/\n\t\t\t<\/style>\n\t\t<div id='gallery-8' class='dt-gallery-container gallery galleryid-341384 gallery-columns-3 gallery-size-thumbnail'><dl class='gallery-item'>\n\t\t\t\t<dt class='gallery-icon portrait'>\n\t\t\t\t\t<a class=\"rollover rollover-zoom dt-pswp-item\" title=\"35fd378b-48f7-40da-b229-4ba27c9c2a04\" data-dt-img-description=\"\" data-large_image_width=\"1200\" data-large_image_height=\"1600\"href='https:\/\/www.radiopiu.net\/wordpress\/wp-content\/uploads\/2023\/06\/35fd378b-48f7-40da-b229-4ba27c9c2a04.jpg'><img loading=\"lazy\" decoding=\"async\" width=\"150\" height=\"150\" src=\"https:\/\/www.radiopiu.net\/wordpress\/wp-content\/uploads\/2023\/06\/35fd378b-48f7-40da-b229-4ba27c9c2a04-150x150.jpg\" class=\"attachment-thumbnail size-thumbnail\" alt=\"\" \/><\/a>\n\t\t\t\t<\/dt><\/dl><dl class='gallery-item'>\n\t\t\t\t<dt class='gallery-icon landscape'>\n\t\t\t\t\t<a class=\"rollover rollover-zoom dt-pswp-item\" title=\"eb679290-ce39-48ce-a1d3-3f2a31405561\" data-dt-img-description=\"\" data-large_image_width=\"1600\" data-large_image_height=\"1200\"href='https:\/\/www.radiopiu.net\/wordpress\/wp-content\/uploads\/2023\/06\/eb679290-ce39-48ce-a1d3-3f2a31405561.jpg'><img loading=\"lazy\" decoding=\"async\" width=\"150\" height=\"150\" src=\"https:\/\/www.radiopiu.net\/wordpress\/wp-content\/uploads\/2023\/06\/eb679290-ce39-48ce-a1d3-3f2a31405561-150x150.jpg\" class=\"attachment-thumbnail size-thumbnail\" alt=\"\" \/><\/a>\n\t\t\t\t<\/dt><\/dl><dl class='gallery-item'>\n\t\t\t\t<dt class='gallery-icon portrait'>\n\t\t\t\t\t<a class=\"rollover rollover-zoom dt-pswp-item\" title=\"f6dd3c8c-ccd5-447d-ba9a-1968fc4819ba\" data-dt-img-description=\"\" data-large_image_width=\"1200\" data-large_image_height=\"1600\"href='https:\/\/www.radiopiu.net\/wordpress\/wp-content\/uploads\/2023\/06\/f6dd3c8c-ccd5-447d-ba9a-1968fc4819ba.jpg'><img loading=\"lazy\" decoding=\"async\" width=\"150\" height=\"150\" src=\"https:\/\/www.radiopiu.net\/wordpress\/wp-content\/uploads\/2023\/06\/f6dd3c8c-ccd5-447d-ba9a-1968fc4819ba-150x150.jpg\" class=\"attachment-thumbnail size-thumbnail\" alt=\"\" \/><\/a>\n\t\t\t\t<\/dt><\/dl><br style=\"clear: both\" \/>\n\t\t\t<\/div>\n\n<p>&nbsp;<\/p>\n<p>&nbsp;<\/p>\n<p>&nbsp;<\/p>\n<hr \/>\n<p>&nbsp;<\/p>\n<blockquote>\n<h3><a class=\"dt-pswp-item\" href=\"https:\/\/www.radiopiu.net\/wordpress\/wp-content\/uploads\/2023\/06\/th-5.jpg\" data-dt-img-description=\"\" data-large_image_width=\"180\" data-large_image_height=\"180\"><img loading=\"lazy\" decoding=\"async\" class=\"wp-image-341015 alignleft\" src=\"https:\/\/www.radiopiu.net\/wordpress\/wp-content\/uploads\/2023\/06\/th-5.jpg\" alt=\"\" width=\"101\" height=\"101\" srcset=\"https:\/\/www.radiopiu.net\/wordpress\/wp-content\/uploads\/2023\/06\/th-5.jpg 180w, https:\/\/www.radiopiu.net\/wordpress\/wp-content\/uploads\/2023\/06\/th-5-150x150.jpg 150w\" sizes=\"auto, (max-width: 101px) 100vw, 101px\" \/><\/a>Una voce nella valle di John Francis Della Pietra<\/h3>\n<\/blockquote>\n<p>Son trascorsi quarant&#8217;anni<br \/>\nUn bel numero di compleanni<br \/>\nSembra ieri<br \/>\nChe nell etere si diffondevano le prime note e pensieri<br \/>\nIn tutta la vallata agordina<br \/>\nNasceva questa radio per stare alla propria gente vicina<br \/>\nErano veramente tempi duri<br \/>\nStatene sicuri<br \/>\nPerpetrare i suoni nell aere non era cos\u00ec semplice ed indenne<br \/>\nCi volle tanto lavoro ed aiuto per sistemar idonee antenne<br \/>\nUn ricordo ormai lontano<br \/>\nIn questi tempi pare strano<br \/>\nMa molti lo portano nel cuore<br \/>\nTutti quei pionieri si son fatti onore<br \/>\nQui son passati nubifragi alluvioni e pi\u00f9 d una tempesta<br \/>\nPure molti giorni di gran festa<br \/>\nE di questo territorio le belle gesta<br \/>\nUn plauso sincero<br \/>\nCi vuole professionalit\u00e0 e costanza davvero<br \/>\nIn ogni attimo di quest era sei stata presente<br \/>\nAll agordina e non solo buona gente<br \/>\nDai paesi pi\u00f9 bassi sino ai villaggi pi\u00f9 in su<br \/>\nGrazie buon quarantesimo<br \/>\nNostra radiopi\u00f9<\/p>\n<p>&nbsp;<\/p>\n<hr \/>\n<p>&nbsp;<\/p>\n<blockquote>\n<h3>grazie a GIORGIO, CARMEN, CHIARA FONTANIVE<\/h3>\n<\/blockquote>\n\n\t\t\t<style type='text\/css'>\n\t\t\t\t#gallery-9 {\n\t\t\t\t\tmargin: auto;\n\t\t\t\t}\n\t\t\t\t#gallery-9 .gallery-item {\n\t\t\t\t\tfloat: left;\n\t\t\t\t\tmargin-top: 10px;\n\t\t\t\t\ttext-align: center;\n\t\t\t\t\twidth: 50%;\n\t\t\t\t}\n\t\t\t\t#gallery-9 img {\n\t\t\t\t\tborder: 2px solid #cfcfcf;\n\t\t\t\t}\n\t\t\t\t#gallery-9 .gallery-caption {\n\t\t\t\t\tmargin-left: 0;\n\t\t\t\t}\n\t\t\t\t\/* see gallery_shortcode() in wp-includes\/media.php *\/\n\t\t\t<\/style>\n\t\t<div id='gallery-9' class='dt-gallery-container gallery galleryid-341384 gallery-columns-2 gallery-size-large'><dl class='gallery-item'>\n\t\t\t\t<dt class='gallery-icon portrait'>\n\t\t\t\t\t<a class=\"rollover rollover-zoom dt-pswp-item\" title=\"355112346_10231366685217196_1737937962295789433_n\" data-dt-img-description=\"\" data-large_image_width=\"338\" data-large_image_height=\"600\"href='https:\/\/www.radiopiu.net\/wordpress\/wp-content\/uploads\/2023\/06\/355112346_10231366685217196_1737937962295789433_n.jpg'><img loading=\"lazy\" decoding=\"async\" width=\"338\" height=\"600\" src=\"https:\/\/www.radiopiu.net\/wordpress\/wp-content\/uploads\/2023\/06\/355112346_10231366685217196_1737937962295789433_n.jpg\" class=\"attachment-large size-large\" alt=\"\" srcset=\"https:\/\/www.radiopiu.net\/wordpress\/wp-content\/uploads\/2023\/06\/355112346_10231366685217196_1737937962295789433_n.jpg 338w, https:\/\/www.radiopiu.net\/wordpress\/wp-content\/uploads\/2023\/06\/355112346_10231366685217196_1737937962295789433_n-169x300.jpg 169w\" sizes=\"auto, (max-width: 338px) 100vw, 338px\" \/><\/a>\n\t\t\t\t<\/dt><\/dl><dl class='gallery-item'>\n\t\t\t\t<dt class='gallery-icon landscape'>\n\t\t\t\t\t<a class=\"rollover rollover-zoom dt-pswp-item\" title=\"354674110_10231366686617231_6120729559023520944_n\" data-dt-img-description=\"\" data-large_image_width=\"600\" data-large_image_height=\"338\"href='https:\/\/www.radiopiu.net\/wordpress\/wp-content\/uploads\/2023\/06\/354674110_10231366686617231_6120729559023520944_n.jpg'><img loading=\"lazy\" decoding=\"async\" width=\"600\" height=\"338\" src=\"https:\/\/www.radiopiu.net\/wordpress\/wp-content\/uploads\/2023\/06\/354674110_10231366686617231_6120729559023520944_n.jpg\" class=\"attachment-large size-large\" alt=\"\" srcset=\"https:\/\/www.radiopiu.net\/wordpress\/wp-content\/uploads\/2023\/06\/354674110_10231366686617231_6120729559023520944_n.jpg 600w, https:\/\/www.radiopiu.net\/wordpress\/wp-content\/uploads\/2023\/06\/354674110_10231366686617231_6120729559023520944_n-300x169.jpg 300w\" sizes=\"auto, (max-width: 600px) 100vw, 600px\" \/><\/a>\n\t\t\t\t<\/dt><\/dl><br style=\"clear: both\" \/>\n\t\t\t<\/div>\n\n<p>&nbsp;<\/p>\n<hr \/>\n<p>&nbsp;<\/p>\n<blockquote>\n<h3>GRAZIE ALLEGHE HOCKEY&#8230;<\/h3>\n<\/blockquote>\n<h3><a class=\"dt-pswp-item\" href=\"https:\/\/www.radiopiu.net\/wordpress\/wp-content\/uploads\/2023\/06\/Senza-nome-41.png\" data-dt-img-description=\"\" data-large_image_width=\"599\" data-large_image_height=\"636\"><img loading=\"lazy\" decoding=\"async\" class=\"size-medium wp-image-341019 aligncenter\" src=\"https:\/\/www.radiopiu.net\/wordpress\/wp-content\/uploads\/2023\/06\/Senza-nome-41-283x300.png\" alt=\"\" width=\"283\" height=\"300\" srcset=\"https:\/\/www.radiopiu.net\/wordpress\/wp-content\/uploads\/2023\/06\/Senza-nome-41-283x300.png 283w, https:\/\/www.radiopiu.net\/wordpress\/wp-content\/uploads\/2023\/06\/Senza-nome-41.png 599w\" sizes=\"auto, (max-width: 283px) 100vw, 283px\" \/><\/a><\/h3>\n<blockquote><p>&nbsp;<\/p><\/blockquote>\n<hr \/>\n<p>&nbsp;<\/p>\n<blockquote>\n<h2 class=\"entry-title\" style=\"text-align: center;\"><span style=\"color: #ff0000;\">100 ANNI DI RADIO \u2013 40 ANNI DI RADIO PI\u00d9<\/span><\/h2>\n<\/blockquote>\n<p class=\"photoswipe-wrapper\"><a class=\"dt-pswp-item pspw-wrap-ready\" href=\"https:\/\/www.radiopiu.net\/wordpress\/wp-content\/uploads\/2023\/06\/Senza-nome-1.jpg\" data-dt-img-description=\"\" data-large_image_width=\"549\" data-large_image_height=\"429\"><img loading=\"lazy\" decoding=\"async\" class=\"size-medium wp-image-338505 alignleft\" src=\"https:\/\/www.radiopiu.net\/wordpress\/wp-content\/uploads\/2023\/06\/Senza-nome-1-300x234.jpg\" sizes=\"auto, (max-width: 300px) 100vw, 300px\" srcset=\"https:\/\/www.radiopiu.net\/wordpress\/wp-content\/uploads\/2023\/06\/Senza-nome-1-300x234.jpg 300w, https:\/\/www.radiopiu.net\/wordpress\/wp-content\/uploads\/2023\/06\/Senza-nome-1.jpg 549w\" alt=\"\" width=\"300\" height=\"234\" \/><\/a>Da quando l\u2019Eiar diede il via alla sua prima trasmissione radiofonica nel lontano 1923, sono trascorsi ben cento anni dalla nascita di un mezzo di comunicazione che ha segnato la storia dell\u2019umanit\u00e0. La radio, con la sua capacit\u00e0 di informare, intrattenere e connettere le persone, ha mantenuto la sua importanza nel corso dei decenni, adattandosi ai cambiamenti tecnologici e sociali. Dall\u2019Eiar alla Rai, dalle radio locali ai gruppi nazionali privati, fino alle moderne radio web, l\u2019evoluzione del panorama radiofonico ha seguito il mutare dei tempi. Sono stati quarant\u2019anni dalla nascita di Radio Pi\u00f9, emittente che ha saputo\u00a0<a class=\"dt-pswp-item pspw-wrap-ready\" href=\"https:\/\/www.radiopiu.net\/wordpress\/wp-content\/uploads\/2023\/06\/c4f41af3-b1f7-424a-a20c-3563652ec6a0.jpg\" data-dt-img-description=\"\" data-large_image_width=\"1024\" data-large_image_height=\"768\"><img loading=\"lazy\" decoding=\"async\" class=\"size-medium wp-image-338506 alignright\" src=\"https:\/\/www.radiopiu.net\/wordpress\/wp-content\/uploads\/2023\/06\/c4f41af3-b1f7-424a-a20c-3563652ec6a0-300x225.jpg\" sizes=\"auto, (max-width: 300px) 100vw, 300px\" srcset=\"https:\/\/www.radiopiu.net\/wordpress\/wp-content\/uploads\/2023\/06\/c4f41af3-b1f7-424a-a20c-3563652ec6a0-300x225.jpg 300w, https:\/\/www.radiopiu.net\/wordpress\/wp-content\/uploads\/2023\/06\/c4f41af3-b1f7-424a-a20c-3563652ec6a0-768x576.jpg 768w, https:\/\/www.radiopiu.net\/wordpress\/wp-content\/uploads\/2023\/06\/c4f41af3-b1f7-424a-a20c-3563652ec6a0.jpg 1024w\" alt=\"\" width=\"300\" height=\"225\" \/><\/a>raccontare il territorio e diventare un punto di riferimento per gli appassionati di musica, notizie e intrattenimento (foto in alto in esposizione a RADIOPIU della Pizzeria Costa, Canale d\u2019Agordo).\u00a0\u00a0<strong>Per celebrare il valore intramontabile della radio, Radio Pi\u00f9 ha organizzato un evento speciale. Sabato 24, domenica 25 e luned\u00ec 26, nella suggestiva cornice di Taibon Agordino, in Piazza San Rocco, si terr\u00e0 \u201cLa Mostra delle Radio \u2013 Dal Secolo Scorso ad Oggi\u201d. Un\u2019iniziativa unica, nata dall\u2019idea di Ivano Benvegn\u00f9, Franco Gnel Ben e Mirko Mezzacasa, che vuole ripercorrere la storia della radio attraverso le sue diverse epoche.<\/strong><\/p>\n<p class=\"photoswipe-wrapper\"><a class=\"dt-pswp-item pspw-wrap-ready\" href=\"https:\/\/www.radiopiu.net\/wordpress\/wp-content\/uploads\/2023\/06\/490861a5-5a3d-4404-8e46-65b0e77576bb.jpg\" data-dt-img-description=\"\" data-large_image_width=\"1500\" data-large_image_height=\"2000\"><img loading=\"lazy\" decoding=\"async\" class=\"size-medium wp-image-338508 alignleft\" src=\"https:\/\/www.radiopiu.net\/wordpress\/wp-content\/uploads\/2023\/06\/490861a5-5a3d-4404-8e46-65b0e77576bb-225x300.jpg\" sizes=\"auto, (max-width: 225px) 100vw, 225px\" srcset=\"https:\/\/www.radiopiu.net\/wordpress\/wp-content\/uploads\/2023\/06\/490861a5-5a3d-4404-8e46-65b0e77576bb-225x300.jpg 225w, https:\/\/www.radiopiu.net\/wordpress\/wp-content\/uploads\/2023\/06\/490861a5-5a3d-4404-8e46-65b0e77576bb-768x1024.jpg 768w, https:\/\/www.radiopiu.net\/wordpress\/wp-content\/uploads\/2023\/06\/490861a5-5a3d-4404-8e46-65b0e77576bb-1152x1536.jpg 1152w, https:\/\/www.radiopiu.net\/wordpress\/wp-content\/uploads\/2023\/06\/490861a5-5a3d-4404-8e46-65b0e77576bb.jpg 1500w\" alt=\"\" width=\"225\" height=\"300\" \/><\/a>La mostra sar\u00e0 un viaggio affascinante nel tempo, offrendo ai visitatori l\u2019opportunit\u00e0 di esplorare l\u2019evoluzione dei dispositivi radiofonici e delle trasmissioni nel corso dei decenni. Dagli antichi apparecchi a valvole fino ai moderni dispositivi digitali, sar\u00e0 possibile ammirare la tecnologia che ha reso possibile l\u2019ascolto delle voci e delle storie provenienti da tutto il mondo. Oltre alla componente tecnologica, la mostra metter\u00e0 in luce l\u2019impatto sociale e culturale della radio. Attraverso immagini, documenti d\u2019epoca e testimonianze, si cercher\u00e0 di trasmettere l\u2019importanza di questo mezzo di comunicazione nella vita quotidiana delle persone. La radio ha saputo accompagnare gli ascoltatori nelle loro giornate, diventando compagna di viaggio, fonte di informazione e stimolo per l\u2019immaginazione e il sogno. Radio Pi\u00f9, con la sua lunga storia nel panorama radiofonico, \u00e8 orgogliosa di celebrare l\u2019eredit\u00e0 della radio e il suo impatto duraturo sulla societ\u00e0. L\u2019evento in Piazza San Rocco rappresenta un\u2019occasione unica per rivivere i momenti salienti della radiofonia e per riflettere su come questo strumento abbia saputo evolversi e reinventarsi nel corso dei decenni. La radio continua ad essere un mezzo di comunicazione privilegiato, capace di creare un legame intimo tra le persone e di stimolare la fantasia. Proprio per questa ragione, Radio Pi\u00f9 invita tutti a partecipare a questa straordinaria mostra, per riscoprire insieme il fascino intramontabile della radio e per celebrare cento anni di storia e cultura radiofonica (foto a lato di Franco Ben)<\/p>\n<p>&nbsp;<\/p>\n<p>&nbsp;<\/p>\n<hr \/>\n<p><strong><a class=\"dt-pswp-item\" href=\"https:\/\/www.radiopiu.net\/wordpress\/wp-content\/uploads\/2023\/06\/e976c1db-781c-4cef-bebc-9721311304e0.jpg\" data-dt-img-description=\"\" data-large_image_width=\"1600\" data-large_image_height=\"884\"><img loading=\"lazy\" decoding=\"async\" class=\"size-medium wp-image-340884 alignleft\" src=\"https:\/\/www.radiopiu.net\/wordpress\/wp-content\/uploads\/2023\/06\/e976c1db-781c-4cef-bebc-9721311304e0-300x166.jpg\" alt=\"\" width=\"300\" height=\"166\" srcset=\"https:\/\/www.radiopiu.net\/wordpress\/wp-content\/uploads\/2023\/06\/e976c1db-781c-4cef-bebc-9721311304e0-300x166.jpg 300w, https:\/\/www.radiopiu.net\/wordpress\/wp-content\/uploads\/2023\/06\/e976c1db-781c-4cef-bebc-9721311304e0-1024x566.jpg 1024w, https:\/\/www.radiopiu.net\/wordpress\/wp-content\/uploads\/2023\/06\/e976c1db-781c-4cef-bebc-9721311304e0-768x424.jpg 768w, https:\/\/www.radiopiu.net\/wordpress\/wp-content\/uploads\/2023\/06\/e976c1db-781c-4cef-bebc-9721311304e0-1536x849.jpg 1536w, https:\/\/www.radiopiu.net\/wordpress\/wp-content\/uploads\/2023\/06\/e976c1db-781c-4cef-bebc-9721311304e0.jpg 1600w\" sizes=\"auto, (max-width: 300px) 100vw, 300px\" \/><\/a>AUGURI TABIA!, 50 ANNI DI STORIA<\/strong><\/p>\n<p><strong>LO SPOT ALLA RADIO\u00a0<\/strong><\/p>\n<p>Pronto a festeggiare i 50 anni del Tabi\u00e0? Ti aspettiamo il 29 giugno a partire dalle 11 per un brindisi. Ore 11 benedizione, a seguire per tutta la giornata buffet<\/p>\n<audio class=\"wp-audio-shortcode\" id=\"audio-341384-9\" preload=\"none\" style=\"width: 100%;\" controls=\"controls\"><source type=\"audio\/mpeg\" src=\"https:\/\/www.radiopiu.net\/wordpress\/wp-content\/uploads\/2023\/06\/TABIA-50-anni.mp3?_=9\" \/><a href=\"https:\/\/www.radiopiu.net\/wordpress\/wp-content\/uploads\/2023\/06\/TABIA-50-anni.mp3\">https:\/\/www.radiopiu.net\/wordpress\/wp-content\/uploads\/2023\/06\/TABIA-50-anni.mp3<\/a><\/audio>\n<p>&nbsp;<\/p>\n<hr \/>\n<p>&nbsp;<\/p>\n<p>&nbsp;<\/p>\n<blockquote>\n<h3>Ad Agordo \u00e9 cos\u00ec: esposizione dei volti lignei della tradizione dolomitica<\/h3>\n<\/blockquote>\n<div><strong>AGORDO\u00a0<\/strong> L\u2019associazione Arca dei Volti e il Circolo Culturale Agordino, insieme per la seconda volta in Agordo, propongono una mostra di volti lignei intitolata \u201cAd Agordo \u00e8 cos\u00ec\u201d. In sala \u201cTamis\u201d, sar\u00e0 allestita dal 25 giugno al 2 luglio un\u2019esposizione delle maschere in legno della tradizione dolomitica re-interpretate dagli studenti della scuola organizzata dall\u2019associazione Arca dei Volti, guidata da Beppino Lorenzet con l\u2019aiuto di Sara Andrich e la collaborazione di altri esperti. Anche quest\u2019anno saranno presenti alcuni Olt de Riva dell\u2019artista agordino Tita Bressan. L\u2019espsizione avr\u00e0 inizio oggi alle 17.30 con l\u2019inaugurazione della mostra e continuer\u00e0 per tutta la settimana successiva, con un evento speciale gioved\u00ec 29, festa del Patrono nel capoluogo agordino, in cui maestri e artisti dell\u2019Arca dei Volti saranno presente di persona all\u2019esterno della sala per una dimostrazione sulla realizzazione di un volo in legno: dall\u2019ideazione alla scultura.<\/div>\n<p>&nbsp;<\/p>\n<p>&nbsp;<\/p>\n<hr \/>\n<p>&nbsp;<\/p>\n<blockquote>\n<blockquote>\n<h3>CAMPANOT CON LA PROLOCO PIEVE CASTIONESE: 10 GIORNI DI FESTA<\/h3>\n<\/blockquote>\n<p><strong><img decoding=\"async\" src=\"https:\/\/www.radiopiu.net\/wordpress\/wp-content\/uploads\/2023\/06\/353653276_581423654098743_853417176687910514_n.jpg\" \/><\/strong><\/p>\n<p><strong>BELLUNO<\/strong> Dal 16 al 25 giugno, la citt\u00e0 di Belluno ospita la festa del Campanot, organizzata dalla Pro Loco Pieve Castionese. Questa celebrazione riunisce numerosi eventi e attivit\u00e0 per il divertimento di tutti i partecipanti. La festa inizia oggi e si concluder\u00e0 domenica 25 giugno, offrendo dieci giorni di divertimento. La Pro Loco annuncia una fantastica selezione di piatti prelibati, un&#8217;area concerti con palco esterno, eventi sportivi, ballo liscio e attrazioni per tutti i gusti. Tra gli eventi sportivi e le attivit\u00e0 in programma, domenica 18 giugno ci sar\u00e0 il &#8220;Campanot fitness time&#8221; con Squash e il Fitness club Belluno, che si terranno dalle 9:00 alle 13:00. Nella stessa mattinata, si svolger\u00e0 anche una sfilata dei gruppi folk del Veneto. Questo evento sar\u00e0 un&#8217;occasione per festeggiare il 60\u00ba anniversario del Gruppo Folk Nevegal. La sfilata avr\u00e0 luogo a Pian delle Feste alle ore 11:30. La domenica si concluder\u00e0 con il 17\u00ba raduno Venetnia, che riunisce l&#8217;associazione dei gruppi di tradizioni popolari veneti. In sintesi, la festa del Campanot a Belluno offre una vasta gamma di eventi e attivit\u00e0 per tutti i gusti, tra cui deliziosi piatti, concerti, eventi sportivi, ballo e attrazioni. \u00c8 un&#8217;occasione per celebrare la cultura e le tradizioni locali e godersi dieci giorni di festeggiamenti.<\/p>\n<div class=\"flex-1 overflow-hidden\">\n<div class=\"react-scroll-to-bottom--css-gpkad-79elbk h-full dark:bg-gray-800\">\n<div class=\"react-scroll-to-bottom--css-gpkad-1n7m0yu\">\n<div class=\"flex flex-col text-sm dark:bg-gray-800\">\n<div class=\"group w-full text-gray-800 dark:text-gray-100 border-b border-black\/10 dark:border-gray-900\/50 bg-gray-50 dark:bg-[#444654]\">\n<div class=\"flex p-4 gap-4 text-base md:gap-6 md:max-w-2xl lg:max-w-[38rem] xl:max-w-3xl md:py-6 lg:px-0 m-auto\">\n<div class=\"relative flex w-[calc(100%-50px)] flex-col gap-1 md:gap-3 lg:w-[calc(100%-115px)]\">\n<div class=\"flex justify-between lg:block\"><\/div>\n<\/div>\n<\/div>\n<\/div>\n<div class=\"h-32 md:h-48 flex-shrink-0\">\n<p><strong>LO SPOT\u00a0 SULLE TRE RADIO <\/strong><strong>CLUB 103, PIU&#8217;, PRIMIERO.<\/strong><\/p>\n<\/div>\n<\/div>\n<\/div>\n<\/div>\n<\/div>\n<\/blockquote>\n<div class=\"flex-1 overflow-hidden\">\n<div class=\"react-scroll-to-bottom--css-gpkad-79elbk h-full dark:bg-gray-800\">\n<div class=\"react-scroll-to-bottom--css-gpkad-1n7m0yu\">\n<audio class=\"wp-audio-shortcode\" id=\"audio-341384-10\" preload=\"none\" style=\"width: 100%;\" controls=\"controls\"><source type=\"audio\/mpeg\" src=\"https:\/\/www.radiopiu.net\/wordpress\/wp-content\/uploads\/2023\/06\/castion-c.mp3?_=10\" \/><a href=\"https:\/\/www.radiopiu.net\/wordpress\/wp-content\/uploads\/2023\/06\/castion-c.mp3\">https:\/\/www.radiopiu.net\/wordpress\/wp-content\/uploads\/2023\/06\/castion-c.mp3<\/a><\/audio>\n<p>&nbsp;<\/p>\n<hr \/>\n<p>&nbsp;<\/p>\n<\/div>\n<\/div>\n<\/div>\n<p>&nbsp;<\/p>\n<p><a class=\"dt-pswp-item\" href=\"https:\/\/www.radiopiu.net\/wordpress\/wp-content\/uploads\/2023\/05\/07b370aa-6c88-4a9c-929f-e4e6e20e615b.jpg\" data-dt-img-description=\"\" data-large_image_width=\"832\" data-large_image_height=\"1024\"><img loading=\"lazy\" decoding=\"async\" class=\"size-medium wp-image-337511 aligncenter\" src=\"https:\/\/www.radiopiu.net\/wordpress\/wp-content\/uploads\/2023\/05\/07b370aa-6c88-4a9c-929f-e4e6e20e615b-244x300.jpg\" alt=\"\" width=\"244\" height=\"300\" srcset=\"https:\/\/www.radiopiu.net\/wordpress\/wp-content\/uploads\/2023\/05\/07b370aa-6c88-4a9c-929f-e4e6e20e615b-244x300.jpg 244w, https:\/\/www.radiopiu.net\/wordpress\/wp-content\/uploads\/2023\/05\/07b370aa-6c88-4a9c-929f-e4e6e20e615b-768x945.jpg 768w, https:\/\/www.radiopiu.net\/wordpress\/wp-content\/uploads\/2023\/05\/07b370aa-6c88-4a9c-929f-e4e6e20e615b.jpg 832w\" sizes=\"auto, (max-width: 244px) 100vw, 244px\" \/><\/a><\/p>\n<blockquote>\n<h3>TORNA IL &#8220;MINIERE SUNSET&#8221; NELL&#8217;ESTATE DEL CAFFE&#8217; MINIERE DI AGORDO<\/h3>\n<\/blockquote>\n<p><strong><a class=\"dt-pswp-item\" href=\"https:\/\/www.radiopiu.net\/wordpress\/wp-content\/uploads\/2023\/05\/SCR-20230525-kofy.jpeg\" data-dt-img-description=\"\" data-large_image_width=\"1166\" data-large_image_height=\"646\"><img loading=\"lazy\" decoding=\"async\" class=\" wp-image-337439 alignleft\" src=\"https:\/\/www.radiopiu.net\/wordpress\/wp-content\/uploads\/2023\/05\/SCR-20230525-kofy-300x166.jpeg\" alt=\"\" width=\"154\" height=\"85\" srcset=\"https:\/\/www.radiopiu.net\/wordpress\/wp-content\/uploads\/2023\/05\/SCR-20230525-kofy-300x166.jpeg 300w, https:\/\/www.radiopiu.net\/wordpress\/wp-content\/uploads\/2023\/05\/SCR-20230525-kofy-1024x567.jpeg 1024w, https:\/\/www.radiopiu.net\/wordpress\/wp-content\/uploads\/2023\/05\/SCR-20230525-kofy-768x425.jpeg 768w, https:\/\/www.radiopiu.net\/wordpress\/wp-content\/uploads\/2023\/05\/SCR-20230525-kofy.jpeg 1166w\" sizes=\"auto, (max-width: 154px) 100vw, 154px\" \/><\/a>AGORDO<\/strong> Si torna a ballare nell&#8217;estate 2023. Il Caff\u00e8 Miniere di Agordo organizza il &#8220;Miniere Sunset&#8221;, un appuntamento a cadenza mensile con cocktail bar e DJ Set dalle 18 alle 24. Il 19 luglio e il 30 agosto con Morgan &amp; Battaglia DJ&#8217;s. Tutte le serate saranno in diretta su Radio Pi\u00f9 con ospiti a sorpresa.<\/p>\n<p>&nbsp;<\/p>\n<p>&nbsp;<\/p>\n<p>&nbsp;<\/p>\n<hr \/>\n<p>&nbsp;<\/p>\n<h2><span style=\"color: #ff0000;\">GLI APPUNTAMENTI DELLA SETTIMANA\u00a0 \u00a0<\/span><\/h2>\n<p>&nbsp;<\/p>\n<blockquote>\n<h3>DOMENICA AL PORDOI CON IL GAB<\/h3>\n<\/blockquote>\n<div class=\"articlePlainTitle\"><strong>LIVINALLONGO<\/strong> Torna anche quest&#8217;anno la &#8220;staffetta blu per l&#8217;autismo&#8221; con il Gruppo Autismo Belluno (Gab). L&#8217;appuntamento \u00e8 domani al passo Pordoi\u00a0 alle 10 per la passeggiata di circa un&#8217;ora e mezza verso il rifugio Viel Dal Pan.\u00a0 L&#8217;iniziativa \u00e8 aperta ad amici e simpatizzanti.<\/div>\n<p>&nbsp;<\/p>\n<p>&nbsp;<\/p>\n<blockquote>\n<h3>QUATTRO PASSI LUNGO LA VIA DELLA DOLOMIA<\/h3>\n<\/blockquote>\n<p><strong>AGORDO<\/strong> Domani 25 giugno \u00e8 in programma una visita guidata lungo la Via della Dolomia in Valle di San Lucano con il geologo Danilo Giordano docente all\u2019Istituto Minerario \u201cU. Follador\u201d di Agordo. Ritrovo ore 8.30 parcheggio di Tamonich (Agordo). Iscrizioni presso Ufficio turistico di Agordo ,da Luned\u00ec 19 giugno a Gioved\u00ec 22 giugno<\/p>\n<p>&nbsp;<\/p>\n<blockquote>\n<h3>37^ MOSTRA ARTIGIANALE, C&#8217;E&#8217; IL PROGRAMMA E IL PARTNER<\/h3>\n<\/blockquote>\n<div class=\"page-title-breadcrumbs\">\n<p><strong><a class=\"dt-pswp-item\" href=\"https:\/\/www.radiopiu.net\/wordpress\/wp-content\/uploads\/2023\/05\/d05e1bff-3358-4c71-a399-385f0251118e.jpg\" data-dt-img-description=\"\" data-large_image_width=\"2000\" data-large_image_height=\"1500\"><img loading=\"lazy\" decoding=\"async\" class=\"wp-image-335143 alignleft\" src=\"https:\/\/www.radiopiu.net\/wordpress\/wp-content\/uploads\/2023\/05\/d05e1bff-3358-4c71-a399-385f0251118e-300x225.jpg\" alt=\"\" width=\"217\" height=\"163\" srcset=\"https:\/\/www.radiopiu.net\/wordpress\/wp-content\/uploads\/2023\/05\/d05e1bff-3358-4c71-a399-385f0251118e-300x225.jpg 300w, https:\/\/www.radiopiu.net\/wordpress\/wp-content\/uploads\/2023\/05\/d05e1bff-3358-4c71-a399-385f0251118e-1024x768.jpg 1024w, https:\/\/www.radiopiu.net\/wordpress\/wp-content\/uploads\/2023\/05\/d05e1bff-3358-4c71-a399-385f0251118e-768x576.jpg 768w, https:\/\/www.radiopiu.net\/wordpress\/wp-content\/uploads\/2023\/05\/d05e1bff-3358-4c71-a399-385f0251118e-1536x1152.jpg 1536w, https:\/\/www.radiopiu.net\/wordpress\/wp-content\/uploads\/2023\/05\/d05e1bff-3358-4c71-a399-385f0251118e.jpg 2000w\" sizes=\"auto, (max-width: 217px) 100vw, 217px\" \/><\/a><\/strong><\/p>\n<p>&nbsp;<\/p>\n<p>&nbsp;<\/p>\n<p>&nbsp;<\/p>\n<p>&nbsp;<\/p>\n<p><strong>FELTRE<\/strong><\/p>\n<p><strong>DI MORENO GIOLI<\/strong><\/p>\n<audio class=\"wp-audio-shortcode\" id=\"audio-341384-11\" preload=\"none\" style=\"width: 100%;\" controls=\"controls\"><source type=\"audio\/mpeg\" src=\"https:\/\/www.radiopiu.net\/wordpress\/wp-content\/uploads\/2023\/05\/parco-e-mostra-artigianato.mp3?_=11\" \/><a href=\"https:\/\/www.radiopiu.net\/wordpress\/wp-content\/uploads\/2023\/05\/parco-e-mostra-artigianato.mp3\">https:\/\/www.radiopiu.net\/wordpress\/wp-content\/uploads\/2023\/05\/parco-e-mostra-artigianato.mp3<\/a><\/audio>\n<p>&nbsp;<\/p>\n<\/div>\n<div class=\"page-title-breadcrumbs\">\n<p>&nbsp;<\/p>\n<blockquote>\n<h3>UN CORSO DEDICATO ALLE PIANTE<\/h3>\n<\/blockquote>\n<p><strong>BELLUNO <\/strong>Un corso dedicato alle piante spontanee curative: lo organizza oggi &#8211; giorno di San Giovanni &#8211; Accademia Botanica di Naturalpina, che propone un evento aperto a tutti gli amanti della natura e del benessere naturale. Dedicata alla riscoperta di antichi saperi, la giornata offre l&#8217;opportunit\u00e0 di approfondire la conoscenza delle erbe spontanee e delle loro tante interessanti propriet\u00e0 medicinali e nutritive.<\/p>\n<p>&nbsp;<\/p>\n<blockquote>\n<h3>SULLA FERRATA DELLE AQUILE CON IL CAI DI AGORDO<\/h3>\n<\/blockquote>\n<p><strong>AGORDO<\/strong> Domani \u00e8 in programma un&#8217;uscita organizzata dal Cai di Agordo sul gruppo della Paganella per salire la Ferrata delle Aquile. Ritrovo alle 5:30 alla sede del Cai al municipio di Agordo.<\/p>\n<p>&nbsp;<\/p>\n<h2><span style=\"color: #ff0000;\">PROSSIMAMENTE&#8230;<\/span><\/h2>\n<blockquote>\n<h3><a class=\"dt-pswp-item\" href=\"https:\/\/www.radiopiu.net\/wordpress\/wp-content\/uploads\/2023\/06\/64229c40-87ce-4383-b3e8-2e5ead44366b.jpg\" data-dt-img-description=\"\" data-large_image_width=\"1131\" data-large_image_height=\"1600\"><img loading=\"lazy\" decoding=\"async\" class=\" wp-image-341142 alignleft\" src=\"https:\/\/www.radiopiu.net\/wordpress\/wp-content\/uploads\/2023\/06\/64229c40-87ce-4383-b3e8-2e5ead44366b-212x300.jpg\" alt=\"\" width=\"78\" height=\"110\" srcset=\"https:\/\/www.radiopiu.net\/wordpress\/wp-content\/uploads\/2023\/06\/64229c40-87ce-4383-b3e8-2e5ead44366b-212x300.jpg 212w, https:\/\/www.radiopiu.net\/wordpress\/wp-content\/uploads\/2023\/06\/64229c40-87ce-4383-b3e8-2e5ead44366b-724x1024.jpg 724w, https:\/\/www.radiopiu.net\/wordpress\/wp-content\/uploads\/2023\/06\/64229c40-87ce-4383-b3e8-2e5ead44366b-768x1086.jpg 768w, https:\/\/www.radiopiu.net\/wordpress\/wp-content\/uploads\/2023\/06\/64229c40-87ce-4383-b3e8-2e5ead44366b-1086x1536.jpg 1086w, https:\/\/www.radiopiu.net\/wordpress\/wp-content\/uploads\/2023\/06\/64229c40-87ce-4383-b3e8-2e5ead44366b.jpg 1131w\" sizes=\"auto, (max-width: 78px) 100vw, 78px\" \/><\/a>LUCIA E SALVATORE, UNA VITA IN NOME DELLA GIUSTIZIA<\/h3>\n<\/blockquote>\n<p><strong>AGORDO <\/strong>Marted\u00ec alle 20:30 all&#8217;Auditorium del Centro Parrochiale Don Vincenzo Savio, Libera Agordino organizza una serata in compagnia di Walter Aversa, primogenito di Lucia e Salvatore Aversa assassinati dalla &#8216;Ndrangheta nel 1992. La serata sar\u00e0 impreziosita dal Coro Val Biois e il Gruppo Folk del Poi. La cittadinanza \u00e8 invitata.<\/p>\n<p>&nbsp;<\/p>\n<blockquote>\n<h3>UNA SERATA PER SCRIVERE A MANO<\/h3>\n<\/blockquote>\n<p><strong>VAL DI ZOLDO<\/strong> Venerd\u00ec 30 giugno, a Fusine di Val di Zoldo, nella Sala Rizzardini, si svolger\u00e0 l\u2019incontro dal titolo: <em>Scrivere a Mano, tra passato e presente. <\/em>All\u2019incontro parteciperanno la calligrafa Anna Schettin, che con l\u2019intervento \u201cCalligrafia, storia di una passione\u201d ne traccer\u00e0 la storia e il\u00a0 suo \u00a0valore formale ed estetico;\u00a0 la logopedista Clara Andrich, e\u00a0 l\u2019insegnante Monica Vecellio. Introdurr\u00e0 l\u2019incontro Lucia Molin Pradel.<\/p>\n<p>&nbsp;<\/p>\n<blockquote>\n<h3>L&#8217;INAUGURAZIONE DEL NORDIC WALKING PARK AGORDINO<\/h3>\n<\/blockquote>\n<p><strong>AGORDO<\/strong> In occasione della Sagra di San Piero Ad Agordo, sabato 1 luglio verr\u00e0 inaugurato il percorso di Nordic Walking Park Agordino. Ritrovo sul Broi alle 14:30, alle 15 la caccia al tesoro e alle 17:30 l&#8217;inaugurazione del percorso sotto al tendone con Radio Pi\u00f9.<\/p>\n<blockquote class=\"wp-embedded-content\" data-secret=\"0GTfOsTbMV\"><p><a href=\"https:\/\/www.radiopiu.net\/wordpress\/sabato-1-luglio-linaugurazione-del-percorso-di-nordic-walking-ad-agordo\/\">SABATO 1 LUGLIO L&#8217;INAUGURAZIONE DEL PERCORSO DI NORDIC WALKING AD AGORDO<\/a><\/p><\/blockquote>\n<p><iframe loading=\"lazy\" class=\"wp-embedded-content\" sandbox=\"allow-scripts\" security=\"restricted\" style=\"position: absolute; clip: rect(1px, 1px, 1px, 1px);\" title=\"&#8220;SABATO 1 LUGLIO L&#8217;INAUGURAZIONE DEL PERCORSO DI NORDIC WALKING AD AGORDO&#8221; &#8212; Radio Pi\u00f9\" src=\"https:\/\/www.radiopiu.net\/wordpress\/sabato-1-luglio-linaugurazione-del-percorso-di-nordic-walking-ad-agordo\/embed\/#?secret=sZ9EGNFIoX#?secret=0GTfOsTbMV\" data-secret=\"0GTfOsTbMV\" width=\"600\" height=\"338\" frameborder=\"0\" marginwidth=\"0\" marginheight=\"0\" scrolling=\"no\"><\/iframe><\/p>\n<p>&nbsp;<\/p>\n<\/div>\n<p>&nbsp;<\/p>\n<div class=\"page-title-breadcrumbs\">\n<p>&nbsp;<\/p>\n<blockquote>\n<h3>L&#8217;ESTATE DEI MERCATINI AD AGORDO<\/h3>\n<\/blockquote>\n<p><strong>AGORDO<\/strong> Tornano i mercatini d&#8217;estate ad Agordo. Il primo appuntamento domenica 23 luglio dalle 6 alle 19 sul Broi di Agordo con il mercatino dell&#8217;antiquariato. Per informazioni 349 3984682<\/p>\n<p>&nbsp;<\/p>\n<p>&nbsp;<\/p>\n<blockquote>\n<h3>RITORNA ARTISTI IN VETRINA AD AGORDO<\/h3>\n<\/blockquote>\n<p><strong><a class=\"dt-pswp-item\" href=\"https:\/\/www.radiopiu.net\/wordpress\/wp-content\/uploads\/2023\/06\/immagine-tre-quadri.jpg\" data-dt-img-description=\"\" data-large_image_width=\"2000\" data-large_image_height=\"1414\"><img loading=\"lazy\" decoding=\"async\" class=\" wp-image-340976 alignleft\" src=\"https:\/\/www.radiopiu.net\/wordpress\/wp-content\/uploads\/2023\/06\/immagine-tre-quadri-300x212.jpg\" alt=\"\" width=\"184\" height=\"130\" srcset=\"https:\/\/www.radiopiu.net\/wordpress\/wp-content\/uploads\/2023\/06\/immagine-tre-quadri-300x212.jpg 300w, https:\/\/www.radiopiu.net\/wordpress\/wp-content\/uploads\/2023\/06\/immagine-tre-quadri-1024x724.jpg 1024w, https:\/\/www.radiopiu.net\/wordpress\/wp-content\/uploads\/2023\/06\/immagine-tre-quadri-768x543.jpg 768w, https:\/\/www.radiopiu.net\/wordpress\/wp-content\/uploads\/2023\/06\/immagine-tre-quadri-1536x1086.jpg 1536w, https:\/\/www.radiopiu.net\/wordpress\/wp-content\/uploads\/2023\/06\/immagine-tre-quadri.jpg 2000w\" sizes=\"auto, (max-width: 184px) 100vw, 184px\" \/><\/a>AGORDO <\/strong>Anche quest\u2019anno, viene riproposta ad Agordo l\u2019iniziativa \u201cArtisti in vetrina\u201d, promossa dal Comune di Agordo per arricchire il centro storico del paese con opere d\u2019arte messe a disposizione da artisti locali. La mostra \u00e8 allestita nelle vetrine dei negozi sfitti dell\u2019antica \u201cContrada dei Signori\u201d, un tempo zona vitale e luogo adibito al commercio con la presenza di numerosi esercizi pubblici. Ora molte di queste attivit\u00e0 non sono pi\u00f9 operative, ma altre sono state aperte, rivitalizzando questo luogo che sar\u00e0 possibile visitare accompagnati da 16 quadri che rappresentano la Agordo di una volta. Come per le scorse edizioni, un obiettivo della mostra \u00e8 sensibilizzare i cittadini alla diminuzione di esercizi commerciali nel centro storico, e al contempo rendere visibile a tutti il bello della cultura, in questo caso artistica. Le opere esposte sono realizzate da Maria Nazzarena Zasso e sar\u00e0 possibile ammirarle liberamente fino a settembre. La collezione \u201cC\u2019era una volta\u2026 Agordo\u201d, composta tra il 2020 e il 2022, nasce da un profondo amore della pittrice per il suo paese natio e ritrae i caratteristici scorci del centro storico dalla fine dell\u2019\u2019800 alla prima met\u00e0 del \u2018900, in parte vissuti, in parte interpretati in modo personale sfogliando le foto antiche di cui \u00e8 sempre stata grande appassionata. La mostra \u00e8 intesa come un caloroso omaggio ad Agordo e ai suoi abitanti, nonch\u00e9 ai molti visitatori che ci auguriamo possano apprezzare le opere. Si ringraziano i proprietari delle vetrine per la concessione degli spazi.<\/p>\n<p>&nbsp;<\/p>\n<p>&nbsp;<\/p>\n<hr \/>\n<p>&nbsp;<\/p>\n<div dir=\"auto\">\n<div class=\"message spoilers-container\" dir=\"auto\">\n<div>\n<div class=\"b654a4as d2edcug0\">\n<div class=\"rq0escxv hkbzh7o3 jwdofwj8 n8tt0mok r8blr3vg hyh9befq\">\n<p><a class=\"dt-pswp-item\" href=\"https:\/\/www.radiopiu.net\/wordpress\/wp-content\/uploads\/2020\/10\/pp.jpg\" data-dt-img-description=\"\" data-large_image_width=\"640\" data-large_image_height=\"640\"><img loading=\"lazy\" decoding=\"async\" class=\"wp-image-163678 alignleft\" src=\"https:\/\/www.radiopiu.net\/wordpress\/wp-content\/uploads\/2020\/10\/pp-300x300.jpg\" alt=\"\" width=\"106\" height=\"106\" srcset=\"https:\/\/www.radiopiu.net\/wordpress\/wp-content\/uploads\/2020\/10\/pp-300x300.jpg 300w, https:\/\/www.radiopiu.net\/wordpress\/wp-content\/uploads\/2020\/10\/pp-150x150.jpg 150w, https:\/\/www.radiopiu.net\/wordpress\/wp-content\/uploads\/2020\/10\/pp-125x125.jpg 125w, https:\/\/www.radiopiu.net\/wordpress\/wp-content\/uploads\/2020\/10\/pp-200x200.jpg 200w, https:\/\/www.radiopiu.net\/wordpress\/wp-content\/uploads\/2020\/10\/pp-80x80.jpg 80w, https:\/\/www.radiopiu.net\/wordpress\/wp-content\/uploads\/2020\/10\/pp-480x480.jpg 480w, https:\/\/www.radiopiu.net\/wordpress\/wp-content\/uploads\/2020\/10\/pp.jpg 640w\" sizes=\"auto, (max-width: 106px) 100vw, 106px\" \/><\/a><\/p>\n<\/div>\n<\/div>\n<\/div>\n<\/div>\n<div class=\"message spoilers-container\" dir=\"auto\">\n<div class=\"page-title-head hgroup\">\n<div class=\"page-title-head hgroup\">\n<div class=\"b654a4as d2edcug0\">\n<div class=\"j83agx80 btwxx1t3 lhclo0ds hop8lmos nkwizq5d scwd0bx6 roh60bw9\">\n<div class=\"rq0escxv hkbzh7o3 jwdofwj8 n8tt0mok r8blr3vg hyh9befq\">\n<div class=\"do00u71z l9j0dhe7 k4urcfbm\" style=\"text-align: left;\">\n<h2><span style=\"color: #000080;\">DON CESARE, IL PENSIERO DEL GIORNO. ALLA RADIO ALLE 7 DEL MATTINO E ALLE 19.30 DELLA SERA<\/span><\/h2>\n<\/div>\n<\/div>\n<\/div>\n<\/div>\n<\/div>\n<\/div>\n<\/div>\n<\/div>\n<div class=\"message spoilers-container\" dir=\"auto\">\n<div class=\"column\">\n<div class=\"message spoilers-container\" dir=\"auto\">\n<div class=\"column\">\n<p>&nbsp;<\/p>\n<p>&nbsp;<\/p>\n<p>&nbsp;<\/p>\n<audio class=\"wp-audio-shortcode\" id=\"audio-341384-12\" preload=\"none\" style=\"width: 100%;\" controls=\"controls\"><source type=\"audio\/mpeg\" src=\"https:\/\/www.radiopiu.net\/wordpress\/wp-content\/uploads\/2023\/06\/CESARE-17.mp3?_=12\" \/><a href=\"https:\/\/www.radiopiu.net\/wordpress\/wp-content\/uploads\/2023\/06\/CESARE-17.mp3\">https:\/\/www.radiopiu.net\/wordpress\/wp-content\/uploads\/2023\/06\/CESARE-17.mp3<\/a><\/audio>\n<hr \/>\n<p>&nbsp;<\/p>\n<p><img loading=\"lazy\" decoding=\"async\" class=\"aligncenter wp-image-61954 size-full\" src=\"https:\/\/www.radiopiu.net\/wordpress\/wp-content\/uploads\/2018\/09\/viabilita.jpeg\" sizes=\"auto, (max-width: 800px) 100vw, 800px\" srcset=\"https:\/\/www.radiopiu.net\/wordpress\/wp-content\/uploads\/2018\/09\/viabilita.jpeg 800w, https:\/\/www.radiopiu.net\/wordpress\/wp-content\/uploads\/2018\/09\/viabilita-300x38.jpeg 300w, https:\/\/www.radiopiu.net\/wordpress\/wp-content\/uploads\/2018\/09\/viabilita-768x96.jpeg 768w\" alt=\"\" width=\"800\" height=\"100\" \/><\/p>\n<\/div>\n<\/div>\n<div class=\"message spoilers-container\" dir=\"auto\">\n<div class=\"column\">\n<p>&nbsp;<\/p>\n<\/div>\n<\/div>\n<div class=\"message spoilers-container\" dir=\"auto\">\n<div class=\"column\">\n<div>\n<div dir=\"ltr\">\n<div class=\"gmail_quote\">\n<div dir=\"ltr\">\n<div><\/div>\n<div><\/div>\n<div>\n<hr \/>\n<\/div>\n<div><a class=\"dt-pswp-item\" href=\"https:\/\/www.radiopiu.net\/wordpress\/wp-content\/uploads\/2023\/06\/07493af4-f8e1-4ce3-bb99-e0a40362939f.jpg\" data-dt-img-description=\"\" data-large_image_width=\"1417\" data-large_image_height=\"1481\"><img loading=\"lazy\" decoding=\"async\" class=\"wp-image-339869 aligncenter\" src=\"https:\/\/www.radiopiu.net\/wordpress\/wp-content\/uploads\/2023\/06\/07493af4-f8e1-4ce3-bb99-e0a40362939f-980x1024.jpg\" alt=\"\" width=\"382\" height=\"399\" srcset=\"https:\/\/www.radiopiu.net\/wordpress\/wp-content\/uploads\/2023\/06\/07493af4-f8e1-4ce3-bb99-e0a40362939f-980x1024.jpg 980w, https:\/\/www.radiopiu.net\/wordpress\/wp-content\/uploads\/2023\/06\/07493af4-f8e1-4ce3-bb99-e0a40362939f-287x300.jpg 287w, https:\/\/www.radiopiu.net\/wordpress\/wp-content\/uploads\/2023\/06\/07493af4-f8e1-4ce3-bb99-e0a40362939f-768x803.jpg 768w, https:\/\/www.radiopiu.net\/wordpress\/wp-content\/uploads\/2023\/06\/07493af4-f8e1-4ce3-bb99-e0a40362939f.jpg 1417w\" sizes=\"auto, (max-width: 382px) 100vw, 382px\" \/><\/a><\/div>\n<div><\/div>\n<\/div>\n<\/div>\n<\/div>\n<\/div>\n<hr \/>\n<p>&nbsp;<\/p>\n<p><a class=\"dt-pswp-item\" href=\"https:\/\/www.radiopiu.net\/wordpress\/wp-content\/uploads\/2018\/09\/WhatsApp-Image-2018-09-20-at-16.04.06.jpeg\" data-dt-img-description=\"\" data-large_image_width=\"800\" data-large_image_height=\"100\"><img loading=\"lazy\" decoding=\"async\" class=\"wp-image-61378 size-full aligncenter\" src=\"https:\/\/www.radiopiu.net\/wordpress\/wp-content\/uploads\/2018\/09\/WhatsApp-Image-2018-09-20-at-16.04.06.jpeg\" alt=\"\" width=\"800\" height=\"100\" srcset=\"https:\/\/www.radiopiu.net\/wordpress\/wp-content\/uploads\/2018\/09\/WhatsApp-Image-2018-09-20-at-16.04.06.jpeg 800w, https:\/\/www.radiopiu.net\/wordpress\/wp-content\/uploads\/2018\/09\/WhatsApp-Image-2018-09-20-at-16.04.06-300x38.jpeg 300w, https:\/\/www.radiopiu.net\/wordpress\/wp-content\/uploads\/2018\/09\/WhatsApp-Image-2018-09-20-at-16.04.06-768x96.jpeg 768w\" sizes=\"auto, (max-width: 800px) 100vw, 800px\" \/><\/a><\/p>\n<\/div>\n<\/div>\n<div class=\"message spoilers-container\" dir=\"auto\">\n<p>&nbsp;<\/p>\n<\/div>\n<p><center><b>OGGI<\/b><\/center><b>Tempo atteso: <\/b>Tempo ben soleggiato con cielo terso al mattino. nelle ore pi\u00f9 calde modesta attivit\u00e0 cumuliforme, pi\u00f9 probabile sulle Prealpi. Aria limpida e ottima visibilit\u00e0 ovunque. Mattinata pi\u00f9 fresca, ma in giornata il sole riporter\u00e0 i livelli termici su valori nuovamente estivi, ma non cos\u00ec elevati come quelli dei giorni scorsi.<br \/>\n<b>Precipitazioni: <\/b>Assenti (0%).<br \/>\n<b>Temperature: <\/b>Minime in generale calo, massime pressoch\u00e9 stazionarie o in lieve aumento nelle valli<\/p>\n<hr \/>\n<p><center><b>DOMANI<\/b><\/center><b>Tempo atteso: <\/b>Tempo stabile ben soleggiato in un cielo sgombro da nubi al mattino e sereno o poco nuvoloso per modesta attivit\u00e0 cumuliforme nelle ore pi\u00f9 calde. Ritorno del contesto termico estivo a tutte le quote<br \/>\n<b>Precipitazioni: <\/b>Assenti (0%).<br \/>\n<b>Temperature: <\/b>In generale contenuta ripresa a tutte le quote.<\/p>\n<hr \/>\n<p><center><b>LUNEDI<\/b><\/center>Al mattino sole e cielo sereno o al pi\u00f9 poco nuvoloso. Nel pomeriggio modesta formazione di nuvolosit\u00e0 cumuliforme, localmente moderata alla sera e, seppur bassa, non sar\u00e0 da escludere la possibilit\u00e0 di qualche singolo rovescio o locale temporale di calore a fine giornata. Temperature in ulteriore lieve aumento a bassa quota e stazionarie oltre i 1500 m.<\/p>\n<hr \/>\n<p><center><b>MARTEDI<\/b><\/center>Inizio di giornata soleggiato con cielo sereno, poi maggiore sviluppo dell&#8217;attivit\u00e0 cumuliforme rispetto ai giorni precedenti, con addensamenti intensi associati a rovesci e temporali sparsi. Temperature in leggera flessione, pi\u00f9 marcata per le massime nei settori maggiormente interessati dall&#8217;instabilit\u00e0 convettiva.<\/p>\n<p>&nbsp;<\/p>\n<p>&nbsp;<\/p>\n<div class=\"message spoilers-container\" dir=\"auto\">\n<hr \/>\n<p>&nbsp;<\/p>\n<p><a class=\"dt-pswp-item\" href=\"https:\/\/www.radiopiu.net\/wordpress\/wp-content\/uploads\/2018\/09\/sport.jpg\" data-dt-img-description=\"\" data-large_image_width=\"800\" data-large_image_height=\"100\"><img loading=\"lazy\" decoding=\"async\" class=\"aligncenter wp-image-60761 size-full\" src=\"https:\/\/www.radiopiu.net\/wordpress\/wp-content\/uploads\/2018\/09\/sport.jpg\" alt=\"\" width=\"800\" height=\"100\" srcset=\"https:\/\/www.radiopiu.net\/wordpress\/wp-content\/uploads\/2018\/09\/sport.jpg 800w, https:\/\/www.radiopiu.net\/wordpress\/wp-content\/uploads\/2018\/09\/sport-300x38.jpg 300w, https:\/\/www.radiopiu.net\/wordpress\/wp-content\/uploads\/2018\/09\/sport-768x96.jpg 768w\" sizes=\"auto, (max-width: 800px) 100vw, 800px\" \/><\/a><\/p>\n<\/div>\n<div class=\"message spoilers-container\" dir=\"auto\">\n<h3><\/h3>\n<h2><strong><a class=\"dt-pswp-item\" href=\"https:\/\/www.radiopiu.net\/wordpress\/wp-content\/uploads\/2023\/06\/frassene-cross-2023.png\" data-dt-img-description=\"\" data-large_image_width=\"642\" data-large_image_height=\"288\"><img loading=\"lazy\" decoding=\"async\" class=\" wp-image-340508 alignleft\" src=\"https:\/\/www.radiopiu.net\/wordpress\/wp-content\/uploads\/2023\/06\/frassene-cross-2023-300x135.png\" alt=\"\" width=\"198\" height=\"89\" srcset=\"https:\/\/www.radiopiu.net\/wordpress\/wp-content\/uploads\/2023\/06\/frassene-cross-2023-300x135.png 300w, https:\/\/www.radiopiu.net\/wordpress\/wp-content\/uploads\/2023\/06\/frassene-cross-2023.png 642w\" sizes=\"auto, (max-width: 198px) 100vw, 198px\" \/><\/a><\/strong><span style=\"color: #ff9900;\">OGGI LA SECONDA EDIZIONE DELLA FRASSENE&#8217; CROSS<\/span><\/h2>\n<p><strong>di Marco Gaz<\/strong><\/p>\n<p>OSPITE: Yuri Parissenti, Presidente del Gruppo Sportivo Frassen\u00e8<\/p>\n<audio class=\"wp-audio-shortcode\" id=\"audio-341384-13\" preload=\"none\" style=\"width: 100%;\" controls=\"controls\"><source type=\"audio\/mpeg\" src=\"https:\/\/www.radiopiu.net\/wordpress\/wp-content\/uploads\/2023\/06\/FRASSENE-CROS-YURI-PARISSENTI.mp3?_=13\" \/><a href=\"https:\/\/www.radiopiu.net\/wordpress\/wp-content\/uploads\/2023\/06\/FRASSENE-CROS-YURI-PARISSENTI.mp3\">https:\/\/www.radiopiu.net\/wordpress\/wp-content\/uploads\/2023\/06\/FRASSENE-CROS-YURI-PARISSENTI.mp3<\/a><\/audio>\n<p>&nbsp;<\/p>\n<p><span style=\"color: #0000ff;\"><strong>CALCIO<\/strong><\/span><\/p>\n<blockquote>\n<h3>TRE GIORNI DI CALCIO IN AGORDINO PER LA QUARTA GIORNATA DEL MEMORIAL ATTILIO MORETTI<\/h3>\n<\/blockquote>\n<p><strong><a class=\"dt-pswp-item\" href=\"https:\/\/www.radiopiu.net\/wordpress\/wp-content\/uploads\/2023\/03\/CAMPIONATO-AGORDINO-2023.png\" data-dt-img-description=\"\" data-large_image_width=\"1434\" data-large_image_height=\"938\"><img loading=\"lazy\" decoding=\"async\" class=\" wp-image-327073 alignleft\" src=\"https:\/\/www.radiopiu.net\/wordpress\/wp-content\/uploads\/2023\/03\/CAMPIONATO-AGORDINO-2023-300x196.png\" alt=\"\" width=\"174\" height=\"114\" srcset=\"https:\/\/www.radiopiu.net\/wordpress\/wp-content\/uploads\/2023\/03\/CAMPIONATO-AGORDINO-2023-300x196.png 300w, https:\/\/www.radiopiu.net\/wordpress\/wp-content\/uploads\/2023\/03\/CAMPIONATO-AGORDINO-2023-1024x670.png 1024w, https:\/\/www.radiopiu.net\/wordpress\/wp-content\/uploads\/2023\/03\/CAMPIONATO-AGORDINO-2023-768x502.png 768w, https:\/\/www.radiopiu.net\/wordpress\/wp-content\/uploads\/2023\/03\/CAMPIONATO-AGORDINO-2023.png 1434w\" sizes=\"auto, (max-width: 174px) 100vw, 174px\" \/><\/a>di Marco Gaz<\/strong><\/p>\n<p><strong>AGORDO<\/strong> Sar\u00e0 una giornata spezzatino quella che si giocher\u00e0 nel fine settimana sui campi di vallata per il Campionato Agordino di calcio. Otto partite suddivise in tre giorni. Un fine settimana in cui ci saranno gi\u00e0 i primi verdetti con le squadre che, con un turno di anticipo, potrebbero strappre il pass per la qualificazione diretta ai quarti di finale. Ad inaugurare il quarto turno del Memorial Attilio Moretti sono stati Voltago e Canale (giocata ieri e vinta dal Voltago per 4 a 1) con i canalini costretti a chiedere l\u2019anticipo in vista dei festeggiamenti per il santo patrono San Giovanni. Oggi saranno due i match in programma ed entrambi verranno giocati al \u201cCesare Scatena\u201d di Taibon. I primi a scendere in campo saranno i padroni di casa del Taibon che se la vedranno con l\u2019Alleghe, un match che vede favoriti i taiboner. Alle 20 il big match del girone B vede di fronte Caprile e Le Ville, entrambe in testa alla classifica. Si preannuncia una sfida combattuta e decisa dagli episodi. Un\u2019altra partita da non perdere si gioca domani a Cernadoi. Anche in questo caso di fronte le due compagini che sono in testa al girone A a pieni punti, Fodom e La Valle. Chi vince si assicurer\u00e0 un posto ai quarti di finale. Sfida di bassa classifica invece a Rivamonte dove i padroni di casa tenteranno di mettere a segno i primi punti stagionali contro il Cencenighe. Il Gosaldo invece salir\u00e0 in Valle del Biois per affrontare il Vallada. Valladini che devono vincere per rimanere in corsa per la qualificazione diretta ai quarti, gosaldini ormai gi\u00e0 destinati a giocare i miniottavi. Radio Pi\u00f9 seguir\u00e0 in diretta le partite della domenica con i collegamenti dai campi. Domani alle 20:10 il riassunto delle partite mentre luned\u00ec alle 20:30 l\u2019approfondimento con Campionato Agordino Show.<\/p>\n<p><strong>PROSSIMO TURNO: <\/strong>GIRONE A: ieri Voltago \u2013 Canale 4-1, domani alle 16 Fodom \u2013 La Valle e Rivamonte &#8211; Cencenighe. GIRONE B: oggi alle 17 Taibon \u2013 Alleghe e alle 20 Caprile \u2013 Le Ville, domani alle 16 Vallada \u2013 Gosaldo<\/p>\n<p>&nbsp;<\/p>\n<p><span style=\"color: #0000ff;\"><strong>BASKET\u00a0<\/strong><\/span><\/p>\n<blockquote><p><b>ITALIA BRILLANTE NELL&#8217;ESORDIO NEL MEMORIAL DE SILVESTRO-TORNEO MENEGHIN\u00a0<\/b><\/p><\/blockquote>\n<p>L&#8217;<b>Italia<\/b> under 20 inizia col piede giusto il Torneo Internazionale <b>Memorial Vigilio De Silvestro-Trofeo Bepi Meneghin<\/b> imponendosi contro la Slovenia in un match senza storia, condotto e chiuso in bellezza dagli &#8220;azzurrini&#8221; di coach Magro <b>81-62<\/b>. Nella seconda giornata sar\u00e0 sfida alla Germania, con i tedeschi che hanno sconfitto la Grecia all&#8217;overtime 72-68 nella gara d&#8217;apertura della kermesse.<\/p>\n<p><b><a class=\"dt-pswp-item\" href=\"https:\/\/www.radiopiu.net\/wordpress\/wp-content\/uploads\/2023\/06\/IMG-20230623-WA0034.jpg\" data-dt-img-description=\"\" data-large_image_width=\"1658\" data-large_image_height=\"926\"><img loading=\"lazy\" decoding=\"async\" class=\"aligncenter wp-image-341511 size-large\" src=\"https:\/\/www.radiopiu.net\/wordpress\/wp-content\/uploads\/2023\/06\/IMG-20230623-WA0034-1024x572.jpg\" alt=\"\" width=\"1024\" height=\"572\" srcset=\"https:\/\/www.radiopiu.net\/wordpress\/wp-content\/uploads\/2023\/06\/IMG-20230623-WA0034-1024x572.jpg 1024w, https:\/\/www.radiopiu.net\/wordpress\/wp-content\/uploads\/2023\/06\/IMG-20230623-WA0034-300x168.jpg 300w, https:\/\/www.radiopiu.net\/wordpress\/wp-content\/uploads\/2023\/06\/IMG-20230623-WA0034-768x429.jpg 768w, https:\/\/www.radiopiu.net\/wordpress\/wp-content\/uploads\/2023\/06\/IMG-20230623-WA0034-1536x858.jpg 1536w, https:\/\/www.radiopiu.net\/wordpress\/wp-content\/uploads\/2023\/06\/IMG-20230623-WA0034.jpg 1658w\" sizes=\"auto, (max-width: 1024px) 100vw, 1024px\" \/><\/a><\/b><\/p>\n<\/div>\n<\/div>\n<\/div>\n<\/div>\n<\/div>\n<\/div>\n","protected":false},"excerpt":{"rendered":"<p>40esimo di RADIOPIU\u2026. LA VOCE DELL\u2019EMOZIONE &nbsp; &nbsp; &nbsp; OGGI ALLE 10.00 A TAIBON AGORDINO PIAZZA SAN ROCCO, SIETE TUTTI INVITATI ALL&#8217;INAUGURAZIONE DELLA MOSTRA IN OCCASIONE DEI 40 ANNI DI RADIOPIU, E&#8217; APERTO IL MUSEO ETNOGRAFICO &#8220;CASA MARIA DEL PACIFICO&#8221; E IL MUSEO DEI POMPIERI VOLONTARI\u00a0 diretta canali social di Radio Pi\u00f9 &nbsp; &nbsp; &nbsp;&hellip;<\/p>\n","protected":false},"author":4,"featured_media":341525,"comment_status":"closed","ping_status":"closed","sticky":false,"template":"","format":"standard","meta":{"_monsterinsights_skip_tracking":false,"_monsterinsights_sitenote_active":false,"_monsterinsights_sitenote_note":"","_monsterinsights_sitenote_category":0,"footnotes":""},"categories":[51,86,49],"tags":[],"class_list":["post-341384","post","type-post","status-publish","format-standard","has-post-thumbnail","hentry","category-evidenza-top","category-gr","category-news-18","category-51","category-86","category-49","description-off"],"img_url":"https:\/\/www.radiopiu.net\/wordpress\/wp-content\/uploads\/2023\/06\/Senza-nome-60.png","_links":{"self":[{"href":"https:\/\/www.radiopiu.net\/wordpress\/wp-json\/wp\/v2\/posts\/341384","targetHints":{"allow":["GET"]}}],"collection":[{"href":"https:\/\/www.radiopiu.net\/wordpress\/wp-json\/wp\/v2\/posts"}],"about":[{"href":"https:\/\/www.radiopiu.net\/wordpress\/wp-json\/wp\/v2\/types\/post"}],"author":[{"embeddable":true,"href":"https:\/\/www.radiopiu.net\/wordpress\/wp-json\/wp\/v2\/users\/4"}],"replies":[{"embeddable":true,"href":"https:\/\/www.radiopiu.net\/wordpress\/wp-json\/wp\/v2\/comments?post=341384"}],"version-history":[{"count":0,"href":"https:\/\/www.radiopiu.net\/wordpress\/wp-json\/wp\/v2\/posts\/341384\/revisions"}],"wp:featuredmedia":[{"embeddable":true,"href":"https:\/\/www.radiopiu.net\/wordpress\/wp-json\/wp\/v2\/media\/341525"}],"wp:attachment":[{"href":"https:\/\/www.radiopiu.net\/wordpress\/wp-json\/wp\/v2\/media?parent=341384"}],"wp:term":[{"taxonomy":"category","embeddable":true,"href":"https:\/\/www.radiopiu.net\/wordpress\/wp-json\/wp\/v2\/categories?post=341384"},{"taxonomy":"post_tag","embeddable":true,"href":"https:\/\/www.radiopiu.net\/wordpress\/wp-json\/wp\/v2\/tags?post=341384"}],"curies":[{"name":"wp","href":"https:\/\/api.w.org\/{rel}","templated":true}]}}