{"id":341390,"date":"2023-06-23T10:15:46","date_gmt":"2023-06-23T08:15:46","guid":{"rendered":"https:\/\/www.radiopiu.net\/wordpress\/?p=341390"},"modified":"2023-06-23T14:35:44","modified_gmt":"2023-06-23T12:35:44","slug":"terremoto-tra-trevigiano-e-bellunese-percepito-ma-non-risultano-danni","status":"publish","type":"post","link":"https:\/\/www.radiopiu.net\/wordpress\/terremoto-tra-trevigiano-e-bellunese-percepito-ma-non-risultano-danni\/","title":{"rendered":"TERREMOTO TRA TREVIGIANO E BELLUNESE. PERCEPITO MA NON RISULTANO DANNI"},"content":{"rendered":"<p><span style=\"color: #ff0000;\">primo lancio, 7.30 del mattino\u00a0<\/span><\/p>\n<p><strong><a class=\"dt-pswp-item\" href=\"https:\/\/www.radiopiu.net\/wordpress\/wp-content\/uploads\/2023\/06\/Senza-nome-55.png\" data-dt-img-description=\"\" data-large_image_width=\"311\" data-large_image_height=\"169\"><img loading=\"lazy\" decoding=\"async\" class=\"wp-image-341371 alignleft\" src=\"https:\/\/www.radiopiu.net\/wordpress\/wp-content\/uploads\/2023\/06\/Senza-nome-55.png\" alt=\"\" width=\"206\" height=\"112\" srcset=\"https:\/\/www.radiopiu.net\/wordpress\/wp-content\/uploads\/2023\/06\/Senza-nome-55.png 311w, https:\/\/www.radiopiu.net\/wordpress\/wp-content\/uploads\/2023\/06\/Senza-nome-55-300x163.png 300w\" sizes=\"auto, (max-width: 206px) 100vw, 206px\" \/><\/a><\/strong>Un terremoto di magnitudo\u00a0<strong>ML 2.8<\/strong>\u00a0\u00e8 avvenuto nella zona:\u00a0<strong>5 km N Fregona (TV)<\/strong>, OGGI ALLE 7.21 con coordinate geografiche (lat, lon) <strong>46.0530<\/strong>,\u00a0<strong>12.3410<\/strong>\u00a0ad una profondit\u00e0 di\u00a0<strong>8 km<\/strong>. Il terremoto \u00e8 stato localizzato da:\u00a0<strong>Sala Sismica INGV-Roma<\/strong>.<\/p>\n<blockquote><p>&nbsp;<\/p>\n<p><strong> Non si registrano al momento danni a cose o persone<\/strong><\/p><\/blockquote>\n<p>SISMOGRAFO DI AGORDO, SEGNALAZIONE LIEVE<\/p>\n<p><a class=\"dt-pswp-item\" href=\"https:\/\/www.radiopiu.net\/wordpress\/wp-content\/uploads\/2023\/06\/Senza-nome-56.png\" data-dt-img-description=\"\" data-large_image_width=\"347\" data-large_image_height=\"159\"><img loading=\"lazy\" decoding=\"async\" class=\"alignnone size-medium wp-image-341373\" src=\"https:\/\/www.radiopiu.net\/wordpress\/wp-content\/uploads\/2023\/06\/Senza-nome-56-300x137.png\" alt=\"\" width=\"300\" height=\"137\" srcset=\"https:\/\/www.radiopiu.net\/wordpress\/wp-content\/uploads\/2023\/06\/Senza-nome-56-300x137.png 300w, https:\/\/www.radiopiu.net\/wordpress\/wp-content\/uploads\/2023\/06\/Senza-nome-56.png 347w\" sizes=\"auto, (max-width: 300px) 100vw, 300px\" \/><\/a><\/p>\n<p>&nbsp;<\/p>\n<p>&nbsp;<\/p>\n<p><span style=\"color: #ff0000;\">AGGIORNAMENTO DELLE 10.00<\/span><\/p>\n<p>&nbsp;<\/p>\n<p><strong>VENEZIA <\/strong>La Direzione Protezione Civile della Regione Veneto ha emesso poco fa una segnalazione di avvenuto terremoto, verificatosi alle 7.21, con epicentro nell\u2019area di Fregona (Treviso) e una magnitudo di 2,9 sulla scala Richter. La scossa \u00e8 stata percepita (al momento non si segnalano danni n\u00e9 lievi n\u00e9 rilevanti) in alcuni Comuni delle province di Treviso e Belluno: Fregona, Vittorio Veneto, Tambre, Alpago, sarmede, Revine Lago, Cappella Maggiore, Belluno, Ponte nelle Alpi, Limana, Chies d\u2019Alpago, Tarzo, Colle Umberto e Cordignano.<\/p>\n<p><strong>LA SEGNALAZIONE DEL TERREMOTO<\/strong><\/p>\n<a href=\"https:\/\/www.radiopiu.net\/wordpress\/wp-content\/uploads\/2023\/06\/SEGNALAZIONE-TERREMOTO.pdf\" class=\"pdfemb-viewer\" style=\"\" data-width=\"max\" data-height=\"max\" data-toolbar=\"top\" data-toolbar-fixed=\"on\">SEGNALAZIONE TERREMOTO<\/a>\n<p>&nbsp;<\/p>\n<p>&nbsp;<\/p>\n<p>*******<\/p>\n","protected":false},"excerpt":{"rendered":"<p>primo lancio, 7.30 del mattino\u00a0 Un terremoto di magnitudo\u00a0ML 2.8\u00a0\u00e8 avvenuto nella zona:\u00a05 km N Fregona (TV), OGGI ALLE 7.21 con coordinate geografiche (lat, lon) 46.0530,\u00a012.3410\u00a0ad una profondit\u00e0 di\u00a08 km. Il terremoto \u00e8 stato localizzato da:\u00a0Sala Sismica INGV-Roma. &nbsp; Non si registrano al momento danni a cose o persone SISMOGRAFO DI AGORDO, SEGNALAZIONE LIEVE &nbsp;&hellip;<\/p>\n","protected":false},"author":4,"featured_media":124960,"comment_status":"closed","ping_status":"closed","sticky":false,"template":"","format":"standard","meta":{"_monsterinsights_skip_tracking":false,"_monsterinsights_sitenote_active":false,"_monsterinsights_sitenote_note":"","_monsterinsights_sitenote_category":0,"footnotes":""},"categories":[49],"tags":[],"class_list":["post-341390","post","type-post","status-publish","format-standard","has-post-thumbnail","hentry","category-news-18","category-49","description-off"],"img_url":"https:\/\/www.radiopiu.net\/wordpress\/wp-content\/uploads\/2020\/03\/download-44.jpg","_links":{"self":[{"href":"https:\/\/www.radiopiu.net\/wordpress\/wp-json\/wp\/v2\/posts\/341390","targetHints":{"allow":["GET"]}}],"collection":[{"href":"https:\/\/www.radiopiu.net\/wordpress\/wp-json\/wp\/v2\/posts"}],"about":[{"href":"https:\/\/www.radiopiu.net\/wordpress\/wp-json\/wp\/v2\/types\/post"}],"author":[{"embeddable":true,"href":"https:\/\/www.radiopiu.net\/wordpress\/wp-json\/wp\/v2\/users\/4"}],"replies":[{"embeddable":true,"href":"https:\/\/www.radiopiu.net\/wordpress\/wp-json\/wp\/v2\/comments?post=341390"}],"version-history":[{"count":0,"href":"https:\/\/www.radiopiu.net\/wordpress\/wp-json\/wp\/v2\/posts\/341390\/revisions"}],"wp:featuredmedia":[{"embeddable":true,"href":"https:\/\/www.radiopiu.net\/wordpress\/wp-json\/wp\/v2\/media\/124960"}],"wp:attachment":[{"href":"https:\/\/www.radiopiu.net\/wordpress\/wp-json\/wp\/v2\/media?parent=341390"}],"wp:term":[{"taxonomy":"category","embeddable":true,"href":"https:\/\/www.radiopiu.net\/wordpress\/wp-json\/wp\/v2\/categories?post=341390"},{"taxonomy":"post_tag","embeddable":true,"href":"https:\/\/www.radiopiu.net\/wordpress\/wp-json\/wp\/v2\/tags?post=341390"}],"curies":[{"name":"wp","href":"https:\/\/api.w.org\/{rel}","templated":true}]}}