{"id":341426,"date":"2023-06-23T12:46:00","date_gmt":"2023-06-23T10:46:00","guid":{"rendered":"https:\/\/www.radiopiu.net\/wordpress\/?p=341426"},"modified":"2023-06-24T06:46:45","modified_gmt":"2023-06-24T04:46:45","slug":"sabato-1-luglio-linaugurazione-del-percorso-di-nordic-walking-ad-agordo","status":"publish","type":"post","link":"https:\/\/www.radiopiu.net\/wordpress\/sabato-1-luglio-linaugurazione-del-percorso-di-nordic-walking-ad-agordo\/","title":{"rendered":"SABATO 1 LUGLIO L&#8217;INAUGURAZIONE DEL PERCORSO DI NORDIC WALKING AD AGORDO"},"content":{"rendered":"<p><strong>AGORDO <\/strong>Sabato 1\u00b0 luglio 2023 in occasione della Sagra di San Piero ad Agordo verr\u00e0 inaugurato il &#8220;Nordic Walking Park Agordino&#8221;, progetto turistico che collega i Comuni di Agordo e Taibon Agordino attraverso un articolato percorso di Nordic Walking, lungo il quale sar\u00e0 possibile ammirare una vastit\u00e0 di ambienti naturalistici e rurali, arricchendo ulteriormente l\u2019offerta turistica della Conca Agordina. Il progetto \u00c8\u2019CO DROGA nell\u2019ambito dei piani di intervento di politiche giovanili \u201cCapacitandosi\u201d e \u201cCapacitazione\u201d della Regione del Veneto, promossi dal Comune di Agordo con la collaborazione dei ragazzi volontari del territorio agordino, si poneva come obiettivo quello di realizzare un itinerario pedonale all\u2019interno del comune stesso, che promuovesse lo sport e la coesione tra le associazioni; il percorso era stato pensato per rendere zone di passaggio frequente, sia le aree con il pi\u00f9 alto valore culturale e ambientale, ma anche quei luoghi in cui si sono verificati episodi di degrado, portando nuova luce e promuovendo, appunto, l\u2019attivit\u00e0 sportiva come \u201cdipendenza positiva\u201d (da qui il nome \u00c8\u2019CO DROGA\u201d) in contrasto all\u2019abuso di sostanze. Il progetto \u00c8\u2019CO DROGA \u00e8 confluito, in seguito, in un tassello del progetto relativo al Programma Interreg V-A Italia-Austria 2014-2020, al quale ha partecipato il Comune di Taibon Agordino come partner insieme a Sesto Pusteria e Lienz in Austria, proponendo dei tracciati denominati \u201cDolomiti Live Insieme a Piedi\u201d. Grazie a questo apporto finanziario \u00e8 stato possibile realizzare, all\u2019interno del territorio di Taibon, la tabellazione, la stampa di cartine e un pannello informativo dal titolo \u201cPercorsi di fondovalle e La Via della Dolomia\u201d, come pure un pannello specifico per il Nordic Walking. Il Nordic Walking Park Agordino \u00e8 dunque il risultato della sinergia di due progetti, nati separatamente e con motivazioni diverse, che si sono uniti per dare forma ad un percorso Nordic Walking unico nel suo genere. Il programma della manifestazione sar\u00e0 il seguente: ore 14.30 ritrovo sul Broi e alle 15:00 inizio caccia al tesoro dedicata ai bambini e camminata lungo il percorso per adulti. Alle 17:30 l&#8217;inaugurazione sotto al tendone con un omaggio per tutti, con la presenza di Radio Pi\u00f9. Sar\u00e0 possibile prenotarsi alle attivit\u00e0 pomeridiane presso l\u2019Ufficio Turistico di Agordo aperto il luned\u00ec, mercoled\u00ec, gioved\u00ec, venerd\u00ec e sabato 9.00-12.00\/15.00-18.00, domenica 9.00-12.00 (marted\u00ec chiuso). Si ringrazia per la realizzazione del progetto Tamara Costantini e Fiorangela Beltrame per il Comune di Taibon Agordino, lo psicologo Francesco Corazza coordinatore dei ragazzi, Fontanive Chiara assessore al Turismo e Politiche Giovanili di Agordo, Asca per il coordinamento amministrativo del progetto, i ragazzi coinvolti nel progetto nel piano di intervento di politiche giovanili e tutti i volontari che hanno partecipato a vario titolo alla realizzazione del percorso.<\/p>\n\n\t\t\t<style type='text\/css'>\n\t\t\t\t#gallery-1 {\n\t\t\t\t\tmargin: auto;\n\t\t\t\t}\n\t\t\t\t#gallery-1 .gallery-item {\n\t\t\t\t\tfloat: left;\n\t\t\t\t\tmargin-top: 10px;\n\t\t\t\t\ttext-align: center;\n\t\t\t\t\twidth: 50%;\n\t\t\t\t}\n\t\t\t\t#gallery-1 img {\n\t\t\t\t\tborder: 2px solid #cfcfcf;\n\t\t\t\t}\n\t\t\t\t#gallery-1 .gallery-caption {\n\t\t\t\t\tmargin-left: 0;\n\t\t\t\t}\n\t\t\t\t\/* see gallery_shortcode() in wp-includes\/media.php *\/\n\t\t\t<\/style>\n\t\t<div id='gallery-1' class='dt-gallery-container gallery galleryid-341426 gallery-columns-2 gallery-size-thumbnail'><dl class='gallery-item'>\n\t\t\t\t<dt class='gallery-icon portrait'>\n\t\t\t\t\t<a class=\"rollover rollover-zoom dt-pswp-item\" title=\"locandina nordic walking\" data-dt-img-description=\"\" data-large_image_width=\"1131\" data-large_image_height=\"1600\"href='https:\/\/www.radiopiu.net\/wordpress\/wp-content\/uploads\/2023\/06\/locandina-nordic-walking.jpeg'><img loading=\"lazy\" decoding=\"async\" width=\"150\" height=\"150\" src=\"https:\/\/www.radiopiu.net\/wordpress\/wp-content\/uploads\/2023\/06\/locandina-nordic-walking-150x150.jpeg\" class=\"attachment-thumbnail size-thumbnail\" alt=\"\" aria-describedby=\"gallery-1-341428\" \/><\/a>\n\t\t\t\t<\/dt>\n\t\t\t\t\t<dd class='wp-caption-text gallery-caption' id='gallery-1-341428'>\n\t\t\t\t\tLA LOCANDINA\n\t\t\t\t\t<\/dd><\/dl><dl class='gallery-item'>\n\t\t\t\t<dt class='gallery-icon landscape'>\n\t\t\t\t\t<a class=\"rollover rollover-zoom dt-pswp-item\" title=\"mappa (2)\" data-dt-img-description=\"\" data-large_image_width=\"1600\" data-large_image_height=\"1131\"href='https:\/\/www.radiopiu.net\/wordpress\/wp-content\/uploads\/2023\/06\/mappa-2.jpeg'><img loading=\"lazy\" decoding=\"async\" width=\"150\" height=\"150\" src=\"https:\/\/www.radiopiu.net\/wordpress\/wp-content\/uploads\/2023\/06\/mappa-2-150x150.jpeg\" class=\"attachment-thumbnail size-thumbnail\" alt=\"\" aria-describedby=\"gallery-1-341427\" \/><\/a>\n\t\t\t\t<\/dt>\n\t\t\t\t\t<dd class='wp-caption-text gallery-caption' id='gallery-1-341427'>\n\t\t\t\t\tLA MAPPA DEL PERCORSO\n\t\t\t\t\t<\/dd><\/dl><br style=\"clear: both\" \/>\n\t\t\t<\/div>\n\n<p>&nbsp;<\/p>\n<p>&nbsp;<\/p>\n<p>*******<\/p>\n","protected":false},"excerpt":{"rendered":"<p>AGORDO Sabato 1\u00b0 luglio 2023 in occasione della Sagra di San Piero ad Agordo verr\u00e0 inaugurato il &#8220;Nordic Walking Park Agordino&#8221;, progetto turistico che collega i Comuni di Agordo e Taibon Agordino attraverso un articolato percorso di Nordic Walking, lungo il quale sar\u00e0 possibile ammirare una vastit\u00e0 di ambienti naturalistici e rurali, arricchendo ulteriormente l\u2019offerta&hellip;<\/p>\n","protected":false},"author":4,"featured_media":341429,"comment_status":"closed","ping_status":"closed","sticky":false,"template":"","format":"standard","meta":{"_monsterinsights_skip_tracking":false,"_monsterinsights_sitenote_active":false,"_monsterinsights_sitenote_note":"","_monsterinsights_sitenote_category":0,"footnotes":""},"categories":[51,49],"tags":[],"class_list":["post-341426","post","type-post","status-publish","format-standard","has-post-thumbnail","hentry","category-evidenza-top","category-news-18","category-51","category-49","description-off"],"img_url":"https:\/\/www.radiopiu.net\/wordpress\/wp-content\/uploads\/2023\/06\/SCR-20230623-llvz.jpeg","_links":{"self":[{"href":"https:\/\/www.radiopiu.net\/wordpress\/wp-json\/wp\/v2\/posts\/341426","targetHints":{"allow":["GET"]}}],"collection":[{"href":"https:\/\/www.radiopiu.net\/wordpress\/wp-json\/wp\/v2\/posts"}],"about":[{"href":"https:\/\/www.radiopiu.net\/wordpress\/wp-json\/wp\/v2\/types\/post"}],"author":[{"embeddable":true,"href":"https:\/\/www.radiopiu.net\/wordpress\/wp-json\/wp\/v2\/users\/4"}],"replies":[{"embeddable":true,"href":"https:\/\/www.radiopiu.net\/wordpress\/wp-json\/wp\/v2\/comments?post=341426"}],"version-history":[{"count":0,"href":"https:\/\/www.radiopiu.net\/wordpress\/wp-json\/wp\/v2\/posts\/341426\/revisions"}],"wp:featuredmedia":[{"embeddable":true,"href":"https:\/\/www.radiopiu.net\/wordpress\/wp-json\/wp\/v2\/media\/341429"}],"wp:attachment":[{"href":"https:\/\/www.radiopiu.net\/wordpress\/wp-json\/wp\/v2\/media?parent=341426"}],"wp:term":[{"taxonomy":"category","embeddable":true,"href":"https:\/\/www.radiopiu.net\/wordpress\/wp-json\/wp\/v2\/categories?post=341426"},{"taxonomy":"post_tag","embeddable":true,"href":"https:\/\/www.radiopiu.net\/wordpress\/wp-json\/wp\/v2\/tags?post=341426"}],"curies":[{"name":"wp","href":"https:\/\/api.w.org\/{rel}","templated":true}]}}