{"id":341568,"date":"2023-06-24T14:21:34","date_gmt":"2023-06-24T12:21:34","guid":{"rendered":"https:\/\/www.radiopiu.net\/wordpress\/?p=341568"},"modified":"2023-06-24T14:21:34","modified_gmt":"2023-06-24T12:21:34","slug":"mattinata-intensa-per-il-soccorso-alpino-tre-interventi-tra-cadore-e-feltre","status":"publish","type":"post","link":"https:\/\/www.radiopiu.net\/wordpress\/mattinata-intensa-per-il-soccorso-alpino-tre-interventi-tra-cadore-e-feltre\/","title":{"rendered":"MATTINATA INTENSA PER IL SOCCORSO ALPINO. TRE INTERVENTI TRA CADORE E FELTRE"},"content":{"rendered":"<p><strong><a class=\"dt-pswp-item\" href=\"https:\/\/www.radiopiu.net\/wordpress\/wp-content\/uploads\/2022\/04\/soccorso-alpino-1024x602-1.jpg\" data-dt-img-description=\"\" data-large_image_width=\"1024\" data-large_image_height=\"602\"><img loading=\"lazy\" decoding=\"async\" class=\"size-medium wp-image-270917 alignleft\" src=\"https:\/\/www.radiopiu.net\/wordpress\/wp-content\/uploads\/2022\/04\/soccorso-alpino-1024x602-1-300x176.jpg\" alt=\"\" width=\"300\" height=\"176\" srcset=\"https:\/\/www.radiopiu.net\/wordpress\/wp-content\/uploads\/2022\/04\/soccorso-alpino-1024x602-1-300x176.jpg 300w, https:\/\/www.radiopiu.net\/wordpress\/wp-content\/uploads\/2022\/04\/soccorso-alpino-1024x602-1-768x452.jpg 768w, https:\/\/www.radiopiu.net\/wordpress\/wp-content\/uploads\/2022\/04\/soccorso-alpino-1024x602-1.jpg 1024w\" sizes=\"auto, (max-width: 300px) 100vw, 300px\" \/><\/a>CORTINA <\/strong>Questa mattina attorno alle 10.50 l&#8217;elicottero del Suem di Pieve di Cadore ha effettuato il recupero di un alpinista, che si era fatto male sul 4\u00b0 tiro della Via Dimai alla Punta Fiames, nel Gruppo del Pomagagnon. Primo di cordata, il 33enne di Padova era volato per una quindicina di metri, sbattendo violentemente con un piede sulla roccia e riportandone una sospetta lussazione. Per avvicinare il tecnico di elisoccorso al punto in cui si trovava \u00e8 stato necessario utilizzare un verricello di 90 metri. L&#8217;infortunato \u00e8 stato quindi portato a Cortina e da l\u00ec in ambulanza all&#8217;ospedale di Belluno. Poich\u00e9 forti raffiche di vento impedivano un ulteriore avvicinamento, l&#8217;eliambulanza ha trasportato alla base della parete una squadra del Soccorso alpino della Guardia di finanza di Cortina, che ha scalato i 4 tiri e raggiunto il compagno rimasto in parete, per poi calarlo a terra.<\/p>\n<p><strong>VODO DI CADORE <\/strong>Il Soccorso alpino di San Vito di Cadore ha invece risalito in fuoristrada il sentiero numero 470, che porta al Rifugio Venezia, per verificare la segnalazione automatica inviata da una moto caduta. Durante la salita i soccorritori hanno incrociato un gruppo di motociclisti tedeschi in discesa e hanno appurato che uno di loro era effettivamente caduto, senza riportare conseguenze.<\/p>\n<p><strong>FELTRE <\/strong>Una squadra del Soccorso alpino di Feltre \u00e8 infine stata inviata 100 metri sotto il Rifugio Dal Piaz, dove un escursionista, di cui non sono note le generalit\u00e0, era caduto e manifestava un sospetto trauma cranico. L&#8217;uomo \u00e8 stato poi affidato all&#8217;equipe sanitaria dell&#8217;eliambulanza trentina, che lo ha imbarcato e accompagnato all&#8217;ospedale di Trento.<\/p>\n<p>&nbsp;<\/p>\n<p>&nbsp;<\/p>\n<p>*******<\/p>\n","protected":false},"excerpt":{"rendered":"<p>CORTINA Questa mattina attorno alle 10.50 l&#8217;elicottero del Suem di Pieve di Cadore ha effettuato il recupero di un alpinista, che si era fatto male sul 4\u00b0 tiro della Via Dimai alla Punta Fiames, nel Gruppo del Pomagagnon. Primo di cordata, il 33enne di Padova era volato per una quindicina di metri, sbattendo violentemente con&hellip;<\/p>\n","protected":false},"author":4,"featured_media":270917,"comment_status":"closed","ping_status":"closed","sticky":false,"template":"","format":"standard","meta":{"_monsterinsights_skip_tracking":false,"_monsterinsights_sitenote_active":false,"_monsterinsights_sitenote_note":"","_monsterinsights_sitenote_category":0,"footnotes":""},"categories":[51,49],"tags":[],"class_list":["post-341568","post","type-post","status-publish","format-standard","has-post-thumbnail","hentry","category-evidenza-top","category-news-18","category-51","category-49","description-off"],"img_url":"https:\/\/www.radiopiu.net\/wordpress\/wp-content\/uploads\/2022\/04\/soccorso-alpino-1024x602-1.jpg","_links":{"self":[{"href":"https:\/\/www.radiopiu.net\/wordpress\/wp-json\/wp\/v2\/posts\/341568","targetHints":{"allow":["GET"]}}],"collection":[{"href":"https:\/\/www.radiopiu.net\/wordpress\/wp-json\/wp\/v2\/posts"}],"about":[{"href":"https:\/\/www.radiopiu.net\/wordpress\/wp-json\/wp\/v2\/types\/post"}],"author":[{"embeddable":true,"href":"https:\/\/www.radiopiu.net\/wordpress\/wp-json\/wp\/v2\/users\/4"}],"replies":[{"embeddable":true,"href":"https:\/\/www.radiopiu.net\/wordpress\/wp-json\/wp\/v2\/comments?post=341568"}],"version-history":[{"count":0,"href":"https:\/\/www.radiopiu.net\/wordpress\/wp-json\/wp\/v2\/posts\/341568\/revisions"}],"wp:featuredmedia":[{"embeddable":true,"href":"https:\/\/www.radiopiu.net\/wordpress\/wp-json\/wp\/v2\/media\/270917"}],"wp:attachment":[{"href":"https:\/\/www.radiopiu.net\/wordpress\/wp-json\/wp\/v2\/media?parent=341568"}],"wp:term":[{"taxonomy":"category","embeddable":true,"href":"https:\/\/www.radiopiu.net\/wordpress\/wp-json\/wp\/v2\/categories?post=341568"},{"taxonomy":"post_tag","embeddable":true,"href":"https:\/\/www.radiopiu.net\/wordpress\/wp-json\/wp\/v2\/tags?post=341568"}],"curies":[{"name":"wp","href":"https:\/\/api.w.org\/{rel}","templated":true}]}}