{"id":341597,"date":"2023-06-24T22:10:13","date_gmt":"2023-06-24T20:10:13","guid":{"rendered":"https:\/\/www.radiopiu.net\/wordpress\/?p=341597"},"modified":"2023-06-24T22:10:13","modified_gmt":"2023-06-24T20:10:13","slug":"lago-di-misurina-auto-finisce-nel-lago","status":"publish","type":"post","link":"https:\/\/www.radiopiu.net\/wordpress\/lago-di-misurina-auto-finisce-nel-lago\/","title":{"rendered":"Lago di Misurina, auto finisce nel lago"},"content":{"rendered":"<p><strong>AURONZO<\/strong> Incidente insolito presso il pittoresco Lago di Misurina. Un&#8217;auto, una Alfa 147, \u00e8 finita nell&#8217;acqua dopo essere stata parcheggiata su un piazzale vicino al lago. Fortunatamente, nessuna persona \u00e8 rimasta ferita nell&#8217;incidente. L&#8217;incidente si \u00e8 verificato intorno alle 18:40 e sembra che sia stato causato da un probabile malfunzionamento del freno a mano dell&#8217;auto. Senza alcun controllo da parte del conducente, l&#8217;Alfa 147 si \u00e8 mossa autonomamente e ha finito al centro dello specchio d&#8217;acqua del suggestivo lago di montagna. Una volta venuta a conoscenza dell&#8217;incidente, sono stati chiamati i vigili del fuoco di Cortina, che hanno risposto prontamente inviando sul posto il personale SAF (Speleo Alpino Fluviale), specializzato nelle operazioni di salvataggio in ambiente acquatico. Utilizzando le adeguate attrezzature, i vigili del fuoco hanno agganciato l&#8217;auto sommersa e l&#8217;hanno recuperata, riportandola in superficie. L&#8217;operazione di recupero dell&#8217;auto \u00e8 stata complessa ma fortunatamente \u00e8 stata portata a termine con successo. L&#8217;Alfa 147 \u00e8 stata quindi riportata in strada, mentre i proprietari dell&#8217;auto hanno assistito al recupero con grande sorpresa e sollievo.<\/p>\n\n\t\t\t<style type='text\/css'>\n\t\t\t\t#gallery-1 {\n\t\t\t\t\tmargin: auto;\n\t\t\t\t}\n\t\t\t\t#gallery-1 .gallery-item {\n\t\t\t\t\tfloat: left;\n\t\t\t\t\tmargin-top: 10px;\n\t\t\t\t\ttext-align: center;\n\t\t\t\t\twidth: 25%;\n\t\t\t\t}\n\t\t\t\t#gallery-1 img {\n\t\t\t\t\tborder: 2px solid #cfcfcf;\n\t\t\t\t}\n\t\t\t\t#gallery-1 .gallery-caption {\n\t\t\t\t\tmargin-left: 0;\n\t\t\t\t}\n\t\t\t\t\/* see gallery_shortcode() in wp-includes\/media.php *\/\n\t\t\t<\/style>\n\t\t<div id='gallery-1' class='dt-gallery-container gallery galleryid-341597 gallery-columns-4 gallery-size-thumbnail'><dl class='gallery-item'>\n\t\t\t\t<dt class='gallery-icon landscape'>\n\t\t\t\t\t<a class=\"rollover\" href='https:\/\/www.radiopiu.net\/wordpress\/lago-di-misurina-auto-finisce-nel-lago\/abe0261f-550a-4944-acce-78b9b215f542\/'><img loading=\"lazy\" decoding=\"async\" width=\"150\" height=\"150\" src=\"https:\/\/www.radiopiu.net\/wordpress\/wp-content\/uploads\/2023\/06\/abe0261f-550a-4944-acce-78b9b215f542-150x150.jpg\" class=\"attachment-thumbnail size-thumbnail\" alt=\"\" \/><\/a>\n\t\t\t\t<\/dt><\/dl><dl class='gallery-item'>\n\t\t\t\t<dt class='gallery-icon landscape'>\n\t\t\t\t\t<a class=\"rollover\" href='https:\/\/www.radiopiu.net\/wordpress\/lago-di-misurina-auto-finisce-nel-lago\/d0c0dcff-bb3a-4747-b4da-e75e47f6b852\/'><img loading=\"lazy\" decoding=\"async\" width=\"150\" height=\"150\" src=\"https:\/\/www.radiopiu.net\/wordpress\/wp-content\/uploads\/2023\/06\/d0c0dcff-bb3a-4747-b4da-e75e47f6b852-150x150.jpg\" class=\"attachment-thumbnail size-thumbnail\" alt=\"\" \/><\/a>\n\t\t\t\t<\/dt><\/dl><dl class='gallery-item'>\n\t\t\t\t<dt class='gallery-icon landscape'>\n\t\t\t\t\t<a class=\"rollover\" href='https:\/\/www.radiopiu.net\/wordpress\/lago-di-misurina-auto-finisce-nel-lago\/5129b227-1d48-4067-845a-f4997c8ebd99\/'><img loading=\"lazy\" decoding=\"async\" width=\"150\" height=\"150\" src=\"https:\/\/www.radiopiu.net\/wordpress\/wp-content\/uploads\/2023\/06\/5129b227-1d48-4067-845a-f4997c8ebd99-150x150.jpg\" class=\"attachment-thumbnail size-thumbnail\" alt=\"\" \/><\/a>\n\t\t\t\t<\/dt><\/dl><dl class='gallery-item'>\n\t\t\t\t<dt class='gallery-icon landscape'>\n\t\t\t\t\t<a class=\"rollover\" href='https:\/\/www.radiopiu.net\/wordpress\/lago-di-misurina-auto-finisce-nel-lago\/092e6c96-daa3-4195-8edc-161fb8b085a4\/'><img loading=\"lazy\" decoding=\"async\" width=\"150\" height=\"150\" src=\"https:\/\/www.radiopiu.net\/wordpress\/wp-content\/uploads\/2023\/06\/092e6c96-daa3-4195-8edc-161fb8b085a4-150x150.jpg\" class=\"attachment-thumbnail size-thumbnail\" alt=\"\" \/><\/a>\n\t\t\t\t<\/dt><\/dl><br style=\"clear: both\" \/>\n\t\t\t<\/div>\n\n<p>&nbsp;<\/p>\n<p>&nbsp;<\/p>\n<p>&nbsp;<\/p>\n<div class=\"flex-1 overflow-hidden\">\n<div class=\"react-scroll-to-bottom--css-elzrx-79elbk h-full dark:bg-gray-800\">\n<div class=\"react-scroll-to-bottom--css-elzrx-1n7m0yu\">\n<div class=\"flex flex-col text-sm dark:bg-gray-800\">\n<div class=\"group w-full text-gray-800 dark:text-gray-100 border-b border-black\/10 dark:border-gray-900\/50 bg-gray-50 dark:bg-[#444654]\">\n<div class=\"flex p-4 gap-4 text-base md:gap-6 md:max-w-2xl lg:max-w-[38rem] xl:max-w-3xl md:py-6 lg:px-0 m-auto\">\n<div class=\"relative flex w-[calc(100%-50px)] flex-col gap-1 md:gap-3 lg:w-[calc(100%-115px)]\">\n<div class=\"flex flex-grow flex-col gap-3\">\n<div class=\"min-h-[20px] flex items-start overflow-x-auto whitespace-pre-wrap break-words flex-col gap-4\">\n<div class=\"markdown prose w-full break-words dark:prose-invert light\"><\/div>\n<\/div>\n<\/div>\n<\/div>\n<\/div>\n<\/div>\n<\/div>\n<\/div>\n<\/div>\n<\/div>\n<div class=\"absolute bottom-0 left-0 w-full border-t md:border-t-0 dark:border-white\/20 md:border-transparent md:dark:border-transparent md:bg-vert-light-gradient bg-white dark:bg-gray-800 md:!bg-transparent dark:md:bg-vert-dark-gradient pt-2 md:pl-2 md:w-[calc(100%-.5rem)]\">\n<form class=\"stretch mx-2 flex flex-row gap-3 last:mb-2 md:mx-4 md:last:mb-6 lg:mx-auto lg:max-w-2xl xl:max-w-3xl\">\n<div class=\"h-full flex ml-1 md:w-full md:m-auto md:mb-2 gap-0 md:gap-2 justify-center\">&#8212;-<\/div>\n<\/form>\n<\/div>\n","protected":false},"excerpt":{"rendered":"<p>AURONZO Incidente insolito presso il pittoresco Lago di Misurina. Un&#8217;auto, una Alfa 147, \u00e8 finita nell&#8217;acqua dopo essere stata parcheggiata su un piazzale vicino al lago. Fortunatamente, nessuna persona \u00e8 rimasta ferita nell&#8217;incidente. L&#8217;incidente si \u00e8 verificato intorno alle 18:40 e sembra che sia stato causato da un probabile malfunzionamento del freno a mano dell&#8217;auto.&hellip;<\/p>\n","protected":false},"author":4,"featured_media":341598,"comment_status":"closed","ping_status":"closed","sticky":false,"template":"","format":"standard","meta":{"_monsterinsights_skip_tracking":false,"_monsterinsights_sitenote_active":false,"_monsterinsights_sitenote_note":"","_monsterinsights_sitenote_category":0,"footnotes":""},"categories":[51,49],"tags":[],"class_list":["post-341597","post","type-post","status-publish","format-standard","has-post-thumbnail","hentry","category-evidenza-top","category-news-18","category-51","category-49","description-off"],"img_url":"https:\/\/www.radiopiu.net\/wordpress\/wp-content\/uploads\/2023\/06\/5129b227-1d48-4067-845a-f4997c8ebd99.jpg","_links":{"self":[{"href":"https:\/\/www.radiopiu.net\/wordpress\/wp-json\/wp\/v2\/posts\/341597","targetHints":{"allow":["GET"]}}],"collection":[{"href":"https:\/\/www.radiopiu.net\/wordpress\/wp-json\/wp\/v2\/posts"}],"about":[{"href":"https:\/\/www.radiopiu.net\/wordpress\/wp-json\/wp\/v2\/types\/post"}],"author":[{"embeddable":true,"href":"https:\/\/www.radiopiu.net\/wordpress\/wp-json\/wp\/v2\/users\/4"}],"replies":[{"embeddable":true,"href":"https:\/\/www.radiopiu.net\/wordpress\/wp-json\/wp\/v2\/comments?post=341597"}],"version-history":[{"count":0,"href":"https:\/\/www.radiopiu.net\/wordpress\/wp-json\/wp\/v2\/posts\/341597\/revisions"}],"wp:featuredmedia":[{"embeddable":true,"href":"https:\/\/www.radiopiu.net\/wordpress\/wp-json\/wp\/v2\/media\/341598"}],"wp:attachment":[{"href":"https:\/\/www.radiopiu.net\/wordpress\/wp-json\/wp\/v2\/media?parent=341597"}],"wp:term":[{"taxonomy":"category","embeddable":true,"href":"https:\/\/www.radiopiu.net\/wordpress\/wp-json\/wp\/v2\/categories?post=341597"},{"taxonomy":"post_tag","embeddable":true,"href":"https:\/\/www.radiopiu.net\/wordpress\/wp-json\/wp\/v2\/tags?post=341597"}],"curies":[{"name":"wp","href":"https:\/\/api.w.org\/{rel}","templated":true}]}}