{"id":341610,"date":"2023-06-25T10:19:48","date_gmt":"2023-06-25T08:19:48","guid":{"rendered":"https:\/\/www.radiopiu.net\/wordpress\/?p=341610"},"modified":"2023-06-26T05:15:37","modified_gmt":"2023-06-26T03:15:37","slug":"lorenzo-cagnati-e-martina-scola-sono-il-re-e-la-regina-della-frassene-cross","status":"publish","type":"post","link":"https:\/\/www.radiopiu.net\/wordpress\/lorenzo-cagnati-e-martina-scola-sono-il-re-e-la-regina-della-frassene-cross\/","title":{"rendered":"LORENZO CAGNATI E MARTINA SCOLA SONO IL RE E LA REGINA DELLA FRASSENE&#8217; CROSS"},"content":{"rendered":"<p><strong><a class=\"dt-pswp-item\" href=\"https:\/\/www.radiopiu.net\/wordpress\/wp-content\/uploads\/2023\/06\/a61169f2-2a26-490d-aa25-7c3de420cc14.jpg\" data-dt-img-description=\"\" data-large_image_width=\"1024\" data-large_image_height=\"920\"><img loading=\"lazy\" decoding=\"async\" class=\" wp-image-341611 alignleft\" src=\"https:\/\/www.radiopiu.net\/wordpress\/wp-content\/uploads\/2023\/06\/a61169f2-2a26-490d-aa25-7c3de420cc14-300x270.jpg\" alt=\"\" width=\"173\" height=\"156\" srcset=\"https:\/\/www.radiopiu.net\/wordpress\/wp-content\/uploads\/2023\/06\/a61169f2-2a26-490d-aa25-7c3de420cc14-300x270.jpg 300w, https:\/\/www.radiopiu.net\/wordpress\/wp-content\/uploads\/2023\/06\/a61169f2-2a26-490d-aa25-7c3de420cc14-768x690.jpg 768w, https:\/\/www.radiopiu.net\/wordpress\/wp-content\/uploads\/2023\/06\/a61169f2-2a26-490d-aa25-7c3de420cc14.jpg 1024w\" sizes=\"auto, (max-width: 173px) 100vw, 173px\" \/><\/a>VOLTAGO<\/strong> \u00c8 andata in scena a Frassen\u00e8 la seconda prova del circuito &#8220;Corri Poi&#8221;, la serie di gare che si articolano tra Voltago, Gosaldo e Rivamonte. Dopo la prima tappa di due settimane fa a Rivamonte, questa volta \u00e8 stato il turno della &#8220;Frassen\u00e8 Cross&#8221; organizzata dal Gruppo Sportivo Frassen\u00e8. Sono stati 123 gli atleti iscritti alla gara lunga di 8 km, 49 i giovani che si sono cimentati nel percorso di 1,5 km. A tagliare il traguardo per primo \u00e8 stato Lorenzo Cagnati con il tempo di 30&#8217;27&#8221;. L&#8217;atleta della Valle del Biois ha staccato di 1&#8217;08&#8221; Mihail Sirbu e al terzo posto si \u00e8 piazzato Daniele De Col\u00f2. In ambito femminile vittoria per Martina Scola con il tempo di 45&#8217;14&#8221;, seconda Martina De Mas e terza Giulia Ben. Tra i giovani cinque le categorie. L&#8217;under 6 \u00e8 stato vinto da Filippo Stieven e Federica De Zordo. Mattia Canali si \u00e8 imposto nell&#8217;under 10 maschile mentre nella femminile vittoria di Jolle Ren. Categoria under 14 con Nicolas Bettini che ha tagliato il traguardo per primo.<\/p>\n<p><strong>LA CLASSIFIA ASSOULTA 8 KM <a href=\"https:\/\/sportdolomiti.it\/frassene_classifiche_23#1_062A7F\">CLICCA QUI<\/a><\/strong><\/p>\n<p><strong>LE CLASSIFICHE GIOVANILI <a href=\"https:\/\/sportdolomiti.it\/frassene_classifiche_23#2_06F544\">CLICCA QUI<\/a><\/strong><\/p>\n<p>&nbsp;<\/p>\n<p><strong>L&#8217;INTERVISTA PRE GARA<\/strong><\/p>\n<p><strong><a class=\"dt-pswp-item\" href=\"https:\/\/www.radiopiu.net\/wordpress\/wp-content\/uploads\/2023\/06\/frassene-cross-2023.png\" data-dt-img-description=\"\" data-large_image_width=\"642\" data-large_image_height=\"288\"><img loading=\"lazy\" decoding=\"async\" class=\" wp-image-340508 alignleft\" src=\"https:\/\/www.radiopiu.net\/wordpress\/wp-content\/uploads\/2023\/06\/frassene-cross-2023-300x135.png\" alt=\"\" width=\"198\" height=\"89\" srcset=\"https:\/\/www.radiopiu.net\/wordpress\/wp-content\/uploads\/2023\/06\/frassene-cross-2023-300x135.png 300w, https:\/\/www.radiopiu.net\/wordpress\/wp-content\/uploads\/2023\/06\/frassene-cross-2023.png 642w\" sizes=\"auto, (max-width: 198px) 100vw, 198px\" \/><\/a>di Marco Gaz<\/strong><\/p>\n<p>OSPITE: Yuri Parissenti, Presidente del Gruppo Sportivo Frassen\u00e8<\/p>\n<audio class=\"wp-audio-shortcode\" id=\"audio-341610-1\" preload=\"none\" style=\"width: 100%;\" controls=\"controls\"><source type=\"audio\/mpeg\" src=\"https:\/\/www.radiopiu.net\/wordpress\/wp-content\/uploads\/2023\/06\/FRASSENE-CROS-YURI-PARISSENTI.mp3?_=1\" \/><a href=\"https:\/\/www.radiopiu.net\/wordpress\/wp-content\/uploads\/2023\/06\/FRASSENE-CROS-YURI-PARISSENTI.mp3\">https:\/\/www.radiopiu.net\/wordpress\/wp-content\/uploads\/2023\/06\/FRASSENE-CROS-YURI-PARISSENTI.mp3<\/a><\/audio>\n<p>&nbsp;<\/p>\n<p>&nbsp;<\/p>\n<p>*******<\/p>\n","protected":false},"excerpt":{"rendered":"<p>VOLTAGO \u00c8 andata in scena a Frassen\u00e8 la seconda prova del circuito &#8220;Corri Poi&#8221;, la serie di gare che si articolano tra Voltago, Gosaldo e Rivamonte. Dopo la prima tappa di due settimane fa a Rivamonte, questa volta \u00e8 stato il turno della &#8220;Frassen\u00e8 Cross&#8221; organizzata dal Gruppo Sportivo Frassen\u00e8. Sono stati 123 gli atleti&hellip;<\/p>\n","protected":false},"author":4,"featured_media":341611,"comment_status":"closed","ping_status":"closed","sticky":false,"template":"","format":"standard","meta":{"_monsterinsights_skip_tracking":false,"_monsterinsights_sitenote_active":false,"_monsterinsights_sitenote_note":"","_monsterinsights_sitenote_category":0,"footnotes":""},"categories":[104,49],"tags":[],"class_list":["post-341610","post","type-post","status-publish","format-standard","has-post-thumbnail","hentry","category-evidenza_3","category-news-18","category-104","category-49","description-off"],"img_url":"https:\/\/www.radiopiu.net\/wordpress\/wp-content\/uploads\/2023\/06\/a61169f2-2a26-490d-aa25-7c3de420cc14.jpg","_links":{"self":[{"href":"https:\/\/www.radiopiu.net\/wordpress\/wp-json\/wp\/v2\/posts\/341610","targetHints":{"allow":["GET"]}}],"collection":[{"href":"https:\/\/www.radiopiu.net\/wordpress\/wp-json\/wp\/v2\/posts"}],"about":[{"href":"https:\/\/www.radiopiu.net\/wordpress\/wp-json\/wp\/v2\/types\/post"}],"author":[{"embeddable":true,"href":"https:\/\/www.radiopiu.net\/wordpress\/wp-json\/wp\/v2\/users\/4"}],"replies":[{"embeddable":true,"href":"https:\/\/www.radiopiu.net\/wordpress\/wp-json\/wp\/v2\/comments?post=341610"}],"version-history":[{"count":0,"href":"https:\/\/www.radiopiu.net\/wordpress\/wp-json\/wp\/v2\/posts\/341610\/revisions"}],"wp:featuredmedia":[{"embeddable":true,"href":"https:\/\/www.radiopiu.net\/wordpress\/wp-json\/wp\/v2\/media\/341611"}],"wp:attachment":[{"href":"https:\/\/www.radiopiu.net\/wordpress\/wp-json\/wp\/v2\/media?parent=341610"}],"wp:term":[{"taxonomy":"category","embeddable":true,"href":"https:\/\/www.radiopiu.net\/wordpress\/wp-json\/wp\/v2\/categories?post=341610"},{"taxonomy":"post_tag","embeddable":true,"href":"https:\/\/www.radiopiu.net\/wordpress\/wp-json\/wp\/v2\/tags?post=341610"}],"curies":[{"name":"wp","href":"https:\/\/api.w.org\/{rel}","templated":true}]}}