{"id":341640,"date":"2023-06-27T05:49:37","date_gmt":"2023-06-27T03:49:37","guid":{"rendered":"https:\/\/www.radiopiu.net\/wordpress\/?p=341640"},"modified":"2023-06-27T07:47:29","modified_gmt":"2023-06-27T05:47:29","slug":"giornale-radiopiu-27-giugno-2023-direttore-mirko-mezzacasaverso-i-40-anni-25-giugno-1983-25-giugno-2023","status":"publish","type":"post","link":"https:\/\/www.radiopiu.net\/wordpress\/giornale-radiopiu-27-giugno-2023-direttore-mirko-mezzacasaverso-i-40-anni-25-giugno-1983-25-giugno-2023\/","title":{"rendered":"GIORNALE RADIOPIU 27 GIUGNO 2023 DIRETTORE MIRKO MEZZACASA\u2026VERSO I 40 ANNI 25 GIUGNO 1983-25 GIUGNO 2023"},"content":{"rendered":"<h2 style=\"text-align: left;\"><span style=\"color: #ff0000;\"><span style=\"vertical-align: inherit;\"><a class=\"dt-pswp-item\" href=\"https:\/\/www.radiopiu.net\/wordpress\/wp-content\/uploads\/2023\/04\/e0aad41d-951e-47b9-9fae-1a879a9bcb7e-1.jpg\" data-dt-img-description=\"\" data-large_image_width=\"1200\" data-large_image_height=\"1200\"><img loading=\"lazy\" decoding=\"async\" class=\"wp-image-333205 alignleft\" src=\"https:\/\/www.radiopiu.net\/wordpress\/wp-content\/uploads\/2023\/04\/e0aad41d-951e-47b9-9fae-1a879a9bcb7e-1-300x300.jpg\" alt=\"\" width=\"110\" height=\"110\" srcset=\"https:\/\/www.radiopiu.net\/wordpress\/wp-content\/uploads\/2023\/04\/e0aad41d-951e-47b9-9fae-1a879a9bcb7e-1-300x300.jpg 300w, https:\/\/www.radiopiu.net\/wordpress\/wp-content\/uploads\/2023\/04\/e0aad41d-951e-47b9-9fae-1a879a9bcb7e-1-1024x1024.jpg 1024w, https:\/\/www.radiopiu.net\/wordpress\/wp-content\/uploads\/2023\/04\/e0aad41d-951e-47b9-9fae-1a879a9bcb7e-1-150x150.jpg 150w, https:\/\/www.radiopiu.net\/wordpress\/wp-content\/uploads\/2023\/04\/e0aad41d-951e-47b9-9fae-1a879a9bcb7e-1-768x768.jpg 768w, https:\/\/www.radiopiu.net\/wordpress\/wp-content\/uploads\/2023\/04\/e0aad41d-951e-47b9-9fae-1a879a9bcb7e-1.jpg 1200w\" sizes=\"auto, (max-width: 110px) 100vw, 110px\" \/><\/a><\/span><\/span><\/h2>\n<h1 class=\"entry-title\">40esimo di RADIOPIU\u2026. LA VOCE DELL\u2019EMOZIONE<\/h1>\n<p>&nbsp;<\/p>\n<h2><span style=\"color: #ff0000;\">ISCRIVITI AL NOSTRO CANALE\u00a0\u00a0YOUTUBE PER SEGUIRE IN DIRETTA I PRINCIPALI PROGRAMMI DI RADIO PIU\u2019 E LE FUTURE DIRETTE IN ESTERNA. PER ISCRIVERTI\u00a0<a style=\"color: #ff0000;\" href=\"https:\/\/youtube.com\/@radiopiu1527\">CLICCA QUI\u00a0<\/a>E PREMI\u00a0 \u201cIscriviti\u201d\u00a0 \u00a0<\/span><\/h2>\n<p>&nbsp;<\/p>\n<hr \/>\n<p>&nbsp;<\/p>\n<blockquote>\n<h3>LAVORI PROGRAMMATI ENEL<\/h3>\n<\/blockquote>\n<p><span style=\"color: #000000;\"><strong>VOLTAGO <\/strong><span style=\"color: #ff0000;\">DOMANI<\/span><\/span>\u00a0DALLE 9 ALLE 12 INTERRUZIONI DI ENERGIA ELETTRICA NELLE VIE MATHADOR, TRENTO TRIESTE, DIGOMAN, GIOIA E 4 NOVEMBRE<\/p>\n<p>&nbsp;<\/p>\n<hr \/>\n<p>&nbsp;<\/p>\n<blockquote>\n<h3 class=\"entry-title\">TERMINATI I LAVORI IN LOCALITA&#8217; LA PISSA CON UN GIORNO DI ANTICIPO. STRADA DI NUOVO PERCORRIBILE NORMALMENTE SENZA INTERRUZIONI ORARIE<\/h3>\n<\/blockquote>\n<p><strong>SEDICO<\/strong> Veneto Strade comunica che i lavori di disgaggio della parete rocciosa sulla SR 203 Agordina in localit\u00e0 La Pissa sono terminati. A partire dalle 16 di ieri la strada \u00e8 aperta ufficialmente al traffico. Lavori terminati con un giorno di anticipo.<\/p>\n<p>&nbsp;<\/p>\n<hr \/>\n<p>&nbsp;<\/p>\n<blockquote>\n<h2>CHIUDE LA PRINCIPALE PER IL DURAN, DEVIAZIONI IN LOCO<\/h2>\n<\/blockquote>\n<p><strong>SP347 DEL DURAN E CEREDA:<\/strong> localit\u00e0 Lantrago La Valle. <span style=\"color: #ff0000;\">Fino\u00a0al 13 luglio<\/span> chiusura totale al traffico della strada per il Passo Duran per lavori di allargamento del Ponte Lantrago e sistemazione della carreggiata. percorso alternativo consigliato: CROSTOLIN-GAIDON\u00a0 strada comunale interdetta al transito dei veicoli con larghezza superiore ai 2 metri e 40 centimetri.<\/p>\n<p>&nbsp;<\/p>\n<p>&nbsp;<\/p>\n<hr \/>\n<p>&nbsp;<\/p>\n<blockquote>\n<h3>SAVINER-DIGONERA: LE CHIUSURE<\/h3>\n<\/blockquote>\n<p>Veneto strade comunica che la SP 563 di Salesei sar\u00e0 interessata da un&#8217;interdizione totale alla circolazione in localit\u00e0 Digonera nel comune di Rocca Pietore.\u00a0 Fino al 28 luglio la strada sar\u00e0 di nuovo interdetta al traffico dalle 8 del luned\u00ec alle 18 di venerd\u00ec e nel fine settimana istituzione di un senso unico alternato regolato da semaforo e limite di velocit\u00e0 a 30 km\/h.<\/p>\n<p>&nbsp;<\/p>\n<p>&nbsp;<\/p>\n<hr \/>\n<p>&nbsp;<\/p>\n<blockquote>\n<h3>LA FESTA DEI 40 ANNI DI RADIO PIU<\/h3>\n<\/blockquote>\n<p><strong><a class=\"dt-pswp-item\" href=\"https:\/\/www.radiopiu.net\/wordpress\/wp-content\/uploads\/2023\/06\/ee0f808e-059c-413f-a8fc-2a4b5bd07e0a.jpg\" data-dt-img-description=\"\" data-large_image_width=\"1600\" data-large_image_height=\"1200\"><img loading=\"lazy\" decoding=\"async\" class=\" wp-image-341677 alignleft\" src=\"https:\/\/www.radiopiu.net\/wordpress\/wp-content\/uploads\/2023\/06\/ee0f808e-059c-413f-a8fc-2a4b5bd07e0a-300x225.jpg\" alt=\"\" width=\"193\" height=\"145\" srcset=\"https:\/\/www.radiopiu.net\/wordpress\/wp-content\/uploads\/2023\/06\/ee0f808e-059c-413f-a8fc-2a4b5bd07e0a-300x225.jpg 300w, https:\/\/www.radiopiu.net\/wordpress\/wp-content\/uploads\/2023\/06\/ee0f808e-059c-413f-a8fc-2a4b5bd07e0a-1024x768.jpg 1024w, https:\/\/www.radiopiu.net\/wordpress\/wp-content\/uploads\/2023\/06\/ee0f808e-059c-413f-a8fc-2a4b5bd07e0a-768x576.jpg 768w, https:\/\/www.radiopiu.net\/wordpress\/wp-content\/uploads\/2023\/06\/ee0f808e-059c-413f-a8fc-2a4b5bd07e0a-1536x1152.jpg 1536w, https:\/\/www.radiopiu.net\/wordpress\/wp-content\/uploads\/2023\/06\/ee0f808e-059c-413f-a8fc-2a4b5bd07e0a.jpg 1600w\" sizes=\"auto, (max-width: 193px) 100vw, 193px\" \/><\/a>TAIBON<\/strong><\/p>\n<p>di Gianni Santomaso<\/p>\n<audio class=\"wp-audio-shortcode\" id=\"audio-341640-1\" preload=\"none\" style=\"width: 100%;\" controls=\"controls\"><source type=\"audio\/mpeg\" src=\"https:\/\/www.radiopiu.net\/wordpress\/wp-content\/uploads\/2023\/06\/GIANNI-LA-FESTA-DEI-40-ANNI-DI-RADIO-PIU.mp3?_=1\" \/><a href=\"https:\/\/www.radiopiu.net\/wordpress\/wp-content\/uploads\/2023\/06\/GIANNI-LA-FESTA-DEI-40-ANNI-DI-RADIO-PIU.mp3\">https:\/\/www.radiopiu.net\/wordpress\/wp-content\/uploads\/2023\/06\/GIANNI-LA-FESTA-DEI-40-ANNI-DI-RADIO-PIU.mp3<\/a><\/audio>\n<p>&nbsp;<\/p>\n<hr \/>\n<p>&nbsp;<\/p>\n<blockquote>\n<h3>LA GUARDIA DI FINANZA COMPIE 249 ANNI. TUTTI I DATI DELL&#8217;ULTIMO ANNO DI LAVORO<\/h3>\n<\/blockquote>\n<p><strong><a class=\"dt-pswp-item\" href=\"https:\/\/www.radiopiu.net\/wordpress\/wp-content\/uploads\/2021\/07\/d8eacfdd-c14a-4604-8934-c2514bad0868.jpg\" data-dt-img-description=\"\" data-large_image_width=\"1080\" data-large_image_height=\"720\"><img loading=\"lazy\" decoding=\"async\" class=\" wp-image-222504 alignleft\" src=\"https:\/\/www.radiopiu.net\/wordpress\/wp-content\/uploads\/2021\/07\/d8eacfdd-c14a-4604-8934-c2514bad0868-300x200.jpg\" alt=\"\" width=\"201\" height=\"134\" srcset=\"https:\/\/www.radiopiu.net\/wordpress\/wp-content\/uploads\/2021\/07\/d8eacfdd-c14a-4604-8934-c2514bad0868-300x200.jpg 300w, https:\/\/www.radiopiu.net\/wordpress\/wp-content\/uploads\/2021\/07\/d8eacfdd-c14a-4604-8934-c2514bad0868-1024x683.jpg 1024w, https:\/\/www.radiopiu.net\/wordpress\/wp-content\/uploads\/2021\/07\/d8eacfdd-c14a-4604-8934-c2514bad0868-768x512.jpg 768w, https:\/\/www.radiopiu.net\/wordpress\/wp-content\/uploads\/2021\/07\/d8eacfdd-c14a-4604-8934-c2514bad0868.jpg 1080w\" sizes=\"auto, (max-width: 201px) 100vw, 201px\" \/><\/a>BELLUNO<\/strong> La Guardia di Finanza ha compiuto 249 anni e sono state organizzate celebrazioni presso la sede di Belluno. Durante le celebrazioni, sono state deposte corone di alloro e si \u00e8 svolta una cerimonia presso l&#8217;Archivio di Stato. Nel corso degli ultimi due anni e mezzo, la Guardia di Finanza ha svolto numerosi interventi e indagini per contrastare l&#8217;illegalit\u00e0 economica e finanziaria. Sono stati eseguiti controlli per combattere l&#8217;evasione fiscale, l&#8217;elusione e le frodi fiscali, scoprendo evasori totali, lavoratori &#8220;in nero&#8221; e casi di evasione fiscale internazionale. Sono state inoltre svolte attivit\u00e0 di controllo economico del territorio e di tutela della spesa pubblica. La Guardia di Finanza ha anche contrastato la criminalit\u00e0 organizzata ed economica, individuando operazioni finanziarie sospette, conducendo indagini e adottando provvedimenti cautelari. Infine, il corpo ha partecipato a operazioni di soccorso e ha fornito supporto nei servizi di ordine e sicurezza pubblica.<\/p>\n<p>&nbsp;<\/p>\n<p>&nbsp;<\/p>\n<hr \/>\n<p>&nbsp;<\/p>\n<blockquote>\n<h3>FESTEGGIATI ANCHE A BELLUNO I 249 ANNI DELLA GUARDIA DI FINANZA<\/h3>\n<\/blockquote>\n<p><strong><a class=\"dt-pswp-item\" href=\"https:\/\/www.radiopiu.net\/wordpress\/wp-content\/uploads\/2023\/06\/eb21a552-6c80-438e-be43-b408925e2a2b.jpg\" data-dt-img-description=\"\" data-large_image_width=\"1024\" data-large_image_height=\"768\"><img loading=\"lazy\" decoding=\"async\" class=\" wp-image-341796 alignleft\" src=\"https:\/\/www.radiopiu.net\/wordpress\/wp-content\/uploads\/2023\/06\/eb21a552-6c80-438e-be43-b408925e2a2b-300x225.jpg\" alt=\"\" width=\"155\" height=\"116\" srcset=\"https:\/\/www.radiopiu.net\/wordpress\/wp-content\/uploads\/2023\/06\/eb21a552-6c80-438e-be43-b408925e2a2b-300x225.jpg 300w, https:\/\/www.radiopiu.net\/wordpress\/wp-content\/uploads\/2023\/06\/eb21a552-6c80-438e-be43-b408925e2a2b-768x576.jpg 768w, https:\/\/www.radiopiu.net\/wordpress\/wp-content\/uploads\/2023\/06\/eb21a552-6c80-438e-be43-b408925e2a2b.jpg 1024w\" sizes=\"auto, (max-width: 155px) 100vw, 155px\" \/><\/a>BELLUNO<\/strong> La Guardia di Finanza compie 249 anni e presenta il bilancio della sua attivit\u00e0; numerosissime le operazioni sul territorio con due interventi di spessore in Agordino.<\/p>\n<p><strong>di Daniele Dalvit<\/strong><\/p>\n<audio class=\"wp-audio-shortcode\" id=\"audio-341640-2\" preload=\"none\" style=\"width: 100%;\" controls=\"controls\"><source type=\"audio\/mpeg\" src=\"https:\/\/www.radiopiu.net\/wordpress\/wp-content\/uploads\/2023\/06\/DALVIT-Festa-GDF-2023.mp3?_=2\" \/><a href=\"https:\/\/www.radiopiu.net\/wordpress\/wp-content\/uploads\/2023\/06\/DALVIT-Festa-GDF-2023.mp3\">https:\/\/www.radiopiu.net\/wordpress\/wp-content\/uploads\/2023\/06\/DALVIT-Festa-GDF-2023.mp3<\/a><\/audio>\n<p>&nbsp;<\/p>\n<hr \/>\n<p>&nbsp;<\/p>\n<blockquote>\n<h3>OGGI AL PALALUXOTTICA LA MESSA IN RICORDO DI LEONARDO DEL VECCHIO<\/h3>\n<\/blockquote>\n<p><strong><a class=\"dt-pswp-item\" href=\"https:\/\/www.radiopiu.net\/wordpress\/wp-content\/uploads\/2022\/06\/Del-Vecchio.jpg\" data-dt-img-description=\"\" data-large_image_width=\"380\" data-large_image_height=\"208\"><img loading=\"lazy\" decoding=\"async\" class=\" wp-image-283735 alignleft\" src=\"https:\/\/www.radiopiu.net\/wordpress\/wp-content\/uploads\/2022\/06\/Del-Vecchio-300x164.jpg\" alt=\"\" width=\"187\" height=\"102\" srcset=\"https:\/\/www.radiopiu.net\/wordpress\/wp-content\/uploads\/2022\/06\/Del-Vecchio-300x164.jpg 300w, https:\/\/www.radiopiu.net\/wordpress\/wp-content\/uploads\/2022\/06\/Del-Vecchio.jpg 380w\" sizes=\"auto, (max-width: 187px) 100vw, 187px\" \/><\/a>AGORDO<\/strong><\/p>\n<p>di Gianni Santomaso<\/p>\n<audio class=\"wp-audio-shortcode\" id=\"audio-341640-3\" preload=\"none\" style=\"width: 100%;\" controls=\"controls\"><source type=\"audio\/mpeg\" src=\"https:\/\/www.radiopiu.net\/wordpress\/wp-content\/uploads\/2023\/06\/GIANNI-OGGI-AL-PALALUXOTTICA-LA-MESSA-IN-RICORDO-DI-LEONARDO-DEL-VECCHIO.mp3?_=3\" \/><a href=\"https:\/\/www.radiopiu.net\/wordpress\/wp-content\/uploads\/2023\/06\/GIANNI-OGGI-AL-PALALUXOTTICA-LA-MESSA-IN-RICORDO-DI-LEONARDO-DEL-VECCHIO.mp3\">https:\/\/www.radiopiu.net\/wordpress\/wp-content\/uploads\/2023\/06\/GIANNI-OGGI-AL-PALALUXOTTICA-LA-MESSA-IN-RICORDO-DI-LEONARDO-DEL-VECCHIO.mp3<\/a><\/audio>\n<p>&nbsp;<\/p>\n<blockquote>\n<h3>OGGI SUL CORRIERE DELLE ALPI UN ANNO SENZA DEL VECCHIO TRE PAGINE SPECIALI:<\/h3>\n<\/blockquote>\n<p><strong>SEDICO GLI DEDICA IL CENTRO CULTURALE, LA SUA AGORDO PRENDE TEMPO<\/strong><\/p>\n<p><strong> IL VISIONARIO E LA SUA GENTE<\/strong><br \/>\n<a class=\"dt-pswp-item\" href=\"https:\/\/www.radiopiu.net\/wordpress\/wp-content\/uploads\/2023\/06\/Senza-nome-64.png\" data-dt-img-description=\"\" data-large_image_width=\"383\" data-large_image_height=\"242\"><img loading=\"lazy\" decoding=\"async\" class=\"size-medium wp-image-341824 aligncenter\" src=\"https:\/\/www.radiopiu.net\/wordpress\/wp-content\/uploads\/2023\/06\/Senza-nome-64-300x190.png\" alt=\"\" width=\"300\" height=\"190\" srcset=\"https:\/\/www.radiopiu.net\/wordpress\/wp-content\/uploads\/2023\/06\/Senza-nome-64-300x190.png 300w, https:\/\/www.radiopiu.net\/wordpress\/wp-content\/uploads\/2023\/06\/Senza-nome-64.png 383w\" sizes=\"auto, (max-width: 300px) 100vw, 300px\" \/><\/a><\/p>\n<p>&nbsp;<\/p>\n<hr \/>\n<p>&nbsp;<\/p>\n<blockquote>\n<h3>AUGURI A MONSIGNOR MOTTES E\u00a0 ZASIO<\/h3>\n\n\t\t\t<style type='text\/css'>\n\t\t\t\t#gallery-1 {\n\t\t\t\t\tmargin: auto;\n\t\t\t\t}\n\t\t\t\t#gallery-1 .gallery-item {\n\t\t\t\t\tfloat: left;\n\t\t\t\t\tmargin-top: 10px;\n\t\t\t\t\ttext-align: center;\n\t\t\t\t\twidth: 33%;\n\t\t\t\t}\n\t\t\t\t#gallery-1 img {\n\t\t\t\t\tborder: 2px solid #cfcfcf;\n\t\t\t\t}\n\t\t\t\t#gallery-1 .gallery-caption {\n\t\t\t\t\tmargin-left: 0;\n\t\t\t\t}\n\t\t\t\t\/* see gallery_shortcode() in wp-includes\/media.php *\/\n\t\t\t<\/style>\n\t\t<div id='gallery-1' class='dt-gallery-container gallery galleryid-341640 gallery-columns-3 gallery-size-thumbnail'><dl class='gallery-item'>\n\t\t\t\t<dt class='gallery-icon portrait'>\n\t\t\t\t\t<a class=\"rollover rollover-zoom dt-pswp-item\" title=\"Senza nome\" data-dt-img-description=\"\" data-large_image_width=\"243\" data-large_image_height=\"285\"href='https:\/\/www.radiopiu.net\/wordpress\/wp-content\/uploads\/2023\/06\/Senza-nome-66.png'><img loading=\"lazy\" decoding=\"async\" width=\"150\" height=\"150\" src=\"https:\/\/www.radiopiu.net\/wordpress\/wp-content\/uploads\/2023\/06\/Senza-nome-66-150x150.png\" class=\"attachment-thumbnail size-thumbnail\" alt=\"\" aria-describedby=\"gallery-1-341826\" \/><\/a>\n\t\t\t\t<\/dt>\n\t\t\t\t\t<dd class='wp-caption-text gallery-caption' id='gallery-1-341826'>\n\t\t\t\t\tDON LINO\n\t\t\t\t\t<\/dd><\/dl><dl class='gallery-item'>\n\t\t\t\t<dt class='gallery-icon portrait'>\n\t\t\t\t\t<a class=\"rollover rollover-zoom dt-pswp-item\" title=\"Senza nome\" data-dt-img-description=\"\" data-large_image_width=\"218\" data-large_image_height=\"246\"href='https:\/\/www.radiopiu.net\/wordpress\/wp-content\/uploads\/2023\/06\/Senza-nome-67.png'><img loading=\"lazy\" decoding=\"async\" width=\"150\" height=\"150\" src=\"https:\/\/www.radiopiu.net\/wordpress\/wp-content\/uploads\/2023\/06\/Senza-nome-67-150x150.png\" class=\"attachment-thumbnail size-thumbnail\" alt=\"\" aria-describedby=\"gallery-1-341827\" \/><\/a>\n\t\t\t\t<\/dt>\n\t\t\t\t\t<dd class='wp-caption-text gallery-caption' id='gallery-1-341827'>\n\t\t\t\t\tDON ENRICO\n\t\t\t\t\t<\/dd><\/dl>\n\t\t\t\t<br style='clear: both' \/>\n\t\t\t<\/div>\n<\/blockquote>\n<p><strong>FELTRE<\/strong>\u00a0 La parrocchia del Duomo ha organizzato in omaggio a monsignor Lino Mottes e a monsignor Enrico Zasio che quest&#8217;anno compiono i 70 anni dall&#8217;ordinazione sacerdotale per mano dell&#8217;allora vescovo Gioacchino Muccin. La celebrazione presieduta dal vescovo Renato Marangoni il 5 luglio alle 10.30.<\/p>\n<p>&nbsp;<\/p>\n<p>&nbsp;<\/p>\n<hr \/>\n<p>&nbsp;<\/p>\n<blockquote>\n<h3>STANGATO IL FURBO CHE USAVA IL PASS DISABILI DI UN DEFUNTO<\/h3>\n<p style=\"text-align: center;\"><strong>\u00e8 il 48esimo caso da inizio anno<\/strong><\/p>\n<\/blockquote>\n<p><strong>BELLUNO<\/strong>\u00a0 Parcheggiava negli stalli riservati ai disabili, con il contrassegno del proprietario dell&#8217;auto morto da due anni. Pizzicato dalla Polizia locale \u00e8 stato sanzionato e gli sono stati tolti 4 punti dalla patente. Per gli articoli del Codice della strada che sono stati violati la multa va da 42\u00a0 a 1.813 euro.<\/p>\n<div class=\"testo ng-scope\">\n<blockquote><p><em>\u00abParticolare attenzione al tema \u2014 spiega il comandante della polizia locale cittadina, Antonio Codemo \u2014 non possiamo permettere che non si rispettino i diritti e che, chi lo fa, resti impunito. Parcheggiare negli stalli dedicati a chi ha difficolt\u00e0 non \u00e8 giustificabile come distrazione, i posti-auto non mancano\u00bb.<\/em><\/p><\/blockquote>\n<p>&nbsp;<\/p>\n<\/div>\n<hr \/>\n<blockquote>\n<h3><span style=\"color: #ff0000;\"><strong>\u00a0<\/strong><\/span><\/h3>\n<h3><span style=\"color: #ff0000;\"><strong>LA GIUDIZIARIA&#8230;<\/strong><\/span><\/h3>\n<p>OGGI SUL CORRIERE DELLE ALPI, DI GIGI SOSSO.<\/p><\/blockquote>\n<div class=\"articlePlainTitle\"><strong>Rapina frutta e verdura in un negozio di Puos: arrestato dai carabinieri\u00a0<\/strong><\/div>\n<div>ALPAGO Arrestato l&#8217;alpagoto in un negozio di generi alimentari, ha cercato di rubare delle cassette di frutta e verdura. L&#8217;uomo \u00e8 stato portato in caserma per l&#8217;identificazione, nelle prossime ore l&#8217;udienza di convalida davanti al giudice per le indagini preliminari<\/div>\n<div><\/div>\n<div><strong>Punt\u00f2 una pistola finta sugli operatori del 118, si salva dal processo\u00a0<\/strong><\/div>\n<p>PONTE NELLE ALPI Punt\u00f2 una pistola contro due operatori del Suem 118. Ma era un&#8217;arma giocattolo, con tanto di tappino rosso e cos\u00ec l&#8217;accusa di minaccia aggravata \u00e8 caduta in tribunale: Sandro Greco ha spuntato una sentenza di non doversi procedere dal giudice Federico Montalto, proprio quello che aveva prospettato il suo difensore Alvise Antinucci. Il pubblico ministero Giuseppe Gulli, invece, aveva chiesto una sentenza di condanna a una pena che per questa ipotesi di reato pu\u00f2 arrivare fino a un anno di reclusione.<\/p>\n<p>&nbsp;<\/p>\n<hr \/>\n<p>&nbsp;<\/p>\n<blockquote>\n<h3>APPROVATO IL PROGETTO ESECUTIVO DEL NUOVO NEGRELLI-FORCELLINI, A BREVE L\u2019AGGIUDICAZIONE DEI LAVORI<\/h3>\n<\/blockquote>\n<p><strong>BELLUNO <\/strong>Il nuovo istituto Negrelli-Forcellini di Feltre comincia a prendere forma. Il primo passo \u00e8 stato mosso qualche giorno fa, con l\u2019approvazione del progetto esecutivo da parte della Provincia di Belluno (che ha accorpato le fasi definitivo-esecutivo). A breve sar\u00e0 aggiudicato l\u2019appalto, poi entro fine anno cominceranno a tutti gli effetti i lavori. Si tratta di uno dei cantieri Pnrr pi\u00f9 importanti del Veneto e uno dei primi a partire. Il programma prevede la demolizione per step degli edifici attuali, contestualmente alla costruzione delle nuove strutture, cos\u00ec da rendere il pi\u00f9 semplice possibile la convivenza tra attivit\u00e0 scolastiche e lavori, come condiviso tra la Provincia e il raggruppamento temporaneo di progettisti vincitori del concorso di progettazione (costituito da Settanta7 srl, Holzner &amp; Bertagnolli Engineering srl e Studio Perillo srl). Nei prossimi mesi, subito dopo l\u2019aggiudicazione, verranno smantellate le parti relative a palestra e officine; il prossimo anno si proceder\u00e0 con i primi blocchi delle aule. Prossimamente la Provincia ha intenzione di presentare il progetto alla popolazione di Feltre.<\/p>\n<p><strong>IL PRESIDENTE DELLA PROVINCIA DI BELLUNO ROBERTO PADRIN<\/strong><\/p>\n<div style=\"width: 848px;\" class=\"wp-video\"><video class=\"wp-video-shortcode\" id=\"video-341640-1\" width=\"848\" height=\"480\" preload=\"metadata\" controls=\"controls\"><source type=\"video\/mp4\" src=\"https:\/\/www.radiopiu.net\/wordpress\/wp-content\/uploads\/2023\/06\/WhatsApp-Video-2023-06-26-at-15.46.47.mp4?_=1\" \/><a href=\"https:\/\/www.radiopiu.net\/wordpress\/wp-content\/uploads\/2023\/06\/WhatsApp-Video-2023-06-26-at-15.46.47.mp4\">https:\/\/www.radiopiu.net\/wordpress\/wp-content\/uploads\/2023\/06\/WhatsApp-Video-2023-06-26-at-15.46.47.mp4<\/a><\/video><\/div>\n<p>&nbsp;<\/p>\n\n\t\t\t<style type='text\/css'>\n\t\t\t\t#gallery-2 {\n\t\t\t\t\tmargin: auto;\n\t\t\t\t}\n\t\t\t\t#gallery-2 .gallery-item {\n\t\t\t\t\tfloat: left;\n\t\t\t\t\tmargin-top: 10px;\n\t\t\t\t\ttext-align: center;\n\t\t\t\t\twidth: 33%;\n\t\t\t\t}\n\t\t\t\t#gallery-2 img {\n\t\t\t\t\tborder: 2px solid #cfcfcf;\n\t\t\t\t}\n\t\t\t\t#gallery-2 .gallery-caption {\n\t\t\t\t\tmargin-left: 0;\n\t\t\t\t}\n\t\t\t\t\/* see gallery_shortcode() in wp-includes\/media.php *\/\n\t\t\t<\/style>\n\t\t<div id='gallery-2' class='dt-gallery-container gallery galleryid-341640 gallery-columns-3 gallery-size-thumbnail'><dl class='gallery-item'>\n\t\t\t\t<dt class='gallery-icon landscape'>\n\t\t\t\t\t<a class=\"rollover\" href='https:\/\/www.radiopiu.net\/wordpress\/approvato-il-progetto-esecutivo-del-nuovo-negrelli-forcellini-a-breve-laggiudicazione-dei-lavori\/istituto-negrelli-oggi\/'><img loading=\"lazy\" decoding=\"async\" width=\"150\" height=\"150\" src=\"https:\/\/www.radiopiu.net\/wordpress\/wp-content\/uploads\/2023\/06\/Istituto-Negrelli-oggi-150x150.jpg\" class=\"attachment-thumbnail size-thumbnail\" alt=\"\" aria-describedby=\"gallery-2-341764\" \/><\/a>\n\t\t\t\t<\/dt>\n\t\t\t\t\t<dd class='wp-caption-text gallery-caption' id='gallery-2-341764'>\n\t\t\t\t\tIstituto Negrelli oggi\n\t\t\t\t\t<\/dd><\/dl><dl class='gallery-item'>\n\t\t\t\t<dt class='gallery-icon landscape'>\n\t\t\t\t\t<a class=\"rollover\" href='https:\/\/www.radiopiu.net\/wordpress\/approvato-il-progetto-esecutivo-del-nuovo-negrelli-forcellini-a-breve-laggiudicazione-dei-lavori\/render-istituto-superiore-di-feltre-vista-esterna-dellingresso\/'><img loading=\"lazy\" decoding=\"async\" width=\"150\" height=\"150\" src=\"https:\/\/www.radiopiu.net\/wordpress\/wp-content\/uploads\/2023\/06\/Render-istituto-Superiore-di-Feltre-Vista-esterna-dellingresso-150x150.jpg\" class=\"attachment-thumbnail size-thumbnail\" alt=\"\" aria-describedby=\"gallery-2-341765\" \/><\/a>\n\t\t\t\t<\/dt>\n\t\t\t\t\t<dd class='wp-caption-text gallery-caption' id='gallery-2-341765'>\n\t\t\t\t\tRender istituto Superiore di Feltre &#8211; Vista esterna dell&#8217;ingresso\n\t\t\t\t\t<\/dd><\/dl><dl class='gallery-item'>\n\t\t\t\t<dt class='gallery-icon landscape'>\n\t\t\t\t\t<a class=\"rollover\" href='https:\/\/www.radiopiu.net\/wordpress\/approvato-il-progetto-esecutivo-del-nuovo-negrelli-forcellini-a-breve-laggiudicazione-dei-lavori\/render-istituto-superiore-di-feltre-vista-interna-della-gradonata\/'><img loading=\"lazy\" decoding=\"async\" width=\"150\" height=\"150\" src=\"https:\/\/www.radiopiu.net\/wordpress\/wp-content\/uploads\/2023\/06\/Render-istituto-Superiore-di-Feltre-Vista-interna-della-gradonata-150x150.jpg\" class=\"attachment-thumbnail size-thumbnail\" alt=\"\" aria-describedby=\"gallery-2-341766\" \/><\/a>\n\t\t\t\t<\/dt>\n\t\t\t\t\t<dd class='wp-caption-text gallery-caption' id='gallery-2-341766'>\n\t\t\t\t\tRender istituto Superiore di Feltre &#8211; Vista interna della gradonata\n\t\t\t\t\t<\/dd><\/dl><br style=\"clear: both\" \/>\n\t\t\t<\/div>\n\n<p>&nbsp;<\/p>\n<p>&nbsp;<\/p>\n<hr \/>\n<p>&nbsp;<\/p>\n<blockquote>\n<h3>PRESENTATO IL CAMMINO DELLE DOLOMITI GENUINE<\/h3>\n<\/blockquote>\n<p><strong>SAN TOMASO<\/strong><\/p>\n<p>di Luisa Manfroi<\/p>\n<audio class=\"wp-audio-shortcode\" id=\"audio-341640-4\" preload=\"none\" style=\"width: 100%;\" controls=\"controls\"><source type=\"audio\/mpeg\" src=\"https:\/\/www.radiopiu.net\/wordpress\/wp-content\/uploads\/2023\/06\/LUISA-MANFROI-Cammino-Dolomiti-Vertik-Area.mp3?_=4\" \/><a href=\"https:\/\/www.radiopiu.net\/wordpress\/wp-content\/uploads\/2023\/06\/LUISA-MANFROI-Cammino-Dolomiti-Vertik-Area.mp3\">https:\/\/www.radiopiu.net\/wordpress\/wp-content\/uploads\/2023\/06\/LUISA-MANFROI-Cammino-Dolomiti-Vertik-Area.mp3<\/a><\/audio>\n<p>&nbsp;<\/p>\n<p><strong>DAL CORRIERE DELLE ALPI IL SERVIZIO DI GIANNI SANTOMASO<\/strong><\/p>\n<audio class=\"wp-audio-shortcode\" id=\"audio-341640-5\" preload=\"none\" style=\"width: 100%;\" controls=\"controls\"><source type=\"audio\/mpeg\" src=\"https:\/\/www.radiopiu.net\/wordpress\/wp-content\/uploads\/2023\/06\/GIANNI-PRESENTATO-IL-CAMMINO-DELLE-DOLOMITI-GENUINE-A-SAN-TOMASO.mp3?_=5\" \/><a href=\"https:\/\/www.radiopiu.net\/wordpress\/wp-content\/uploads\/2023\/06\/GIANNI-PRESENTATO-IL-CAMMINO-DELLE-DOLOMITI-GENUINE-A-SAN-TOMASO.mp3\">https:\/\/www.radiopiu.net\/wordpress\/wp-content\/uploads\/2023\/06\/GIANNI-PRESENTATO-IL-CAMMINO-DELLE-DOLOMITI-GENUINE-A-SAN-TOMASO.mp3<\/a><\/audio>\n<p>&nbsp;<\/p>\n\n\t\t\t<style type='text\/css'>\n\t\t\t\t#gallery-3 {\n\t\t\t\t\tmargin: auto;\n\t\t\t\t}\n\t\t\t\t#gallery-3 .gallery-item {\n\t\t\t\t\tfloat: left;\n\t\t\t\t\tmargin-top: 10px;\n\t\t\t\t\ttext-align: center;\n\t\t\t\t\twidth: 33%;\n\t\t\t\t}\n\t\t\t\t#gallery-3 img {\n\t\t\t\t\tborder: 2px solid #cfcfcf;\n\t\t\t\t}\n\t\t\t\t#gallery-3 .gallery-caption {\n\t\t\t\t\tmargin-left: 0;\n\t\t\t\t}\n\t\t\t\t\/* see gallery_shortcode() in wp-includes\/media.php *\/\n\t\t\t<\/style>\n\t\t<div id='gallery-3' class='dt-gallery-container gallery galleryid-341640 gallery-columns-3 gallery-size-medium'><dl class='gallery-item'>\n\t\t\t\t<dt class='gallery-icon landscape'>\n\t\t\t\t\t<a class=\"rollover rollover-zoom dt-pswp-item\" title=\"IMG_2293\" data-dt-img-description=\"\" data-large_image_width=\"2560\" data-large_image_height=\"1920\"href='https:\/\/www.radiopiu.net\/wordpress\/wp-content\/uploads\/2023\/06\/IMG_2293-scaled.jpg'><img loading=\"lazy\" decoding=\"async\" width=\"300\" height=\"225\" src=\"https:\/\/www.radiopiu.net\/wordpress\/wp-content\/uploads\/2023\/06\/IMG_2293-300x225.jpg\" class=\"attachment-medium size-medium\" alt=\"\" srcset=\"https:\/\/www.radiopiu.net\/wordpress\/wp-content\/uploads\/2023\/06\/IMG_2293-300x225.jpg 300w, https:\/\/www.radiopiu.net\/wordpress\/wp-content\/uploads\/2023\/06\/IMG_2293-1024x768.jpg 1024w, https:\/\/www.radiopiu.net\/wordpress\/wp-content\/uploads\/2023\/06\/IMG_2293-768x576.jpg 768w, https:\/\/www.radiopiu.net\/wordpress\/wp-content\/uploads\/2023\/06\/IMG_2293-1536x1152.jpg 1536w, https:\/\/www.radiopiu.net\/wordpress\/wp-content\/uploads\/2023\/06\/IMG_2293-2048x1536.jpg 2048w\" sizes=\"auto, (max-width: 300px) 100vw, 300px\" \/><\/a>\n\t\t\t\t<\/dt><\/dl><dl class='gallery-item'>\n\t\t\t\t<dt class='gallery-icon landscape'>\n\t\t\t\t\t<a class=\"rollover rollover-zoom dt-pswp-item\" title=\"Antonella Schena, Danilo Marmolada, il sindaco Moreno De Val e assessore D...e Toni\" data-dt-img-description=\"\" data-large_image_width=\"2560\" data-large_image_height=\"1920\"href='https:\/\/www.radiopiu.net\/wordpress\/wp-content\/uploads\/2023\/06\/Antonella-Schena-Danilo-Marmolada-il-sindaco-Moreno-De-Val-e-assessore-D.e-Toni-scaled.jpg'><img loading=\"lazy\" decoding=\"async\" width=\"300\" height=\"225\" src=\"https:\/\/www.radiopiu.net\/wordpress\/wp-content\/uploads\/2023\/06\/Antonella-Schena-Danilo-Marmolada-il-sindaco-Moreno-De-Val-e-assessore-D.e-Toni-300x225.jpg\" class=\"attachment-medium size-medium\" alt=\"\" srcset=\"https:\/\/www.radiopiu.net\/wordpress\/wp-content\/uploads\/2023\/06\/Antonella-Schena-Danilo-Marmolada-il-sindaco-Moreno-De-Val-e-assessore-D.e-Toni-300x225.jpg 300w, https:\/\/www.radiopiu.net\/wordpress\/wp-content\/uploads\/2023\/06\/Antonella-Schena-Danilo-Marmolada-il-sindaco-Moreno-De-Val-e-assessore-D.e-Toni-1024x768.jpg 1024w, https:\/\/www.radiopiu.net\/wordpress\/wp-content\/uploads\/2023\/06\/Antonella-Schena-Danilo-Marmolada-il-sindaco-Moreno-De-Val-e-assessore-D.e-Toni-768x576.jpg 768w, https:\/\/www.radiopiu.net\/wordpress\/wp-content\/uploads\/2023\/06\/Antonella-Schena-Danilo-Marmolada-il-sindaco-Moreno-De-Val-e-assessore-D.e-Toni-1536x1152.jpg 1536w, https:\/\/www.radiopiu.net\/wordpress\/wp-content\/uploads\/2023\/06\/Antonella-Schena-Danilo-Marmolada-il-sindaco-Moreno-De-Val-e-assessore-D.e-Toni-2048x1536.jpg 2048w\" sizes=\"auto, (max-width: 300px) 100vw, 300px\" \/><\/a>\n\t\t\t\t<\/dt><\/dl><dl class='gallery-item'>\n\t\t\t\t<dt class='gallery-icon landscape'>\n\t\t\t\t\t<a class=\"rollover rollover-zoom dt-pswp-item\" title=\"Un momento della presentazione del Cammino Antonella Schena e Danilo Marmo...ospiti\" data-dt-img-description=\"\" data-large_image_width=\"2560\" data-large_image_height=\"1920\"href='https:\/\/www.radiopiu.net\/wordpress\/wp-content\/uploads\/2023\/06\/Un-momento-della-presentazione-del-Cammino-Antonella-Schena-e-Danilo-Marmo.ospiti-scaled.jpg'><img loading=\"lazy\" decoding=\"async\" width=\"300\" height=\"225\" src=\"https:\/\/www.radiopiu.net\/wordpress\/wp-content\/uploads\/2023\/06\/Un-momento-della-presentazione-del-Cammino-Antonella-Schena-e-Danilo-Marmo.ospiti-300x225.jpg\" class=\"attachment-medium size-medium\" alt=\"\" srcset=\"https:\/\/www.radiopiu.net\/wordpress\/wp-content\/uploads\/2023\/06\/Un-momento-della-presentazione-del-Cammino-Antonella-Schena-e-Danilo-Marmo.ospiti-300x225.jpg 300w, https:\/\/www.radiopiu.net\/wordpress\/wp-content\/uploads\/2023\/06\/Un-momento-della-presentazione-del-Cammino-Antonella-Schena-e-Danilo-Marmo.ospiti-1024x768.jpg 1024w, https:\/\/www.radiopiu.net\/wordpress\/wp-content\/uploads\/2023\/06\/Un-momento-della-presentazione-del-Cammino-Antonella-Schena-e-Danilo-Marmo.ospiti-768x576.jpg 768w, https:\/\/www.radiopiu.net\/wordpress\/wp-content\/uploads\/2023\/06\/Un-momento-della-presentazione-del-Cammino-Antonella-Schena-e-Danilo-Marmo.ospiti-1536x1152.jpg 1536w, https:\/\/www.radiopiu.net\/wordpress\/wp-content\/uploads\/2023\/06\/Un-momento-della-presentazione-del-Cammino-Antonella-Schena-e-Danilo-Marmo.ospiti-2048x1536.jpg 2048w\" sizes=\"auto, (max-width: 300px) 100vw, 300px\" \/><\/a>\n\t\t\t\t<\/dt><\/dl><br style=\"clear: both\" \/>\n\t\t\t<\/div>\n\n<p>&nbsp;<\/p>\n<hr \/>\n<p>&nbsp;<\/p>\n<blockquote>\n<h3>VILLAGGIO OLIMPICO ALL\u2019EX ENI: PRESIDI SUL TERRITORIO DI CGIL, CISL E UIL<\/h3>\n<\/blockquote>\n<p><strong><a class=\"dt-pswp-item\" href=\"https:\/\/www.radiopiu.net\/wordpress\/wp-content\/uploads\/2020\/03\/SINDACATI.jpg\" data-dt-img-description=\"\" data-large_image_width=\"2048\" data-large_image_height=\"2048\"><img loading=\"lazy\" decoding=\"async\" class=\" wp-image-121809 alignleft\" src=\"https:\/\/www.radiopiu.net\/wordpress\/wp-content\/uploads\/2020\/03\/SINDACATI-300x300.jpg\" alt=\"\" width=\"116\" height=\"116\" srcset=\"https:\/\/www.radiopiu.net\/wordpress\/wp-content\/uploads\/2020\/03\/SINDACATI-300x300.jpg 300w, https:\/\/www.radiopiu.net\/wordpress\/wp-content\/uploads\/2020\/03\/SINDACATI-1024x1024.jpg 1024w, https:\/\/www.radiopiu.net\/wordpress\/wp-content\/uploads\/2020\/03\/SINDACATI-150x150.jpg 150w, https:\/\/www.radiopiu.net\/wordpress\/wp-content\/uploads\/2020\/03\/SINDACATI-768x768.jpg 768w, https:\/\/www.radiopiu.net\/wordpress\/wp-content\/uploads\/2020\/03\/SINDACATI-1536x1536.jpg 1536w, https:\/\/www.radiopiu.net\/wordpress\/wp-content\/uploads\/2020\/03\/SINDACATI.jpg 2048w\" sizes=\"auto, (max-width: 116px) 100vw, 116px\" \/><\/a><\/strong><strong>BELLUNO <\/strong>\u201c<em>Le importanti prese di posizione sul territorio di questi ultimi giorni di soggetti economici, sociali e istituzionali, di associazioni ambientaliste e di moltissimi cittadini, ci confortano sulla bont\u00e0 della proposta di recuperare il villaggio ex Eni per ospitare gli atleti olimpici e preliminarmente mettere in sicurezza tutta l\u2019area limitrofa di Cancia e Borca, gi\u00e0 oggi a rischio massimo per il movimento franoso del Monte Antelao. Un\u2019occasione senza precedenti per utilizzare al meglio 39 milioni di denaro pubblico e per un lascito al territorio post Olimpiadi che crei occasione di sviluppo nel lungo termine e non solo in occasione dei Giochi<\/em>\u201d. Con queste parole i segretari generali territoriali di Cgil, Cisl e Uil, rispettivamente Denise Casanova, Massimiliano Paglini e Sonia Bridda, commentano gli interventi di diversi soggetti istituzionali del Bellunese, dalla presidente degli industriali al presidente della Provincia, dal sindaco di Borca alle associazioni ambientalisti, in favore della proposta rilanciata recentemente dalle tre confederazioni sindacali di recuperare il villaggio commissionato da Enrico Mattei all\u2019architetto Edoardo Gellner agli inizi degli anni Cinquanta per ospitare il villaggio olimpico di Milano-Cortina 2026. Per questo proseguono i presidi territoriali, il 29 a San Vito di Cadore, il 30 a Feltre, l\u20198 luglio a Belluno.<\/p>\n<p>&nbsp;<\/p>\n<hr \/>\n<p>&nbsp;<\/p>\n<p>&nbsp;<\/p>\n<h2><strong><a class=\"dt-pswp-item\" href=\"https:\/\/www.radiopiu.net\/wordpress\/wp-content\/uploads\/2023\/06\/SCR-20230623-llvz.jpeg\" data-dt-img-description=\"\" data-large_image_width=\"1344\" data-large_image_height=\"1038\"><img loading=\"lazy\" decoding=\"async\" class=\" wp-image-341429 alignleft\" src=\"https:\/\/www.radiopiu.net\/wordpress\/wp-content\/uploads\/2023\/06\/SCR-20230623-llvz-300x232.jpeg\" alt=\"\" width=\"145\" height=\"112\" srcset=\"https:\/\/www.radiopiu.net\/wordpress\/wp-content\/uploads\/2023\/06\/SCR-20230623-llvz-300x232.jpeg 300w, https:\/\/www.radiopiu.net\/wordpress\/wp-content\/uploads\/2023\/06\/SCR-20230623-llvz-1024x791.jpeg 1024w, https:\/\/www.radiopiu.net\/wordpress\/wp-content\/uploads\/2023\/06\/SCR-20230623-llvz-768x593.jpeg 768w, https:\/\/www.radiopiu.net\/wordpress\/wp-content\/uploads\/2023\/06\/SCR-20230623-llvz.jpeg 1344w\" sizes=\"auto, (max-width: 145px) 100vw, 145px\" \/><\/a><\/strong><span style=\"color: #00ccff;\">LA RASSEGNA STAMPA DA L&#8217;AMICO DEL POPOLO<\/span><\/h2>\n<p><strong>DI GIANNI SANTOMASO<\/strong><\/p>\n<p>Ospite: Tamara Costantini, consigliere comunale di Taibon e istruttrice di Nordic Valking<\/p>\n<audio class=\"wp-audio-shortcode\" id=\"audio-341640-6\" preload=\"none\" style=\"width: 100%;\" controls=\"controls\"><source type=\"audio\/mpeg\" src=\"https:\/\/www.radiopiu.net\/wordpress\/wp-content\/uploads\/2023\/06\/RASSEGNA-GIANNI-2.mp3?_=6\" \/><a href=\"https:\/\/www.radiopiu.net\/wordpress\/wp-content\/uploads\/2023\/06\/RASSEGNA-GIANNI-2.mp3\">https:\/\/www.radiopiu.net\/wordpress\/wp-content\/uploads\/2023\/06\/RASSEGNA-GIANNI-2.mp3<\/a><\/audio>\n<p>&nbsp;<\/p>\n<p>&nbsp;<\/p>\n<p>&nbsp;<\/p>\n<hr \/>\n<p>&nbsp;<\/p>\n<p>&nbsp;<\/p>\n<blockquote>\n<h3>DOLOMITIBUS&#8230;. QUANTO MI COSTI!<\/h3>\n<p><em><a class=\"dt-pswp-item\" href=\"https:\/\/www.radiopiu.net\/wordpress\/wp-content\/uploads\/2021\/10\/9396bbfc-2818-4225-b55d-9a56c39206f1.jpg\" data-dt-img-description=\"\" data-large_image_width=\"1599\" data-large_image_height=\"899\"><img loading=\"lazy\" decoding=\"async\" class=\"wp-image-237486 alignleft\" src=\"https:\/\/www.radiopiu.net\/wordpress\/wp-content\/uploads\/2021\/10\/9396bbfc-2818-4225-b55d-9a56c39206f1-300x169.jpg\" alt=\"\" width=\"165\" height=\"93\" srcset=\"https:\/\/www.radiopiu.net\/wordpress\/wp-content\/uploads\/2021\/10\/9396bbfc-2818-4225-b55d-9a56c39206f1-300x169.jpg 300w, https:\/\/www.radiopiu.net\/wordpress\/wp-content\/uploads\/2021\/10\/9396bbfc-2818-4225-b55d-9a56c39206f1-1024x576.jpg 1024w, https:\/\/www.radiopiu.net\/wordpress\/wp-content\/uploads\/2021\/10\/9396bbfc-2818-4225-b55d-9a56c39206f1-768x432.jpg 768w, https:\/\/www.radiopiu.net\/wordpress\/wp-content\/uploads\/2021\/10\/9396bbfc-2818-4225-b55d-9a56c39206f1-1536x864.jpg 1536w, https:\/\/www.radiopiu.net\/wordpress\/wp-content\/uploads\/2021\/10\/9396bbfc-2818-4225-b55d-9a56c39206f1.jpg 1599w\" sizes=\"auto, (max-width: 165px) 100vw, 165px\" \/><\/a>La Dolomiti Bus approva il nuovo tariffario in vigore dal 1\u00b0 luglio 2023, \u00e8 stato inoltre aggiornato il tariffario dell\u2019abbonamento part time per lavoratori e lavoratori \u201cespresso\u201d, L\u2019unica tipologia di part time rimasta in vigore \u00e8 il <u>verticale 3 giorni su 6<\/u>, nelle validit\u00e0 mensile ed annuale. La condizione per poter usufruire di questo abbonamento \u00e8 di lavorare su un massimo di tre giorni della settimana, scelti e certificati all\u2019atto della richiesta dell\u2019abbonamento (es. luned\u00ec &#8211; marted\u00ec &#8211; mercoled\u00ec). Questo requisito deve essere mantenuto per l\u2019intera validit\u00e0 del titolo di viaggio. Per le altre tipologie di part time sar\u00e0 applicata la tariffa intera.<\/em><\/p><\/blockquote>\n<p>&nbsp;<\/p>\n<p>&nbsp;<\/p>\n<hr \/>\n<p>&nbsp;<\/p>\n<blockquote>\n<h3>LE SFIDE DELL&#8217;EDILIZIA IN MONTAGNA ALL&#8217;ASSEMBLEA NAZIONALE DEI COSTRUTTORI<\/h3>\n<\/blockquote>\n<p><strong><a class=\"dt-pswp-item\" href=\"https:\/\/www.radiopiu.net\/wordpress\/wp-content\/uploads\/2021\/05\/CONFINDUSTRIA.png\" data-dt-img-description=\"\" data-large_image_width=\"575\" data-large_image_height=\"575\"><img loading=\"lazy\" decoding=\"async\" class=\" wp-image-211858 alignleft\" src=\"https:\/\/www.radiopiu.net\/wordpress\/wp-content\/uploads\/2021\/05\/CONFINDUSTRIA-300x300.png\" alt=\"\" width=\"122\" height=\"122\" srcset=\"https:\/\/www.radiopiu.net\/wordpress\/wp-content\/uploads\/2021\/05\/CONFINDUSTRIA-300x300.png 300w, https:\/\/www.radiopiu.net\/wordpress\/wp-content\/uploads\/2021\/05\/CONFINDUSTRIA-150x150.png 150w, https:\/\/www.radiopiu.net\/wordpress\/wp-content\/uploads\/2021\/05\/CONFINDUSTRIA.png 575w\" sizes=\"auto, (max-width: 122px) 100vw, 122px\" \/><\/a>BELLUNO<\/strong> Il presidente di Ance Belluno, Paolo De Cian, a margine dell&#8217;Assemblea nazionale dei costruttori che si \u00e8 svolta a Roma al Parco della Musica, sottolinea l&#8217;importanza di concentrarsi sulla messa in sicurezza dei territori e sul diritto alla casa come nuove priorit\u00e0 per la ripresa post-Covid, non solo a Belluno ma anche altrove. De Cian richiama la necessit\u00e0 di un piano nazionale per contrastare le criticit\u00e0 legate al rischio idrogeologico, considerando i cambiamenti climatici in corso e promuovendo una programmazione seria degli interventi. Sottolinea l&#8217;importanza di proteggere sia gli abitanti che il patrimonio edilizio esistente, puntando sulla transizione ecologica e sulla rigenerazione urbana. De Cian evidenzia l&#8217;importanza di garantire il diritto alla casa come strumento di inclusione sociale e risposta alle necessit\u00e0 abitative delle fasce pi\u00f9 vulnerabili della popolazione, contribuendo a contrastare il decremento demografico nelle terre alte e a valorizzare gli immobili non utilizzati. Infine, sottolinea la fiducia nei confronti del Piano Nazionale di Ripresa e Resilienza (Pnrr) e l&#8217;impegno di Ance nell&#8217;assicurare nuove risorse alle imprese edili e nell&#8217;entrare nelle scuole per promuovere il settore e trasmettere i valori dell&#8217;associazione.<\/p>\n<p>&nbsp;<\/p>\n<hr \/>\n<p>&nbsp;<\/p>\n<blockquote>\n<h3 class=\"_title post-title entry-title\">TUTTO PRONTO IN MARMOLADA PER UN\u2019ESTATE IN PIENA SICUREZZA<\/h3>\n<\/blockquote>\n<p>TG ANTENNA 3, CANALE 10 DIGITALE TERRESTRE. OGNI GIORNO ALLA RADIO, DALLE 19.05 LE ANTICIPAZIONI DEL TELEGIORNALE BELLUNESE.<br \/>\n<strong>ROCCA PIETORE<\/strong> &#8211; Andiamo sulla Marmolada, dove a quasi un anno dal disastro che cost\u00f2 la vita a 11 persone \u00e8 tutto pronto per garantire ai turisti un&#8217;estate in piena sicurezza.<\/p>\n<p>Intervista: zPATRICK POMARE\u2019 (DIRETTORE MARMOLADA SRL)<\/p>\n<p>di\u00a0<a href=\"https:\/\/antennatre.medianordest.it\/redazione\/Stefano-Bozzi\/\">Stefano Bozzi\u00a0<\/a><\/p>\n<p><iframe loading=\"lazy\" title=\"TUTTO PRONTO IN MARMOLADA PER UN&#039;ESTATE IN PIENA SICUREZZA | 26\/06\/2023\" width=\"1200\" height=\"675\" src=\"https:\/\/www.youtube.com\/embed\/lkblAgYxxm4?start=83&#038;feature=oembed\" frameborder=\"0\" allow=\"accelerometer; autoplay; clipboard-write; encrypted-media; gyroscope; picture-in-picture; web-share\" allowfullscreen><\/iframe><\/p>\n<p>&nbsp;<\/p>\n<hr \/>\n<p>&nbsp;<\/p>\n<blockquote>\n<h3>L&#8217;ASTRONOMA VANIA LORENZI DEL TNG ONORATA CON L&#8217;ASTEROIDE VANIALORENZI PER IL SUO LAVORO<\/h3>\n<\/blockquote>\n<p><strong><a class=\"dt-pswp-item\" href=\"https:\/\/www.radiopiu.net\/wordpress\/wp-content\/uploads\/2023\/06\/354597147_1134614677463589_6180611917494201238_n.jpg\" data-dt-img-description=\"\" data-large_image_width=\"1840\" data-large_image_height=\"1200\"><img loading=\"lazy\" decoding=\"async\" class=\" wp-image-341800 alignleft\" src=\"https:\/\/www.radiopiu.net\/wordpress\/wp-content\/uploads\/2023\/06\/354597147_1134614677463589_6180611917494201238_n-300x196.jpg\" alt=\"\" width=\"197\" height=\"129\" srcset=\"https:\/\/www.radiopiu.net\/wordpress\/wp-content\/uploads\/2023\/06\/354597147_1134614677463589_6180611917494201238_n-300x196.jpg 300w, https:\/\/www.radiopiu.net\/wordpress\/wp-content\/uploads\/2023\/06\/354597147_1134614677463589_6180611917494201238_n-1024x668.jpg 1024w, https:\/\/www.radiopiu.net\/wordpress\/wp-content\/uploads\/2023\/06\/354597147_1134614677463589_6180611917494201238_n-768x501.jpg 768w, https:\/\/www.radiopiu.net\/wordpress\/wp-content\/uploads\/2023\/06\/354597147_1134614677463589_6180611917494201238_n-1536x1002.jpg 1536w, https:\/\/www.radiopiu.net\/wordpress\/wp-content\/uploads\/2023\/06\/354597147_1134614677463589_6180611917494201238_n.jpg 1840w\" sizes=\"auto, (max-width: 197px) 100vw, 197px\" \/><\/a>REDAZIONE<\/strong> L&#8217;astronoma Vania Lorenzi del Telescopio Nazionale Galileo (TNG) \u00e8 stata onorata dall&#8217;Unione Astronomica Internazionale con l&#8217;asteroide (32598) Vanialorenzi = 2001 QN159 durante la Conferenza ACM a Flagstaff, USA. Il riconoscimento \u00e8 per il suo lavoro sulle superfici primitive e gli oggetti transnettuniani. I suoi studi si basano sulla spettroscopia a terra con il TNG e su missioni spaziali come il JWST. Laureata all&#8217;Universit\u00e0 di Padova e con un dottorato all&#8217;Universit\u00e0 di Laguna, Lorenzi lavora al TNG da oltre 15 anni e si \u00e8 mostrata grata per l&#8217;onore ricevuto. L&#8217;asteroide Vanialorenzi \u00e8 un corpo della fascia principale con un diametro di 5,214 km.<\/p>\n<p>&nbsp;<\/p>\n<p>&nbsp;<\/p>\n<hr \/>\n<p>&nbsp;<\/p>\n<blockquote>\n<h3>PROGETTO SPORTELLO ENERGIA&amp;CLIMA 2.0<\/h3>\n<\/blockquote>\n<p><strong>FELTRE <\/strong>Le Amministrazioni comunali di Feltre e dei Comuni partner di Belluno, Pedavena, Borgo Valbelluna e Ponte Nelle Alpi, presentano al territorio finalit\u00e0 e obiettivi del progetto \u201cEUCF &#8211; Energia &amp; Clima 2.0\u201d, per uno sportello di area vasta del bellunese, con due eventi di lancio, venerd\u00ec 30 giugno e sabato 1 luglio. Il primo evento, che vede come autorevole relatore il Prof. Carlo Barbante, \u00e8 finalizzato a illustrare le acquisizioni della scienza circa le cause dei cambiamenti climatici e le possibili conseguenze per la vita dell&#8217;uomo sul pianeta. Il secondo evento \u00e8 pi\u00f9 \u201cdi servizio\u201d. Nello specifico, si parler\u00e0 del Bando Regionale Rottamazione Stufe 2023 che, cumulato con l\u2019incentivo nazionale <em>Conto Termico,<\/em> consente di effettuare l\u2019intervento con una copertura che va dall\u201980 al 100% della spesa.<\/p>\n<p>&nbsp;<\/p>\n<p>&nbsp;<\/p>\n<hr \/>\n<p>&nbsp;<\/p>\n<blockquote>\n<h3>CORSI DI INFORMATICA A PONTE NELLE ALPI<\/h3>\n<\/blockquote>\n<p><strong><a class=\"dt-pswp-item\" href=\"https:\/\/www.radiopiu.net\/wordpress\/wp-content\/uploads\/2019\/01\/computer-1149148_1280.jpg\" data-dt-img-description=\"\" data-large_image_width=\"1280\" data-large_image_height=\"720\"><img loading=\"lazy\" decoding=\"async\" class=\" wp-image-71167 alignleft\" src=\"https:\/\/www.radiopiu.net\/wordpress\/wp-content\/uploads\/2019\/01\/computer-1149148_1280-300x169.jpg\" alt=\"\" width=\"181\" height=\"102\" srcset=\"https:\/\/www.radiopiu.net\/wordpress\/wp-content\/uploads\/2019\/01\/computer-1149148_1280-300x169.jpg 300w, https:\/\/www.radiopiu.net\/wordpress\/wp-content\/uploads\/2019\/01\/computer-1149148_1280-768x432.jpg 768w, https:\/\/www.radiopiu.net\/wordpress\/wp-content\/uploads\/2019\/01\/computer-1149148_1280-1024x576.jpg 1024w, https:\/\/www.radiopiu.net\/wordpress\/wp-content\/uploads\/2019\/01\/computer-1149148_1280.jpg 1280w\" sizes=\"auto, (max-width: 181px) 100vw, 181px\" \/><\/a>PONTE NELLE ALPI <\/strong>Partono anche a Ponte nelle Alpi i \u201cCorsi gratuiti di informatica per adulti e anziani\u201d: promossa dall\u2019associazione Amici delle Scuole in rete e dalle \u201cScuole in rete per un mondo di solidariet\u00e0 e pace\u201d, l\u2019iniziativa si configura come un\u2019esperienza di formazione e di scambio intergenerazionale, basato sul volontariato. E coinvolge adulti e studenti.<span class=\"gmail-Apple-converted-space\"> \u00a0<\/span>Molteplici gli obiettivi: ridurre il gap digitale, favorire il recupero delle competenze informatiche e permettere l\u2019accesso ai servizi pubblici online. Nello specifico, non verr\u00e0 sviluppata un\u2019informatica astratta, lontana dalle pratiche quotidiane: al contrario, sar\u00e0 l\u2019occasione per approfondire e affinare l\u2019utilizzo degli strumenti digitali, oltre alle applicazioni per scaricare referti medici e documenti, alla posta elettronica e alla messaggistica WhatsApp. Le lezioni si svolgeranno nella scuola secondaria di primo grado \u201cSandro Pertini\u201d, a Canevoi, dal 5 luglio al 9 agosto, tutti i mercoled\u00ec mattina. Due i moduli: uno dedicato al computer (ore 8.30-10.30) e uno allo smartphone (ore 11-13).<span class=\"gmail-Apple-converted-space\"> \u00a0<\/span>Le iscrizioni sono aperte: baster\u00e0 contattare l\u2019Ufficio relazioni con il pubblico allo 0437-9866 o le Scuole in rete al 351.6160404. Ed \u00e8 attivo, inoltre, il sito <a href=\"http:\/\/www.studentibelluno.it\">www.studentibelluno.it<\/a>.<span class=\"gmail-Apple-converted-space\">\u00a0<\/span><\/p>\n<p>&nbsp;<\/p>\n<p>&nbsp;<\/p>\n<hr \/>\n<p>&nbsp;<\/p>\n<blockquote>\n<h3>PRIMO PARTO IN ACQUA DOPO IL COVID ALL\u2019OSTETRICIA DI BELLUNO<\/h3>\n<\/blockquote>\n<p><strong><a class=\"dt-pswp-item\" href=\"https:\/\/www.radiopiu.net\/wordpress\/wp-content\/uploads\/2023\/06\/foto.png\" data-dt-img-description=\"\" data-large_image_width=\"1080\" data-large_image_height=\"1080\"><img loading=\"lazy\" decoding=\"async\" class=\" wp-image-341777 alignleft\" src=\"https:\/\/www.radiopiu.net\/wordpress\/wp-content\/uploads\/2023\/06\/foto-300x300.png\" alt=\"\" width=\"123\" height=\"123\" srcset=\"https:\/\/www.radiopiu.net\/wordpress\/wp-content\/uploads\/2023\/06\/foto-300x300.png 300w, https:\/\/www.radiopiu.net\/wordpress\/wp-content\/uploads\/2023\/06\/foto-1024x1024.png 1024w, https:\/\/www.radiopiu.net\/wordpress\/wp-content\/uploads\/2023\/06\/foto-150x150.png 150w, https:\/\/www.radiopiu.net\/wordpress\/wp-content\/uploads\/2023\/06\/foto-768x768.png 768w, https:\/\/www.radiopiu.net\/wordpress\/wp-content\/uploads\/2023\/06\/foto.png 1080w\" sizes=\"auto, (max-width: 123px) 100vw, 123px\" \/><\/a>BELLUNO <\/strong>Domenica presso l \u2018ostetricia dell&#8217;ospedale di Belluno \u00e8 stata accolta tra sorrisi e lacrime di gioia Beatrice, una splendida bimba di 3800 grammi, nata con un parto in acqua, circondata dall&#8217;amore della sua mamma e del suo pap\u00e0, ma anche della zia, infermiera della pediatria, eccezionalmente presente. E&#8217; stato il primo parto in acqua dopo il Covid. Fino a poco tempo fa, infatti, la vasca era stata dismessa per dedicare la sala parto alle mamme covid positive; l&#8217;attuale situazione epidemiologica ha permesso di ripristinare questo importante supporto, a sostegno delle coppie a basso rischio ostetrico.\u00a0 Mamma Elisa e pap\u00e0 Nicola sono felicissimi di aver accolto la proposta dell&#8217;ostetrica di provare l&#8217;immersione in acqua e guardano la loro bimba commossi.<\/p>\n<p>&nbsp;<\/p>\n<p>&nbsp;<\/p>\n<hr \/>\n<p>&nbsp;<\/p>\n<blockquote>\n<h3>STASERA UNA SERATA ORGANIZZATA DA LIBERA AGORDINA CON WALTER AVERSA<\/h3>\n<\/blockquote>\n<p><strong>AGORDO<\/strong><\/p>\n<p>di Gianni Santomaso<\/p>\n<audio class=\"wp-audio-shortcode\" id=\"audio-341640-7\" preload=\"none\" style=\"width: 100%;\" controls=\"controls\"><source type=\"audio\/mpeg\" src=\"https:\/\/www.radiopiu.net\/wordpress\/wp-content\/uploads\/2023\/06\/GIANNI-UNA-SERATA-ORGANIZZATA-DA-LIBERA-AGORDINA-CON-WALTER-AVERSA.mp3?_=7\" \/><a href=\"https:\/\/www.radiopiu.net\/wordpress\/wp-content\/uploads\/2023\/06\/GIANNI-UNA-SERATA-ORGANIZZATA-DA-LIBERA-AGORDINA-CON-WALTER-AVERSA.mp3\">https:\/\/www.radiopiu.net\/wordpress\/wp-content\/uploads\/2023\/06\/GIANNI-UNA-SERATA-ORGANIZZATA-DA-LIBERA-AGORDINA-CON-WALTER-AVERSA.mp3<\/a><\/audio>\n<p>&nbsp;<\/p>\n\n\t\t\t<style type='text\/css'>\n\t\t\t\t#gallery-4 {\n\t\t\t\t\tmargin: auto;\n\t\t\t\t}\n\t\t\t\t#gallery-4 .gallery-item {\n\t\t\t\t\tfloat: left;\n\t\t\t\t\tmargin-top: 10px;\n\t\t\t\t\ttext-align: center;\n\t\t\t\t\twidth: 50%;\n\t\t\t\t}\n\t\t\t\t#gallery-4 img {\n\t\t\t\t\tborder: 2px solid #cfcfcf;\n\t\t\t\t}\n\t\t\t\t#gallery-4 .gallery-caption {\n\t\t\t\t\tmargin-left: 0;\n\t\t\t\t}\n\t\t\t\t\/* see gallery_shortcode() in wp-includes\/media.php *\/\n\t\t\t<\/style>\n\t\t<div id='gallery-4' class='dt-gallery-container gallery galleryid-341640 gallery-columns-2 gallery-size-medium'><dl class='gallery-item'>\n\t\t\t\t<dt class='gallery-icon portrait'>\n\t\t\t\t\t<a class=\"rollover rollover-zoom dt-pswp-item\" title=\"6349482e-b341-463e-a608-0b5188fa01bb\" data-dt-img-description=\"\" data-large_image_width=\"1080\" data-large_image_height=\"1920\"href='https:\/\/www.radiopiu.net\/wordpress\/wp-content\/uploads\/2023\/06\/6349482e-b341-463e-a608-0b5188fa01bb.jpg'><img loading=\"lazy\" decoding=\"async\" width=\"169\" height=\"300\" src=\"https:\/\/www.radiopiu.net\/wordpress\/wp-content\/uploads\/2023\/06\/6349482e-b341-463e-a608-0b5188fa01bb-169x300.jpg\" class=\"attachment-medium size-medium\" alt=\"\" srcset=\"https:\/\/www.radiopiu.net\/wordpress\/wp-content\/uploads\/2023\/06\/6349482e-b341-463e-a608-0b5188fa01bb-169x300.jpg 169w, https:\/\/www.radiopiu.net\/wordpress\/wp-content\/uploads\/2023\/06\/6349482e-b341-463e-a608-0b5188fa01bb-576x1024.jpg 576w, https:\/\/www.radiopiu.net\/wordpress\/wp-content\/uploads\/2023\/06\/6349482e-b341-463e-a608-0b5188fa01bb-768x1365.jpg 768w, https:\/\/www.radiopiu.net\/wordpress\/wp-content\/uploads\/2023\/06\/6349482e-b341-463e-a608-0b5188fa01bb-864x1536.jpg 864w, https:\/\/www.radiopiu.net\/wordpress\/wp-content\/uploads\/2023\/06\/6349482e-b341-463e-a608-0b5188fa01bb.jpg 1080w\" sizes=\"auto, (max-width: 169px) 100vw, 169px\" \/><\/a>\n\t\t\t\t<\/dt><\/dl><dl class='gallery-item'>\n\t\t\t\t<dt class='gallery-icon portrait'>\n\t\t\t\t\t<a class=\"rollover rollover-zoom dt-pswp-item\" title=\"c32aa292-414f-46fa-bd97-c62560f91789\" data-dt-img-description=\"\" data-large_image_width=\"1131\" data-large_image_height=\"1600\"href='https:\/\/www.radiopiu.net\/wordpress\/wp-content\/uploads\/2023\/06\/c32aa292-414f-46fa-bd97-c62560f91789.jpg'><img loading=\"lazy\" decoding=\"async\" width=\"212\" height=\"300\" src=\"https:\/\/www.radiopiu.net\/wordpress\/wp-content\/uploads\/2023\/06\/c32aa292-414f-46fa-bd97-c62560f91789-212x300.jpg\" class=\"attachment-medium size-medium\" alt=\"\" srcset=\"https:\/\/www.radiopiu.net\/wordpress\/wp-content\/uploads\/2023\/06\/c32aa292-414f-46fa-bd97-c62560f91789-212x300.jpg 212w, https:\/\/www.radiopiu.net\/wordpress\/wp-content\/uploads\/2023\/06\/c32aa292-414f-46fa-bd97-c62560f91789-724x1024.jpg 724w, https:\/\/www.radiopiu.net\/wordpress\/wp-content\/uploads\/2023\/06\/c32aa292-414f-46fa-bd97-c62560f91789-768x1086.jpg 768w, https:\/\/www.radiopiu.net\/wordpress\/wp-content\/uploads\/2023\/06\/c32aa292-414f-46fa-bd97-c62560f91789-1086x1536.jpg 1086w, https:\/\/www.radiopiu.net\/wordpress\/wp-content\/uploads\/2023\/06\/c32aa292-414f-46fa-bd97-c62560f91789.jpg 1131w\" sizes=\"auto, (max-width: 212px) 100vw, 212px\" \/><\/a>\n\t\t\t\t<\/dt><\/dl><br style=\"clear: both\" \/>\n\t\t\t<\/div>\n\n<p>&nbsp;<\/p>\n<hr \/>\n<p>&nbsp;<\/p>\n<blockquote>\n<h2 class=\"articlePlainTitle\">L&#8217;Asca in cerca di Oss: e offre anche dei benefit<\/h2>\n<\/blockquote>\n<p class=\"articlePlainText\"><strong><a class=\"dt-pswp-item\" href=\"https:\/\/www.radiopiu.net\/wordpress\/wp-content\/uploads\/2022\/01\/6441593_15212809_asca.jpg\" data-dt-img-description=\"\" data-large_image_width=\"620\" data-large_image_height=\"340\"><img loading=\"lazy\" decoding=\"async\" class=\"size-medium wp-image-254405 alignleft\" src=\"https:\/\/www.radiopiu.net\/wordpress\/wp-content\/uploads\/2022\/01\/6441593_15212809_asca-300x165.jpg\" alt=\"\" width=\"300\" height=\"165\" srcset=\"https:\/\/www.radiopiu.net\/wordpress\/wp-content\/uploads\/2022\/01\/6441593_15212809_asca-300x165.jpg 300w, https:\/\/www.radiopiu.net\/wordpress\/wp-content\/uploads\/2022\/01\/6441593_15212809_asca.jpg 620w\" sizes=\"auto, (max-width: 300px) 100vw, 300px\" \/><\/a>AGORDO<\/strong> L&#8217;Asca, l&#8217;Azienda speciale consortile agordina, cerca Oss, operatori socio sanitari, con un nuovo bando mirato a formare una graduatoria di assunzione. La scadenza per la presentazione delle domande \u00e8 il 5 luglio e sul sito dell&#8217;Azienda speciale consortile agordina \u00e8 disponibile la documentazione completa. Oltre al trattamento economico del livello 4S di Uneba, si offre un superminimo di 2.502 euro lordi annui, l&#8217;accesso al welfare aziendale, secondo criteri e valutazioni a seguito di accordi sindacali, la possibilit\u00e0 di sistemazione abitativa gratuita per otto mesi salvo pagamento delle utenze, fino a esaurimento delle disponibilit\u00e0. La domanda potr\u00e0 essere presentata direttamente agli uffici di Asca ad Agordo, per raccomandata (via Dozza, 1, 32021 Agordo-BL), via pec ad a. s. c. a@pec. it o via mail ordinaria a personale@servizisocialiasca. it.<\/p>\n<p>&nbsp;<\/p>\n<p>&nbsp;<\/p>\n<hr \/>\n<p>&nbsp;<\/p>\n<h2><span style=\"color: #ff6600;\">IERI ALLA RADIO<\/span><\/h2>\n<h2><span style=\"color: #00ccff;\">SALUTE &amp; SOCIETA&#8217;<\/span><\/h2>\n<p><strong><a class=\"dt-pswp-item\" href=\"https:\/\/www.radiopiu.net\/wordpress\/wp-content\/uploads\/2023\/06\/WhatsApp-Image-2023-06-26-at-09.50.12.jpeg\" data-dt-img-description=\"\" data-large_image_width=\"800\" data-large_image_height=\"445\"><img loading=\"lazy\" decoding=\"async\" class=\"size-medium wp-image-341736 alignleft\" src=\"https:\/\/www.radiopiu.net\/wordpress\/wp-content\/uploads\/2023\/06\/WhatsApp-Image-2023-06-26-at-09.50.12-300x167.jpeg\" alt=\"\" width=\"300\" height=\"167\" srcset=\"https:\/\/www.radiopiu.net\/wordpress\/wp-content\/uploads\/2023\/06\/WhatsApp-Image-2023-06-26-at-09.50.12-300x167.jpeg 300w, https:\/\/www.radiopiu.net\/wordpress\/wp-content\/uploads\/2023\/06\/WhatsApp-Image-2023-06-26-at-09.50.12-768x427.jpeg 768w, https:\/\/www.radiopiu.net\/wordpress\/wp-content\/uploads\/2023\/06\/WhatsApp-Image-2023-06-26-at-09.50.12.jpeg 800w\" sizes=\"auto, (max-width: 300px) 100vw, 300px\" \/><\/a>PUNTATA DEL 26 GIUGNO 2023<\/strong><\/p>\n<p><strong>Vaccinazione antimeningococcica <\/strong>La meningite \u00e8 una malattia mortale e debilitante, che pu\u00f2 arrivare a manifestarsi in forma di epidemia, evolvere rapidamente e provocare gravi conseguenze in campo sanitario, economico e sociale.<\/p>\n<p><strong>Maculopatie <\/strong>Le maculopatie sono patologie oculari che interessano l\u2019area che si trova al centro della retina, ovvero la macula. Le pi\u00f9 diffuse sono la degenerazione maculare legata all\u2019et\u00e0 e l\u2019edema maculare diabetico, che colpiscono principalmente le persone con pi\u00f9 di 50 anni.<\/p>\n<audio class=\"wp-audio-shortcode\" id=\"audio-341640-8\" preload=\"none\" style=\"width: 100%;\" controls=\"controls\"><source type=\"audio\/mpeg\" src=\"https:\/\/www.radiopiu.net\/wordpress\/wp-content\/uploads\/2023\/06\/SALUTE-4.mp3?_=8\" \/><a href=\"https:\/\/www.radiopiu.net\/wordpress\/wp-content\/uploads\/2023\/06\/SALUTE-4.mp3\">https:\/\/www.radiopiu.net\/wordpress\/wp-content\/uploads\/2023\/06\/SALUTE-4.mp3<\/a><\/audio>\n<p>&nbsp;<\/p>\n<hr \/>\n<p>&nbsp;<\/p>\n<p>&nbsp;<\/p>\n<p>&nbsp;<\/p>\n<h2><span style=\"color: #808000;\">PERITI MINERARI DALL\u2019AGORDINO AL MONDO<\/span><\/h2>\n<p><strong>REDAZIONE<\/strong> Continuano la serie di racconti con i periti minerari agordini. Oggi \u00e8 il turno di Paolo Decima. I racconti dei periti minerari agordini che hanno lavorato nel mondo, ogni luned\u00ec alle 10:30 e alle 19 su Radio Pi\u00f9.<\/p>\n<p><iframe loading=\"lazy\" title=\"PAOLO DECIMA\" width=\"1200\" height=\"675\" src=\"https:\/\/www.youtube.com\/embed\/Onq7MC5Fci4?start=6&#038;feature=oembed\" frameborder=\"0\" allow=\"accelerometer; autoplay; clipboard-write; encrypted-media; gyroscope; picture-in-picture; web-share\" allowfullscreen><\/iframe><\/p>\n<p>&nbsp;<\/p>\n<p><strong>LA RACCOLTA COMPLETA<\/strong><\/p>\n<blockquote class=\"wp-embedded-content\" data-secret=\"ZHYJsGsdaZ\"><p><a href=\"https:\/\/www.radiopiu.net\/wordpress\/periti-minerari-dallagordino-al-mondo\/\">Periti minerari dall&#8217;agordino al mondo<\/a><\/p><\/blockquote>\n<p><iframe loading=\"lazy\" class=\"wp-embedded-content\" sandbox=\"allow-scripts\" security=\"restricted\" style=\"position: absolute; clip: rect(1px, 1px, 1px, 1px);\" title=\"&#8220;Periti minerari dall&#8217;agordino al mondo&#8221; &#8212; Radio Pi\u00f9\" src=\"https:\/\/www.radiopiu.net\/wordpress\/periti-minerari-dallagordino-al-mondo\/embed\/#?secret=sAtVwbTXvu#?secret=ZHYJsGsdaZ\" data-secret=\"ZHYJsGsdaZ\" width=\"600\" height=\"338\" frameborder=\"0\" marginwidth=\"0\" marginheight=\"0\" scrolling=\"no\"><\/iframe><\/p>\n<p>&nbsp;<\/p>\n<blockquote class=\"wp-embedded-content\" data-secret=\"9sUULVm9Ub\"><p><a href=\"https:\/\/www.radiopiu.net\/wordpress\/sentimental-le-storie-damore-di-paola-lanciato\/\">SENTIMENTAL,\u00a0 &#8220;le storie d&#8217;amore&#8221; DI PAOLA LANCIATO<\/a><\/p><\/blockquote>\n<p><iframe loading=\"lazy\" class=\"wp-embedded-content\" sandbox=\"allow-scripts\" security=\"restricted\" style=\"position: absolute; clip: rect(1px, 1px, 1px, 1px);\" title=\"&#8220;SENTIMENTAL,\u00a0 &#8220;le storie d&#8217;amore&#8221; DI PAOLA LANCIATO&#8221; &#8212; Radio Pi\u00f9\" src=\"https:\/\/www.radiopiu.net\/wordpress\/sentimental-le-storie-damore-di-paola-lanciato\/embed\/#?secret=uX53ykmx8G#?secret=9sUULVm9Ub\" data-secret=\"9sUULVm9Ub\" width=\"600\" height=\"338\" frameborder=\"0\" marginwidth=\"0\" marginheight=\"0\" scrolling=\"no\"><\/iframe><\/p>\n<p>&nbsp;<\/p>\n<hr \/>\n<p>&nbsp;<\/p>\n<div class=\"page-title-head hgroup\">\n<blockquote>\n<h3 class=\"entry-title\">SABATO 1 LUGLIO L\u2019INAUGURAZIONE DEL PERCORSO DI NORDIC WALKING AD AGORDO<\/h3>\n<\/blockquote>\n<\/div>\n<div class=\"page-title-breadcrumbs\">\n<p><strong>AGORDO <\/strong>Sabato 1\u00b0 luglio 2023 in occasione della Sagra di San Piero ad Agordo verr\u00e0 inaugurato il &#8220;Nordic Walking Park Agordino&#8221;, progetto turistico che collega i Comuni di Agordo e Taibon Agordino attraverso un articolato percorso di Nordic Walking, lungo il quale sar\u00e0 possibile ammirare una vastit\u00e0 di ambienti naturalistici e rurali, arricchendo ulteriormente l\u2019offerta turistica della Conca Agordina. Il progetto \u00c8\u2019CO DROGA nell\u2019ambito dei piani di intervento di politiche giovanili \u201cCapacitandosi\u201d e \u201cCapacitazione\u201d della Regione del Veneto, promossi dal Comune di Agordo con la collaborazione dei ragazzi volontari del territorio agordino, si poneva come obiettivo quello di realizzare un itinerario pedonale all\u2019interno del comune stesso, che promuovesse lo sport e la coesione tra le associazioni; il percorso era stato pensato per rendere zone di passaggio frequente, sia le aree con il pi\u00f9 alto valore culturale e ambientale, ma anche quei luoghi in cui si sono verificati episodi di degrado, portando nuova luce e promuovendo, appunto, l\u2019attivit\u00e0 sportiva come \u201cdipendenza positiva\u201d (da qui il nome \u00c8\u2019CO DROGA\u201d) in contrasto all\u2019abuso di sostanze. Il progetto \u00c8\u2019CO DROGA \u00e8 confluito, in seguito, in un tassello del progetto relativo al Programma Interreg V-A Italia-Austria 2014-2020, al quale ha partecipato il Comune di Taibon Agordino come partner insieme a Sesto Pusteria e Lienz in Austria, proponendo dei tracciati denominati \u201cDolomiti Live Insieme a Piedi\u201d. Grazie a questo apporto finanziario \u00e8 stato possibile realizzare, all\u2019interno del territorio di Taibon, la tabellazione, la stampa di cartine e un pannello informativo dal titolo \u201cPercorsi di fondovalle e La Via della Dolomia\u201d, come pure un pannello specifico per il Nordic Walking. Il Nordic Walking Park Agordino \u00e8 dunque il risultato della sinergia di due progetti, nati separatamente e con motivazioni diverse, che si sono uniti per dare forma ad un percorso Nordic Walking unico nel suo genere. Il programma della manifestazione sar\u00e0 il seguente: ore 14.30 ritrovo sul Broi e alle 15:00 inizio caccia al tesoro dedicata ai bambini e camminata lungo il percorso per adulti. Alle 17:30 l&#8217;inaugurazione sotto al tendone con un omaggio per tutti, con la presenza di Radio Pi\u00f9. Sar\u00e0 possibile prenotarsi alle attivit\u00e0 pomeridiane presso l\u2019Ufficio Turistico di Agordo aperto il luned\u00ec, mercoled\u00ec, gioved\u00ec, venerd\u00ec e sabato 9.00-12.00\/15.00-18.00, domenica 9.00-12.00 (marted\u00ec chiuso). Si ringrazia per la realizzazione del progetto Tamara Costantini e Fiorangela Beltrame per il Comune di Taibon Agordino, lo psicologo Francesco Corazza coordinatore dei ragazzi, Fontanive Chiara assessore al Turismo e Politiche Giovanili di Agordo, Asca per il coordinamento amministrativo del progetto, i ragazzi coinvolti nel progetto nel piano di intervento di politiche giovanili e tutti i volontari che hanno partecipato a vario titolo alla realizzazione del percorso.<\/p>\n\n\t\t\t<style type='text\/css'>\n\t\t\t\t#gallery-5 {\n\t\t\t\t\tmargin: auto;\n\t\t\t\t}\n\t\t\t\t#gallery-5 .gallery-item {\n\t\t\t\t\tfloat: left;\n\t\t\t\t\tmargin-top: 10px;\n\t\t\t\t\ttext-align: center;\n\t\t\t\t\twidth: 50%;\n\t\t\t\t}\n\t\t\t\t#gallery-5 img {\n\t\t\t\t\tborder: 2px solid #cfcfcf;\n\t\t\t\t}\n\t\t\t\t#gallery-5 .gallery-caption {\n\t\t\t\t\tmargin-left: 0;\n\t\t\t\t}\n\t\t\t\t\/* see gallery_shortcode() in wp-includes\/media.php *\/\n\t\t\t<\/style>\n\t\t<div id='gallery-5' class='dt-gallery-container gallery galleryid-341640 gallery-columns-2 gallery-size-thumbnail'><dl class='gallery-item'>\n\t\t\t\t<dt class='gallery-icon portrait'>\n\t\t\t\t\t<a class=\"rollover rollover-zoom dt-pswp-item\" title=\"locandina nordic walking\" data-dt-img-description=\"\" data-large_image_width=\"1131\" data-large_image_height=\"1600\"href='https:\/\/www.radiopiu.net\/wordpress\/wp-content\/uploads\/2023\/06\/locandina-nordic-walking.jpeg'><img loading=\"lazy\" decoding=\"async\" width=\"150\" height=\"150\" src=\"https:\/\/www.radiopiu.net\/wordpress\/wp-content\/uploads\/2023\/06\/locandina-nordic-walking-150x150.jpeg\" class=\"attachment-thumbnail size-thumbnail\" alt=\"\" aria-describedby=\"gallery-5-341428\" \/><\/a>\n\t\t\t\t<\/dt>\n\t\t\t\t\t<dd class='wp-caption-text gallery-caption' id='gallery-5-341428'>\n\t\t\t\t\tLA LOCANDINA\n\t\t\t\t\t<\/dd><\/dl><dl class='gallery-item'>\n\t\t\t\t<dt class='gallery-icon landscape'>\n\t\t\t\t\t<a class=\"rollover rollover-zoom dt-pswp-item\" title=\"mappa (2)\" data-dt-img-description=\"\" data-large_image_width=\"1600\" data-large_image_height=\"1131\"href='https:\/\/www.radiopiu.net\/wordpress\/wp-content\/uploads\/2023\/06\/mappa-2.jpeg'><img loading=\"lazy\" decoding=\"async\" width=\"150\" height=\"150\" src=\"https:\/\/www.radiopiu.net\/wordpress\/wp-content\/uploads\/2023\/06\/mappa-2-150x150.jpeg\" class=\"attachment-thumbnail size-thumbnail\" alt=\"\" aria-describedby=\"gallery-5-341427\" \/><\/a>\n\t\t\t\t<\/dt>\n\t\t\t\t\t<dd class='wp-caption-text gallery-caption' id='gallery-5-341427'>\n\t\t\t\t\tLA MAPPA DEL PERCORSO\n\t\t\t\t\t<\/dd><\/dl><br style=\"clear: both\" \/>\n\t\t\t<\/div>\n\n<p>&nbsp;<\/p>\n<p>&nbsp;<\/p>\n<\/div>\n<p>&nbsp;<\/p>\n<p>&nbsp;<\/p>\n<hr \/>\n<p>&nbsp;<\/p>\n<blockquote>\n<h3>RIFLESSIONI D&#8217;ACQUA: UN INCONTRO CON BIM GSP<\/h3>\n<\/blockquote>\n<p><strong>BORGO VALBELLUNA <\/strong>Nell\u2019ambito della manifestazione RIFLESSIONI D&#8217;ACQUA organizzata dal Comune di Borgo Valbelluna e Artdolomites APS con lo scopo di sensibilizzare il pubblico sulla problematica sempre pi\u00f9 presente della crisi idrica e quindi dell&#8217;importanza della risorsa ACQUA, domani alle 20:30 presso il Palazzo delle Contesse a Mel, si terr\u00e0 un incontro dal titolo \u201cAcquedotti della Valbelluna tra presente e futuro\u201d.<\/p>\n<p>&nbsp;<\/p>\n<p>&nbsp;<\/p>\n<hr \/>\n<p>&nbsp;<\/p>\n<blockquote>\n<h3>IL 70ESIMO ANNIVERSARIO DI SACERDOZIO DI MONSIGNOR LINO MOTTES E MONSIGNOR ENRICO ZASIO<\/h3>\n<\/blockquote>\n<p><strong><a class=\"dt-pswp-item\" href=\"https:\/\/www.radiopiu.net\/wordpress\/wp-content\/uploads\/2023\/06\/SCR-20230625-nchq.jpeg\" data-dt-img-description=\"\" data-large_image_width=\"1228\" data-large_image_height=\"934\"><img loading=\"lazy\" decoding=\"async\" class=\" wp-image-341626 alignleft\" src=\"https:\/\/www.radiopiu.net\/wordpress\/wp-content\/uploads\/2023\/06\/SCR-20230625-nchq-300x228.jpeg\" alt=\"\" width=\"154\" height=\"117\" srcset=\"https:\/\/www.radiopiu.net\/wordpress\/wp-content\/uploads\/2023\/06\/SCR-20230625-nchq-300x228.jpeg 300w, https:\/\/www.radiopiu.net\/wordpress\/wp-content\/uploads\/2023\/06\/SCR-20230625-nchq-1024x779.jpeg 1024w, https:\/\/www.radiopiu.net\/wordpress\/wp-content\/uploads\/2023\/06\/SCR-20230625-nchq-768x584.jpeg 768w, https:\/\/www.radiopiu.net\/wordpress\/wp-content\/uploads\/2023\/06\/SCR-20230625-nchq.jpeg 1228w\" sizes=\"auto, (max-width: 154px) 100vw, 154px\" \/><\/a>BELLUNO <\/strong>In prossimit\u00e0 della festa di San Pietro era tradizione che venissero ordinati i presbiteri novelli, sia per la Diocesi di Belluno che per quella di Feltre. Dopo il tempo del Seminario minore a Feltre, gli studi portavano i chierici a Belluno nel Seminario Gregoriano. Li molte amicizie si ritrovavano e i percorsi formativi tomavano ad intrecciarsi. Nel 1953 furono ordinati 14 sacerdoti novelli e 7 suddiaconi: un mumero davvero record per le due Diocesi. Tra loro: mons. LINO MOTTES e mons. ENRICO ZASIO. Entrambi saranno festeggiati il giorno 5 luglio a settant&#8217;anni anni esatti da quando furono ordinati da mons. Gioacchino Muccin, alle ore 10,30. La Santa Messa di ringraziamento al Signore sar\u00e0 celebrata nella Chiesa di Santa Maria degli Angeli a Feltre e presieduta dal Vescovo Renato.<\/p>\n<p>&nbsp;<\/p>\n<p>&nbsp;<\/p>\n<hr \/>\n<p>&nbsp;<\/p>\n<h3>ESTATE CULTURALE E TRADIZIONALE NEL BORGO DI PALUE<\/h3>\n<p><img loading=\"lazy\" decoding=\"async\" class=\"alignleft\" src=\"https:\/\/www.radiopiu.net\/wordpress\/wp-content\/uploads\/2023\/06\/Senza-nome-45.png\" width=\"211\" height=\"121\" \/><strong>ROCCA PIETORE<\/strong> &#8220;Un&#8217;estate di cultura e tradizioni: l&#8217;Associazione Culturale Palue presenta un calendario ricco di eventi nel suggestivo borgo di Palue e nel paese di Rocca Pietore. Dal 24 giugno al 10 settembre, abitanti e turisti saranno accompagnati alla scoperta di un prezioso patrimonio.\u00a0 Segui l&#8217;Associazione Palue sui seguenti social media: Facebook: Associazione Palue &#8211; La storia siamo noi Instagram: associazione_palu&#8221;<\/p>\n<p>&nbsp;<\/p>\n<p>&nbsp;<\/p>\n<hr \/>\n<p>&nbsp;<\/p>\n<blockquote>\n<h3>VIVIANA DE ROCCO: UNA VITA DA ARBITRO DI CALCIO E UNA GRANDE PASSIONE PER LA CACCIA<\/h3>\n<\/blockquote>\n<p><strong>AGORDO<\/strong><\/p>\n<p>di Gianni Santomaso<\/p>\n<audio class=\"wp-audio-shortcode\" id=\"audio-341640-9\" preload=\"none\" style=\"width: 100%;\" controls=\"controls\"><source type=\"audio\/mpeg\" src=\"https:\/\/www.radiopiu.net\/wordpress\/wp-content\/uploads\/2023\/06\/GIANNI-VIVERE-AGORDINO-VIVIANA-DE-ROCCO.mp3?_=9\" \/><a href=\"https:\/\/www.radiopiu.net\/wordpress\/wp-content\/uploads\/2023\/06\/GIANNI-VIVERE-AGORDINO-VIVIANA-DE-ROCCO.mp3\">https:\/\/www.radiopiu.net\/wordpress\/wp-content\/uploads\/2023\/06\/GIANNI-VIVERE-AGORDINO-VIVIANA-DE-ROCCO.mp3<\/a><\/audio>\n<p>&nbsp;<\/p>\n\n\t\t\t<style type='text\/css'>\n\t\t\t\t#gallery-6 {\n\t\t\t\t\tmargin: auto;\n\t\t\t\t}\n\t\t\t\t#gallery-6 .gallery-item {\n\t\t\t\t\tfloat: left;\n\t\t\t\t\tmargin-top: 10px;\n\t\t\t\t\ttext-align: center;\n\t\t\t\t\twidth: 50%;\n\t\t\t\t}\n\t\t\t\t#gallery-6 img {\n\t\t\t\t\tborder: 2px solid #cfcfcf;\n\t\t\t\t}\n\t\t\t\t#gallery-6 .gallery-caption {\n\t\t\t\t\tmargin-left: 0;\n\t\t\t\t}\n\t\t\t\t\/* see gallery_shortcode() in wp-includes\/media.php *\/\n\t\t\t<\/style>\n\t\t<div id='gallery-6' class='dt-gallery-container gallery galleryid-341640 gallery-columns-2 gallery-size-thumbnail'><dl class='gallery-item'>\n\t\t\t\t<dt class='gallery-icon landscape'>\n\t\t\t\t\t<a class=\"rollover rollover-zoom dt-pswp-item\" title=\"47ed3fe4-5d1a-44bf-8584-213b26b81668\" data-dt-img-description=\"\" data-large_image_width=\"1600\" data-large_image_height=\"1200\"href='https:\/\/www.radiopiu.net\/wordpress\/wp-content\/uploads\/2023\/06\/47ed3fe4-5d1a-44bf-8584-213b26b81668.jpg'><img loading=\"lazy\" decoding=\"async\" width=\"150\" height=\"150\" src=\"https:\/\/www.radiopiu.net\/wordpress\/wp-content\/uploads\/2023\/06\/47ed3fe4-5d1a-44bf-8584-213b26b81668-150x150.jpg\" class=\"attachment-thumbnail size-thumbnail\" alt=\"\" \/><\/a>\n\t\t\t\t<\/dt><\/dl><dl class='gallery-item'>\n\t\t\t\t<dt class='gallery-icon portrait'>\n\t\t\t\t\t<a class=\"rollover rollover-zoom dt-pswp-item\" title=\"3f71759d-7cf3-4212-b77c-a8c4979dbb23\" data-dt-img-description=\"\" data-large_image_width=\"947\" data-large_image_height=\"1024\"href='https:\/\/www.radiopiu.net\/wordpress\/wp-content\/uploads\/2023\/06\/3f71759d-7cf3-4212-b77c-a8c4979dbb23.jpg'><img loading=\"lazy\" decoding=\"async\" width=\"150\" height=\"150\" src=\"https:\/\/www.radiopiu.net\/wordpress\/wp-content\/uploads\/2023\/06\/3f71759d-7cf3-4212-b77c-a8c4979dbb23-150x150.jpg\" class=\"attachment-thumbnail size-thumbnail\" alt=\"\" \/><\/a>\n\t\t\t\t<\/dt><\/dl><br style=\"clear: both\" \/>\n\t\t\t<\/div>\n\n<p>&nbsp;<\/p>\n<p>&nbsp;<\/p>\n<hr \/>\n<p>&nbsp;<\/p>\n<blockquote>\n<h3>VENERDI CONSIGLIO COMUNALE A SELVA DI CADORE<\/h3>\n<\/blockquote>\n<p><strong>SELVA DI CADORE<\/strong> Il sindaco di Selva di Cadore Luca Lorenzini ha chiamato a rapporto i consiglieri comunali per trattare 9 punti all&#8217;ordine del giorno. IL consiglio si terr\u00e0 venerd\u00ec alle 18 e tra i punti in discussione si parler\u00e0 di un consigliere dimissionario, la nomina per i rappresentati del comune in Unione Montana Agordina, la presa d&#8217;atto della designazione del capogruppo di minoranza in seguito alle dimissioni, due variazioni a bilancio, l&#8217;approvazione del bilancio 2023\/25 di ASCA e le modifiche per le celebrazioni di matrimoni civili e le relative tariffe.<\/p>\n<p>&nbsp;<\/p>\n<p>&nbsp;<\/p>\n<hr \/>\n<p>&nbsp;<\/p>\n<blockquote>\n<h3>SEI PUNTI NEL CONSIGLIO COMUNALE DI COLLE SANTA LUCIA<\/h3>\n<\/blockquote>\n<p><strong>COLLE SANTA LUCIA<\/strong> Il sindaco di Colle Santa Lucia Paolo Frena ha convocato il consiglio comunale per sabato alle 8. Saranno sei i punti da discutere tra cui una variazione a bilancio, la fusione tra BIM GSP e BIM Infrastrutture, il regolamento dei controlli interni e un disegno di legge contro la produzione e immissione sul mercato di alimenti e mangimi sintetici.<\/p>\n<p>&nbsp;<\/p>\n<p>&nbsp;<\/p>\n<hr \/>\n<p>&nbsp;<\/p>\n<blockquote>\n<h3>Ad Agordo \u00e9 cos\u00ec: esposizione dei volti lignei della tradizione dolomitica<\/h3>\n<\/blockquote>\n<p><strong>AGORDO\u00a0<\/strong> L\u2019associazione Arca dei Volti e il Circolo Culturale Agordino, insieme per la seconda volta in Agordo, propongono una mostra di volti lignei intitolata \u201cAd Agordo \u00e8 cos\u00ec\u201d. In sala \u201cTamis\u201d, sar\u00e0 allestita dal 25 giugno al 2 luglio un\u2019esposizione delle maschere in legno della tradizione dolomitica re-interpretate dagli studenti della scuola organizzata dall\u2019associazione Arca dei Volti, guidata da Beppino Lorenzet con l\u2019aiuto di Sara Andrich e la collaborazione di altri esperti. Anche quest\u2019anno saranno presenti alcuni Olt de Riva dell\u2019artista agordino Tita Bressan. Un evento speciale gioved\u00ec 29, festa del Patrono nel capoluogo agordino, in cui maestri e artisti dell\u2019Arca dei Volti saranno presente di persona all\u2019esterno della sala per una dimostrazione sulla realizzazione di un volo in legno: dall\u2019ideazione alla scultura.<\/p>\n<p>&nbsp;<\/p>\n<p>&nbsp;<\/p>\n<hr \/>\n<p>&nbsp;<\/p>\n<h2><span style=\"color: #ff0000;\">GLI APPUNTAMENTI DELLA SETTIMANA\u00a0<\/span><\/h2>\n<blockquote>\n<h3>LA SAGRA DI SAN PIERO AD AGORDO<\/h3>\n<a href=\"https:\/\/www.radiopiu.net\/wordpress\/wp-content\/uploads\/2023\/06\/Manifesto-sanpiero-23-1.pdf\" class=\"pdfemb-viewer\" style=\"\" data-width=\"max\" data-height=\"max\" data-toolbar=\"top\" data-toolbar-fixed=\"on\">Manifesto sanpiero-23 (1)<\/a><\/blockquote>\n<div class=\"page-title-breadcrumbs\">\n<blockquote>\n<h3><a class=\"dt-pswp-item\" href=\"https:\/\/www.radiopiu.net\/wordpress\/wp-content\/uploads\/2023\/06\/64229c40-87ce-4383-b3e8-2e5ead44366b.jpg\" data-dt-img-description=\"\" data-large_image_width=\"1131\" data-large_image_height=\"1600\"><img loading=\"lazy\" decoding=\"async\" class=\" wp-image-341142 alignleft\" src=\"https:\/\/www.radiopiu.net\/wordpress\/wp-content\/uploads\/2023\/06\/64229c40-87ce-4383-b3e8-2e5ead44366b-212x300.jpg\" alt=\"\" width=\"78\" height=\"110\" srcset=\"https:\/\/www.radiopiu.net\/wordpress\/wp-content\/uploads\/2023\/06\/64229c40-87ce-4383-b3e8-2e5ead44366b-212x300.jpg 212w, https:\/\/www.radiopiu.net\/wordpress\/wp-content\/uploads\/2023\/06\/64229c40-87ce-4383-b3e8-2e5ead44366b-724x1024.jpg 724w, https:\/\/www.radiopiu.net\/wordpress\/wp-content\/uploads\/2023\/06\/64229c40-87ce-4383-b3e8-2e5ead44366b-768x1086.jpg 768w, https:\/\/www.radiopiu.net\/wordpress\/wp-content\/uploads\/2023\/06\/64229c40-87ce-4383-b3e8-2e5ead44366b-1086x1536.jpg 1086w, https:\/\/www.radiopiu.net\/wordpress\/wp-content\/uploads\/2023\/06\/64229c40-87ce-4383-b3e8-2e5ead44366b.jpg 1131w\" sizes=\"auto, (max-width: 78px) 100vw, 78px\" \/><\/a>LUCIA E SALVATORE, UNA VITA IN NOME DELLA GIUSTIZIA<\/h3>\n<\/blockquote>\n<p><strong>AGORDO <\/strong>Oggi alle 20:30 all&#8217;Auditorium del Centro Parrochiale Don Vincenzo Savio, Libera Agordino organizza una serata in compagnia di Walter Aversa, primogenito di Lucia e Salvatore Aversa assassinati dalla &#8216;Ndrangheta nel 1992. La serata sar\u00e0 impreziosita dal Coro Val Biois e il Gruppo Folk del Poi. La cittadinanza \u00e8 invitata.<\/p>\n<p>&nbsp;<\/p>\n<blockquote>\n<h3>LA PRESENTAZIONE DEL LIBRO NOI SIAMO I VECI<\/h3>\n<\/blockquote>\n<p><strong>ALLEGHE<\/strong> Venerd\u00ec alle 18 in sala Stoppani ad Alleghe Paolo &#8220;Gibba&#8221; Campanardi presenter\u00e0 i libro &#8220;Noi Siamo I Veci&#8221;, 15 storie per raccontare 150 degli Alpini. Presentazione a cura di Dino Bridda<\/p>\n<p>&nbsp;<\/p>\n<blockquote>\n<h3>UNA SERATA PER SCRIVERE A MANO<\/h3>\n<\/blockquote>\n<p><strong>VAL DI ZOLDO<\/strong> Venerd\u00ec 30 giugno, a Fusine di Val di Zoldo, nella Sala Rizzardini, si svolger\u00e0 l\u2019incontro dal titolo: <em>Scrivere a Mano, tra passato e presente. <\/em>All\u2019incontro parteciperanno la calligrafa Anna Schettin, che con l\u2019intervento \u201cCalligrafia, storia di una passione\u201d ne traccer\u00e0 la storia e il\u00a0 suo \u00a0valore formale ed estetico;\u00a0 la logopedista Clara Andrich, e\u00a0 l\u2019insegnante Monica Vecellio. Introdurr\u00e0 l\u2019incontro Lucia Molin Pradel.<\/p>\n<p>&nbsp;<\/p>\n<blockquote>\n<h3>A SPASSO SUI TETTI DEL MONDO<\/h3>\n<\/blockquote>\n<p><strong>BORGO VALBELLUNA<\/strong> Verr\u00e0 inaugurata sabato alle 10 al Palazzo delle contesse di Mel &#8220;A spasso sui tetti del mondo&#8221; la mostra di disegni: \u00e8 un albo illustrato, realizzato con i disegni dei ragazzi delle classi seconde e terze della secondaria di Mel e Lentiai, che parla di un viaggio in mongolfiera raccontato da una nonna alla nipote attraverso un vecchio taccuino ritrovato in soffitta.<\/p>\n<p>&nbsp;<\/p>\n<blockquote>\n<h3>L&#8217;INAUGURAZIONE DEL NORDIC WALKING PARK AGORDINO<\/h3>\n<\/blockquote>\n<p><strong>AGORDO<\/strong> In occasione della Sagra di San Piero Ad Agordo, sabato 1 luglio verr\u00e0 inaugurato il percorso di Nordic Walking Park Agordino. Ritrovo sul Broi alle 14:30, alle 15 la caccia al tesoro e alle 17:30 l&#8217;inaugurazione del percorso sotto al tendone con Radio Pi\u00f9.<\/p>\n<blockquote class=\"wp-embedded-content\" data-secret=\"ULjNoYC7zm\"><p><a href=\"https:\/\/www.radiopiu.net\/wordpress\/sabato-1-luglio-linaugurazione-del-percorso-di-nordic-walking-ad-agordo\/\">SABATO 1 LUGLIO L&#8217;INAUGURAZIONE DEL PERCORSO DI NORDIC WALKING AD AGORDO<\/a><\/p><\/blockquote>\n<p><iframe loading=\"lazy\" class=\"wp-embedded-content\" sandbox=\"allow-scripts\" security=\"restricted\" style=\"position: absolute; clip: rect(1px, 1px, 1px, 1px);\" title=\"&#8220;SABATO 1 LUGLIO L&#8217;INAUGURAZIONE DEL PERCORSO DI NORDIC WALKING AD AGORDO&#8221; &#8212; Radio Pi\u00f9\" src=\"https:\/\/www.radiopiu.net\/wordpress\/sabato-1-luglio-linaugurazione-del-percorso-di-nordic-walking-ad-agordo\/embed\/#?secret=gbOmg5Dy0K#?secret=ULjNoYC7zm\" data-secret=\"ULjNoYC7zm\" width=\"600\" height=\"338\" frameborder=\"0\" marginwidth=\"0\" marginheight=\"0\" scrolling=\"no\"><\/iframe><\/p>\n<p>&nbsp;<\/p>\n<blockquote>\n<h3>LA FESTA ALPINA AI PIANI DI PEZZE&#8217; AD ALLEGHE<\/h3>\n<\/blockquote>\n<p><strong>ALLEGHE<\/strong> Domenica ai Piani di Pezz\u00e8 ad Alleghe il Gruppo Alpini &#8220;Monte Civetta&#8221; organizza la festa alpina. Alle 11:20 l&#8217;alzabandiera, 11.30 la Santa Messa e alle 12:30 il pranzo sotto al tendone.<\/p>\n<p>&nbsp;<\/p>\n<blockquote>\n<h3>A LEZIONE DI DIFESA PERSONALE<\/h3>\n<\/blockquote>\n<p><strong>BELLUNO <\/strong>Circondati dal verde del parco di Lambioi, domenica 2 luglio dalle 9 alle 12 si potr\u00e0 partecipare ad una lezione teorico-pratica sull\u2019argomento difesa donna, metodo Viper. L\u2019iniziativa, organizzata dalla Ving Tsun Academy con il patrocinio del Comune di Belluno, \u00e8 totalmente gratuita per le partecipanti e l\u2019iscrizione avviene tramite prenotazione. Si consiglia per la pratica abbigliamento sportivo ed acqua per idratarsi.<\/p>\n<p>&nbsp;<\/p>\n<blockquote>\n<h3>FRANKIE BACK FROM HOLLYWOOD DOMENICA A BELLUNO<\/h3>\n<\/blockquote>\n<p><strong>BELLUNO <\/strong>Al via la tradizionale rassegna estiva bellunese Luglio Jazz e dintorni! con il primo dei cinque eventi in programma: domenica 2 luglio alle ore 17:30, nell&#8217;anfiteatro del Ristorante &#8220;Al Borgo&#8221; via Anconetta 8, Belluno. Come da cartellone, il primo concerto vede come protagonisti i Frankie Back From Hollywood<\/p>\n<p>&nbsp;<\/p>\n<\/div>\n<h2><span style=\"color: #ff0000;\">PROSSIMAMENTE&#8230;<\/span><\/h2>\n<blockquote>\n<h3>L&#8217;ESTATE DEI MERCATINI AD AGORDO<\/h3>\n<\/blockquote>\n<p><strong>AGORDO<\/strong> Tornano i mercatini d&#8217;estate ad Agordo. Il primo appuntamento domenica 23 luglio dalle 6 alle 19 sul Broi di Agordo con il mercatino dell&#8217;antiquariato. Per informazioni 349 3984682<\/p>\n<p>&nbsp;<\/p>\n<hr \/>\n<p>&nbsp;<\/p>\n<blockquote>\n<h3>RITORNA ARTISTI IN VETRINA AD AGORDO<\/h3>\n<\/blockquote>\n<p><strong><a class=\"dt-pswp-item\" href=\"https:\/\/www.radiopiu.net\/wordpress\/wp-content\/uploads\/2023\/06\/immagine-tre-quadri.jpg\" data-dt-img-description=\"\" data-large_image_width=\"2000\" data-large_image_height=\"1414\"><img loading=\"lazy\" decoding=\"async\" class=\" wp-image-340976 alignleft\" src=\"https:\/\/www.radiopiu.net\/wordpress\/wp-content\/uploads\/2023\/06\/immagine-tre-quadri-300x212.jpg\" alt=\"\" width=\"184\" height=\"130\" srcset=\"https:\/\/www.radiopiu.net\/wordpress\/wp-content\/uploads\/2023\/06\/immagine-tre-quadri-300x212.jpg 300w, https:\/\/www.radiopiu.net\/wordpress\/wp-content\/uploads\/2023\/06\/immagine-tre-quadri-1024x724.jpg 1024w, https:\/\/www.radiopiu.net\/wordpress\/wp-content\/uploads\/2023\/06\/immagine-tre-quadri-768x543.jpg 768w, https:\/\/www.radiopiu.net\/wordpress\/wp-content\/uploads\/2023\/06\/immagine-tre-quadri-1536x1086.jpg 1536w, https:\/\/www.radiopiu.net\/wordpress\/wp-content\/uploads\/2023\/06\/immagine-tre-quadri.jpg 2000w\" sizes=\"auto, (max-width: 184px) 100vw, 184px\" \/><\/a>AGORDO <\/strong>Anche quest\u2019anno, viene riproposta ad Agordo l\u2019iniziativa \u201cArtisti in vetrina\u201d, promossa dal Comune di Agordo per arricchire il centro storico del paese con opere d\u2019arte messe a disposizione da artisti locali. La mostra \u00e8 allestita nelle vetrine dei negozi sfitti dell\u2019antica \u201cContrada dei Signori\u201d, un tempo zona vitale e luogo adibito al commercio con la presenza di numerosi esercizi pubblici. Ora molte di queste attivit\u00e0 non sono pi\u00f9 operative, ma altre sono state aperte, rivitalizzando questo luogo che sar\u00e0 possibile visitare accompagnati da 16 quadri che rappresentano la Agordo di una volta. Come per le scorse edizioni, un obiettivo della mostra \u00e8 sensibilizzare i cittadini alla diminuzione di esercizi commerciali nel centro storico, e al contempo rendere visibile a tutti il bello della cultura, in questo caso artistica. Le opere esposte sono realizzate da Maria Nazzarena Zasso e sar\u00e0 possibile ammirarle liberamente fino a settembre. La collezione \u201cC\u2019era una volta\u2026 Agordo\u201d, composta tra il 2020 e il 2022, nasce da un profondo amore della pittrice per il suo paese natio e ritrae i caratteristici scorci del centro storico dalla fine dell\u2019\u2019800 alla prima met\u00e0 del \u2018900, in parte vissuti, in parte interpretati in modo personale sfogliando le foto antiche di cui \u00e8 sempre stata grande appassionata. La mostra \u00e8 intesa come un caloroso omaggio ad Agordo e ai suoi abitanti, nonch\u00e9 ai molti visitatori che ci auguriamo possano apprezzare le opere. Si ringraziano i proprietari delle vetrine per la concessione degli spazi.<\/p>\n<p>&nbsp;<\/p>\n<p>&nbsp;<\/p>\n<hr \/>\n<p>&nbsp;<\/p>\n<div dir=\"auto\">\n<div class=\"message spoilers-container\" dir=\"auto\">\n<div>\n<div class=\"b654a4as d2edcug0\">\n<div class=\"rq0escxv hkbzh7o3 jwdofwj8 n8tt0mok r8blr3vg hyh9befq\">\n<p><a class=\"dt-pswp-item\" href=\"https:\/\/www.radiopiu.net\/wordpress\/wp-content\/uploads\/2020\/10\/pp.jpg\" data-dt-img-description=\"\" data-large_image_width=\"640\" data-large_image_height=\"640\"><img loading=\"lazy\" decoding=\"async\" class=\"wp-image-163678 alignleft\" src=\"https:\/\/www.radiopiu.net\/wordpress\/wp-content\/uploads\/2020\/10\/pp-300x300.jpg\" alt=\"\" width=\"106\" height=\"106\" srcset=\"https:\/\/www.radiopiu.net\/wordpress\/wp-content\/uploads\/2020\/10\/pp-300x300.jpg 300w, https:\/\/www.radiopiu.net\/wordpress\/wp-content\/uploads\/2020\/10\/pp-150x150.jpg 150w, https:\/\/www.radiopiu.net\/wordpress\/wp-content\/uploads\/2020\/10\/pp-125x125.jpg 125w, https:\/\/www.radiopiu.net\/wordpress\/wp-content\/uploads\/2020\/10\/pp-200x200.jpg 200w, https:\/\/www.radiopiu.net\/wordpress\/wp-content\/uploads\/2020\/10\/pp-80x80.jpg 80w, https:\/\/www.radiopiu.net\/wordpress\/wp-content\/uploads\/2020\/10\/pp-480x480.jpg 480w, https:\/\/www.radiopiu.net\/wordpress\/wp-content\/uploads\/2020\/10\/pp.jpg 640w\" sizes=\"auto, (max-width: 106px) 100vw, 106px\" \/><\/a><\/p>\n<\/div>\n<\/div>\n<\/div>\n<\/div>\n<div class=\"message spoilers-container\" dir=\"auto\">\n<div class=\"page-title-head hgroup\">\n<div class=\"page-title-head hgroup\">\n<div class=\"b654a4as d2edcug0\">\n<div class=\"j83agx80 btwxx1t3 lhclo0ds hop8lmos nkwizq5d scwd0bx6 roh60bw9\">\n<div class=\"rq0escxv hkbzh7o3 jwdofwj8 n8tt0mok r8blr3vg hyh9befq\">\n<div class=\"do00u71z l9j0dhe7 k4urcfbm\" style=\"text-align: left;\">\n<h2><span style=\"color: #000080;\">DON CESARE, IL PENSIERO DEL GIORNO. ALLA RADIO ALLE 7 DEL MATTINO E ALLE 19.30 DELLA SERA<\/span><\/h2>\n<\/div>\n<\/div>\n<\/div>\n<\/div>\n<\/div>\n<\/div>\n<\/div>\n<\/div>\n<div class=\"message spoilers-container\" dir=\"auto\">\n<div class=\"column\">\n<div class=\"message spoilers-container\" dir=\"auto\">\n<div class=\"column\">\n<p>&nbsp;<\/p>\n<audio class=\"wp-audio-shortcode\" id=\"audio-341640-10\" preload=\"none\" style=\"width: 100%;\" controls=\"controls\"><source type=\"audio\/mpeg\" src=\"https:\/\/www.radiopiu.net\/wordpress\/wp-content\/uploads\/2023\/06\/CESARE-19.mp3?_=10\" \/><a href=\"https:\/\/www.radiopiu.net\/wordpress\/wp-content\/uploads\/2023\/06\/CESARE-19.mp3\">https:\/\/www.radiopiu.net\/wordpress\/wp-content\/uploads\/2023\/06\/CESARE-19.mp3<\/a><\/audio>\n<p>&nbsp;<\/p>\n<p>&nbsp;<\/p>\n<hr \/>\n<p>&nbsp;<\/p>\n<h2><span style=\"color: #99cc00;\">I RACCONTI DI PAOLO SOPPELSA<\/span><\/h2>\n<p><strong>LA STRADA MADRE<\/strong><\/p>\n<p><strong>AUDIO<\/strong><\/p>\n<audio class=\"wp-audio-shortcode\" id=\"audio-341640-11\" preload=\"none\" style=\"width: 100%;\" controls=\"controls\"><source type=\"audio\/mpeg\" src=\"https:\/\/www.radiopiu.net\/wordpress\/wp-content\/uploads\/2023\/06\/PAOLO-SOPPELSA-LA-STRADA-MADRE.mp3?_=11\" \/><a href=\"https:\/\/www.radiopiu.net\/wordpress\/wp-content\/uploads\/2023\/06\/PAOLO-SOPPELSA-LA-STRADA-MADRE.mp3\">https:\/\/www.radiopiu.net\/wordpress\/wp-content\/uploads\/2023\/06\/PAOLO-SOPPELSA-LA-STRADA-MADRE.mp3<\/a><\/audio>\n<p>&nbsp;<\/p>\n<p><a class=\"dt-pswp-item\" href=\"https:\/\/www.radiopiu.net\/wordpress\/wp-content\/uploads\/2023\/06\/SCR-20230626-banq.jpeg\" data-dt-img-description=\"\" data-large_image_width=\"1532\" data-large_image_height=\"1160\"><img loading=\"lazy\" decoding=\"async\" class=\" wp-image-341638 alignleft\" src=\"https:\/\/www.radiopiu.net\/wordpress\/wp-content\/uploads\/2023\/06\/SCR-20230626-banq-300x227.jpeg\" alt=\"\" width=\"181\" height=\"137\" srcset=\"https:\/\/www.radiopiu.net\/wordpress\/wp-content\/uploads\/2023\/06\/SCR-20230626-banq-300x227.jpeg 300w, https:\/\/www.radiopiu.net\/wordpress\/wp-content\/uploads\/2023\/06\/SCR-20230626-banq-1024x775.jpeg 1024w, https:\/\/www.radiopiu.net\/wordpress\/wp-content\/uploads\/2023\/06\/SCR-20230626-banq-768x582.jpeg 768w, https:\/\/www.radiopiu.net\/wordpress\/wp-content\/uploads\/2023\/06\/SCR-20230626-banq.jpeg 1532w\" sizes=\"auto, (max-width: 181px) 100vw, 181px\" \/><\/a>La Strada Madre \u00e8 quel nastro d&#8217;asfalto che da sempre mi conduce l\u00ec dove il vivere \u00e8 pi\u00f9 lento e il cuore batte pi\u00f9 forte. Un sinuoso snodarsi in riva al Cordevole sotto le alte pareti di montagne selvagge e ogni curva, ogni avvallamento e ogni scorcio, \u00e8 bene impresso nella mia memoria e nella mia schiena. La Strada Madre, profumo di fieno di fine giugno a Candaten e l&#8217;apparire dell&#8217;Agner al curvone di La Muda e poi i cippi di cemento e i segnali con impresso quel nome, S.R. 203 Agordina, un nome che da sempre \u00e8 protagonista nel film che narra la mia vita. \u00c8 cos\u00ec la mia strada, dispensatrice di panorami e di storie da raccontare, compagna silenziosa in quelle notti di stelle e pensieri, tortuoso serpente d&#8217;asfalto che si infila fra i monti e che mi porta lass\u00f9, dove abitano i miei ricordi pi\u00f9 belli di quei tempi ormai lontani, quando c&#8217;eravamo ancora tutti e ogni viaggio era una piccola avventura da ricordare magari per poco o forse per sempre. A volte, mentre percorro l&#8217;Agordina, penso che mi piacerebbe ripercorrere il tracciato originale, quello della mia infanzia. La strada dei Castei e poi la Strada Dimenticata, quella che correva a mezza costa lungo la stretta di Mezcanal che segna il confine fra Taibon e Cencenighe. Non sono mai riuscito a guidarli quei tratti di strada severi e talvolta pericolosi; al conseguimento della patente quei tracciati di Strada Madre da pochi mesi erano divenuti ricordo che talvolta riaffiora. Uno dei miei sogni semplici, purtroppo impossibile da realizzare, \u00e8 quello di poterla percorrere, anche una volta soltanto, come nei gloriosi anni &#8217;80. Un desiderio inattuabile nella realt\u00e0, un sogno destinato a rimanere tale ma che poi, in una sera come tante, si \u00e8 realizzato seppure in modo virtuale. Stavo trascorrendo una serata simile a tante altre quando \u00e8 apparso sullo schermo dello smartphone un vecchio video caricato su Facebook, girato proprio in quegli anni che amo ricordare. Quando ho guardato questo splendido filmato datato 1991 &#8220;me quasi vegn\u00f9 d\u00f9 &#8216;na lagrema&#8221;. Eccola la &#8220;mia&#8221; Strada Madre, quella vera, quella della mia giovent\u00f9, quella originale non ancora addomesticata da gallerie e tangenziali e autovelox. Il video mostra una sorta di &#8220;camera corriera&#8221;, e la corriera \u00e8 un Iveco 370 con il cambio manuale e colorata di blu. L&#8217;asfalto chiaro di allora, le righe gialle del ciglio strada e niente riga di mezzeria, le case del villaggio ENEL di La Stanga ancora malinconicamente chiuse. E poi s\u00f9, l&#8217;Agner all&#8217;orizzonte carico dell&#8217;ultima neve di primavera e alla Muda niente galleria dei Castei; eccolo il ponte del Torner, per un attimo la cascata della Pissa ancora attiva e la mitica Riva dei Castei. Niente passaggio di fronte alla Casa dei Silenzi, e in fondo va bene cos\u00ec, \u00e8 giusto che qualcosa rimanga ricordo da immaginare soltanto. Poi le curve di Ponte Alto, l&#8217;ingresso ad Agordo e il passaggio nella strettoia di Tocol, con il limite di velocit\u00e0 che diventa subito di 70 km\/h e fine divieto di sorpasso. Taibon, Listolade e poi un tratto della &#8220;Strada Dimenticata&#8221;. Successivamente l&#8217;ingresso a Cencenighe, con la discesa &#8220;del Kanguro&#8221; e poi il cartello giallo con scritto &#8220;Hotel Molino a 9 km&#8221; e l&#8217;acqua di disgelo del lago del Ghirlo che sfiorava dalle paratoie. Che bello rivedere Cencenighe al tempo in cui arrivavamo in paese a bordo della Ritmo grigia. Poi il momento che pi\u00f9 mi ha commosso, ovvero la visuale dalla corriera in sosta alla fermata situata accanto alla Birreria Stella; era questo ci\u00f2 che vedevo quando salivo sulla Iveco azzurrina che portava a San Tomaso. Arrivato a questo punto blocco il video e scendo virtualmente dalla corriera salutando educatamente l&#8217;autista che poco dopo ripartir\u00e0 alla volta di Vallada. \u00c8 stato bello viaggiare in quel passato improvvisamente ritornato, ed ora, grazie alla tecnologia, quando ne avr\u00f2 voglia potr\u00f2 ancora salire su quella corriera blu che mi condurr\u00e0 ancora una volta dove dimora il mio tempo migliore.<\/p>\n<p>&nbsp;<\/p>\n<p>&nbsp;<\/p>\n<hr \/>\n<p>&nbsp;<\/p>\n<p><img loading=\"lazy\" decoding=\"async\" class=\"aligncenter wp-image-61954 size-full\" src=\"https:\/\/www.radiopiu.net\/wordpress\/wp-content\/uploads\/2018\/09\/viabilita.jpeg\" sizes=\"auto, (max-width: 800px) 100vw, 800px\" srcset=\"https:\/\/www.radiopiu.net\/wordpress\/wp-content\/uploads\/2018\/09\/viabilita.jpeg 800w, https:\/\/www.radiopiu.net\/wordpress\/wp-content\/uploads\/2018\/09\/viabilita-300x38.jpeg 300w, https:\/\/www.radiopiu.net\/wordpress\/wp-content\/uploads\/2018\/09\/viabilita-768x96.jpeg 768w\" alt=\"\" width=\"800\" height=\"100\" \/><\/p>\n<\/div>\n<\/div>\n<div class=\"message spoilers-container\" dir=\"auto\">\n<div class=\"column\">\n<p>&nbsp;<\/p>\n<\/div>\n<\/div>\n<\/div>\n<\/div>\n<blockquote class=\"wp-embedded-content\" data-secret=\"IfyJFy5Ixh\"><p><a href=\"https:\/\/www.radiopiu.net\/wordpress\/viabilita\/\">viabilita<\/a><\/p><\/blockquote>\n<p><iframe loading=\"lazy\" class=\"wp-embedded-content\" sandbox=\"allow-scripts\" security=\"restricted\" style=\"position: absolute; clip: rect(1px, 1px, 1px, 1px);\" title=\"&#8220;viabilita&#8221; &#8212; Radio Pi\u00f9\" src=\"https:\/\/www.radiopiu.net\/wordpress\/viabilita\/embed\/#?secret=oCt2DXXS8V#?secret=IfyJFy5Ixh\" data-secret=\"IfyJFy5Ixh\" width=\"600\" height=\"338\" frameborder=\"0\" marginwidth=\"0\" marginheight=\"0\" scrolling=\"no\"><\/iframe><\/p>\n<div class=\"message spoilers-container\" dir=\"auto\">\n<div class=\"column\">\n<div class=\"message spoilers-container\" dir=\"auto\">\n<div class=\"column\">\n<div>\n<div dir=\"ltr\">\n<div class=\"gmail_quote\">\n<div dir=\"ltr\">\n<div><\/div>\n<div>\n<hr \/>\n<\/div>\n<div><a class=\"dt-pswp-item\" href=\"https:\/\/www.radiopiu.net\/wordpress\/wp-content\/uploads\/2023\/06\/07493af4-f8e1-4ce3-bb99-e0a40362939f.jpg\" data-dt-img-description=\"\" data-large_image_width=\"1417\" data-large_image_height=\"1481\"><img loading=\"lazy\" decoding=\"async\" class=\"wp-image-339869 aligncenter\" src=\"https:\/\/www.radiopiu.net\/wordpress\/wp-content\/uploads\/2023\/06\/07493af4-f8e1-4ce3-bb99-e0a40362939f-980x1024.jpg\" alt=\"\" width=\"382\" height=\"399\" srcset=\"https:\/\/www.radiopiu.net\/wordpress\/wp-content\/uploads\/2023\/06\/07493af4-f8e1-4ce3-bb99-e0a40362939f-980x1024.jpg 980w, https:\/\/www.radiopiu.net\/wordpress\/wp-content\/uploads\/2023\/06\/07493af4-f8e1-4ce3-bb99-e0a40362939f-287x300.jpg 287w, https:\/\/www.radiopiu.net\/wordpress\/wp-content\/uploads\/2023\/06\/07493af4-f8e1-4ce3-bb99-e0a40362939f-768x803.jpg 768w, https:\/\/www.radiopiu.net\/wordpress\/wp-content\/uploads\/2023\/06\/07493af4-f8e1-4ce3-bb99-e0a40362939f.jpg 1417w\" sizes=\"auto, (max-width: 382px) 100vw, 382px\" \/><\/a><\/div>\n<div><\/div>\n<\/div>\n<\/div>\n<\/div>\n<\/div>\n<hr \/>\n<p>&nbsp;<\/p>\n<p><a class=\"dt-pswp-item\" href=\"https:\/\/www.radiopiu.net\/wordpress\/wp-content\/uploads\/2018\/09\/WhatsApp-Image-2018-09-20-at-16.04.06.jpeg\" data-dt-img-description=\"\" data-large_image_width=\"800\" data-large_image_height=\"100\"><img loading=\"lazy\" decoding=\"async\" class=\"wp-image-61378 size-full aligncenter\" src=\"https:\/\/www.radiopiu.net\/wordpress\/wp-content\/uploads\/2018\/09\/WhatsApp-Image-2018-09-20-at-16.04.06.jpeg\" alt=\"\" width=\"800\" height=\"100\" srcset=\"https:\/\/www.radiopiu.net\/wordpress\/wp-content\/uploads\/2018\/09\/WhatsApp-Image-2018-09-20-at-16.04.06.jpeg 800w, https:\/\/www.radiopiu.net\/wordpress\/wp-content\/uploads\/2018\/09\/WhatsApp-Image-2018-09-20-at-16.04.06-300x38.jpeg 300w, https:\/\/www.radiopiu.net\/wordpress\/wp-content\/uploads\/2018\/09\/WhatsApp-Image-2018-09-20-at-16.04.06-768x96.jpeg 768w\" sizes=\"auto, (max-width: 800px) 100vw, 800px\" \/><\/a><\/p>\n<\/div>\n<\/div>\n<div class=\"message spoilers-container\" dir=\"auto\">\n<p>&nbsp;<\/p>\n<\/div>\n<p><center><b>OGGI<\/b><\/center>Al primo mattino soleggiato poi aumento irregolare della nuvolosit\u00e0 cumuliforme, anche intensa dalle ore centrali e nel pomeriggio. In serata tendenza a schiarite a partire da Dolomiti.<br \/>\n<b>Precipitazioni: <\/b>Nella notte non escluso un temporale su Prealpi (10%). Dalle ore centrali e nel pomeriggio aumento della probabilit\u00e0 di rovesci e temporali sparsi (60\/80%). In serata attenuazione dei fenomeni a partire da Dolomiti mentre potranno insistere su Prealpi specie occidentali.<br \/>\n<b>Temperature: <\/b>In generale calo con minime raggiunte in serata.<\/p>\n<hr \/>\n<p><center><b>DOMANI<\/b><\/center>Al mattino possibili nubi basse specie su Prealpi. In giornata parzialmente nuvoloso per transito di nubi medio-alte con schiarite pi\u00f9 ampie nel pomeriggio.<br \/>\n<b>Precipitazioni: <\/b>Nella notte residui rovesci su Prealpi (20-40%), in giornata generalmente assenti seppur non del tutto escluso qualche piovasco su Prealpi (20%)<br \/>\n<b>Temperature: <\/b>In ulteriore generale calo a tutte le quote.<\/p>\n<hr \/>\n<p><center><b>GIOVEDI<\/b><\/center>Tempo stabile con cielo sereno o poco nuvoloso; fino al primo mattino possibili nubi basse su Prealpi. Temperature minime in lieve calo nelle valli, in aumento in quota, massime in aumento.<\/p>\n<hr \/>\n<p><center><b>VENERDI<\/b><\/center>Tempo tendente a divenire instabile con nuvolosit\u00e0 in aumento gi\u00e0 al mattino assieme alla probabilit\u00e0 di rovesci e temporali sparsi specie dalle ore centrali e nel pomeriggio\/sera. Temperature massime in generale calo.<\/p>\n<p>&nbsp;<\/p>\n<p>&nbsp;<\/p>\n<div class=\"message spoilers-container\" dir=\"auto\">\n<hr \/>\n<p>&nbsp;<\/p>\n<p><a class=\"dt-pswp-item\" href=\"https:\/\/www.radiopiu.net\/wordpress\/wp-content\/uploads\/2018\/09\/sport.jpg\" data-dt-img-description=\"\" data-large_image_width=\"800\" data-large_image_height=\"100\"><img loading=\"lazy\" decoding=\"async\" class=\"aligncenter wp-image-60761 size-full\" src=\"https:\/\/www.radiopiu.net\/wordpress\/wp-content\/uploads\/2018\/09\/sport.jpg\" alt=\"\" width=\"800\" height=\"100\" srcset=\"https:\/\/www.radiopiu.net\/wordpress\/wp-content\/uploads\/2018\/09\/sport.jpg 800w, https:\/\/www.radiopiu.net\/wordpress\/wp-content\/uploads\/2018\/09\/sport-300x38.jpg 300w, https:\/\/www.radiopiu.net\/wordpress\/wp-content\/uploads\/2018\/09\/sport-768x96.jpg 768w\" sizes=\"auto, (max-width: 800px) 100vw, 800px\" \/><\/a><\/p>\n<\/div>\n<div class=\"message spoilers-container\" dir=\"auto\">\n<p>&nbsp;<\/p>\n<p><span style=\"color: #0000ff;\"><strong>HOCKEY SU GHIACCIO<\/strong><\/span><\/p>\n<blockquote>\n<h3 class=\"entry-title\">HOCKEY IN LUTTO PER LA SCOMPARSA DI LEO INSAM. IL MESSAGGIO DI CORDOGLIO DELL\u2019ALLEGHE HOCKEY<\/h3>\n<\/blockquote>\n<p class=\"photoswipe-wrapper\"><a class=\"dt-pswp-item pspw-wrap-ready\" href=\"https:\/\/www.radiopiu.net\/wordpress\/wp-content\/uploads\/2023\/06\/2b76b741-8893-4083-b691-2d6dae742017.jpeg\" data-dt-img-description=\"\" data-large_image_width=\"828\" data-large_image_height=\"484\"><img loading=\"lazy\" decoding=\"async\" class=\" wp-image-341716 alignleft\" src=\"https:\/\/www.radiopiu.net\/wordpress\/wp-content\/uploads\/2023\/06\/2b76b741-8893-4083-b691-2d6dae742017-300x175.jpeg\" sizes=\"auto, (max-width: 300px) 100vw, 300px\" srcset=\"https:\/\/www.radiopiu.net\/wordpress\/wp-content\/uploads\/2023\/06\/2b76b741-8893-4083-b691-2d6dae742017-300x175.jpeg 300w, https:\/\/www.radiopiu.net\/wordpress\/wp-content\/uploads\/2023\/06\/2b76b741-8893-4083-b691-2d6dae742017-768x449.jpeg 768w, https:\/\/www.radiopiu.net\/wordpress\/wp-content\/uploads\/2023\/06\/2b76b741-8893-4083-b691-2d6dae742017.jpeg 828w\" alt=\"\" width=\"238\" height=\"139\" \/><\/a>La societ\u00e0 Alleghe Hockey si unisce al cordoglio per la prematura scomparsa a soli 48 anni di LEO INSAM. Icona dell\u2019hockey italiano, nato a Bolzano, classe \u201875, ha vinto quattro campionati italiani con le maglie di Milano e Bolzano. Cresciuto hockeysticamente nel Gard\u00ebina, del quale \u00e8 stato capitano, in italia ha indossato anche la maglia dell\u2019Asiago e ha giocato in Austria, Germania e Nord America. Con la casacca azzurra ha partecipato ai giochi olimpici di Lillehammer \u201894 e Nagano \u201898. Stecche al cielo per Leo<\/p>\n<p>(Foto: Hockey Club Gardeina)<\/p>\n<p>&nbsp;<\/p>\n<p><span style=\"color: #0000ff;\"><strong>SCI<\/strong><\/span><\/p>\n<blockquote>\n<h3>LA FESTA DELLO SCI AD ALLEGHE<\/h3>\n<\/blockquote>\n<p><strong><a class=\"dt-pswp-item\" href=\"https:\/\/www.radiopiu.net\/wordpress\/wp-content\/uploads\/2023\/06\/FOgdxGcs-scaled.jpg\" data-dt-img-description=\"\" data-large_image_width=\"2560\" data-large_image_height=\"1706\"><img loading=\"lazy\" decoding=\"async\" class=\" wp-image-341755 alignleft\" src=\"https:\/\/www.radiopiu.net\/wordpress\/wp-content\/uploads\/2023\/06\/FOgdxGcs-300x200.jpg\" alt=\"\" width=\"177\" height=\"118\" srcset=\"https:\/\/www.radiopiu.net\/wordpress\/wp-content\/uploads\/2023\/06\/FOgdxGcs-300x200.jpg 300w, https:\/\/www.radiopiu.net\/wordpress\/wp-content\/uploads\/2023\/06\/FOgdxGcs-1024x683.jpg 1024w, https:\/\/www.radiopiu.net\/wordpress\/wp-content\/uploads\/2023\/06\/FOgdxGcs-768x512.jpg 768w, https:\/\/www.radiopiu.net\/wordpress\/wp-content\/uploads\/2023\/06\/FOgdxGcs-1536x1024.jpg 1536w, https:\/\/www.radiopiu.net\/wordpress\/wp-content\/uploads\/2023\/06\/FOgdxGcs-2048x1365.jpg 2048w\" sizes=\"auto, (max-width: 177px) 100vw, 177px\" \/><\/a>ALLEGHE <\/strong>Buona la prima. Si \u00e8 svolta sabato scorso, 24 giugno, la prima edizione della Festa dello sci regionale, evento promosso dal Comitato Veneto Fisi in sinergia con il comitato di Belluno e altre realt\u00e0, economiche e associative, del territorio. Teatro dell&#8217;iniziativa la localit\u00e0 di Piani di Pezz\u00e8 di Alleghe. \u00abAbbiamo dato vita a questa Festa dello sci regionale perch\u00e9 credevamo che potesse essere una bella occasione per ritrovarci tutti insieme anche lontano dai momenti puramente organizzativi e agonistici. E abbiamo avuto un\u2019ottima partecipazione. Ringrazio il comitato Fisi di Belluno, Alleghe Funivie e tutte le realt\u00e0 del territorio che ci hanno dato una mano\u00bb sottolinea il presidente di Fisi Veneto, Roberto Visentin. \u00abLa abbiamo pensata anche come un momento di incontro per chiudere ufficialmente una stagione e aprirne un\u2019altra. \u00c8 stata, inoltre, l\u2019occasione per incontrare i nostri sponsor e proporre, insieme ad essi, tematiche legate all\u2019ambiente e alla sua conservazione\u00bb. Nella localit\u00e0 ai piedi del Civetta sono state anche presentate le squadre 2023-2024 del comitato veneto. E c\u2019\u00e8 stato spazio pure le premiazioni della Coppa Veneto Energiapura, il circuito regionale dello sci alpino dedicato alle categorie Giovani che a livello di squadre ha visto imporsi lo Sci club Drusci\u00e9 su Ski College Veneto e Sci club Cortina mentre a livello individuale si sono registrati due doppi successi: Lorenzo Pittarello (Ski College Veneto Falcade), primo sia tra gli Aspiranti sia nella classifica Giovani, Benedetta Loda (Sci club Drusci\u00e9 Cortina) prima sia nella classifica Aspiranti sia in quella Giovani.<\/p>\n<\/div>\n<\/div>\n<\/div>\n","protected":false},"excerpt":{"rendered":"<p>40esimo di RADIOPIU\u2026. LA VOCE DELL\u2019EMOZIONE &nbsp; ISCRIVITI AL NOSTRO CANALE\u00a0\u00a0YOUTUBE PER SEGUIRE IN DIRETTA I PRINCIPALI PROGRAMMI DI RADIO PIU\u2019 E LE FUTURE DIRETTE IN ESTERNA. PER ISCRIVERTI\u00a0CLICCA QUI\u00a0E PREMI\u00a0 \u201cIscriviti\u201d\u00a0 \u00a0 &nbsp; &nbsp; LAVORI PROGRAMMATI ENEL VOLTAGO DOMANI\u00a0DALLE 9 ALLE 12 INTERRUZIONI DI ENERGIA ELETTRICA NELLE VIE MATHADOR, TRENTO TRIESTE, DIGOMAN, GIOIA E&hellip;<\/p>\n","protected":false},"author":4,"featured_media":341777,"comment_status":"closed","ping_status":"closed","sticky":false,"template":"","format":"standard","meta":{"_monsterinsights_skip_tracking":false,"_monsterinsights_sitenote_active":false,"_monsterinsights_sitenote_note":"","_monsterinsights_sitenote_category":0,"footnotes":""},"categories":[51,86,49],"tags":[],"class_list":["post-341640","post","type-post","status-publish","format-standard","has-post-thumbnail","hentry","category-evidenza-top","category-gr","category-news-18","category-51","category-86","category-49","description-off"],"img_url":"https:\/\/www.radiopiu.net\/wordpress\/wp-content\/uploads\/2023\/06\/foto.png","_links":{"self":[{"href":"https:\/\/www.radiopiu.net\/wordpress\/wp-json\/wp\/v2\/posts\/341640","targetHints":{"allow":["GET"]}}],"collection":[{"href":"https:\/\/www.radiopiu.net\/wordpress\/wp-json\/wp\/v2\/posts"}],"about":[{"href":"https:\/\/www.radiopiu.net\/wordpress\/wp-json\/wp\/v2\/types\/post"}],"author":[{"embeddable":true,"href":"https:\/\/www.radiopiu.net\/wordpress\/wp-json\/wp\/v2\/users\/4"}],"replies":[{"embeddable":true,"href":"https:\/\/www.radiopiu.net\/wordpress\/wp-json\/wp\/v2\/comments?post=341640"}],"version-history":[{"count":0,"href":"https:\/\/www.radiopiu.net\/wordpress\/wp-json\/wp\/v2\/posts\/341640\/revisions"}],"wp:featuredmedia":[{"embeddable":true,"href":"https:\/\/www.radiopiu.net\/wordpress\/wp-json\/wp\/v2\/media\/341777"}],"wp:attachment":[{"href":"https:\/\/www.radiopiu.net\/wordpress\/wp-json\/wp\/v2\/media?parent=341640"}],"wp:term":[{"taxonomy":"category","embeddable":true,"href":"https:\/\/www.radiopiu.net\/wordpress\/wp-json\/wp\/v2\/categories?post=341640"},{"taxonomy":"post_tag","embeddable":true,"href":"https:\/\/www.radiopiu.net\/wordpress\/wp-json\/wp\/v2\/tags?post=341640"}],"curies":[{"name":"wp","href":"https:\/\/api.w.org\/{rel}","templated":true}]}}