{"id":341709,"date":"2023-06-26T07:55:35","date_gmt":"2023-06-26T05:55:35","guid":{"rendered":"https:\/\/www.radiopiu.net\/wordpress\/?p=341709"},"modified":"2023-06-26T07:37:11","modified_gmt":"2023-06-26T05:37:11","slug":"la-rassegna-stampa-locale-dal-1983-di-mirko-mezzacasa-11","status":"publish","type":"post","link":"https:\/\/www.radiopiu.net\/wordpress\/la-rassegna-stampa-locale-dal-1983-di-mirko-mezzacasa-11\/","title":{"rendered":"LA RASSEGNA STAMPA LOCALE, DAL 1983 di mirko mezzacasa"},"content":{"rendered":"<p>&nbsp;<\/p>\n<p>&nbsp;<\/p>\n<p>SEDICO I vigili del fuoco di di Agordo sono intervenuti alle 3:36 per un incidente stradale in localit\u00e0 La Stanga al km. 15+500 della Strada Regionale 203 Agordina in Comune di Sedico. L\u2019incidente ha coinvolto un furgone di consegna merci Citroen Jumper. La Causa presunta masso caduto sulla carreggiata. Nessuna persona \u00e8 rimasta ferita. Sul posto anche Veneto Strade che proceder\u00e0 ad ulteriori verifiche della scarpata. Le operazioni sono durate circa due ore.<br \/>\nAURONZO Incidente insolito presso il pittoresco Lago di Misurina. Un\u2019auto, una Alfa 147, \u00e8 finita nell\u2019acqua dopo essere stata parcheggiata su un piazzale vicino al lago. Fortunatamente, nessuna persona \u00e8 rimasta ferita nell\u2019incidente. L\u2019incidente si \u00e8 verificato intorno alle 18:40 di sabato e sembra che sia stato causato da un probabile malfunzionamento del freno a mano dell\u2019auto.<br \/>\nREDAZIONE Ieri mattina la regionale 203 Agordina \u00e8 stata chiusa al traffico tra Taibon e Cencenighe per un incidente dove \u00e8 stato coinvolto un motociclista. Incidente avvenuto in galleria dove \u00e8 intervenuta l\u2019ambulanza per prestare le prime cure al centauro. La strada \u00e8 rimasta chiusa per 20 minuti.<br \/>\nBELLUNO \u201cSul villaggio olimpico a Fiames gli enti decisori dovrebbero fermarsi e ascoltare le richieste \u2013 peraltro ragionevoli \u2013 del territorio, a partire dall\u2019opzione del recupero del villaggio Ex Eni a Borca di Cadore. La sostenibilit\u00e0 di un\u2019opera sta anche nelle sue premesse.<br \/>\nAGORDO Sabato 1\u00b0 luglio 2023 in occasione della Sagra di San Piero ad Agordo verr\u00e0 inaugurato il \u201cNordic Walking Park Agordino\u201d, progetto turistico che collega i Comuni di Agordo e Taibon Agordino attraverso un articolato percorso di Nordic Walking<br \/>\nAGORDO Domani alle 20:30 all\u2019Auditorium del Centro Parrochiale Don Vincenzo Savio, Libera Agordino organizza una serata in compagnia di Walter Aversa, primogenito di Lucia e Salvatore Aversa assassinati dalla \u2018Ndrangheta nel 1992. La serata sar\u00e0 impreziosita dal Coro Val Biois e il Gruppo Folk del Poi. La cittadinanza \u00e8 invitata.<br \/>\nCALCIO IL FODOM E\u2019 L\u2019UNICA SQUADRA A PUNTEGGIO PIENO DEL CAMPIONATO AGORDINO DI CALCIOLA CLASSIFICA. GIRONE A: Fodom 12, La Valle e Voltago 9, Canale 3, Cencenighe e Rivamonte 1.GIRONE B: Le Ville 10, Taibon 9, Caprile 7, Vallada 6, Gosaldo 1, Alleghe 0.<br \/>\nSOLO DUE PARTITE GIOCATE DEL CAMPIONATO AGORDINO UNDER 14 Taibon 1-3, La Valle \u2013 Fodom 5-2, Canale<br \/>\nCRONOSCALATA ARABBA-PASSO PORDOI Il miglior tempo assoluto maschile lo ha segnato Alessandro Sogne 26 minuti 08 secondi e 77 decimi (media 20,43 km\/km) mentre quello femminile \u00e8 andato a Valentina Kostner 37 minuti 50 secondi e 18 decimi , che di fatto sono diventati rispettivamente il Re \u00e8 la Regina 2023.<br \/>\nLORENZO CAGNATI E MARTINA SCOLA VINCITORI ALLA FRASSENE\u2019 CROSS, SECONDA TAPPA DELLA CORRIPOI<br \/>\nMOUNTAIN BIKE I MIGLIORI A CONEGLIANO ALLA VENETO CUP: ASTRID MIOLA, ALESSIA ROSSA, CAMILLA BASSO, MAURO SCAGLIARINI E NICOLA SAVI<br \/>\nPALLAVOLO I FRATELLI MARTINEZ ALLA DRL<br \/>\nNUOTO UNA SPORTIVAMENTE DA TOP TEN A TREVISO<\/p>\n<p>&nbsp;<\/p>\n<p>&nbsp;<\/p>\n","protected":false},"excerpt":{"rendered":"<p>&nbsp; &nbsp; SEDICO I vigili del fuoco di di Agordo sono intervenuti alle 3:36 per un incidente stradale in localit\u00e0 La Stanga al km. 15+500 della Strada Regionale 203 Agordina in Comune di Sedico. L\u2019incidente ha coinvolto un furgone di consegna merci Citroen Jumper. La Causa presunta masso caduto sulla carreggiata. Nessuna persona \u00e8 rimasta&hellip;<\/p>\n","protected":false},"author":4,"featured_media":341663,"comment_status":"closed","ping_status":"closed","sticky":false,"template":"","format":"standard","meta":{"_monsterinsights_skip_tracking":false,"_monsterinsights_sitenote_active":false,"_monsterinsights_sitenote_note":"","_monsterinsights_sitenote_category":0,"footnotes":""},"categories":[104],"tags":[],"class_list":["post-341709","post","type-post","status-publish","format-standard","has-post-thumbnail","hentry","category-evidenza_3","category-104","description-off"],"img_url":"https:\/\/www.radiopiu.net\/wordpress\/wp-content\/uploads\/2023\/06\/COPER.png","_links":{"self":[{"href":"https:\/\/www.radiopiu.net\/wordpress\/wp-json\/wp\/v2\/posts\/341709","targetHints":{"allow":["GET"]}}],"collection":[{"href":"https:\/\/www.radiopiu.net\/wordpress\/wp-json\/wp\/v2\/posts"}],"about":[{"href":"https:\/\/www.radiopiu.net\/wordpress\/wp-json\/wp\/v2\/types\/post"}],"author":[{"embeddable":true,"href":"https:\/\/www.radiopiu.net\/wordpress\/wp-json\/wp\/v2\/users\/4"}],"replies":[{"embeddable":true,"href":"https:\/\/www.radiopiu.net\/wordpress\/wp-json\/wp\/v2\/comments?post=341709"}],"version-history":[{"count":0,"href":"https:\/\/www.radiopiu.net\/wordpress\/wp-json\/wp\/v2\/posts\/341709\/revisions"}],"wp:featuredmedia":[{"embeddable":true,"href":"https:\/\/www.radiopiu.net\/wordpress\/wp-json\/wp\/v2\/media\/341663"}],"wp:attachment":[{"href":"https:\/\/www.radiopiu.net\/wordpress\/wp-json\/wp\/v2\/media?parent=341709"}],"wp:term":[{"taxonomy":"category","embeddable":true,"href":"https:\/\/www.radiopiu.net\/wordpress\/wp-json\/wp\/v2\/categories?post=341709"},{"taxonomy":"post_tag","embeddable":true,"href":"https:\/\/www.radiopiu.net\/wordpress\/wp-json\/wp\/v2\/tags?post=341709"}],"curies":[{"name":"wp","href":"https:\/\/api.w.org\/{rel}","templated":true}]}}