{"id":341761,"date":"2023-06-26T16:24:31","date_gmt":"2023-06-26T14:24:31","guid":{"rendered":"https:\/\/www.radiopiu.net\/wordpress\/?p=341761"},"modified":"2023-06-27T06:01:12","modified_gmt":"2023-06-27T04:01:12","slug":"approvato-il-progetto-esecutivo-del-nuovo-negrelli-forcellini-a-breve-laggiudicazione-dei-lavori","status":"publish","type":"post","link":"https:\/\/www.radiopiu.net\/wordpress\/approvato-il-progetto-esecutivo-del-nuovo-negrelli-forcellini-a-breve-laggiudicazione-dei-lavori\/","title":{"rendered":"APPROVATO IL PROGETTO ESECUTIVO DEL NUOVO NEGRELLI-FORCELLINI, A BREVE L\u2019AGGIUDICAZIONE DEI LAVORI"},"content":{"rendered":"<p><strong>BELLUNO <\/strong>Il nuovo istituto Negrelli-Forcellini di Feltre comincia a prendere forma. Il primo passo \u00e8 stato mosso qualche giorno fa, con l\u2019approvazione del progetto esecutivo da parte della Provincia di Belluno (che ha accorpato le fasi definitivo-esecutivo). A breve sar\u00e0 aggiudicato l\u2019appalto, poi entro fine anno cominceranno a tutti gli effetti i lavori. Si tratta di uno dei cantieri Pnrr pi\u00f9 importanti del Veneto e uno dei primi a partire. Il programma prevede la demolizione per step degli edifici attuali, contestualmente alla costruzione delle nuove strutture, cos\u00ec da rendere il pi\u00f9 semplice possibile la convivenza tra attivit\u00e0 scolastiche e lavori, come condiviso tra la Provincia e il raggruppamento temporaneo di progettisti vincitori del concorso di progettazione (costituito da Settanta7 srl, Holzner &amp; Bertagnolli Engineering srl e Studio Perillo srl). Nei prossimi mesi, subito dopo l\u2019aggiudicazione, verranno smantellate le parti relative a palestra e officine; il prossimo anno si proceder\u00e0 con i primi blocchi delle aule. Prossimamente la Provincia ha intenzione di presentare il progetto alla popolazione di Feltre.<\/p>\n<p><strong>IL PRESIDENTE DELLA PROVINCIA DI BELLUNO ROBERTO PADRIN<\/strong><\/p>\n<div style=\"width: 848px;\" class=\"wp-video\"><video class=\"wp-video-shortcode\" id=\"video-341761-1\" width=\"848\" height=\"480\" preload=\"metadata\" controls=\"controls\"><source type=\"video\/mp4\" src=\"https:\/\/www.radiopiu.net\/wordpress\/wp-content\/uploads\/2023\/06\/WhatsApp-Video-2023-06-26-at-15.46.47.mp4?_=1\" \/><a href=\"https:\/\/www.radiopiu.net\/wordpress\/wp-content\/uploads\/2023\/06\/WhatsApp-Video-2023-06-26-at-15.46.47.mp4\">https:\/\/www.radiopiu.net\/wordpress\/wp-content\/uploads\/2023\/06\/WhatsApp-Video-2023-06-26-at-15.46.47.mp4<\/a><\/video><\/div>\n<p>&nbsp;<\/p>\n\n\t\t\t<style type='text\/css'>\n\t\t\t\t#gallery-1 {\n\t\t\t\t\tmargin: auto;\n\t\t\t\t}\n\t\t\t\t#gallery-1 .gallery-item {\n\t\t\t\t\tfloat: left;\n\t\t\t\t\tmargin-top: 10px;\n\t\t\t\t\ttext-align: center;\n\t\t\t\t\twidth: 33%;\n\t\t\t\t}\n\t\t\t\t#gallery-1 img {\n\t\t\t\t\tborder: 2px solid #cfcfcf;\n\t\t\t\t}\n\t\t\t\t#gallery-1 .gallery-caption {\n\t\t\t\t\tmargin-left: 0;\n\t\t\t\t}\n\t\t\t\t\/* see gallery_shortcode() in wp-includes\/media.php *\/\n\t\t\t<\/style>\n\t\t<div id='gallery-1' class='dt-gallery-container gallery galleryid-341761 gallery-columns-3 gallery-size-medium'><dl class='gallery-item'>\n\t\t\t\t<dt class='gallery-icon landscape'>\n\t\t\t\t\t<a class=\"rollover\" href='https:\/\/www.radiopiu.net\/wordpress\/approvato-il-progetto-esecutivo-del-nuovo-negrelli-forcellini-a-breve-laggiudicazione-dei-lavori\/istituto-negrelli-oggi\/'><img loading=\"lazy\" decoding=\"async\" width=\"300\" height=\"131\" src=\"https:\/\/www.radiopiu.net\/wordpress\/wp-content\/uploads\/2023\/06\/Istituto-Negrelli-oggi-300x131.jpg\" class=\"attachment-medium size-medium\" alt=\"\" aria-describedby=\"gallery-1-341764\" srcset=\"https:\/\/www.radiopiu.net\/wordpress\/wp-content\/uploads\/2023\/06\/Istituto-Negrelli-oggi-300x131.jpg 300w, https:\/\/www.radiopiu.net\/wordpress\/wp-content\/uploads\/2023\/06\/Istituto-Negrelli-oggi-1024x447.jpg 1024w, https:\/\/www.radiopiu.net\/wordpress\/wp-content\/uploads\/2023\/06\/Istituto-Negrelli-oggi-768x335.jpg 768w, https:\/\/www.radiopiu.net\/wordpress\/wp-content\/uploads\/2023\/06\/Istituto-Negrelli-oggi.jpg 1280w\" sizes=\"auto, (max-width: 300px) 100vw, 300px\" \/><\/a>\n\t\t\t\t<\/dt>\n\t\t\t\t\t<dd class='wp-caption-text gallery-caption' id='gallery-1-341764'>\n\t\t\t\t\tIstituto Negrelli oggi\n\t\t\t\t\t<\/dd><\/dl><dl class='gallery-item'>\n\t\t\t\t<dt class='gallery-icon landscape'>\n\t\t\t\t\t<a class=\"rollover\" href='https:\/\/www.radiopiu.net\/wordpress\/approvato-il-progetto-esecutivo-del-nuovo-negrelli-forcellini-a-breve-laggiudicazione-dei-lavori\/render-istituto-superiore-di-feltre-vista-esterna-dellingresso\/'><img loading=\"lazy\" decoding=\"async\" width=\"300\" height=\"169\" src=\"https:\/\/www.radiopiu.net\/wordpress\/wp-content\/uploads\/2023\/06\/Render-istituto-Superiore-di-Feltre-Vista-esterna-dellingresso-300x169.jpg\" class=\"attachment-medium size-medium\" alt=\"\" aria-describedby=\"gallery-1-341765\" srcset=\"https:\/\/www.radiopiu.net\/wordpress\/wp-content\/uploads\/2023\/06\/Render-istituto-Superiore-di-Feltre-Vista-esterna-dellingresso-300x169.jpg 300w, https:\/\/www.radiopiu.net\/wordpress\/wp-content\/uploads\/2023\/06\/Render-istituto-Superiore-di-Feltre-Vista-esterna-dellingresso-1024x576.jpg 1024w, https:\/\/www.radiopiu.net\/wordpress\/wp-content\/uploads\/2023\/06\/Render-istituto-Superiore-di-Feltre-Vista-esterna-dellingresso-768x432.jpg 768w, https:\/\/www.radiopiu.net\/wordpress\/wp-content\/uploads\/2023\/06\/Render-istituto-Superiore-di-Feltre-Vista-esterna-dellingresso.jpg 1500w\" sizes=\"auto, (max-width: 300px) 100vw, 300px\" \/><\/a>\n\t\t\t\t<\/dt>\n\t\t\t\t\t<dd class='wp-caption-text gallery-caption' id='gallery-1-341765'>\n\t\t\t\t\tRender istituto Superiore di Feltre &#8211; Vista esterna dell&#8217;ingresso\n\t\t\t\t\t<\/dd><\/dl><dl class='gallery-item'>\n\t\t\t\t<dt class='gallery-icon landscape'>\n\t\t\t\t\t<a class=\"rollover\" href='https:\/\/www.radiopiu.net\/wordpress\/approvato-il-progetto-esecutivo-del-nuovo-negrelli-forcellini-a-breve-laggiudicazione-dei-lavori\/render-istituto-superiore-di-feltre-vista-interna-della-gradonata\/'><img loading=\"lazy\" decoding=\"async\" width=\"300\" height=\"225\" src=\"https:\/\/www.radiopiu.net\/wordpress\/wp-content\/uploads\/2023\/06\/Render-istituto-Superiore-di-Feltre-Vista-interna-della-gradonata-300x225.jpg\" class=\"attachment-medium size-medium\" alt=\"\" aria-describedby=\"gallery-1-341766\" srcset=\"https:\/\/www.radiopiu.net\/wordpress\/wp-content\/uploads\/2023\/06\/Render-istituto-Superiore-di-Feltre-Vista-interna-della-gradonata-300x225.jpg 300w, https:\/\/www.radiopiu.net\/wordpress\/wp-content\/uploads\/2023\/06\/Render-istituto-Superiore-di-Feltre-Vista-interna-della-gradonata-1024x768.jpg 1024w, https:\/\/www.radiopiu.net\/wordpress\/wp-content\/uploads\/2023\/06\/Render-istituto-Superiore-di-Feltre-Vista-interna-della-gradonata-768x576.jpg 768w, https:\/\/www.radiopiu.net\/wordpress\/wp-content\/uploads\/2023\/06\/Render-istituto-Superiore-di-Feltre-Vista-interna-della-gradonata-1536x1152.jpg 1536w, https:\/\/www.radiopiu.net\/wordpress\/wp-content\/uploads\/2023\/06\/Render-istituto-Superiore-di-Feltre-Vista-interna-della-gradonata-2048x1536.jpg 2048w\" sizes=\"auto, (max-width: 300px) 100vw, 300px\" \/><\/a>\n\t\t\t\t<\/dt>\n\t\t\t\t\t<dd class='wp-caption-text gallery-caption' id='gallery-1-341766'>\n\t\t\t\t\tRender istituto Superiore di Feltre &#8211; Vista interna della gradonata\n\t\t\t\t\t<\/dd><\/dl><br style=\"clear: both\" \/>\n\t\t\t<\/div>\n\n<p>&nbsp;<\/p>\n<p>&nbsp;<\/p>\n<p>*******<\/p>\n","protected":false},"excerpt":{"rendered":"<p>BELLUNO Il nuovo istituto Negrelli-Forcellini di Feltre comincia a prendere forma. Il primo passo \u00e8 stato mosso qualche giorno fa, con l\u2019approvazione del progetto esecutivo da parte della Provincia di Belluno (che ha accorpato le fasi definitivo-esecutivo). A breve sar\u00e0 aggiudicato l\u2019appalto, poi entro fine anno cominceranno a tutti gli effetti i lavori. Si tratta&hellip;<\/p>\n","protected":false},"author":4,"featured_media":341765,"comment_status":"closed","ping_status":"closed","sticky":false,"template":"","format":"standard","meta":{"_monsterinsights_skip_tracking":false,"_monsterinsights_sitenote_active":false,"_monsterinsights_sitenote_note":"","_monsterinsights_sitenote_category":0,"footnotes":""},"categories":[51,49],"tags":[],"class_list":["post-341761","post","type-post","status-publish","format-standard","has-post-thumbnail","hentry","category-evidenza-top","category-news-18","category-51","category-49","description-off"],"img_url":"https:\/\/www.radiopiu.net\/wordpress\/wp-content\/uploads\/2023\/06\/Render-istituto-Superiore-di-Feltre-Vista-esterna-dellingresso.jpg","_links":{"self":[{"href":"https:\/\/www.radiopiu.net\/wordpress\/wp-json\/wp\/v2\/posts\/341761","targetHints":{"allow":["GET"]}}],"collection":[{"href":"https:\/\/www.radiopiu.net\/wordpress\/wp-json\/wp\/v2\/posts"}],"about":[{"href":"https:\/\/www.radiopiu.net\/wordpress\/wp-json\/wp\/v2\/types\/post"}],"author":[{"embeddable":true,"href":"https:\/\/www.radiopiu.net\/wordpress\/wp-json\/wp\/v2\/users\/4"}],"replies":[{"embeddable":true,"href":"https:\/\/www.radiopiu.net\/wordpress\/wp-json\/wp\/v2\/comments?post=341761"}],"version-history":[{"count":0,"href":"https:\/\/www.radiopiu.net\/wordpress\/wp-json\/wp\/v2\/posts\/341761\/revisions"}],"wp:featuredmedia":[{"embeddable":true,"href":"https:\/\/www.radiopiu.net\/wordpress\/wp-json\/wp\/v2\/media\/341765"}],"wp:attachment":[{"href":"https:\/\/www.radiopiu.net\/wordpress\/wp-json\/wp\/v2\/media?parent=341761"}],"wp:term":[{"taxonomy":"category","embeddable":true,"href":"https:\/\/www.radiopiu.net\/wordpress\/wp-json\/wp\/v2\/categories?post=341761"},{"taxonomy":"post_tag","embeddable":true,"href":"https:\/\/www.radiopiu.net\/wordpress\/wp-json\/wp\/v2\/tags?post=341761"}],"curies":[{"name":"wp","href":"https:\/\/api.w.org\/{rel}","templated":true}]}}