{"id":341799,"date":"2023-06-26T23:59:51","date_gmt":"2023-06-26T21:59:51","guid":{"rendered":"https:\/\/www.radiopiu.net\/wordpress\/?p=341799"},"modified":"2023-06-27T06:00:33","modified_gmt":"2023-06-27T04:00:33","slug":"lastronoma-vania-lorenzi-del-tng-onorata-con-lasteroide-vanialorenzi-per-il-suo-lavoro","status":"publish","type":"post","link":"https:\/\/www.radiopiu.net\/wordpress\/lastronoma-vania-lorenzi-del-tng-onorata-con-lasteroide-vanialorenzi-per-il-suo-lavoro\/","title":{"rendered":"L&#8217;ASTRONOMA VANIA LORENZI DEL TNG ONORATA CON L&#8217;ASTEROIDE VANIALORENZI PER IL SUO LAVORO"},"content":{"rendered":"<p><strong><a class=\"dt-pswp-item\" href=\"https:\/\/www.radiopiu.net\/wordpress\/wp-content\/uploads\/2023\/06\/354597147_1134614677463589_6180611917494201238_n.jpg\" data-dt-img-description=\"\" data-large_image_width=\"1840\" data-large_image_height=\"1200\"><img loading=\"lazy\" decoding=\"async\" class=\" wp-image-341800 alignleft\" src=\"https:\/\/www.radiopiu.net\/wordpress\/wp-content\/uploads\/2023\/06\/354597147_1134614677463589_6180611917494201238_n-300x196.jpg\" alt=\"\" width=\"197\" height=\"129\" srcset=\"https:\/\/www.radiopiu.net\/wordpress\/wp-content\/uploads\/2023\/06\/354597147_1134614677463589_6180611917494201238_n-300x196.jpg 300w, https:\/\/www.radiopiu.net\/wordpress\/wp-content\/uploads\/2023\/06\/354597147_1134614677463589_6180611917494201238_n-1024x668.jpg 1024w, https:\/\/www.radiopiu.net\/wordpress\/wp-content\/uploads\/2023\/06\/354597147_1134614677463589_6180611917494201238_n-768x501.jpg 768w, https:\/\/www.radiopiu.net\/wordpress\/wp-content\/uploads\/2023\/06\/354597147_1134614677463589_6180611917494201238_n-1536x1002.jpg 1536w, https:\/\/www.radiopiu.net\/wordpress\/wp-content\/uploads\/2023\/06\/354597147_1134614677463589_6180611917494201238_n.jpg 1840w\" sizes=\"auto, (max-width: 197px) 100vw, 197px\" \/><\/a>REDAZIONE<\/strong> L&#8217;astronoma Vania Lorenzi del Telescopio Nazionale Galileo (TNG) \u00e8 stata onorata dall&#8217;Unione Astronomica Internazionale con l&#8217;asteroide (32598) Vanialorenzi = 2001 QN159 durante la Conferenza ACM a Flagstaff, USA. Il riconoscimento \u00e8 per il suo lavoro sulle superfici primitive e gli oggetti transnettuniani. I suoi studi si basano sulla spettroscopia a terra con il TNG e su missioni spaziali come il JWST. Laureata all&#8217;Universit\u00e0 di Padova e con un dottorato all&#8217;Universit\u00e0 di Laguna, Lorenzi lavora al TNG da oltre 15 anni e si \u00e8 mostrata grata per l&#8217;onore ricevuto. L&#8217;asteroide Vanialorenzi \u00e8 un corpo della fascia principale con un diametro di 5,214 km.<\/p>\n<p>&nbsp;<\/p>\n<p>&nbsp;<\/p>\n<p>*******<\/p>\n","protected":false},"excerpt":{"rendered":"<p>REDAZIONE L&#8217;astronoma Vania Lorenzi del Telescopio Nazionale Galileo (TNG) \u00e8 stata onorata dall&#8217;Unione Astronomica Internazionale con l&#8217;asteroide (32598) Vanialorenzi = 2001 QN159 durante la Conferenza ACM a Flagstaff, USA. Il riconoscimento \u00e8 per il suo lavoro sulle superfici primitive e gli oggetti transnettuniani. I suoi studi si basano sulla spettroscopia a terra con il TNG&hellip;<\/p>\n","protected":false},"author":4,"featured_media":341800,"comment_status":"closed","ping_status":"closed","sticky":false,"template":"","format":"standard","meta":{"_monsterinsights_skip_tracking":false,"_monsterinsights_sitenote_active":false,"_monsterinsights_sitenote_note":"","_monsterinsights_sitenote_category":0,"footnotes":""},"categories":[51,49],"tags":[],"class_list":["post-341799","post","type-post","status-publish","format-standard","has-post-thumbnail","hentry","category-evidenza-top","category-news-18","category-51","category-49","description-off"],"img_url":"https:\/\/www.radiopiu.net\/wordpress\/wp-content\/uploads\/2023\/06\/354597147_1134614677463589_6180611917494201238_n.jpg","_links":{"self":[{"href":"https:\/\/www.radiopiu.net\/wordpress\/wp-json\/wp\/v2\/posts\/341799","targetHints":{"allow":["GET"]}}],"collection":[{"href":"https:\/\/www.radiopiu.net\/wordpress\/wp-json\/wp\/v2\/posts"}],"about":[{"href":"https:\/\/www.radiopiu.net\/wordpress\/wp-json\/wp\/v2\/types\/post"}],"author":[{"embeddable":true,"href":"https:\/\/www.radiopiu.net\/wordpress\/wp-json\/wp\/v2\/users\/4"}],"replies":[{"embeddable":true,"href":"https:\/\/www.radiopiu.net\/wordpress\/wp-json\/wp\/v2\/comments?post=341799"}],"version-history":[{"count":0,"href":"https:\/\/www.radiopiu.net\/wordpress\/wp-json\/wp\/v2\/posts\/341799\/revisions"}],"wp:featuredmedia":[{"embeddable":true,"href":"https:\/\/www.radiopiu.net\/wordpress\/wp-json\/wp\/v2\/media\/341800"}],"wp:attachment":[{"href":"https:\/\/www.radiopiu.net\/wordpress\/wp-json\/wp\/v2\/media?parent=341799"}],"wp:term":[{"taxonomy":"category","embeddable":true,"href":"https:\/\/www.radiopiu.net\/wordpress\/wp-json\/wp\/v2\/categories?post=341799"},{"taxonomy":"post_tag","embeddable":true,"href":"https:\/\/www.radiopiu.net\/wordpress\/wp-json\/wp\/v2\/tags?post=341799"}],"curies":[{"name":"wp","href":"https:\/\/api.w.org\/{rel}","templated":true}]}}