{"id":341822,"date":"2023-06-28T05:42:54","date_gmt":"2023-06-28T03:42:54","guid":{"rendered":"https:\/\/www.radiopiu.net\/wordpress\/?p=341822"},"modified":"2023-06-28T07:46:10","modified_gmt":"2023-06-28T05:46:10","slug":"giornale-radiopiu-28-giugno-2023-direttore-mirko-mezzacasaverso-i-40-anni-25-giugno-1983-25-giugno-2023","status":"publish","type":"post","link":"https:\/\/www.radiopiu.net\/wordpress\/giornale-radiopiu-28-giugno-2023-direttore-mirko-mezzacasaverso-i-40-anni-25-giugno-1983-25-giugno-2023\/","title":{"rendered":"GIORNALE RADIOPIU 28 GIUGNO 2023 DIRETTORE MIRKO MEZZACASA\u2026VERSO I 40 ANNI 25 GIUGNO 1983-25 GIUGNO 2023"},"content":{"rendered":"<h2 style=\"text-align: left;\"><span style=\"color: #ff0000;\"><span style=\"vertical-align: inherit;\"><a class=\"dt-pswp-item\" href=\"https:\/\/www.radiopiu.net\/wordpress\/wp-content\/uploads\/2023\/04\/e0aad41d-951e-47b9-9fae-1a879a9bcb7e-1.jpg\" data-dt-img-description=\"\" data-large_image_width=\"1200\" data-large_image_height=\"1200\"><img loading=\"lazy\" decoding=\"async\" class=\"wp-image-333205 alignleft\" src=\"https:\/\/www.radiopiu.net\/wordpress\/wp-content\/uploads\/2023\/04\/e0aad41d-951e-47b9-9fae-1a879a9bcb7e-1-300x300.jpg\" alt=\"\" width=\"110\" height=\"110\" srcset=\"https:\/\/www.radiopiu.net\/wordpress\/wp-content\/uploads\/2023\/04\/e0aad41d-951e-47b9-9fae-1a879a9bcb7e-1-300x300.jpg 300w, https:\/\/www.radiopiu.net\/wordpress\/wp-content\/uploads\/2023\/04\/e0aad41d-951e-47b9-9fae-1a879a9bcb7e-1-1024x1024.jpg 1024w, https:\/\/www.radiopiu.net\/wordpress\/wp-content\/uploads\/2023\/04\/e0aad41d-951e-47b9-9fae-1a879a9bcb7e-1-150x150.jpg 150w, https:\/\/www.radiopiu.net\/wordpress\/wp-content\/uploads\/2023\/04\/e0aad41d-951e-47b9-9fae-1a879a9bcb7e-1-768x768.jpg 768w, https:\/\/www.radiopiu.net\/wordpress\/wp-content\/uploads\/2023\/04\/e0aad41d-951e-47b9-9fae-1a879a9bcb7e-1.jpg 1200w\" sizes=\"auto, (max-width: 110px) 100vw, 110px\" \/><\/a><\/span><\/span><\/h2>\n<h1 class=\"entry-title\">40esimo di RADIOPIU\u2026. LA VOCE DELL\u2019EMOZIONE<\/h1>\n<p>&nbsp;<\/p>\n<h2><span style=\"color: #ff0000;\">ISCRIVITI AL NOSTRO CANALE\u00a0\u00a0YOUTUBE PER SEGUIRE IN DIRETTA I PRINCIPALI PROGRAMMI DI RADIO PIU\u2019 E LE FUTURE DIRETTE IN ESTERNA. PER ISCRIVERTI\u00a0<a style=\"color: #ff0000;\" href=\"https:\/\/youtube.com\/@radiopiu1527\">CLICCA QUI\u00a0<\/a>E PREMI\u00a0 \u201cIscriviti\u201d\u00a0 \u00a0<\/span><\/h2>\n<p>&nbsp;<\/p>\n<hr \/>\n<p>&nbsp;<\/p>\n<blockquote>\n<h3>LAVORI PROGRAMMATI ENEL<\/h3>\n<\/blockquote>\n<p><span style=\"color: #000000;\"><strong>VOLTAGO <\/strong><span style=\"color: #ff0000;\">OGGI<\/span><\/span>\u00a0DALLE 9 ALLE 12 INTERRUZIONI DI ENERGIA ELETTRICA NELLE VIE MATHADOR, TRENTO TRIESTE, DIGOMAN, GIOIA E 4 NOVEMBRE<\/p>\n<p>&nbsp;<\/p>\n<p>&nbsp;<\/p>\n<hr \/>\n<p>&nbsp;<\/p>\n<blockquote>\n<h2>CHIUDE LA PRINCIPALE PER IL DURAN, DEVIAZIONI IN LOCO<\/h2>\n<\/blockquote>\n<p><strong>SP347 DEL DURAN E CEREDA:<\/strong> localit\u00e0 Lantrago La Valle. <span style=\"color: #ff0000;\">Fino\u00a0al 13 luglio<\/span> chiusura totale al traffico della strada per il Passo Duran per lavori di allargamento del Ponte Lantrago e sistemazione della carreggiata. percorso alternativo consigliato: CROSTOLIN-GAIDON\u00a0 strada comunale interdetta al transito dei veicoli con larghezza superiore ai 2 metri e 40 centimetri.<\/p>\n<p>&nbsp;<\/p>\n<p>&nbsp;<\/p>\n<hr \/>\n<p>&nbsp;<\/p>\n<blockquote>\n<h3>SAVINER-DIGONERA: LE CHIUSURE<\/h3>\n<\/blockquote>\n<p>Veneto strade comunica che la SP 563 di Salesei sar\u00e0 interessata da un&#8217;interdizione totale alla circolazione in localit\u00e0 Digonera nel comune di Rocca Pietore.\u00a0 Fino al 28 luglio la strada sar\u00e0 di nuovo interdetta al traffico dalle 8 del luned\u00ec alle 18 di venerd\u00ec e nel fine settimana istituzione di un senso unico alternato regolato da semaforo e limite di velocit\u00e0 a 30 km\/h.<\/p>\n<p>&nbsp;<\/p>\n<p>&nbsp;<\/p>\n<hr \/>\n<p>&nbsp;<\/p>\n<blockquote>\n<h3>METEO. DICHIARATA ALLERTA GIALLA PER FORTI TEMPORALI FINO A QUESTA MATTINA<\/h3>\n<\/blockquote>\n<p><strong>VENEZIA\u00a0 <\/strong>Sulla base delle previsioni meteo, il Centro Funzionale Decentrato della Protezione Civile della Regione Veneto ha emesso un Avviso di criticit\u00e0 idrogeologica per temporali (allerta gialla) sull\u2019intero territorio, valevole fino a questa mattina. Saranno probabili rovesci e temporali sparsi dapprima sulle zone montane\/pedemontane fino alle prime ore di oggi. Saranno possibili fenomeni localmente intensi (forti rovesci, forti raffiche di vento, locali grandinate). Si segnala il possibile innesco di frane superficiali e colate rapide sui settori montani, pedemontani, collinari delle zone in allerta; possibile innalzamento dei livelli della rete idrografica secondaria e rigurgito dei sistemi di smaltimento delle acque piovane con allagamenti di locali interrati e\/o sottopassi. Lo scenario sar\u00e0 caratterizzato da fenomeni intensi e in rapida evoluzione.<\/p>\n<p><a class=\"dt-pswp-item\" href=\"https:\/\/www.radiopiu.net\/wordpress\/wp-content\/uploads\/2023\/06\/idro-veneto.png\" data-dt-img-description=\"\" data-large_image_width=\"943\" data-large_image_height=\"263\"><img loading=\"lazy\" decoding=\"async\" class=\"alignnone wp-image-341902 size-full\" src=\"https:\/\/www.radiopiu.net\/wordpress\/wp-content\/uploads\/2023\/06\/idro-veneto.png\" alt=\"\" width=\"943\" height=\"263\" srcset=\"https:\/\/www.radiopiu.net\/wordpress\/wp-content\/uploads\/2023\/06\/idro-veneto.png 943w, https:\/\/www.radiopiu.net\/wordpress\/wp-content\/uploads\/2023\/06\/idro-veneto-300x84.png 300w, https:\/\/www.radiopiu.net\/wordpress\/wp-content\/uploads\/2023\/06\/idro-veneto-768x214.png 768w\" sizes=\"auto, (max-width: 943px) 100vw, 943px\" \/><\/a><\/p>\n<p>&nbsp;<\/p>\n<hr \/>\n<p>&nbsp;<\/p>\n<blockquote>\n<h3>IL RICORDO DI LEONARDO DEL VECCHIO NELLA MESSA DEL PALALUXOTTICA<\/h3>\n<\/blockquote>\n<p><strong>AGORDO<\/strong> Quasi 1800 persone hanno partecipato alla messa in ricordo del Fondatore di Luxottica Leonardo Del Vecchio. Ad un anno dalla scomparsa del Cavaliere, dipendenti del gruppo e cittadini di Agordo ma non solo si sono ritrovati al Palaluxottica per la messa celebrata dal Vescovo Renato Marangoni e il parroco Don Cesare Larese. Alla cerimonia erano presenti anche Francesco Milleri, attuale presidente di EssilorLuxottica, e Luigi Francavilla, braccio destro di Leonardo del Vecchio.<\/p>\n<blockquote><p><em>Presenti il parroco di Cencenighe Luigi Canal, il cappellano di Agordo don Virgilio Agostinelli e Monsignor Giorgio Lise :&#8221;La mia presenza era un debito di riconoscenza verso Del Vecchio che \u00e8 stato molto generoso verso la parrocchia&#8221;<\/em><\/p><\/blockquote>\n\n\t\t\t<style type='text\/css'>\n\t\t\t\t#gallery-1 {\n\t\t\t\t\tmargin: auto;\n\t\t\t\t}\n\t\t\t\t#gallery-1 .gallery-item {\n\t\t\t\t\tfloat: left;\n\t\t\t\t\tmargin-top: 10px;\n\t\t\t\t\ttext-align: center;\n\t\t\t\t\twidth: 33%;\n\t\t\t\t}\n\t\t\t\t#gallery-1 img {\n\t\t\t\t\tborder: 2px solid #cfcfcf;\n\t\t\t\t}\n\t\t\t\t#gallery-1 .gallery-caption {\n\t\t\t\t\tmargin-left: 0;\n\t\t\t\t}\n\t\t\t\t\/* see gallery_shortcode() in wp-includes\/media.php *\/\n\t\t\t<\/style>\n\t\t<div id='gallery-1' class='dt-gallery-container gallery galleryid-341822 gallery-columns-3 gallery-size-thumbnail'><dl class='gallery-item'>\n\t\t\t\t<dt class='gallery-icon landscape'>\n\t\t\t\t\t<a class=\"rollover rollover-zoom dt-pswp-item\" title=\"5cabc238-6591-40e8-89a0-3041d33d091e\" data-dt-img-description=\"\" data-large_image_width=\"1024\" data-large_image_height=\"683\"href='https:\/\/www.radiopiu.net\/wordpress\/wp-content\/uploads\/2023\/06\/5cabc238-6591-40e8-89a0-3041d33d091e.jpg'><img loading=\"lazy\" decoding=\"async\" width=\"150\" height=\"150\" src=\"https:\/\/www.radiopiu.net\/wordpress\/wp-content\/uploads\/2023\/06\/5cabc238-6591-40e8-89a0-3041d33d091e-150x150.jpg\" class=\"attachment-thumbnail size-thumbnail\" alt=\"\" \/><\/a>\n\t\t\t\t<\/dt><\/dl><dl class='gallery-item'>\n\t\t\t\t<dt class='gallery-icon landscape'>\n\t\t\t\t\t<a class=\"rollover rollover-zoom dt-pswp-item\" title=\"6b22588f-355c-4eee-90ca-8c3c8f2f5b63\" data-dt-img-description=\"\" data-large_image_width=\"1024\" data-large_image_height=\"683\"href='https:\/\/www.radiopiu.net\/wordpress\/wp-content\/uploads\/2023\/06\/6b22588f-355c-4eee-90ca-8c3c8f2f5b63.jpg'><img loading=\"lazy\" decoding=\"async\" width=\"150\" height=\"150\" src=\"https:\/\/www.radiopiu.net\/wordpress\/wp-content\/uploads\/2023\/06\/6b22588f-355c-4eee-90ca-8c3c8f2f5b63-150x150.jpg\" class=\"attachment-thumbnail size-thumbnail\" alt=\"\" \/><\/a>\n\t\t\t\t<\/dt><\/dl><dl class='gallery-item'>\n\t\t\t\t<dt class='gallery-icon landscape'>\n\t\t\t\t\t<a class=\"rollover rollover-zoom dt-pswp-item\" title=\"7178d1c9-f95e-4e1c-9284-e3eb40a7ca2f\" data-dt-img-description=\"\" data-large_image_width=\"1024\" data-large_image_height=\"1024\"href='https:\/\/www.radiopiu.net\/wordpress\/wp-content\/uploads\/2023\/06\/7178d1c9-f95e-4e1c-9284-e3eb40a7ca2f.jpg'><img loading=\"lazy\" decoding=\"async\" width=\"150\" height=\"150\" src=\"https:\/\/www.radiopiu.net\/wordpress\/wp-content\/uploads\/2023\/06\/7178d1c9-f95e-4e1c-9284-e3eb40a7ca2f-150x150.jpg\" class=\"attachment-thumbnail size-thumbnail\" alt=\"\" srcset=\"https:\/\/www.radiopiu.net\/wordpress\/wp-content\/uploads\/2023\/06\/7178d1c9-f95e-4e1c-9284-e3eb40a7ca2f-150x150.jpg 150w, https:\/\/www.radiopiu.net\/wordpress\/wp-content\/uploads\/2023\/06\/7178d1c9-f95e-4e1c-9284-e3eb40a7ca2f-300x300.jpg 300w, https:\/\/www.radiopiu.net\/wordpress\/wp-content\/uploads\/2023\/06\/7178d1c9-f95e-4e1c-9284-e3eb40a7ca2f-768x768.jpg 768w, https:\/\/www.radiopiu.net\/wordpress\/wp-content\/uploads\/2023\/06\/7178d1c9-f95e-4e1c-9284-e3eb40a7ca2f.jpg 1024w\" sizes=\"auto, (max-width: 150px) 100vw, 150px\" \/><\/a>\n\t\t\t\t<\/dt><\/dl><br style=\"clear: both\" \/>\n\t\t\t<\/div>\n\n<p>&nbsp;<\/p>\n<p><strong>FRANCESCO MILLERI E LUIGI FRANCAVILLA<\/strong><\/p>\n<audio class=\"wp-audio-shortcode\" id=\"audio-341822-1\" preload=\"none\" style=\"width: 100%;\" controls=\"controls\"><source type=\"audio\/mpeg\" src=\"https:\/\/www.radiopiu.net\/wordpress\/wp-content\/uploads\/2023\/06\/MILLERI-FRANCAVILLA-MESSA-DEL-VECCHIO.mp3?_=1\" \/><a href=\"https:\/\/www.radiopiu.net\/wordpress\/wp-content\/uploads\/2023\/06\/MILLERI-FRANCAVILLA-MESSA-DEL-VECCHIO.mp3\">https:\/\/www.radiopiu.net\/wordpress\/wp-content\/uploads\/2023\/06\/MILLERI-FRANCAVILLA-MESSA-DEL-VECCHIO.mp3<\/a><\/audio>\n<div><\/div>\n<blockquote>\n<div class=\"articlePlainText\"><em>Abbracci e saluti anche tra i vari figli di Del Vecchio: uno molto affettuoso tra Claudio e Leonardo Maria, ma \u00e8 solo uno dei momenti, privati ma vissuti davanti a tutti.<\/em><\/div>\n<\/blockquote>\n<p><strong>IL VESCOVO DI BELLUNO RENATO MARANGONI\u00a0<\/strong><\/p>\n<div class=\"articlePlainText\">\u00abUna persona cara, preziosa, a cui dobbiamo molto\u00bb, ha iniziato cos\u00ec la sua omelia, il vescovo di Belluno e Feltre, Renato Marangoni, che ha concelebrato la messa. \u00abLeonardo ha fatto molto per un territorio a cui si era appassionato, con tutta l&#8217;intraprendenza del suo genio imprenditoriale, tra persone che hanno riconosciuto l&#8217;eccezionalit\u00e0 della sua opera. Il nostro ritrovarci qui \u00e8 un gesto di riconoscenza, \u00e8 un sospiro di pace, \u00e8 una preghiera del cuore che si inerpica in cielo\u00bb.<\/div>\n<div><\/div>\n<p><em><strong><a class=\"dt-pswp-item\" href=\"https:\/\/www.radiopiu.net\/wordpress\/wp-content\/uploads\/2023\/06\/Senza-nome-70.png\" data-dt-img-description=\"\" data-large_image_width=\"902\" data-large_image_height=\"321\"><img loading=\"lazy\" decoding=\"async\" class=\"alignnone wp-image-341985 size-full\" src=\"https:\/\/www.radiopiu.net\/wordpress\/wp-content\/uploads\/2023\/06\/Senza-nome-70.png\" alt=\"\" width=\"902\" height=\"321\" srcset=\"https:\/\/www.radiopiu.net\/wordpress\/wp-content\/uploads\/2023\/06\/Senza-nome-70.png 902w, https:\/\/www.radiopiu.net\/wordpress\/wp-content\/uploads\/2023\/06\/Senza-nome-70-300x107.png 300w, https:\/\/www.radiopiu.net\/wordpress\/wp-content\/uploads\/2023\/06\/Senza-nome-70-768x273.png 768w\" sizes=\"auto, (max-width: 902px) 100vw, 902px\" \/><\/a>\u00a0<\/strong><\/em><\/p>\n<p><em><strong>IL RICORDO DEL PRESIDENTE DELLA PROVINCIA DI BELLUNO ROBERTO PADRIN<\/strong><\/em><\/p>\n<p>\u00abLa forza delle idee, la tenacia nel realizzarle, la gioia del successo, la condivisione e la gratitudine per i collaboratori. Questo era Leonardo Del Vecchio. L\u2019ho toccato con mano nella commozione e nel ricordo, nella messa a un anno dalla scomparsa, in un PalaLuxottica pieno di riconoscenza\u00bb.<br \/>\nCos\u00ec il presidente della Provincia di Belluno, Roberto Padrin, che ha partecipato ieri sera alla messa di commemorazione di Leonardo Del Vecchio, al PalaLuxottica di Agordo.<\/p>\n<p><strong>IL SINDACO DI CENCENIGHE MAURO SOPPELSA\u00a0\u00a0<\/strong><br \/>\n\u00abCi sono 400 dipendenti, molti di Cencenighe, tanti della parte alta dell&#8217;Agordino. Abbiamo avuto sicuramente delle preoccupazioni dopo la morte di Del Vecchio\u00bb, spiega il primo cittadino, \u00abe invece abbiamo potuto constatare che tutto sta andando nel senso della continuit\u00e0 con il suo agire\u00bb.<\/p>\n<p><strong>IL SINDACO DI ALLEGHE DANILO DE TONI <\/strong>\u00abLa paura iniziale era proprio quella, che ci potessero essere dei cambiamenti, invece non \u00e8 stato cos\u00ec\u00bb.<\/p>\n<p><strong>\u00a0IL SINDACO DI AGORDO ROBERTO CHISSALE&#8217;<\/strong> \u00a0\u00abi nostri rapporti con i vertici dell&#8217;azienda sono sempre costanti e positivi, in un&#8217;ottica di miglioramento dei servizi per i cittadini. Parlando con i dipendenti si percepisce comunque quanto si senta la mancanza del paron\u00bb.<\/p>\n<p>&nbsp;<\/p>\n<hr \/>\n<p>&nbsp;<\/p>\n<blockquote>\n<h3>AUTOCARRO IN MANOVRA COLPISCE IL PALO DELLA LUCE E LO ABBATTE<\/h3>\n<\/blockquote>\n<p><strong><a class=\"dt-pswp-item\" href=\"https:\/\/www.radiopiu.net\/wordpress\/wp-content\/uploads\/2023\/06\/Intervento-27.06.23.jpeg\" data-dt-img-description=\"\" data-large_image_width=\"1024\" data-large_image_height=\"716\"><img loading=\"lazy\" decoding=\"async\" class=\" wp-image-341899 alignleft\" src=\"https:\/\/www.radiopiu.net\/wordpress\/wp-content\/uploads\/2023\/06\/Intervento-27.06.23-300x210.jpeg\" alt=\"\" width=\"139\" height=\"97\" srcset=\"https:\/\/www.radiopiu.net\/wordpress\/wp-content\/uploads\/2023\/06\/Intervento-27.06.23-300x210.jpeg 300w, https:\/\/www.radiopiu.net\/wordpress\/wp-content\/uploads\/2023\/06\/Intervento-27.06.23-768x537.jpeg 768w, https:\/\/www.radiopiu.net\/wordpress\/wp-content\/uploads\/2023\/06\/Intervento-27.06.23.jpeg 1024w\" sizes=\"auto, (max-width: 139px) 100vw, 139px\" \/><\/a>BELLUNO<\/strong> Ieri alle 9:30 una pattuglia della Polizia Locale di Belluno \u00e8 intervenuta a Castion a seguito della caduta di un palo della luce, abbattuto da un autocarro in manovra. Identificato il responsabile, gli agenti hanno provveduto immediatamente a mettere in sicurezza l\u2019area chiedendo l\u2019intervento dei Vigili del Fuoco e dei tecnici del Comune al fine di sistemare l\u2019impianto danneggiato. L&#8217;intervento \u00e8 terminato verso le 12.<\/p>\n<p>&nbsp;<\/p>\n<p>&nbsp;<\/p>\n<hr \/>\n<p>&nbsp;<\/p>\n<blockquote>\n<h3 class=\"entry-title\">LE VOLANTI RECUPERANO LE BICICLETTE RUBATE ALLA SAGRA DI CASTION<\/h3>\n<\/blockquote>\n<p><a class=\"dt-pswp-item pspw-wrap-ready\" href=\"https:\/\/www.radiopiu.net\/wordpress\/wp-content\/uploads\/2023\/06\/IMG-20230626-WA0055.jpg\" data-dt-img-description=\"\" data-large_image_width=\"2048\" data-large_image_height=\"1360\"><img loading=\"lazy\" decoding=\"async\" class=\" wp-image-341891 alignleft\" src=\"https:\/\/www.radiopiu.net\/wordpress\/wp-content\/uploads\/2023\/06\/IMG-20230626-WA0055-300x199.jpg\" sizes=\"auto, (max-width: 300px) 100vw, 300px\" srcset=\"https:\/\/www.radiopiu.net\/wordpress\/wp-content\/uploads\/2023\/06\/IMG-20230626-WA0055-300x199.jpg 300w, https:\/\/www.radiopiu.net\/wordpress\/wp-content\/uploads\/2023\/06\/IMG-20230626-WA0055-1024x680.jpg 1024w, https:\/\/www.radiopiu.net\/wordpress\/wp-content\/uploads\/2023\/06\/IMG-20230626-WA0055-768x510.jpg 768w, https:\/\/www.radiopiu.net\/wordpress\/wp-content\/uploads\/2023\/06\/IMG-20230626-WA0055-1536x1020.jpg 1536w, https:\/\/www.radiopiu.net\/wordpress\/wp-content\/uploads\/2023\/06\/IMG-20230626-WA0055.jpg 2048w\" alt=\"\" width=\"172\" height=\"114\" \/><\/a><strong>BELLUNO<\/strong>\u00a0Alla sagra del Campanot a Castion, sono state rubate due biciclette di propriet\u00e0 dei volontari che prestano servizio alla manifestazione, una e-bike e una mountain bike del valore di svariate migliaia di euro. Nel pomeriggio del 26 giugno gli agenti delle Volanti, dopo un\u2019attivit\u00e0 info-investigativa nella quale hanno indivuduato alcuni giovani possibili autori ed hanno ritrovato l\u2019e-bike abbandonata a poca distanza dall\u2019abitazione di uno di\u00a0 loro. Contattato il presunto autore e messo davanti all\u2019evidenza dei fatti, lo stesso ha ammesso di aver prelevato, insieme ad un suo conoscente, quelle biciclette per poter far rientro a Belluno con altri amici. Grazie all\u2019analisi dei contatti sulle piattaforme social e delle frequentazioni del giovane, gli agenti hanno individuato\u00a0 gli altri possibili appartenenti al gruppo che aveva preso parte al furto. Gli uomini delle Volanti hanno recuperato la mountain bike, anche questa abbandonata a poche decine di metri da casa di chi se ne era appropriato. I giovani\u00a0 sono stati deferiti all\u2019Autorit\u00e0 Giudiziaria che avr\u00e0 il compito di valutarne le responsabilit\u00e0 penali, biciclette restituite.<\/p>\n<p>&nbsp;<\/p>\n<p>&nbsp;<\/p>\n<hr \/>\n<p>&nbsp;<\/p>\n<blockquote>\n<h3>RECUPERATO UN RETTILE IN CENTRO STORICO A BELLUNO<\/h3>\n<\/blockquote>\n<p><strong>BELLUNO<\/strong> I Vigili del Fuoco sono stati chiamati in centro storico a Belluno per il recupero di un animale. Infatti sotto ad una pedana di fronte al negozio La Mela era nascosto un grosso serpente che i pompieri hanno recuperato.<\/p>\n\n\t\t\t<style type='text\/css'>\n\t\t\t\t#gallery-2 {\n\t\t\t\t\tmargin: auto;\n\t\t\t\t}\n\t\t\t\t#gallery-2 .gallery-item {\n\t\t\t\t\tfloat: left;\n\t\t\t\t\tmargin-top: 10px;\n\t\t\t\t\ttext-align: center;\n\t\t\t\t\twidth: 33%;\n\t\t\t\t}\n\t\t\t\t#gallery-2 img {\n\t\t\t\t\tborder: 2px solid #cfcfcf;\n\t\t\t\t}\n\t\t\t\t#gallery-2 .gallery-caption {\n\t\t\t\t\tmargin-left: 0;\n\t\t\t\t}\n\t\t\t\t\/* see gallery_shortcode() in wp-includes\/media.php *\/\n\t\t\t<\/style>\n\t\t<div id='gallery-2' class='dt-gallery-container gallery galleryid-341822 gallery-columns-3 gallery-size-thumbnail'><dl class='gallery-item'>\n\t\t\t\t<dt class='gallery-icon portrait'>\n\t\t\t\t\t<a class=\"rollover rollover-zoom dt-pswp-item\" title=\"afdc68e7-bdf0-4452-ac89-adb3ea25a634\" data-dt-img-description=\"\" data-large_image_width=\"960\" data-large_image_height=\"1116\"href='https:\/\/www.radiopiu.net\/wordpress\/wp-content\/uploads\/2023\/06\/afdc68e7-bdf0-4452-ac89-adb3ea25a634.jpg'><img loading=\"lazy\" decoding=\"async\" width=\"150\" height=\"150\" src=\"https:\/\/www.radiopiu.net\/wordpress\/wp-content\/uploads\/2023\/06\/afdc68e7-bdf0-4452-ac89-adb3ea25a634-150x150.jpg\" class=\"attachment-thumbnail size-thumbnail\" alt=\"\" \/><\/a>\n\t\t\t\t<\/dt><\/dl><dl class='gallery-item'>\n\t\t\t\t<dt class='gallery-icon landscape'>\n\t\t\t\t\t<a class=\"rollover rollover-zoom dt-pswp-item\" title=\"db28ee8a-8c85-4b67-b78a-0886591e0a36\" data-dt-img-description=\"\" data-large_image_width=\"720\" data-large_image_height=\"487\"href='https:\/\/www.radiopiu.net\/wordpress\/wp-content\/uploads\/2023\/06\/db28ee8a-8c85-4b67-b78a-0886591e0a36.jpg'><img loading=\"lazy\" decoding=\"async\" width=\"150\" height=\"150\" src=\"https:\/\/www.radiopiu.net\/wordpress\/wp-content\/uploads\/2023\/06\/db28ee8a-8c85-4b67-b78a-0886591e0a36-150x150.jpg\" class=\"attachment-thumbnail size-thumbnail\" alt=\"\" \/><\/a>\n\t\t\t\t<\/dt><\/dl><dl class='gallery-item'>\n\t\t\t\t<dt class='gallery-icon landscape'>\n\t\t\t\t\t<a class=\"rollover rollover-zoom dt-pswp-item\" title=\"0545dadf-5de1-4251-b766-348bf557a0ac\" data-dt-img-description=\"\" data-large_image_width=\"720\" data-large_image_height=\"506\"href='https:\/\/www.radiopiu.net\/wordpress\/wp-content\/uploads\/2023\/06\/0545dadf-5de1-4251-b766-348bf557a0ac.jpg'><img loading=\"lazy\" decoding=\"async\" width=\"150\" height=\"150\" src=\"https:\/\/www.radiopiu.net\/wordpress\/wp-content\/uploads\/2023\/06\/0545dadf-5de1-4251-b766-348bf557a0ac-150x150.jpg\" class=\"attachment-thumbnail size-thumbnail\" alt=\"\" \/><\/a>\n\t\t\t\t<\/dt><\/dl><br style=\"clear: both\" \/>\n\t\t\t<\/div>\n\n<p>&nbsp;<\/p>\n<hr \/>\n<p>&nbsp;<\/p>\n<blockquote>\n<h3>IL COMUNE TENDE LA MANO ALLE FAMIGLIE. IL SINDACO &#8220;Obiettivo, sostenere la comunit\u00e0&#8221;<\/h3>\n<\/blockquote>\n<p><strong><a class=\"dt-pswp-item\" href=\"https:\/\/www.radiopiu.net\/wordpress\/wp-content\/uploads\/2022\/12\/MUNICIPIO-FALCADE.png\" data-dt-img-description=\"\" data-large_image_width=\"941\" data-large_image_height=\"655\"><img loading=\"lazy\" decoding=\"async\" class=\"size-medium wp-image-314065 alignleft\" src=\"https:\/\/www.radiopiu.net\/wordpress\/wp-content\/uploads\/2022\/12\/MUNICIPIO-FALCADE-300x209.png\" alt=\"\" width=\"300\" height=\"209\" srcset=\"https:\/\/www.radiopiu.net\/wordpress\/wp-content\/uploads\/2022\/12\/MUNICIPIO-FALCADE-300x209.png 300w, https:\/\/www.radiopiu.net\/wordpress\/wp-content\/uploads\/2022\/12\/MUNICIPIO-FALCADE-768x535.png 768w, https:\/\/www.radiopiu.net\/wordpress\/wp-content\/uploads\/2022\/12\/MUNICIPIO-FALCADE.png 941w\" sizes=\"auto, (max-width: 300px) 100vw, 300px\" \/><\/a>FALCADE<\/strong> Le famiglie di Falcade saranno aiutate con fondi per circa 13.500 euro. Nell\u2019ultima riunione del Consiglio comunale tenutasi luned\u00ec 19 giugno, infatti, tra le variazioni di bilancio votate dall\u2019assemblea ci sono stati anche accantonamenti per il doposcuola e il bonus beb\u00e8 istituito a partire da quest\u2019anno. \u201cAbbiamo riservato grande attenzione a bambini e giovani, all\u2019educazione e al sostegno alle famiglie, l\u2019obiettivo \u00e8 sostenere la nostra comunit\u00e0 ma anche attirare nuove famiglie a vivere qui\u201d spiega l\u2019Assessore alla Cultura e alla Scuola Flavio Murer coaudiovato dalla Consigliera Comunale con delega al Sociale Jessica Secchi.<a class=\"dt-pswp-item\" href=\"https:\/\/www.radiopiu.net\/wordpress\/wp-content\/uploads\/2022\/05\/MAURO-SALVATERRA.jpg\" data-dt-img-description=\"\" data-large_image_width=\"1066\" data-large_image_height=\"1600\"> <img loading=\"lazy\" decoding=\"async\" class=\"size-medium wp-image-275747 alignright\" src=\"https:\/\/www.radiopiu.net\/wordpress\/wp-content\/uploads\/2022\/05\/MAURO-SALVATERRA-200x300.jpg\" alt=\"\" width=\"200\" height=\"300\" srcset=\"https:\/\/www.radiopiu.net\/wordpress\/wp-content\/uploads\/2022\/05\/MAURO-SALVATERRA-200x300.jpg 200w, https:\/\/www.radiopiu.net\/wordpress\/wp-content\/uploads\/2022\/05\/MAURO-SALVATERRA-682x1024.jpg 682w, https:\/\/www.radiopiu.net\/wordpress\/wp-content\/uploads\/2022\/05\/MAURO-SALVATERRA-768x1153.jpg 768w, https:\/\/www.radiopiu.net\/wordpress\/wp-content\/uploads\/2022\/05\/MAURO-SALVATERRA-1023x1536.jpg 1023w, https:\/\/www.radiopiu.net\/wordpress\/wp-content\/uploads\/2022\/05\/MAURO-SALVATERRA.jpg 1066w\" sizes=\"auto, (max-width: 200px) 100vw, 200px\" \/><\/a>A partire dal prossimo anno scolastico, c\u2019\u00e8 l\u2019intenzione di istituire il doposcuola alla Marmolada, tutti i giorni della settimana salvo il gioved\u00ec gi\u00e0 occupato dal rientro. Con 6 mila euro l\u2019amministrazione coprir\u00e0 i costi del servizio e si sta gi\u00e0 pensando di accantonare un ulteriore fondo in vista dell\u2019attivazione, anche, della mensa interna. \u201cStiamo lavorando per mettere in piedi il servizio e abbiamo gi\u00e0 trovato volontari per la distribuzione dei pasti. Vorremmo intervenire con contributi alle famiglie per il sostegno di questa spesa\u201d, aggiunge Murer. Altra novit\u00e0, per il quale \u00e8 gi\u00e0 stato accantonato un gruzzolo, entrato nell\u2019ultima variazione di bilancio, \u00e8 il bonus beb\u00e8. Una mano che l\u2019amministrazione vuole tendere ai genitori residenti nel comune, per sostenere le nascite, dare il benvenuto ai nuovi abitanti e, magari, attrarre nuovi nuclei. Il fondo per l\u2019anno in corso ammonta a 7.500 euro.<br \/>\nInfine, un aiuto all\u2019Associazione Attivamente Agordino responsabile e organizzatrice del centro estivo alla quale quest\u2019anno il Comune conceder\u00e0 gli spazi della scuola elementare e dell\u2019asilo in forma gratuita. \u201cNon sono contributi spot, fanno parte di un progetto ampio di sostegno alla residenzialit\u00e0, di supporto alle giovani famiglie e alle associazioni che operano con i giovani e i bambini. L\u2019obiettivo \u00e8 dare servizi, andare incontro ai genitori nella gestione dei figli e mantenere sempre alta la qualit\u00e0 della vita a Falcade, magari attirando nuovi abitanti. La nostra \u00e8 una comunit\u00e0 viva e operosa, ci sono decine e decine di volontari che si prodigano per curare il verde, pulire il territorio e in piccole manutenzioni. Lo fanno per altruismo e per senso civico e di questo gliene sono profondamente grato, per noi sono fonte di grande orgoglio\u201d, il commento del sindaco Mauro Salvaterra.<\/p>\n<p>&nbsp;<\/p>\n<hr \/>\n<p>&nbsp;<\/p>\n<blockquote>\n<h3>ITIS NEGRELLI, PER L&#8217;AMMINISTRAZIONE DEL COMUNE DI FELTRE UN&#8217;ALTRA SOLUZIONE ERA POSSIBILE<\/h3>\n<\/blockquote>\n<p><a class=\"dt-pswp-item\" href=\"https:\/\/www.radiopiu.net\/wordpress\/wp-content\/uploads\/2023\/06\/Istituto-Negrelli-oggi.jpg\" data-dt-img-description=\"Istituto Negrelli oggi\" data-large_image_width=\"1280\" data-large_image_height=\"559\"><img loading=\"lazy\" decoding=\"async\" class=\"wp-image-341764 alignleft\" src=\"https:\/\/www.radiopiu.net\/wordpress\/wp-content\/uploads\/2023\/06\/Istituto-Negrelli-oggi-300x131.jpg\" alt=\"\" width=\"204\" height=\"89\" srcset=\"https:\/\/www.radiopiu.net\/wordpress\/wp-content\/uploads\/2023\/06\/Istituto-Negrelli-oggi-300x131.jpg 300w, https:\/\/www.radiopiu.net\/wordpress\/wp-content\/uploads\/2023\/06\/Istituto-Negrelli-oggi-1024x447.jpg 1024w, https:\/\/www.radiopiu.net\/wordpress\/wp-content\/uploads\/2023\/06\/Istituto-Negrelli-oggi-768x335.jpg 768w, https:\/\/www.radiopiu.net\/wordpress\/wp-content\/uploads\/2023\/06\/Istituto-Negrelli-oggi.jpg 1280w\" sizes=\"auto, (max-width: 204px) 100vw, 204px\" \/><\/a><strong>FELTRE<\/strong> Approvato il progetto definitivo\/esecutivo del nuovo edificio che sar\u00e0 chiamato a ospitare l\u2019ITIS Negrelli. Certo le condizioni di mercato relative a prezzi dei materiali non sono in questo momento favorevoli, ma apprendere che saranno necessari altri 3,3 milioni di soldi pubblici (ovvero dei cittadini) per finanziare l\u2019opera (sui cui da tempo avevamo avanzato pi\u00f9 di qualche riserva) non lascia indifferente l&#8217;amministrazione comunale di Feltre. Il tema non \u00e8 peraltro disgiunto dalle preoccupazioni dell&#8217;Amministrazione comunale in ordine al prossimo anno scolastico, che vedr\u00e0 l&#8217;avvio dei lavori di demolizione e ricostruzione del plesso scolastico e che per le quali abbiamo gi\u00e0 avviato necessari approfondimenti con le Istituzioni interessate al fine di ridurre i disagi per gli studenti, e non tanto in ordine alla disponibilit\u00e0 delle aule, quanto a quella inerente gli altri locali per la didattica, come i laboratori e le palestre. Intanto, proprio in questi giorni (ironia delle coincidenze\u2026) \u00e8 arrivato il benestare del Demanio alla concessione in uso al Comune di Feltre delle palazzine della ex Caserma Zannettelli per i prossimi due anni. Un passo fondamentale per poter procedere al progetto di recupero e valorizzazione gi\u00e0 finanziato e prodromico al passaggio definitivo della propriet\u00e0 in capo al Colle delle Capre, a cui l\u2019Amministrazione sta lavorando da alcuni mesi.<\/p>\n<p>&nbsp;<\/p>\n<hr \/>\n<blockquote>\n<h3><\/h3>\n<h3>RIQUALIFICAZIONE NEGRELLI, IL BANDO PNRR NON PREVEDEVA LO SPOSTAMENTO DEI VOLUMI<\/h3>\n<\/blockquote>\n<p><strong><a class=\"dt-pswp-item\" href=\"https:\/\/www.radiopiu.net\/wordpress\/wp-content\/uploads\/2020\/05\/PADRIN-1-scaled.jpg\" data-dt-img-description=\"\" data-large_image_width=\"2560\" data-large_image_height=\"1920\"><img loading=\"lazy\" decoding=\"async\" class=\" wp-image-138417 alignleft\" src=\"https:\/\/www.radiopiu.net\/wordpress\/wp-content\/uploads\/2020\/05\/PADRIN-1-300x225.jpg\" alt=\"\" width=\"161\" height=\"121\" srcset=\"https:\/\/www.radiopiu.net\/wordpress\/wp-content\/uploads\/2020\/05\/PADRIN-1-300x225.jpg 300w, https:\/\/www.radiopiu.net\/wordpress\/wp-content\/uploads\/2020\/05\/PADRIN-1-1024x768.jpg 1024w, https:\/\/www.radiopiu.net\/wordpress\/wp-content\/uploads\/2020\/05\/PADRIN-1-768x576.jpg 768w, https:\/\/www.radiopiu.net\/wordpress\/wp-content\/uploads\/2020\/05\/PADRIN-1-1536x1152.jpg 1536w, https:\/\/www.radiopiu.net\/wordpress\/wp-content\/uploads\/2020\/05\/PADRIN-1-2048x1536.jpg 2048w\" sizes=\"auto, (max-width: 161px) 100vw, 161px\" \/><\/a>BELLUNO<\/strong> \u00abSulla demolizione e ricostruzione dell\u2019istituto Negrelli-Forcellini \u00e8 bene sgomberare il campo dagli equivoci, al fine di evitare facili strumentalizzazioni e guardare all\u2019obiettivo ultimo, vale a dire la riqualificazione di un polo scolastico a beneficio di ragazzi, insegnanti e personale della scuola\u00bb. Cos\u00ec il presidente della Provincia Roberto Padrin, in merito ad alcune perplessit\u00e0 emerse dall\u2019amministrazione comunale di Feltre. \u00abSi poteva demolire l\u2019attuale struttura e ricostruire altrove i volumi? Con un altro bando Pnrr forse s\u00ec, con quello che ha garantito il finanziamento dell\u2019operazione no. Tant\u2019\u00e8 vero che la Provincia ha dato piena disponibilit\u00e0 alla richiesta del Comune di Feltre di spostare il nuovo Negrelli alla vecchia caserma Zannettelli, ma come ricorda l\u2019amministrazione Fusaro, la risposta del ministero \u00e8 stata negativa, in quanto i requisiti del bando Pnrr che ci ha assicurato i 15,9 milioni di finanziamento non prevedevano in alcun caso lo spostamento dei volumi, avendo tra le finalit\u00e0 &#8211; e tra i punti maggiormente qualificanti &#8211; il contenimento del consumo di suolo e il riuso del suolo edificato\u00bb.<\/p>\n<p>&nbsp;<\/p>\n<hr \/>\n<p>&nbsp;<\/p>\n<blockquote>\n<h3><a class=\"dt-pswp-item\" href=\"https:\/\/www.radiopiu.net\/wordpress\/wp-content\/uploads\/2020\/04\/rifugio-CARESTIATO-scaled.jpg\" data-dt-img-description=\"\" data-large_image_width=\"2560\" data-large_image_height=\"1700\"><img loading=\"lazy\" decoding=\"async\" class=\"wp-image-132214 alignleft\" src=\"https:\/\/www.radiopiu.net\/wordpress\/wp-content\/uploads\/2020\/04\/rifugio-CARESTIATO-300x199.jpg\" alt=\"\" width=\"238\" height=\"158\" srcset=\"https:\/\/www.radiopiu.net\/wordpress\/wp-content\/uploads\/2020\/04\/rifugio-CARESTIATO-300x199.jpg 300w, https:\/\/www.radiopiu.net\/wordpress\/wp-content\/uploads\/2020\/04\/rifugio-CARESTIATO-1024x680.jpg 1024w, https:\/\/www.radiopiu.net\/wordpress\/wp-content\/uploads\/2020\/04\/rifugio-CARESTIATO-768x510.jpg 768w, https:\/\/www.radiopiu.net\/wordpress\/wp-content\/uploads\/2020\/04\/rifugio-CARESTIATO-1536x1020.jpg 1536w, https:\/\/www.radiopiu.net\/wordpress\/wp-content\/uploads\/2020\/04\/rifugio-CARESTIATO-2048x1360.jpg 2048w\" sizes=\"auto, (max-width: 238px) 100vw, 238px\" \/><\/a>RIFUGIO CARESTITO IN TRENTINO&#8230;UN ALTRO ERRORE GEOGRAFICO del sito <span style=\"color: #0000ff;\">www.trekking.it<\/span><\/h3>\n<p><em>I rifugi del Trentino hanno aperto il 20 giugno e sono pronti ad accogliere trekker ed alpinisti. Numerosi trekking di pi\u00f9 giorni permettono di esplorare le Dolomiti, Patrimonio Unesco, e di dormire in queste strutture simbolo delle montagne. Tra i rifugi pi\u00f9 rinomati del Trentino vi \u00e8 il\u00a0<strong>Rifugio Carestiato<\/strong>, situato a 2.575 metri di altitudine nelle Dolomiti Bellunesi.\u00a0\u00a0<\/em><\/p><\/blockquote>\n<p>Ancora una volta la geografia&#8230; questa sconosciuta. Chiss\u00e0 se per ignoranza o per furbizia. Ancora una volta le Dolomiti bellunesi, agordine in questo caso, finiscono oltre confine. Come al solito non ci sar\u00e0 nessuna rettifica, anche se sarebbe doverosa.<\/p>\n<hr \/>\n<p>&nbsp;<\/p>\n<blockquote>\n<h3>\u00a0DILLO A RADIO PIU&#8217;&#8230; BARRIERE ARCHITETTONICHE A FONZASO<\/h3>\n<\/blockquote>\n<div class=\"gmail_quote\">\n<blockquote class=\"quote\">\n<div dir=\"auto\">\n<div dir=\"auto\"><\/div>\n<div dir=\"auto\">Voglio portare alla vostra attenzione un dibattito avvenuto all&#8217;interno del gruppo &#8220;sei di Fonzaso se&#8230;&#8221; riguardante l&#8217;adeguamento dell&#8217;abbattimento delle barriere architettoniche sulle strade comunali di Fonzaso. Merita un plauso l&#8217;amministrazione per aver mostrato interesse e rapidit\u00e0 nel voler concludere la questione, tanto che in meno di 3 giorni ha risolto le problematiche esposte dal cittadino &#8220;membro anonimo&#8221;, madre di una bambina disabile.<\/div>\n<div dir=\"auto\"><em>Roberto De Marchi<\/em><\/div>\n<\/div>\n<\/blockquote>\n<\/div>\n<div dir=\"auto\"><strong>IL MESSAGGIO<\/strong> Sono mamma di una bambina disabile e nel 2023 queste sono le barriere architettoniche che purtroppo nel nostro comune ancora ci sono. La foto delle strisce pedonali (sia davanti la scuola elementare che davanti all&#8217;agriturismo San Mic\u00e8l) sono state inviate al comune all&#8217;ufficio tecnico e alla polizia municipale, ma a distanza di una settimana non ho ancora ricevuto risposta. Spero col cuore di veder risolte queste problematiche perch\u00e9\u00a0 sono difficolt\u00e0 che si trovano nella quotidianit\u00e0 di chi ha difficolt\u00e0 motorie.<\/div>\n<div dir=\"auto\">\n\n\t\t\t<style type='text\/css'>\n\t\t\t\t#gallery-3 {\n\t\t\t\t\tmargin: auto;\n\t\t\t\t}\n\t\t\t\t#gallery-3 .gallery-item {\n\t\t\t\t\tfloat: left;\n\t\t\t\t\tmargin-top: 10px;\n\t\t\t\t\ttext-align: center;\n\t\t\t\t\twidth: 50%;\n\t\t\t\t}\n\t\t\t\t#gallery-3 img {\n\t\t\t\t\tborder: 2px solid #cfcfcf;\n\t\t\t\t}\n\t\t\t\t#gallery-3 .gallery-caption {\n\t\t\t\t\tmargin-left: 0;\n\t\t\t\t}\n\t\t\t\t\/* see gallery_shortcode() in wp-includes\/media.php *\/\n\t\t\t<\/style>\n\t\t<div id='gallery-3' class='dt-gallery-container gallery galleryid-341822 gallery-columns-2 gallery-size-thumbnail'><dl class='gallery-item'>\n\t\t\t\t<dt class='gallery-icon portrait'>\n\t\t\t\t\t<a class=\"rollover rollover-zoom dt-pswp-item\" title=\"355852392_610855641139682_1013847477174688595_n\" data-dt-img-description=\"\" data-large_image_width=\"452\" data-large_image_height=\"600\"href='https:\/\/www.radiopiu.net\/wordpress\/wp-content\/uploads\/2023\/06\/355852392_610855641139682_1013847477174688595_n.jpg'><img loading=\"lazy\" decoding=\"async\" width=\"150\" height=\"150\" src=\"https:\/\/www.radiopiu.net\/wordpress\/wp-content\/uploads\/2023\/06\/355852392_610855641139682_1013847477174688595_n-150x150.jpg\" class=\"attachment-thumbnail size-thumbnail\" alt=\"\" \/><\/a>\n\t\t\t\t<\/dt><\/dl><dl class='gallery-item'>\n\t\t\t\t<dt class='gallery-icon portrait'>\n\t\t\t\t\t<a class=\"rollover rollover-zoom dt-pswp-item\" title=\"356201973_610855701139676_4625413413858206739_n\" data-dt-img-description=\"\" data-large_image_width=\"452\" data-large_image_height=\"600\"href='https:\/\/www.radiopiu.net\/wordpress\/wp-content\/uploads\/2023\/06\/356201973_610855701139676_4625413413858206739_n.jpg'><img loading=\"lazy\" decoding=\"async\" width=\"150\" height=\"150\" src=\"https:\/\/www.radiopiu.net\/wordpress\/wp-content\/uploads\/2023\/06\/356201973_610855701139676_4625413413858206739_n-150x150.jpg\" class=\"attachment-thumbnail size-thumbnail\" alt=\"\" \/><\/a>\n\t\t\t\t<\/dt><\/dl><br style=\"clear: both\" \/>\n\t\t\t<\/div>\n\n<p>&nbsp;<\/p>\n<p><strong>IL SINDACO<\/strong> Christian Pasa: &#8220;<em>Ci scusiamo per la mancata risposta, ma da circa una settimana, quindi in coincidenza con la sua segnalazione immagino, il dg del ufficio tecnico \u00e8 assente, ed anche per la prossima; il periodo estivo \u00e8 caratterizzato da pause del personale.\u00a0Si ricorda inoltre che il numero di segnalazioni quotidiano \u00e8 notevole, pertanto talvolta rispondere celermente a tutte diventa difficoltoso, ma abbiate comunque la certezza che OGNI segnalazione viene presa in considerazione ed opportunamente valutata. Nello specifico purtroppo Fonzaso \u00e8 un paese che \u00e8 stato costruito e si \u00e8 sviluppato in anni in cui le problematiche di accesso non erano prese in considerazione, pertanto la quantit\u00e0 di barriere architettoniche presenti \u00e8 numeroso e con il tempo si cercher\u00e0 di porre rimedio adeguando alle necessit\u00e0 e alle (per fortuna) sensibilit\u00e0 di oggi. In alcuni punti, come questo, \u00e8 pi\u00f9 facile agire in quanto nelle immediate vicinanze esiste gi\u00e0 un ribassamento del cordolo, pertanto nei prossimi giorni, come gi\u00e0 previsto da tempo, ci sar\u00e0 un intervento sulla segnaletica a terra. Per la porzione rivolta verso la strada interna provvederemo come possibile il prima possibile. Seguono le immagini della zona dove si vede bene la presenza di un ribassamento del cordolo nelle immediate vicinanze dove verr\u00e0 verificata la possibilit\u00e0 di ritracciare le strisce pedonali.<\/em><\/p>\n<\/div>\n\n\t\t\t<style type='text\/css'>\n\t\t\t\t#gallery-4 {\n\t\t\t\t\tmargin: auto;\n\t\t\t\t}\n\t\t\t\t#gallery-4 .gallery-item {\n\t\t\t\t\tfloat: left;\n\t\t\t\t\tmargin-top: 10px;\n\t\t\t\t\ttext-align: center;\n\t\t\t\t\twidth: 33%;\n\t\t\t\t}\n\t\t\t\t#gallery-4 img {\n\t\t\t\t\tborder: 2px solid #cfcfcf;\n\t\t\t\t}\n\t\t\t\t#gallery-4 .gallery-caption {\n\t\t\t\t\tmargin-left: 0;\n\t\t\t\t}\n\t\t\t\t\/* see gallery_shortcode() in wp-includes\/media.php *\/\n\t\t\t<\/style>\n\t\t<div id='gallery-4' class='dt-gallery-container gallery galleryid-341822 gallery-columns-3 gallery-size-thumbnail'><dl class='gallery-item'>\n\t\t\t\t<dt class='gallery-icon landscape'>\n\t\t\t\t\t<a class=\"rollover rollover-zoom dt-pswp-item\" title=\"356416027_10227506063348922_7354457182410069143_n\" data-dt-img-description=\"\" data-large_image_width=\"261\" data-large_image_height=\"132\"href='https:\/\/www.radiopiu.net\/wordpress\/wp-content\/uploads\/2023\/06\/356416027_10227506063348922_7354457182410069143_n.jpg'><img loading=\"lazy\" decoding=\"async\" width=\"150\" height=\"132\" src=\"https:\/\/www.radiopiu.net\/wordpress\/wp-content\/uploads\/2023\/06\/356416027_10227506063348922_7354457182410069143_n-150x132.jpg\" class=\"attachment-thumbnail size-thumbnail\" alt=\"\" \/><\/a>\n\t\t\t\t<\/dt><\/dl><dl class='gallery-item'>\n\t\t\t\t<dt class='gallery-icon landscape'>\n\t\t\t\t\t<a class=\"rollover rollover-zoom dt-pswp-item\" title=\"356409704_10227506064268945_8819952037274916318_n\" data-dt-img-description=\"\" data-large_image_width=\"261\" data-large_image_height=\"127\"href='https:\/\/www.radiopiu.net\/wordpress\/wp-content\/uploads\/2023\/06\/356409704_10227506064268945_8819952037274916318_n.jpg'><img loading=\"lazy\" decoding=\"async\" width=\"150\" height=\"127\" src=\"https:\/\/www.radiopiu.net\/wordpress\/wp-content\/uploads\/2023\/06\/356409704_10227506064268945_8819952037274916318_n-150x127.jpg\" class=\"attachment-thumbnail size-thumbnail\" alt=\"\" \/><\/a>\n\t\t\t\t<\/dt><\/dl><dl class='gallery-item'>\n\t\t\t\t<dt class='gallery-icon landscape'>\n\t\t\t\t\t<a class=\"rollover rollover-zoom dt-pswp-item\" title=\"356251839_10227505906465000_4223889308325873368_n\" data-dt-img-description=\"\" data-large_image_width=\"261\" data-large_image_height=\"104\"href='https:\/\/www.radiopiu.net\/wordpress\/wp-content\/uploads\/2023\/06\/356251839_10227505906465000_4223889308325873368_n.jpg'><img loading=\"lazy\" decoding=\"async\" width=\"150\" height=\"104\" src=\"https:\/\/www.radiopiu.net\/wordpress\/wp-content\/uploads\/2023\/06\/356251839_10227505906465000_4223889308325873368_n-150x104.jpg\" class=\"attachment-thumbnail size-thumbnail\" alt=\"\" \/><\/a>\n\t\t\t\t<\/dt><\/dl><br style=\"clear: both\" \/>\n\t\t\t<\/div>\n\n<p>&nbsp;<\/p>\n<p>&nbsp;<\/p>\n<hr \/>\n<p>&nbsp;<\/p>\n<blockquote>\n<h3>LUXOTTICA, WELFARE E MALUMORI, LA SEGNALAZIONE DI UN DIPENDENTE DELLA FABBRICA BLU<\/h3>\n<\/blockquote>\n<p><img loading=\"lazy\" decoding=\"async\" class=\"alignleft\" src=\"https:\/\/www.radiopiu.net\/wordpress\/wp-content\/uploads\/2022\/06\/luxottica-dallalto.jpg\" width=\"191\" height=\"143\" \/>Riceviamo e pubblichiamo<\/p>\n<blockquote><p><strong>Agordo\u00a0<\/strong> <em>L&#8217;azienda con i soldi welfare ha deciso di rimborsare fino a 150 euro i centri estivi dei bambini dai 3 agli 8 anni. C&#8217;\u00e8 un p\u00f2 di malumore tra i dipendenti interessati,\u00a0 perch\u00e9\u00a0 per i piccoli dai 3 ai 6 anni gli asili sono regolarmente aperti, per i bimbi dagli 8 ai 12 (che di solito \u00e8 l&#8217;et\u00e0 che non si arrangiano e quindi prendono la strada per i centri estivi),\u00a0 le famiglie\u00a0 non riceveranno un euro di rimborso. <\/em><\/p>\n<p><em>Mi scuso per la scelta di rimanere anonimo (ufficialmente ndr.), ma credo sia comprensibile visto che in questa azienda ci lavoro &#8230; assicuro comunque che ieri le mamme erano davvero arrabbiate<\/em><\/p><\/blockquote>\n<p>&nbsp;<\/p>\n<hr \/>\n<p>&nbsp;<\/p>\n<blockquote>\n<h3>QUANDO LA FOTO DIVENTA VIRALE&#8230;PRUDENZA ECCESSIVA<\/h3>\n<\/blockquote>\n<p><strong>CORTINA<\/strong> Ecco la foto da facebook:\u00a0 \u00a0quando la prudenza non \u00e8 mai troppa, il proprietario di questa auto ha fatto un po&#8217; di confusione circa la direzione in cui la vettura potrebbe scivolare a valle, notare infatti il posizionamento dei sassi..<\/p>\n<p><a class=\"dt-pswp-item\" href=\"https:\/\/www.radiopiu.net\/wordpress\/wp-content\/uploads\/2023\/06\/Senza-nome-71.png\" data-dt-img-description=\"\" data-large_image_width=\"483\" data-large_image_height=\"247\"><img loading=\"lazy\" decoding=\"async\" class=\"size-medium wp-image-341986 aligncenter\" src=\"https:\/\/www.radiopiu.net\/wordpress\/wp-content\/uploads\/2023\/06\/Senza-nome-71-300x153.png\" alt=\"\" width=\"300\" height=\"153\" srcset=\"https:\/\/www.radiopiu.net\/wordpress\/wp-content\/uploads\/2023\/06\/Senza-nome-71-300x153.png 300w, https:\/\/www.radiopiu.net\/wordpress\/wp-content\/uploads\/2023\/06\/Senza-nome-71.png 483w\" sizes=\"auto, (max-width: 300px) 100vw, 300px\" \/><\/a><\/p>\n<hr \/>\n<p>&nbsp;<\/p>\n<blockquote>\n<blockquote>\n<h3><a class=\"dt-pswp-item\" href=\"https:\/\/www.radiopiu.net\/wordpress\/wp-content\/uploads\/2023\/06\/osservatorio_lusso_dolomiti.jpeg\" data-dt-img-description=\"\" data-large_image_width=\"750\" data-large_image_height=\"500\"><img loading=\"lazy\" decoding=\"async\" class=\" wp-image-341848 alignleft\" src=\"https:\/\/www.radiopiu.net\/wordpress\/wp-content\/uploads\/2023\/06\/osservatorio_lusso_dolomiti-300x200.jpeg\" alt=\"\" width=\"218\" height=\"145\" srcset=\"https:\/\/www.radiopiu.net\/wordpress\/wp-content\/uploads\/2023\/06\/osservatorio_lusso_dolomiti-300x200.jpeg 300w, https:\/\/www.radiopiu.net\/wordpress\/wp-content\/uploads\/2023\/06\/osservatorio_lusso_dolomiti.jpeg 750w\" sizes=\"auto, (max-width: 218px) 100vw, 218px\" \/><\/a>DOMANDA RECORD PER IL MATTONE DI LUSSO<\/h3>\n<\/blockquote>\n<p><strong>REDAZIONE\u00a0<\/strong> l mercato degli immobili di lusso nelle Dolomiti vede una forte crescita della domanda negli ultimi anni: questa, infatti, a fine 2022 \u00e8 cresciuta del 73% rispetto a inizio 2019, segnando un +10% solo nell\u2019ultimo anno. Queste sono alcune delle evidenze pi\u00f9 indicative emerse dal nuovo Osservatorio del mercato residenziale di lusso in Italia realizzato da Immobiliare.it Insights, societ\u00e0 del gruppo di Immobiliare.it specializzata in big data e market intelligence per il settore immobiliare, in partnership con LuxuryEstate.com, portale internazionale leader negli immobili di lusso. I dati provenienti dall\u2019offerta indicano un mercato del lusso in contrazione: il valore degli immobili offerti \u00e8 diminuito dell\u201911% rispetto a inizio 2019, e addirittura del 14% rispetto a fine 2021, arrivando a 626 milioni di euro complessivi.<\/p><\/blockquote>\n<p>&nbsp;<\/p>\n<hr \/>\n<p>&nbsp;<\/p>\n<blockquote>\n<h3><a class=\"dt-pswp-item\" href=\"https:\/\/www.radiopiu.net\/wordpress\/wp-content\/uploads\/2023\/06\/csp23_01-1.jpg\" data-dt-img-description=\"\" data-large_image_width=\"1600\" data-large_image_height=\"1200\"><img loading=\"lazy\" decoding=\"async\" class=\" wp-image-341895 alignleft\" src=\"https:\/\/www.radiopiu.net\/wordpress\/wp-content\/uploads\/2023\/06\/csp23_01-1-300x225.jpg\" alt=\"\" width=\"260\" height=\"195\" srcset=\"https:\/\/www.radiopiu.net\/wordpress\/wp-content\/uploads\/2023\/06\/csp23_01-1-300x225.jpg 300w, https:\/\/www.radiopiu.net\/wordpress\/wp-content\/uploads\/2023\/06\/csp23_01-1-1024x768.jpg 1024w, https:\/\/www.radiopiu.net\/wordpress\/wp-content\/uploads\/2023\/06\/csp23_01-1-768x576.jpg 768w, https:\/\/www.radiopiu.net\/wordpress\/wp-content\/uploads\/2023\/06\/csp23_01-1-1536x1152.jpg 1536w, https:\/\/www.radiopiu.net\/wordpress\/wp-content\/uploads\/2023\/06\/csp23_01-1.jpg 1600w\" sizes=\"auto, (max-width: 260px) 100vw, 260px\" \/><\/a>PER SAN PIERO CONCERTO DI CORI<\/h3>\n<\/blockquote>\n<p><strong>SOSPIROLO<\/strong> <span style=\"font-weight: 400;\">Lo scorso sabato 24 giugno \u00e8 andato in scena l\u2019annuale appuntamento con \u201cCanton San Piero\u201d, la rassegna organizzata dal coro &#8220;Monti del Sole. <\/span><span style=\"font-weight: 400;\">Nella suggestiva cornice della chiesa dei Santi Pietro e Paolo di Sospirolo la rassegna (8^edizione) ha visto il coro diretto da Luca Lotto alternarsi sul palco con il coro &#8220;Rualan&#8221; di Valle di Cadore, giunto quest&#8217;anno all\u2019importante traguardo del ventennale di fondazione e attualmente sotto la guida di Paola Meneghini. <\/span>Non sono mancati i ringraziamenti del presidente del coro &#8220;Monti del Sole&#8221; Stefano Colle e uno scambio di omaggi tra i due sodalizi coinvolti e la rappresentanza della Pro Loco.<\/p>\n<p>&nbsp;<\/p>\n<hr \/>\n<p>&nbsp;<\/p>\n<blockquote>\n<h3>CAMBIO MEDICO IN ALPAGO<\/h3>\n<\/blockquote>\n<p><strong><a class=\"dt-pswp-item\" href=\"https:\/\/www.radiopiu.net\/wordpress\/wp-content\/uploads\/2020\/10\/Medicodimedicinagenerale.jpg\" data-dt-img-description=\"\" data-large_image_width=\"1200\" data-large_image_height=\"790\"><img loading=\"lazy\" decoding=\"async\" class=\" wp-image-167000 alignleft\" src=\"https:\/\/www.radiopiu.net\/wordpress\/wp-content\/uploads\/2020\/10\/Medicodimedicinagenerale-300x198.jpg\" alt=\"\" width=\"145\" height=\"96\" srcset=\"https:\/\/www.radiopiu.net\/wordpress\/wp-content\/uploads\/2020\/10\/Medicodimedicinagenerale-300x198.jpg 300w, https:\/\/www.radiopiu.net\/wordpress\/wp-content\/uploads\/2020\/10\/Medicodimedicinagenerale-1024x674.jpg 1024w, https:\/\/www.radiopiu.net\/wordpress\/wp-content\/uploads\/2020\/10\/Medicodimedicinagenerale-768x506.jpg 768w, https:\/\/www.radiopiu.net\/wordpress\/wp-content\/uploads\/2020\/10\/Medicodimedicinagenerale.jpg 1200w\" sizes=\"auto, (max-width: 145px) 100vw, 145px\" \/><\/a>BELLUNO <\/strong>Il prossimo 30 giugno 2023 il dottor Giovanni Tonel cesser\u00e0 il proprio incarico come Medico di Medicina Generale, in servizio nell\u2019ambito dei Comuni di Alpago, Chies d\u2019Alpago e Tambre. In sostituzione del dr. Tonel, verr\u00e0 inserita dal 1 luglio nel medesimo ambito la dottoressa Diletta Dazzi, medico di assistenza primaria con incarico provvisorio, a cui saranno assegnati d\u2019ufficio gli ex assistiti del dr. Tonel. Non sar\u00e0 pertanto necessario recarsi presso gli sportelli anagrafe della Ulss per effettuare la scelta del nuovo medico. La dr.ssa Dazzi avr\u00e0 ambulatorio a Pieve d\u2019Alpago in via Roma, 27<\/p>\n<p>&nbsp;<\/p>\n<p>&nbsp;<\/p>\n<hr \/>\n<p>&nbsp;<\/p>\n<blockquote>\n<h3><a class=\"dt-pswp-item\" href=\"https:\/\/www.radiopiu.net\/wordpress\/wp-content\/uploads\/2023\/06\/Poste-Italiane-ufficio-postale-POLIS-giugno-2023-4.jpg\" data-dt-img-description=\"\" data-large_image_width=\"1632\" data-large_image_height=\"1224\"><img loading=\"lazy\" decoding=\"async\" class=\"wp-image-341896 alignleft\" src=\"https:\/\/www.radiopiu.net\/wordpress\/wp-content\/uploads\/2023\/06\/Poste-Italiane-ufficio-postale-POLIS-giugno-2023-4-300x225.jpg\" alt=\"\" width=\"144\" height=\"108\" srcset=\"https:\/\/www.radiopiu.net\/wordpress\/wp-content\/uploads\/2023\/06\/Poste-Italiane-ufficio-postale-POLIS-giugno-2023-4-300x225.jpg 300w, https:\/\/www.radiopiu.net\/wordpress\/wp-content\/uploads\/2023\/06\/Poste-Italiane-ufficio-postale-POLIS-giugno-2023-4-1024x768.jpg 1024w, https:\/\/www.radiopiu.net\/wordpress\/wp-content\/uploads\/2023\/06\/Poste-Italiane-ufficio-postale-POLIS-giugno-2023-4-768x576.jpg 768w, https:\/\/www.radiopiu.net\/wordpress\/wp-content\/uploads\/2023\/06\/Poste-Italiane-ufficio-postale-POLIS-giugno-2023-4-1536x1152.jpg 1536w, https:\/\/www.radiopiu.net\/wordpress\/wp-content\/uploads\/2023\/06\/Poste-Italiane-ufficio-postale-POLIS-giugno-2023-4.jpg 1632w\" sizes=\"auto, (max-width: 144px) 100vw, 144px\" \/><\/a>POSTE ITALIANE: I SERVIZI POLIS<\/h3>\n<\/blockquote>\n<p><strong>BELLUNO<\/strong> Parte da Domegge, Vigo di Cadore, Lorenzago e Lamon Polis, il progetto di Poste Italiane che punta a trasformare gli uffici postali nella casa dei servizi digitali, uno sportello unico che render\u00e0 semplice e veloce l&#8217;accesso ai servizi della Pubblica Amministrazione in 7mila comuni al di sotto dei 15mila abitanti. Contribuir\u00e0 anche ad una maggiore efficienza energetica e alla mobilit\u00e0 verde attraverso l\u2019installazione di 5mila colonnine di ricarica per i mezzi elettrici e di 1.000 impianti fotovoltaici.<\/p>\n<p>&nbsp;<\/p>\n<hr \/>\n<p>&nbsp;<\/p>\n<h2><strong>IN RICORDO DI RUDY\u00a0<\/strong><\/h2>\n<blockquote>\n<h3>Sono passati 9 anni e noi coscritti del 1974 di Agordo e del Bellunese lo ricordiamo sempre.<\/h3>\n<\/blockquote>\n<h2><a class=\"dt-pswp-item\" href=\"https:\/\/www.radiopiu.net\/wordpress\/wp-content\/uploads\/2022\/07\/356751444_966718811261997_7005243506692394718_n.jpg\" data-dt-img-description=\"\" data-large_image_width=\"275\" data-large_image_height=\"206\"><img loading=\"lazy\" decoding=\"async\" class=\" wp-image-341981 alignleft\" src=\"https:\/\/www.radiopiu.net\/wordpress\/wp-content\/uploads\/2022\/07\/356751444_966718811261997_7005243506692394718_n.jpg\" alt=\"\" width=\"212\" height=\"159\" \/><\/a><em style=\"font-weight: normal;\">quel sorriso inconfondibile\u00a0<\/em><\/h2>\n<p>Quel sorriso, quella voglia di vivere e l&#8217;attaccamento alla sua sposa, ai sui bambini, agli amici ed ai coscritti del 1974. Indimenticato e indimenticabile Rudy Bressan, un dolce sorriso nel ricordo di un amico.<\/p>\n<blockquote>\n<h4><em>\u201cLe persone speciali arrivano in punta di piedi, ma quanto rumore quanto se ne vanno\u201d<\/em><em style=\"font-weight: normal;\">.<\/em><\/h4>\n<\/blockquote>\n<p><em style=\"font-weight: normal;\"> Lo ricordano da quel triste giorno di nove anni fa i coscritti del 1974 di Agordo e della Provincia,\u00a0 nel ricordo di Rudy, il giovane di Gosaldo ma residente a Taibon che se n\u2019\u00e8 andato\u00a0 in quel drammatico pomeriggio \u00a0sulla strada 203 Agordina che da Cencenighe porta ad Alleghe nel giorno scelto per un giro in moto <\/em><em>\u00a0Gli anni passano in fretta, ma il ricordo rimane sempre vivo.\u00a0<\/em><\/p>\n<p>&nbsp;<\/p>\n<hr \/>\n<p>&nbsp;<\/p>\n<h2><span style=\"color: #ff6600;\">IERI ALLA RADIO\u00a0<\/span><\/h2>\n<h2><span style=\"color: #008080;\">\u00a0&#8220;DINTORN E FORA VIA&#8221;\u00a0<\/span><span style=\"color: #008080;\"> IL PROGRAMMA\u00a0 <\/span><span style=\"color: #008080;\">A CURA DEL MUSLA\u00a0\u00a0<\/span><\/h2>\n<h1 style=\"text-align: center;\"><\/h1>\n<h1 style=\"text-align: center;\"><strong><span style=\"color: #ff0000;\">SECONDO ANNO<\/span><\/strong><strong><span style=\"color: #ff0000;\"> \u00a0<\/span><\/strong><\/h1>\n<p><strong>PUNTATA 27 GIUGNO CHIARA FRENA<a class=\"dt-pswp-item\" href=\"https:\/\/www.radiopiu.net\/wordpress\/wp-content\/uploads\/2023\/06\/d0c8131f-a25a-4fed-b30c-997c025ab202.jpg\" data-dt-img-description=\"\" data-large_image_width=\"1037\" data-large_image_height=\"947\"><img loading=\"lazy\" decoding=\"async\" class=\" wp-image-341865 alignleft\" src=\"https:\/\/www.radiopiu.net\/wordpress\/wp-content\/uploads\/2023\/06\/d0c8131f-a25a-4fed-b30c-997c025ab202-300x274.jpg\" alt=\"\" width=\"164\" height=\"150\" srcset=\"https:\/\/www.radiopiu.net\/wordpress\/wp-content\/uploads\/2023\/06\/d0c8131f-a25a-4fed-b30c-997c025ab202-300x274.jpg 300w, https:\/\/www.radiopiu.net\/wordpress\/wp-content\/uploads\/2023\/06\/d0c8131f-a25a-4fed-b30c-997c025ab202-1024x935.jpg 1024w, https:\/\/www.radiopiu.net\/wordpress\/wp-content\/uploads\/2023\/06\/d0c8131f-a25a-4fed-b30c-997c025ab202-768x701.jpg 768w, https:\/\/www.radiopiu.net\/wordpress\/wp-content\/uploads\/2023\/06\/d0c8131f-a25a-4fed-b30c-997c025ab202.jpg 1037w\" sizes=\"auto, (max-width: 164px) 100vw, 164px\" \/><\/a><\/strong><\/p>\n<audio class=\"wp-audio-shortcode\" id=\"audio-341822-2\" preload=\"none\" style=\"width: 100%;\" controls=\"controls\"><source type=\"audio\/mpeg\" src=\"https:\/\/www.radiopiu.net\/wordpress\/wp-content\/uploads\/2023\/06\/MUSLA-4.mp3?_=2\" \/><a href=\"https:\/\/www.radiopiu.net\/wordpress\/wp-content\/uploads\/2023\/06\/MUSLA-4.mp3\">https:\/\/www.radiopiu.net\/wordpress\/wp-content\/uploads\/2023\/06\/MUSLA-4.mp3<\/a><\/audio>\n<p>&nbsp;<\/p>\n<hr \/>\n<p>&nbsp;<\/p>\n<p>&nbsp;<\/p>\n<blockquote>\n<h2>&#8220;NCONTONSE&#8221; IN LADINO SU RADIO PI\u00d9<\/h2>\n<\/blockquote>\n<p><strong>PUNTATA 08 GIORGIO DE TOMASO seconda parte<\/strong><\/p>\n<audio class=\"wp-audio-shortcode\" id=\"audio-341822-3\" preload=\"none\" style=\"width: 100%;\" controls=\"controls\"><source type=\"audio\/mpeg\" src=\"https:\/\/www.radiopiu.net\/wordpress\/wp-content\/uploads\/2023\/06\/4.NCONTONSE_GIORGIO-DETOMASO-2.parte_-1.mp3?_=3\" \/><a href=\"https:\/\/www.radiopiu.net\/wordpress\/wp-content\/uploads\/2023\/06\/4.NCONTONSE_GIORGIO-DETOMASO-2.parte_-1.mp3\">https:\/\/www.radiopiu.net\/wordpress\/wp-content\/uploads\/2023\/06\/4.NCONTONSE_GIORGIO-DETOMASO-2.parte_-1.mp3<\/a><\/audio>\n<p>la raccolta completa<\/p>\n<blockquote class=\"wp-embedded-content\" data-secret=\"SpFHIiXm8q\"><p><a href=\"https:\/\/www.radiopiu.net\/wordpress\/lad08\/\">&#8220;NCONTONSE&#8221; IN LADINO SU RADIO PI\u00d9<\/a><\/p><\/blockquote>\n<p><iframe loading=\"lazy\" class=\"wp-embedded-content\" sandbox=\"allow-scripts\" security=\"restricted\" style=\"position: absolute; clip: rect(1px, 1px, 1px, 1px);\" title=\"&#8220;&#8220;NCONTONSE&#8221; IN LADINO SU RADIO PI\u00d9&#8221; &#8212; Radio Pi\u00f9\" src=\"https:\/\/www.radiopiu.net\/wordpress\/lad08\/embed\/#?secret=CWXFiQC74C#?secret=SpFHIiXm8q\" data-secret=\"SpFHIiXm8q\" width=\"600\" height=\"338\" frameborder=\"0\" marginwidth=\"0\" marginheight=\"0\" scrolling=\"no\"><\/iframe><\/p>\n<p>&nbsp;<\/p>\n<hr \/>\n<p>&nbsp;<\/p>\n<blockquote class=\"wp-embedded-content\" data-secret=\"Ct8Z7EYGzk\"><p><a href=\"https:\/\/www.radiopiu.net\/wordpress\/sentimental-le-storie-damore-di-paola-lanciato\/\">SENTIMENTAL,\u00a0 &#8220;le storie d&#8217;amore&#8221; DI PAOLA LANCIATO<\/a><\/p><\/blockquote>\n<p><iframe loading=\"lazy\" class=\"wp-embedded-content\" sandbox=\"allow-scripts\" security=\"restricted\" style=\"position: absolute; clip: rect(1px, 1px, 1px, 1px);\" title=\"&#8220;SENTIMENTAL,\u00a0 &#8220;le storie d&#8217;amore&#8221; DI PAOLA LANCIATO&#8221; &#8212; Radio Pi\u00f9\" src=\"https:\/\/www.radiopiu.net\/wordpress\/sentimental-le-storie-damore-di-paola-lanciato\/embed\/#?secret=PFaPF07m1o#?secret=Ct8Z7EYGzk\" data-secret=\"Ct8Z7EYGzk\" width=\"600\" height=\"338\" frameborder=\"0\" marginwidth=\"0\" marginheight=\"0\" scrolling=\"no\"><\/iframe><\/p>\n<p>&nbsp;<\/p>\n<hr \/>\n<p>&nbsp;<\/p>\n<p>&nbsp;<\/p>\n<blockquote>\n<h3><\/h3>\n<h3><a class=\"dt-pswp-item\" href=\"https:\/\/www.radiopiu.net\/wordpress\/wp-content\/uploads\/2023\/06\/th-13.jpg\" data-dt-img-description=\"\" data-large_image_width=\"270\" data-large_image_height=\"180\"><img loading=\"lazy\" decoding=\"async\" class=\" wp-image-341861 alignleft\" src=\"https:\/\/www.radiopiu.net\/wordpress\/wp-content\/uploads\/2023\/06\/th-13.jpg\" alt=\"\" width=\"242\" height=\"161\" \/><\/a>SAN PIERO 2023, IL PROGRAMMA<\/h3>\n<h3>AGORDO Tre giorni di festa, 29-30 giugno e 1 luglio.\u00a0 Domani giovedi: mercato, cucina sera e mezzogiorno, serata danzante. Venerdi JB Band e RDJ. Sabato serata con i Riflesso, a seguire Morgan e Battaglia.<\/h3>\n<p><strong>CON DANIELE GALLIGANI<\/strong><\/p><\/blockquote>\n<audio class=\"wp-audio-shortcode\" id=\"audio-341822-4\" preload=\"none\" style=\"width: 100%;\" controls=\"controls\"><source type=\"audio\/mpeg\" src=\"https:\/\/www.radiopiu.net\/wordpress\/wp-content\/uploads\/2023\/06\/DANIELE-GALLIGALI-AD-AGORDO-PROLOCO-SAN-PIERO.mp3?_=4\" \/><a href=\"https:\/\/www.radiopiu.net\/wordpress\/wp-content\/uploads\/2023\/06\/DANIELE-GALLIGALI-AD-AGORDO-PROLOCO-SAN-PIERO.mp3\">https:\/\/www.radiopiu.net\/wordpress\/wp-content\/uploads\/2023\/06\/DANIELE-GALLIGALI-AD-AGORDO-PROLOCO-SAN-PIERO.mp3<\/a><\/audio>\n<p>&nbsp;<\/p>\n<p>&nbsp;<\/p>\n<p>&nbsp;<\/p>\n<div class=\"page-title-head hgroup\">\n<blockquote>\n<h3 class=\"entry-title\">SABATO 1 LUGLIO L\u2019INAUGURAZIONE DEL PERCORSO DI NORDIC WALKING AD AGORDO<\/h3>\n<\/blockquote>\n<\/div>\n<div class=\"page-title-breadcrumbs\">\n<p><strong>AGORDO <\/strong>Sabato 1\u00b0 luglio 2023 in occasione della Sagra di San Piero ad Agordo verr\u00e0 inaugurato il &#8220;Nordic Walking Park Agordino&#8221;, progetto turistico che collega i Comuni di Agordo e Taibon Agordino attraverso un articolato percorso di Nordic Walking. Il programma della manifestazione sar\u00e0 il seguente: ore 14.30 ritrovo sul Broi e alle 15:00 inizio caccia al tesoro dedicata ai bambini e camminata lungo il percorso per adulti. Alle 17:30 l&#8217;inaugurazione sotto al tendone con un omaggio per tutti, con la presenza di Radio Pi\u00f9. Sar\u00e0 possibile prenotarsi alle attivit\u00e0 pomeridiane presso l\u2019Ufficio Turistico di Agordo.<\/p>\n\n\t\t\t<style type='text\/css'>\n\t\t\t\t#gallery-5 {\n\t\t\t\t\tmargin: auto;\n\t\t\t\t}\n\t\t\t\t#gallery-5 .gallery-item {\n\t\t\t\t\tfloat: left;\n\t\t\t\t\tmargin-top: 10px;\n\t\t\t\t\ttext-align: center;\n\t\t\t\t\twidth: 50%;\n\t\t\t\t}\n\t\t\t\t#gallery-5 img {\n\t\t\t\t\tborder: 2px solid #cfcfcf;\n\t\t\t\t}\n\t\t\t\t#gallery-5 .gallery-caption {\n\t\t\t\t\tmargin-left: 0;\n\t\t\t\t}\n\t\t\t\t\/* see gallery_shortcode() in wp-includes\/media.php *\/\n\t\t\t<\/style>\n\t\t<div id='gallery-5' class='dt-gallery-container gallery galleryid-341822 gallery-columns-2 gallery-size-thumbnail'><dl class='gallery-item'>\n\t\t\t\t<dt class='gallery-icon portrait'>\n\t\t\t\t\t<a class=\"rollover rollover-zoom dt-pswp-item\" title=\"locandina nordic walking\" data-dt-img-description=\"\" data-large_image_width=\"1131\" data-large_image_height=\"1600\"href='https:\/\/www.radiopiu.net\/wordpress\/wp-content\/uploads\/2023\/06\/locandina-nordic-walking.jpeg'><img loading=\"lazy\" decoding=\"async\" width=\"150\" height=\"150\" src=\"https:\/\/www.radiopiu.net\/wordpress\/wp-content\/uploads\/2023\/06\/locandina-nordic-walking-150x150.jpeg\" class=\"attachment-thumbnail size-thumbnail\" alt=\"\" aria-describedby=\"gallery-5-341428\" \/><\/a>\n\t\t\t\t<\/dt>\n\t\t\t\t\t<dd class='wp-caption-text gallery-caption' id='gallery-5-341428'>\n\t\t\t\t\tLA LOCANDINA\n\t\t\t\t\t<\/dd><\/dl><dl class='gallery-item'>\n\t\t\t\t<dt class='gallery-icon landscape'>\n\t\t\t\t\t<a class=\"rollover rollover-zoom dt-pswp-item\" title=\"mappa (2)\" data-dt-img-description=\"\" data-large_image_width=\"1600\" data-large_image_height=\"1131\"href='https:\/\/www.radiopiu.net\/wordpress\/wp-content\/uploads\/2023\/06\/mappa-2.jpeg'><img loading=\"lazy\" decoding=\"async\" width=\"150\" height=\"150\" src=\"https:\/\/www.radiopiu.net\/wordpress\/wp-content\/uploads\/2023\/06\/mappa-2-150x150.jpeg\" class=\"attachment-thumbnail size-thumbnail\" alt=\"\" aria-describedby=\"gallery-5-341427\" \/><\/a>\n\t\t\t\t<\/dt>\n\t\t\t\t\t<dd class='wp-caption-text gallery-caption' id='gallery-5-341427'>\n\t\t\t\t\tLA MAPPA DEL PERCORSO\n\t\t\t\t\t<\/dd><\/dl><br style=\"clear: both\" \/>\n\t\t\t<\/div>\n\n<p>&nbsp;<\/p>\n<hr \/>\n<\/div>\n<p>&nbsp;<\/p>\n<blockquote>\n<h3><img loading=\"lazy\" decoding=\"async\" class=\"alignleft\" src=\"https:\/\/www.radiopiu.net\/wordpress\/wp-content\/uploads\/2023\/06\/352399380_757043759539508_4339654022666409478_n.jpg\" width=\"198\" height=\"132\" \/>AGORDO MUSICA, LA VERNICE DOMENICA CON LA CORALE ZUMELLESE<\/h3>\n<\/blockquote>\n<p>&nbsp;<\/p>\n<p><strong>REDAZIONE<\/strong>\u00a0 Un&#8217;altra estate, la trentesima, importante come le altre 29 precedenti. Agordo Musica &#8220;apre le danze&#8221; domenica 2 luglio con il primo appuntamento, in chiesa\u00a0 ad Agordo alle 21 si esibir\u00e0 la corale Zumellese diretta dal maestro Manolo Da Rold.<\/p>\n<p><strong>AI MICROFONI DI RADIOPIU&#8217;, ANDREA BERNARDI DI AGORDO MUSICA<\/strong><\/p>\n<audio class=\"wp-audio-shortcode\" id=\"audio-341822-5\" preload=\"none\" style=\"width: 100%;\" controls=\"controls\"><source type=\"audio\/mpeg\" src=\"https:\/\/www.radiopiu.net\/wordpress\/wp-content\/uploads\/2023\/06\/Intervista-Manolo-Da-Rold-2023.mp3?_=5\" \/><a href=\"https:\/\/www.radiopiu.net\/wordpress\/wp-content\/uploads\/2023\/06\/Intervista-Manolo-Da-Rold-2023.mp3\">https:\/\/www.radiopiu.net\/wordpress\/wp-content\/uploads\/2023\/06\/Intervista-Manolo-Da-Rold-2023.mp3<\/a><\/audio>\n<p>&nbsp;<\/p>\n<hr \/>\n<p>&nbsp;<\/p>\n<blockquote>\n<h3>RIFLESSIONI D&#8217;ACQUA: UN INCONTRO CON BIM GSP<\/h3>\n<\/blockquote>\n<p><strong>BORGO VALBELLUNA <\/strong>Nell\u2019ambito della manifestazione RIFLESSIONI D&#8217;ACQUA organizzata dal Comune di Borgo Valbelluna e Artdolomites APS con lo scopo di sensibilizzare il pubblico sulla problematica sempre pi\u00f9 presente della crisi idrica e quindi dell&#8217;importanza della risorsa ACQUA, oggi alle 20:30 presso il Palazzo delle Contesse a Mel, si terr\u00e0 un incontro dal titolo \u201cAcquedotti della Valbelluna tra presente e futuro\u201d.<\/p>\n<p>&nbsp;<\/p>\n<p>&nbsp;<\/p>\n<hr \/>\n<p>&nbsp;<\/p>\n<blockquote>\n<h3>IL 70ESIMO ANNIVERSARIO DI SACERDOZIO DI MONSIGNOR LINO MOTTES E MONSIGNOR ENRICO ZASIO<\/h3>\n<\/blockquote>\n<p><strong><a class=\"dt-pswp-item\" href=\"https:\/\/www.radiopiu.net\/wordpress\/wp-content\/uploads\/2023\/06\/SCR-20230625-nchq.jpeg\" data-dt-img-description=\"\" data-large_image_width=\"1228\" data-large_image_height=\"934\"><img loading=\"lazy\" decoding=\"async\" class=\" wp-image-341626 alignleft\" src=\"https:\/\/www.radiopiu.net\/wordpress\/wp-content\/uploads\/2023\/06\/SCR-20230625-nchq-300x228.jpeg\" alt=\"\" width=\"154\" height=\"117\" srcset=\"https:\/\/www.radiopiu.net\/wordpress\/wp-content\/uploads\/2023\/06\/SCR-20230625-nchq-300x228.jpeg 300w, https:\/\/www.radiopiu.net\/wordpress\/wp-content\/uploads\/2023\/06\/SCR-20230625-nchq-1024x779.jpeg 1024w, https:\/\/www.radiopiu.net\/wordpress\/wp-content\/uploads\/2023\/06\/SCR-20230625-nchq-768x584.jpeg 768w, https:\/\/www.radiopiu.net\/wordpress\/wp-content\/uploads\/2023\/06\/SCR-20230625-nchq.jpeg 1228w\" sizes=\"auto, (max-width: 154px) 100vw, 154px\" \/><\/a>BELLUNO <\/strong>In prossimit\u00e0 della festa di San Pietro era tradizione che venissero ordinati i presbiteri novelli, sia per la Diocesi di Belluno che per quella di Feltre. Dopo il tempo del Seminario minore a Feltre, gli studi portavano i chierici a Belluno nel Seminario Gregoriano. Li molte amicizie si ritrovavano e i percorsi formativi tomavano ad intrecciarsi. Nel 1953 furono ordinati 14 sacerdoti novelli e 7 suddiaconi: un mumero davvero record per le due Diocesi. Tra loro: mons. LINO MOTTES e mons. ENRICO ZASIO. Entrambi saranno festeggiati il giorno 5 luglio a settant&#8217;anni anni esatti da quando furono ordinati da mons. Gioacchino Muccin, alle ore 10,30. La Santa Messa di ringraziamento al Signore sar\u00e0 celebrata nella Chiesa di Santa Maria degli Angeli a Feltre e presieduta dal Vescovo Renato.<\/p>\n<p>&nbsp;<\/p>\n<p>&nbsp;<\/p>\n<hr \/>\n<p>&nbsp;<\/p>\n<blockquote>\n<h3><a class=\"dt-pswp-item\" href=\"https:\/\/www.radiopiu.net\/wordpress\/wp-content\/uploads\/2023\/06\/invito_sottogudaWEB.jpg\" data-dt-img-description=\"\" data-large_image_width=\"1654\" data-large_image_height=\"1654\"><img loading=\"lazy\" decoding=\"async\" class=\" wp-image-341922 alignleft\" src=\"https:\/\/www.radiopiu.net\/wordpress\/wp-content\/uploads\/2023\/06\/invito_sottogudaWEB-300x300.jpg\" alt=\"\" width=\"109\" height=\"109\" srcset=\"https:\/\/www.radiopiu.net\/wordpress\/wp-content\/uploads\/2023\/06\/invito_sottogudaWEB-300x300.jpg 300w, https:\/\/www.radiopiu.net\/wordpress\/wp-content\/uploads\/2023\/06\/invito_sottogudaWEB-1024x1024.jpg 1024w, https:\/\/www.radiopiu.net\/wordpress\/wp-content\/uploads\/2023\/06\/invito_sottogudaWEB-150x150.jpg 150w, https:\/\/www.radiopiu.net\/wordpress\/wp-content\/uploads\/2023\/06\/invito_sottogudaWEB-768x768.jpg 768w, https:\/\/www.radiopiu.net\/wordpress\/wp-content\/uploads\/2023\/06\/invito_sottogudaWEB-1536x1536.jpg 1536w, https:\/\/www.radiopiu.net\/wordpress\/wp-content\/uploads\/2023\/06\/invito_sottogudaWEB.jpg 1654w\" sizes=\"auto, (max-width: 109px) 100vw, 109px\" \/><\/a>IL CENTENARIO DEL FERRO BATTUTO A SOTTOGUDA<\/h3>\n<\/blockquote>\n<p><strong>ROCCA PIETORE<\/strong> Sabato 22 luglio alle 10 verranno celebrati i 100 anni del ferro battuto di Sottoguda della famiglia De Biasio. Evento organizzato con il patrocinio del Comune di Rocca Pietore. Per l&#8217;occasione sar\u00e0 realizzato un annullo speciale da Poste Italiane<\/p>\n<p>&nbsp;<\/p>\n<p>&nbsp;<\/p>\n<hr \/>\n<p>&nbsp;<\/p>\n<h3>ESTATE CULTURALE E TRADIZIONALE NEL BORGO DI PALUE<\/h3>\n<p><img loading=\"lazy\" decoding=\"async\" class=\"alignleft\" src=\"https:\/\/www.radiopiu.net\/wordpress\/wp-content\/uploads\/2023\/06\/Senza-nome-45.png\" width=\"211\" height=\"121\" \/><strong>ROCCA PIETORE<\/strong> &#8220;Un&#8217;estate di cultura e tradizioni: l&#8217;Associazione Culturale Palue presenta un calendario ricco di eventi nel suggestivo borgo di Palue e nel paese di Rocca Pietore. Dal 24 giugno al 10 settembre, abitanti e turisti saranno accompagnati alla scoperta di un prezioso patrimonio.\u00a0 Segui l&#8217;Associazione Palue sui seguenti social media: Facebook: Associazione Palue &#8211; La storia siamo noi Instagram: associazione_palu&#8221;<\/p>\n<p>&nbsp;<\/p>\n<p>&nbsp;<\/p>\n<hr \/>\n<p>&nbsp;<\/p>\n<blockquote>\n<h3>VENERDI CONSIGLIO COMUNALE A SELVA DI CADORE<\/h3>\n<\/blockquote>\n<p><strong>SELVA DI CADORE<\/strong> Il sindaco di Selva di Cadore Luca Lorenzini ha chiamato a rapporto i consiglieri comunali per trattare 9 punti all&#8217;ordine del giorno. IL consiglio si terr\u00e0 venerd\u00ec alle 18 e tra i punti in discussione si parler\u00e0 di un consigliere dimissionario, la nomina per i rappresentati del comune in Unione Montana Agordina, la presa d&#8217;atto della designazione del capogruppo di minoranza in seguito alle dimissioni, due variazioni a bilancio, l&#8217;approvazione del bilancio 2023\/25 di ASCA e le modifiche per le celebrazioni di matrimoni civili e le relative tariffe.<\/p>\n<p>&nbsp;<\/p>\n<p>&nbsp;<\/p>\n<hr \/>\n<p>&nbsp;<\/p>\n<blockquote>\n<h3>SEI PUNTI NEL CONSIGLIO COMUNALE DI COLLE SANTA LUCIA<\/h3>\n<\/blockquote>\n<p><strong>COLLE SANTA LUCIA<\/strong> Il sindaco di Colle Santa Lucia Paolo Frena ha convocato il consiglio comunale per sabato alle 8. Saranno sei i punti da discutere tra cui una variazione a bilancio, la fusione tra BIM GSP e BIM Infrastrutture, il regolamento dei controlli interni e un disegno di legge contro la produzione e immissione sul mercato di alimenti e mangimi sintetici.<\/p>\n<p>&nbsp;<\/p>\n<p>&nbsp;<\/p>\n<hr \/>\n<p>&nbsp;<\/p>\n<blockquote>\n<h3>Ad Agordo \u00e9 cos\u00ec: esposizione dei volti lignei della tradizione dolomitica<\/h3>\n<\/blockquote>\n<p><strong>AGORDO\u00a0<\/strong> L\u2019associazione Arca dei Volti e il Circolo Culturale Agordino, insieme per la seconda volta in Agordo, propongono una mostra di volti lignei intitolata \u201cAd Agordo \u00e8 cos\u00ec\u201d. In sala \u201cTamis\u201d, sar\u00e0 allestita dal fino al 2 luglio un\u2019esposizione delle maschere in legno della tradizione dolomitica re-interpretate dagli studenti della scuola organizzata dall\u2019associazione Arca dei Volti, guidata da Beppino Lorenzet con l\u2019aiuto di Sara Andrich e la collaborazione di altri esperti. Anche quest\u2019anno saranno presenti alcuni Olt de Riva dell\u2019artista agordino Tita Bressan. Un evento speciale domani, festa del Patrono nel capoluogo agordino, in cui maestri e artisti dell\u2019Arca dei Volti saranno presente di persona all\u2019esterno della sala per una dimostrazione sulla realizzazione di un volo in legno: dall\u2019ideazione alla scultura.<\/p>\n<p>&nbsp;<\/p>\n<p>&nbsp;<\/p>\n<hr \/>\n<p>&nbsp;<\/p>\n<blockquote>\n<h3>LA PRESENTAZIONE DEL LIBRO &#8220;LE PASCOLINE&#8221;<\/h3>\n<\/blockquote>\n<p><strong>SOSPIROLO<\/strong><\/p>\n<p>di Roberto Bona<\/p>\n<audio class=\"wp-audio-shortcode\" id=\"audio-341822-6\" preload=\"none\" style=\"width: 100%;\" controls=\"controls\"><source type=\"audio\/mpeg\" src=\"https:\/\/www.radiopiu.net\/wordpress\/wp-content\/uploads\/2023\/06\/BONA-PRESENTAZIONE-LIBRO-LE-PASCOLINE-7-LUGLIO.mp3?_=6\" \/><a href=\"https:\/\/www.radiopiu.net\/wordpress\/wp-content\/uploads\/2023\/06\/BONA-PRESENTAZIONE-LIBRO-LE-PASCOLINE-7-LUGLIO.mp3\">https:\/\/www.radiopiu.net\/wordpress\/wp-content\/uploads\/2023\/06\/BONA-PRESENTAZIONE-LIBRO-LE-PASCOLINE-7-LUGLIO.mp3<\/a><\/audio>\n<p>&nbsp;<\/p>\n<hr \/>\n<p>&nbsp;<\/p>\n<blockquote class=\"wp-embedded-content\" data-secret=\"mrdCLytnI1\"><p><a href=\"https:\/\/www.radiopiu.net\/wordpress\/lassociazione-non-una-di-meno-e-la-lettera-ai-media-dopo-il-convegno-di-belluno\/\">L&#8217;ASSOCIAZIONE &#8220;NON UNA DI MENO&#8221; E LA LETTERA AI MEDIA DOPO IL CONVEGNO DI BELLUNO<\/a><\/p><\/blockquote>\n<p><iframe loading=\"lazy\" class=\"wp-embedded-content\" sandbox=\"allow-scripts\" security=\"restricted\" style=\"position: absolute; clip: rect(1px, 1px, 1px, 1px);\" title=\"&#8220;L&#8217;ASSOCIAZIONE &#8220;NON UNA DI MENO&#8221; E LA LETTERA AI MEDIA DOPO IL CONVEGNO DI BELLUNO&#8221; &#8212; Radio Pi\u00f9\" src=\"https:\/\/www.radiopiu.net\/wordpress\/lassociazione-non-una-di-meno-e-la-lettera-ai-media-dopo-il-convegno-di-belluno\/embed\/#?secret=qsoWL4AtsK#?secret=mrdCLytnI1\" data-secret=\"mrdCLytnI1\" width=\"600\" height=\"338\" frameborder=\"0\" marginwidth=\"0\" marginheight=\"0\" scrolling=\"no\"><\/iframe><\/p>\n<p>&nbsp;<\/p>\n<hr \/>\n<p>&nbsp;<\/p>\n<h2><span style=\"color: #ff0000;\"><a class=\"dt-pswp-item\" href=\"https:\/\/www.radiopiu.net\/wordpress\/wp-content\/uploads\/2023\/06\/Senza-nome-69.png\" data-dt-img-description=\"\" data-large_image_width=\"261\" data-large_image_height=\"387\"><img loading=\"lazy\" decoding=\"async\" class=\"size-medium wp-image-341857 alignleft\" src=\"https:\/\/www.radiopiu.net\/wordpress\/wp-content\/uploads\/2023\/06\/Senza-nome-69-202x300.png\" alt=\"\" width=\"202\" height=\"300\" srcset=\"https:\/\/www.radiopiu.net\/wordpress\/wp-content\/uploads\/2023\/06\/Senza-nome-69-202x300.png 202w, https:\/\/www.radiopiu.net\/wordpress\/wp-content\/uploads\/2023\/06\/Senza-nome-69.png 261w\" sizes=\"auto, (max-width: 202px) 100vw, 202px\" \/><\/a>GLI APPUNTAMENTI DELLA SETTIMANA\u00a0<\/span><\/h2>\n<div class=\"page-title-breadcrumbs\">\n<blockquote>\n<h3><\/h3>\n<\/blockquote>\n<p><strong>ALLEGHE<\/strong> Venerd\u00ec alle 18 in sala Stoppani ad Alleghe Paolo &#8220;Gibba&#8221; Campanardi presenter\u00e0 i libro &#8220;Noi Siamo I Veci&#8221;, 15 storie per raccontare 150 degli Alpini. Presentazione a cura di Dino Bridda<\/p>\n<blockquote>\n<h3><\/h3>\n<h3>SAN PIERO AD AGORDO<\/h3>\n<\/blockquote>\n<p>Tre giorni di festa, 29-30 giugno e 1 luglio.\u00a0 Domani giovedi: mercato, cucina sera e mezzogiorno, serata danzante. Venerdi JB Band e RDJ. Sabato serata con i Riflesso, a seguire Morgan e Battaglia.<\/p>\n<\/div>\n<p>&nbsp;<\/p>\n<div class=\"page-title-breadcrumbs\">\n<blockquote>\n<h3>UNA SERATA PER SCRIVERE A MANO<\/h3>\n<\/blockquote>\n<p><strong>VAL DI ZOLDO<\/strong> Venerd\u00ec 30 giugno, a Fusine di Val di Zoldo, nella Sala Rizzardini, si svolger\u00e0 l\u2019incontro dal titolo: <em>Scrivere a Mano, tra passato e presente. <\/em>All\u2019incontro parteciperanno la calligrafa Anna Schettin, che con l\u2019intervento \u201cCalligrafia, storia di una passione\u201d ne traccer\u00e0 la storia e il\u00a0 suo \u00a0valore formale ed estetico;\u00a0 la logopedista Clara Andrich, e\u00a0 l\u2019insegnante Monica Vecellio. Introdurr\u00e0 l\u2019incontro Lucia Molin Pradel.<\/p>\n<p>&nbsp;<\/p>\n<blockquote>\n<h3>A SPASSO SUI TETTI DEL MONDO<\/h3>\n<\/blockquote>\n<p><strong>BORGO VALBELLUNA<\/strong> Verr\u00e0 inaugurata sabato alle 10 al Palazzo delle contesse di Mel &#8220;A spasso sui tetti del mondo&#8221; la mostra di disegni: \u00e8 un albo illustrato, realizzato con i disegni dei ragazzi delle classi seconde e terze della secondaria di Mel e Lentiai, che parla di un viaggio in mongolfiera raccontato da una nonna alla nipote attraverso un vecchio taccuino ritrovato in soffitta.<\/p>\n<p>&nbsp;<\/p>\n<blockquote>\n<h3>L&#8217;INAUGURAZIONE DEL NORDIC WALKING PARK AGORDINO<\/h3>\n<\/blockquote>\n<p><strong>AGORDO<\/strong> In occasione della Sagra di San Piero Ad Agordo, sabato 1 luglio verr\u00e0 inaugurato il percorso di Nordic Walking Park Agordino. Ritrovo sul Broi alle 14:30, alle 15 la caccia al tesoro e alle 17:30 l&#8217;inaugurazione del percorso sotto al tendone con Radio Pi\u00f9.<\/p>\n<p>&nbsp;<\/p>\n<blockquote>\n<h3>IL FILM DI RICCARDO BEE AL RIFUGIO SCARPA<\/h3>\n<\/blockquote>\n<p><strong>VOLTAGO<\/strong> Serata da non perdere al Rifugio Scarpa quella di sabato alle 17:30 quando sotto all&#8217;Agner verr\u00e0 proposta la proiezione del film &#8220;L&#8217;ultima Via di Riccardo Bee&#8221;. Prenotazione richiesta al 331 3152963<\/p>\n<p>&nbsp;<\/p>\n<blockquote>\n<h3>LA FESTA ALPINA AI PIANI DI PEZZE&#8217; AD ALLEGHE<\/h3>\n<\/blockquote>\n<p><strong>ALLEGHE<\/strong> Domenica ai Piani di Pezz\u00e8 ad Alleghe il Gruppo Alpini &#8220;Monte Civetta&#8221; organizza la festa alpina. Alle 11:20 l&#8217;alzabandiera, 11.30 la Santa Messa e alle 12:30 il pranzo sotto al tendone.<\/p>\n<p>&nbsp;<\/p>\n<blockquote>\n<h3>A LEZIONE DI DIFESA PERSONALE<\/h3>\n<\/blockquote>\n<p><strong>BELLUNO <\/strong>Circondati dal verde del parco di Lambioi, domenica 2 luglio dalle 9 alle 12 si potr\u00e0 partecipare ad una lezione teorico-pratica sull\u2019argomento difesa donna, metodo Viper. L\u2019iniziativa, organizzata dalla Ving Tsun Academy con il patrocinio del Comune di Belluno, \u00e8 totalmente gratuita per le partecipanti e l\u2019iscrizione avviene tramite prenotazione. Si consiglia per la pratica abbigliamento sportivo ed acqua per idratarsi.<\/p>\n<p>&nbsp;<\/p>\n<blockquote>\n<h3>FRANKIE BACK FROM HOLLYWOOD DOMENICA A BELLUNO<\/h3>\n<\/blockquote>\n<p><strong>BELLUNO <\/strong>Al via la tradizionale rassegna estiva bellunese Luglio Jazz e dintorni! con il primo dei cinque eventi in programma: domenica 2 luglio alle ore 17:30, nell&#8217;anfiteatro del Ristorante &#8220;Al Borgo&#8221; via Anconetta 8, Belluno. Come da cartellone, il primo concerto vede come protagonisti i Frankie Back From Hollywood<\/p>\n<p>&nbsp;<\/p>\n<blockquote>\n<h3>BELLUNO BUSKERS FESTIVAL IN PIAZZA DEI MARTIRI<\/h3>\n<\/blockquote>\n<p><strong>BELLUNO<\/strong> Venerd\u00ec, sabato e domenica Arriva per la prima volta a Belluno il \u201cBuskers Festival\u201d, un evento a ingresso gratuito che animer\u00e0 Piazza dei Martiri con artisti di Strada di ogni tipo: Giocoleria, Cabaret, Musica dal vivo e DJ Set, per offrire un\u2019esperienza \u201cdi strada\u201d a 360 gradi.<\/p>\n<p>&nbsp;<\/p>\n<\/div>\n<h2><span style=\"color: #ff0000;\">PROSSIMAMENTE&#8230;<\/span><\/h2>\n<blockquote>\n<h3>LA MOSTRA DI RENZO MIOLA<\/h3>\n<\/blockquote>\n<p><strong>AGORDO<\/strong> Dal 15 al 30 luglio alla Sala Don Tamis di Agordo verranno esposti i lavori di Renzo Miola. La mostra sar\u00e0 visitabile tutti i giorni dalle 17 alle 19:30, Mercoled\u00ec, sabato e domenica anche al mattino dalle 10 alle 12.<\/p>\n<p>&nbsp;<\/p>\n<blockquote>\n<h3>L&#8217;ESTATE DEI MERCATINI AD AGORDO<\/h3>\n<\/blockquote>\n<p><strong>AGORDO<\/strong> Tornano i mercatini d&#8217;estate ad Agordo. Il primo appuntamento domenica 23 luglio dalle 6 alle 19 sul Broi di Agordo con il mercatino dell&#8217;antiquariato. Per informazioni 349 3984682<\/p>\n<p>&nbsp;<\/p>\n<hr \/>\n<p>&nbsp;<\/p>\n<blockquote>\n<h3>RITORNA ARTISTI IN VETRINA AD AGORDO<\/h3>\n<\/blockquote>\n<p><strong><a class=\"dt-pswp-item\" href=\"https:\/\/www.radiopiu.net\/wordpress\/wp-content\/uploads\/2023\/06\/immagine-tre-quadri.jpg\" data-dt-img-description=\"\" data-large_image_width=\"2000\" data-large_image_height=\"1414\"><img loading=\"lazy\" decoding=\"async\" class=\" wp-image-340976 alignleft\" src=\"https:\/\/www.radiopiu.net\/wordpress\/wp-content\/uploads\/2023\/06\/immagine-tre-quadri-300x212.jpg\" alt=\"\" width=\"184\" height=\"130\" srcset=\"https:\/\/www.radiopiu.net\/wordpress\/wp-content\/uploads\/2023\/06\/immagine-tre-quadri-300x212.jpg 300w, https:\/\/www.radiopiu.net\/wordpress\/wp-content\/uploads\/2023\/06\/immagine-tre-quadri-1024x724.jpg 1024w, https:\/\/www.radiopiu.net\/wordpress\/wp-content\/uploads\/2023\/06\/immagine-tre-quadri-768x543.jpg 768w, https:\/\/www.radiopiu.net\/wordpress\/wp-content\/uploads\/2023\/06\/immagine-tre-quadri-1536x1086.jpg 1536w, https:\/\/www.radiopiu.net\/wordpress\/wp-content\/uploads\/2023\/06\/immagine-tre-quadri.jpg 2000w\" sizes=\"auto, (max-width: 184px) 100vw, 184px\" \/><\/a>AGORDO <\/strong>Anche quest\u2019anno, viene riproposta ad Agordo l\u2019iniziativa \u201cArtisti in vetrina\u201d, promossa dal Comune di Agordo per arricchire il centro storico del paese con opere d\u2019arte messe a disposizione da artisti locali. La mostra \u00e8 allestita nelle vetrine dei negozi sfitti dell\u2019antica \u201cContrada dei Signori\u201d, un tempo zona vitale e luogo adibito al commercio con la presenza di numerosi esercizi pubblici. Ora molte di queste attivit\u00e0 non sono pi\u00f9 operative, ma altre sono state aperte, rivitalizzando questo luogo che sar\u00e0 possibile visitare accompagnati da 16 quadri che rappresentano la Agordo di una volta. Come per le scorse edizioni, un obiettivo della mostra \u00e8 sensibilizzare i cittadini alla diminuzione di esercizi commerciali nel centro storico, e al contempo rendere visibile a tutti il bello della cultura, in questo caso artistica. Le opere esposte sono realizzate da Maria Nazzarena Zasso e sar\u00e0 possibile ammirarle liberamente fino a settembre. La collezione \u201cC\u2019era una volta\u2026 Agordo\u201d, composta tra il 2020 e il 2022, nasce da un profondo amore della pittrice per il suo paese natio e ritrae i caratteristici scorci del centro storico dalla fine dell\u2019\u2019800 alla prima met\u00e0 del \u2018900, in parte vissuti, in parte interpretati in modo personale sfogliando le foto antiche di cui \u00e8 sempre stata grande appassionata. La mostra \u00e8 intesa come un caloroso omaggio ad Agordo e ai suoi abitanti, nonch\u00e9 ai molti visitatori che ci auguriamo possano apprezzare le opere. Si ringraziano i proprietari delle vetrine per la concessione degli spazi.<\/p>\n<p>&nbsp;<\/p>\n<hr \/>\n<p>&nbsp;<\/p>\n<blockquote class=\"wp-embedded-content\" data-secret=\"uLmKnhSjPY\"><p><a href=\"https:\/\/www.radiopiu.net\/wordpress\/puntata-36\/\">IL RITORNO DEL COUNTRY ALLA RADIO&#8230; IL RITORNO DI ALEX NASCINBEN<\/a><\/p><\/blockquote>\n<p><iframe loading=\"lazy\" class=\"wp-embedded-content\" sandbox=\"allow-scripts\" security=\"restricted\" style=\"position: absolute; clip: rect(1px, 1px, 1px, 1px);\" title=\"&#8220;IL RITORNO DEL COUNTRY ALLA RADIO&#8230; IL RITORNO DI ALEX NASCINBEN&#8221; &#8212; Radio Pi\u00f9\" src=\"https:\/\/www.radiopiu.net\/wordpress\/puntata-36\/embed\/#?secret=GWvz56CsVh#?secret=uLmKnhSjPY\" data-secret=\"uLmKnhSjPY\" width=\"600\" height=\"338\" frameborder=\"0\" marginwidth=\"0\" marginheight=\"0\" scrolling=\"no\"><\/iframe><\/p>\n<blockquote class=\"wp-embedded-content\" data-secret=\"PEtwFZrW9L\"><p><a href=\"https:\/\/www.radiopiu.net\/wordpress\/trentatre-per-tre-di-aldo-brigadoi-laldone-collezione-completa\/\">TRENTATRE&#8217; PER TRE DI  ALDO BRIGADOI &#8220;L&#8217;ALDONE&#8221; collezione completa<\/a><\/p><\/blockquote>\n<p><iframe loading=\"lazy\" class=\"wp-embedded-content\" sandbox=\"allow-scripts\" security=\"restricted\" style=\"position: absolute; clip: rect(1px, 1px, 1px, 1px);\" title=\"&#8220;TRENTATRE&#8217; PER TRE DI  ALDO BRIGADOI &#8220;L&#8217;ALDONE&#8221; collezione completa&#8221; &#8212; Radio Pi\u00f9\" src=\"https:\/\/www.radiopiu.net\/wordpress\/trentatre-per-tre-di-aldo-brigadoi-laldone-collezione-completa\/embed\/#?secret=N5gdflBpNg#?secret=PEtwFZrW9L\" data-secret=\"PEtwFZrW9L\" width=\"600\" height=\"338\" frameborder=\"0\" marginwidth=\"0\" marginheight=\"0\" scrolling=\"no\"><\/iframe><\/p>\n<p>&nbsp;<\/p>\n<p>&nbsp;<\/p>\n<p>&nbsp;<\/p>\n<p>&nbsp;<\/p>\n<hr \/>\n<p>&nbsp;<\/p>\n<blockquote>\n<h3>IL PICCHIO DI MARIO DE MARCO<\/h3>\n<\/blockquote>\n<p><strong>REDAZIONE<\/strong> Ancora una volta Mario De Marco ci stupisce con i suoi video. Amante della natura, questa volta \u00e8 riuscito a riprendere un picchio che da da mangiare al suo piccolo. &#8220;Maschio e femmina di picchio rosso maggiore che danno le ultime imbeccate prima che il piccolo lasci il nido. Video eseguito con teleobiettivo da 500mm a debita distanza senza minimamente interagire: alta montagna sopra Voltago&#8221;<\/p>\n<p><strong>IL VIDEO<\/strong><\/p>\n<div style=\"width: 848px;\" class=\"wp-video\"><video class=\"wp-video-shortcode\" id=\"video-341822-1\" width=\"848\" height=\"480\" preload=\"metadata\" controls=\"controls\"><source type=\"video\/mp4\" src=\"https:\/\/www.radiopiu.net\/wordpress\/wp-content\/uploads\/2023\/06\/WhatsApp-Video-2023-06-27-at-20.43.29.mp4?_=1\" \/><a href=\"https:\/\/www.radiopiu.net\/wordpress\/wp-content\/uploads\/2023\/06\/WhatsApp-Video-2023-06-27-at-20.43.29.mp4\">https:\/\/www.radiopiu.net\/wordpress\/wp-content\/uploads\/2023\/06\/WhatsApp-Video-2023-06-27-at-20.43.29.mp4<\/a><\/video><\/div>\n<p>&nbsp;<\/p>\n<p>&nbsp;<\/p>\n<hr \/>\n<p>&nbsp;<\/p>\n<div dir=\"auto\">\n<div class=\"message spoilers-container\" dir=\"auto\">\n<div>\n<div class=\"b654a4as d2edcug0\">\n<div class=\"rq0escxv hkbzh7o3 jwdofwj8 n8tt0mok r8blr3vg hyh9befq\">\n<p><a class=\"dt-pswp-item\" href=\"https:\/\/www.radiopiu.net\/wordpress\/wp-content\/uploads\/2020\/10\/pp.jpg\" data-dt-img-description=\"\" data-large_image_width=\"640\" data-large_image_height=\"640\"><img loading=\"lazy\" decoding=\"async\" class=\"wp-image-163678 alignleft\" src=\"https:\/\/www.radiopiu.net\/wordpress\/wp-content\/uploads\/2020\/10\/pp-300x300.jpg\" alt=\"\" width=\"106\" height=\"106\" srcset=\"https:\/\/www.radiopiu.net\/wordpress\/wp-content\/uploads\/2020\/10\/pp-300x300.jpg 300w, https:\/\/www.radiopiu.net\/wordpress\/wp-content\/uploads\/2020\/10\/pp-150x150.jpg 150w, https:\/\/www.radiopiu.net\/wordpress\/wp-content\/uploads\/2020\/10\/pp-125x125.jpg 125w, https:\/\/www.radiopiu.net\/wordpress\/wp-content\/uploads\/2020\/10\/pp-200x200.jpg 200w, https:\/\/www.radiopiu.net\/wordpress\/wp-content\/uploads\/2020\/10\/pp-80x80.jpg 80w, https:\/\/www.radiopiu.net\/wordpress\/wp-content\/uploads\/2020\/10\/pp-480x480.jpg 480w, https:\/\/www.radiopiu.net\/wordpress\/wp-content\/uploads\/2020\/10\/pp.jpg 640w\" sizes=\"auto, (max-width: 106px) 100vw, 106px\" \/><\/a><\/p>\n<\/div>\n<\/div>\n<\/div>\n<\/div>\n<div class=\"message spoilers-container\" dir=\"auto\">\n<div class=\"page-title-head hgroup\">\n<div class=\"page-title-head hgroup\">\n<div class=\"b654a4as d2edcug0\">\n<div class=\"j83agx80 btwxx1t3 lhclo0ds hop8lmos nkwizq5d scwd0bx6 roh60bw9\">\n<div class=\"rq0escxv hkbzh7o3 jwdofwj8 n8tt0mok r8blr3vg hyh9befq\">\n<div class=\"do00u71z l9j0dhe7 k4urcfbm\" style=\"text-align: left;\">\n<h2><span style=\"color: #000080;\">DON CESARE, IL PENSIERO DEL GIORNO. ALLA RADIO ALLE 7 DEL MATTINO E ALLE 19.30 DELLA SERA<\/span><\/h2>\n<\/div>\n<\/div>\n<\/div>\n<\/div>\n<\/div>\n<\/div>\n<\/div>\n<\/div>\n<div class=\"message spoilers-container\" dir=\"auto\">\n<div class=\"column\">\n<div class=\"message spoilers-container\" dir=\"auto\">\n<div class=\"column\">\n<p>&nbsp;<\/p>\n<p>&nbsp;<\/p>\n<p>&nbsp;<\/p>\n<hr \/>\n<p>&nbsp;<\/p>\n<h2><strong><a class=\"dt-pswp-item\" href=\"https:\/\/www.radiopiu.net\/wordpress\/wp-content\/uploads\/2023\/06\/SCR-20230623-llvz.jpeg\" data-dt-img-description=\"\" data-large_image_width=\"1344\" data-large_image_height=\"1038\"><img loading=\"lazy\" decoding=\"async\" class=\" wp-image-341429 alignleft\" src=\"https:\/\/www.radiopiu.net\/wordpress\/wp-content\/uploads\/2023\/06\/SCR-20230623-llvz-300x232.jpeg\" alt=\"\" width=\"145\" height=\"112\" srcset=\"https:\/\/www.radiopiu.net\/wordpress\/wp-content\/uploads\/2023\/06\/SCR-20230623-llvz-300x232.jpeg 300w, https:\/\/www.radiopiu.net\/wordpress\/wp-content\/uploads\/2023\/06\/SCR-20230623-llvz-1024x791.jpeg 1024w, https:\/\/www.radiopiu.net\/wordpress\/wp-content\/uploads\/2023\/06\/SCR-20230623-llvz-768x593.jpeg 768w, https:\/\/www.radiopiu.net\/wordpress\/wp-content\/uploads\/2023\/06\/SCR-20230623-llvz.jpeg 1344w\" sizes=\"auto, (max-width: 145px) 100vw, 145px\" \/><\/a><\/strong><span style=\"color: #00ccff;\">LA RASSEGNA STAMPA DA L&#8217;AMICO DEL POPOLO<\/span><\/h2>\n<p><strong>DI GIANNI SANTOMASO<\/strong><\/p>\n<p>Ospite: Tamara Costantini, consigliere comunale di Taibon e istruttrice di Nordic Valking<\/p>\n<audio class=\"wp-audio-shortcode\" id=\"audio-341822-7\" preload=\"none\" style=\"width: 100%;\" controls=\"controls\"><source type=\"audio\/mpeg\" src=\"https:\/\/www.radiopiu.net\/wordpress\/wp-content\/uploads\/2023\/06\/RASSEGNA-GIANNI-2.mp3?_=7\" \/><a href=\"https:\/\/www.radiopiu.net\/wordpress\/wp-content\/uploads\/2023\/06\/RASSEGNA-GIANNI-2.mp3\">https:\/\/www.radiopiu.net\/wordpress\/wp-content\/uploads\/2023\/06\/RASSEGNA-GIANNI-2.mp3<\/a><\/audio>\n<p>&nbsp;<\/p>\n<p>&nbsp;<\/p>\n<hr \/>\n<p>&nbsp;<\/p>\n<p><img loading=\"lazy\" decoding=\"async\" class=\"aligncenter wp-image-61954 size-full\" src=\"https:\/\/www.radiopiu.net\/wordpress\/wp-content\/uploads\/2018\/09\/viabilita.jpeg\" sizes=\"auto, (max-width: 800px) 100vw, 800px\" srcset=\"https:\/\/www.radiopiu.net\/wordpress\/wp-content\/uploads\/2018\/09\/viabilita.jpeg 800w, https:\/\/www.radiopiu.net\/wordpress\/wp-content\/uploads\/2018\/09\/viabilita-300x38.jpeg 300w, https:\/\/www.radiopiu.net\/wordpress\/wp-content\/uploads\/2018\/09\/viabilita-768x96.jpeg 768w\" alt=\"\" width=\"800\" height=\"100\" \/><\/p>\n<\/div>\n<\/div>\n<div class=\"message spoilers-container\" dir=\"auto\">\n<div class=\"column\">\n<p>&nbsp;<\/p>\n<\/div>\n<\/div>\n<\/div>\n<\/div>\n<blockquote class=\"wp-embedded-content\" data-secret=\"KDTOambmsE\"><p><a href=\"https:\/\/www.radiopiu.net\/wordpress\/viabilita\/\">viabilita<\/a><\/p><\/blockquote>\n<p><iframe loading=\"lazy\" class=\"wp-embedded-content\" sandbox=\"allow-scripts\" security=\"restricted\" style=\"position: absolute; clip: rect(1px, 1px, 1px, 1px);\" title=\"&#8220;viabilita&#8221; &#8212; Radio Pi\u00f9\" src=\"https:\/\/www.radiopiu.net\/wordpress\/viabilita\/embed\/#?secret=JReYzK0Hr0#?secret=KDTOambmsE\" data-secret=\"KDTOambmsE\" width=\"600\" height=\"338\" frameborder=\"0\" marginwidth=\"0\" marginheight=\"0\" scrolling=\"no\"><\/iframe><\/p>\n<div class=\"message spoilers-container\" dir=\"auto\">\n<div class=\"column\">\n<div class=\"message spoilers-container\" dir=\"auto\">\n<div class=\"column\">\n<div>\n<div dir=\"ltr\">\n<div class=\"gmail_quote\">\n<div dir=\"ltr\">\n<div><\/div>\n<div>\n<hr \/>\n<\/div>\n<div><a class=\"dt-pswp-item\" href=\"https:\/\/www.radiopiu.net\/wordpress\/wp-content\/uploads\/2023\/06\/07493af4-f8e1-4ce3-bb99-e0a40362939f.jpg\" data-dt-img-description=\"\" data-large_image_width=\"1417\" data-large_image_height=\"1481\"><img loading=\"lazy\" decoding=\"async\" class=\"wp-image-339869 aligncenter\" src=\"https:\/\/www.radiopiu.net\/wordpress\/wp-content\/uploads\/2023\/06\/07493af4-f8e1-4ce3-bb99-e0a40362939f-980x1024.jpg\" alt=\"\" width=\"382\" height=\"399\" srcset=\"https:\/\/www.radiopiu.net\/wordpress\/wp-content\/uploads\/2023\/06\/07493af4-f8e1-4ce3-bb99-e0a40362939f-980x1024.jpg 980w, https:\/\/www.radiopiu.net\/wordpress\/wp-content\/uploads\/2023\/06\/07493af4-f8e1-4ce3-bb99-e0a40362939f-287x300.jpg 287w, https:\/\/www.radiopiu.net\/wordpress\/wp-content\/uploads\/2023\/06\/07493af4-f8e1-4ce3-bb99-e0a40362939f-768x803.jpg 768w, https:\/\/www.radiopiu.net\/wordpress\/wp-content\/uploads\/2023\/06\/07493af4-f8e1-4ce3-bb99-e0a40362939f.jpg 1417w\" sizes=\"auto, (max-width: 382px) 100vw, 382px\" \/><\/a><\/div>\n<div><\/div>\n<\/div>\n<\/div>\n<\/div>\n<\/div>\n<hr \/>\n<p>&nbsp;<\/p>\n<p><a class=\"dt-pswp-item\" href=\"https:\/\/www.radiopiu.net\/wordpress\/wp-content\/uploads\/2018\/09\/WhatsApp-Image-2018-09-20-at-16.04.06.jpeg\" data-dt-img-description=\"\" data-large_image_width=\"800\" data-large_image_height=\"100\"><img loading=\"lazy\" decoding=\"async\" class=\"wp-image-61378 size-full aligncenter\" src=\"https:\/\/www.radiopiu.net\/wordpress\/wp-content\/uploads\/2018\/09\/WhatsApp-Image-2018-09-20-at-16.04.06.jpeg\" alt=\"\" width=\"800\" height=\"100\" srcset=\"https:\/\/www.radiopiu.net\/wordpress\/wp-content\/uploads\/2018\/09\/WhatsApp-Image-2018-09-20-at-16.04.06.jpeg 800w, https:\/\/www.radiopiu.net\/wordpress\/wp-content\/uploads\/2018\/09\/WhatsApp-Image-2018-09-20-at-16.04.06-300x38.jpeg 300w, https:\/\/www.radiopiu.net\/wordpress\/wp-content\/uploads\/2018\/09\/WhatsApp-Image-2018-09-20-at-16.04.06-768x96.jpeg 768w\" sizes=\"auto, (max-width: 800px) 100vw, 800px\" \/><\/a><\/p>\n<\/div>\n<\/div>\n<div class=\"message spoilers-container\" dir=\"auto\">\n<p>&nbsp;<\/p>\n<\/div>\n<p><center><b>OGGI<\/b><\/center>Fino al primo mattino possibili nubi basse specie su Prealpi. In giornata parzialmente nuvoloso, a tratti nuvoloso, per transito di nubi medio-alte con schiarite pi\u00f9 ampie nel pomeriggio a partire da Dolomiti.<br \/>\n<b>Precipitazioni: <\/b>Nella notte residui rovesci su Prealpi (20-40%), in giornata non del tutto escluso qualche piovasco qua e l\u00e0, pi\u00f9 probabile su Prealpi (20%)<br \/>\n<b>Temperature: <\/b>In ulteriore generale calo a tutte le quote.<\/p>\n<hr \/>\n<p><center><b>DOMANI<\/b><\/center>Tempo stabile con cielo sereno o poco nuvoloso ed ottima visibilit\u00e0 su Dolomiti; su Prealpi fino al primo mattino possibili nubi basse assieme a qualche addensamento in giornata. Verso sera arrivo di nubi medio-alte da ovest.<br \/>\n<b>Precipitazioni: <\/b>Generalmente assenti.<br \/>\n<b>Temperature: <\/b>Temperature minime stazionarie o in lieve calo nelle valli, in aumento in quota, massime in aumento<\/p>\n<hr \/>\n<p><center><b>VENERDI<\/b><\/center>Al mattino nuvolosit\u00e0 variabile poi tempo tendente a divenire instabile con nuvolosit\u00e0 irregolare in aumento assieme alla probabilit\u00e0 di rovesci e temporali isolati\/sparsi specie nel pomeriggio\/sera. Temperature massime in generale calo.<\/p>\n<hr \/>\n<p><center><b>SABATO<\/b><\/center>Residua instabilit\u00e0 fino al primo mattino con nuvolosit\u00e0 anche estesa su Prealpi e qualche residuo rovescio. Dalla tarda mattinata e soprattutto nel pomeriggio schiarite via via pi\u00f9 ampie fino a poco nuvoloso ovunque. Temperature in lieve calo.<\/p>\n<p>&nbsp;<\/p>\n<p>&nbsp;<\/p>\n<div class=\"message spoilers-container\" dir=\"auto\">\n<hr \/>\n<p>&nbsp;<\/p>\n<p><a class=\"dt-pswp-item\" href=\"https:\/\/www.radiopiu.net\/wordpress\/wp-content\/uploads\/2018\/09\/sport.jpg\" data-dt-img-description=\"\" data-large_image_width=\"800\" data-large_image_height=\"100\"><img loading=\"lazy\" decoding=\"async\" class=\"aligncenter wp-image-60761 size-full\" src=\"https:\/\/www.radiopiu.net\/wordpress\/wp-content\/uploads\/2018\/09\/sport.jpg\" alt=\"\" width=\"800\" height=\"100\" srcset=\"https:\/\/www.radiopiu.net\/wordpress\/wp-content\/uploads\/2018\/09\/sport.jpg 800w, https:\/\/www.radiopiu.net\/wordpress\/wp-content\/uploads\/2018\/09\/sport-300x38.jpg 300w, https:\/\/www.radiopiu.net\/wordpress\/wp-content\/uploads\/2018\/09\/sport-768x96.jpg 768w\" sizes=\"auto, (max-width: 800px) 100vw, 800px\" \/><\/a><\/p>\n<\/div>\n<div class=\"message spoilers-container\" dir=\"auto\">\n<p>&nbsp;<\/p>\n<p><span style=\"color: #0000ff;\"><strong>CALCIO<\/strong><\/span><\/p>\n<blockquote>\n<h3>CAMPIONATO AGORDINO: SFIDA A 7 PER UNA QUALIFICAZIONE DIRETTA AI QUARTI<\/h3>\n<\/blockquote>\n<p><strong><a class=\"dt-pswp-item\" href=\"https:\/\/www.radiopiu.net\/wordpress\/wp-content\/uploads\/2023\/06\/TAIBON-2023.jpg\" data-dt-img-description=\"\" data-large_image_width=\"1600\" data-large_image_height=\"720\"><img loading=\"lazy\" decoding=\"async\" class=\" wp-image-341918 alignleft\" src=\"https:\/\/www.radiopiu.net\/wordpress\/wp-content\/uploads\/2023\/06\/TAIBON-2023-300x135.jpg\" alt=\"\" width=\"240\" height=\"108\" srcset=\"https:\/\/www.radiopiu.net\/wordpress\/wp-content\/uploads\/2023\/06\/TAIBON-2023-300x135.jpg 300w, https:\/\/www.radiopiu.net\/wordpress\/wp-content\/uploads\/2023\/06\/TAIBON-2023-1024x461.jpg 1024w, https:\/\/www.radiopiu.net\/wordpress\/wp-content\/uploads\/2023\/06\/TAIBON-2023-768x346.jpg 768w, https:\/\/www.radiopiu.net\/wordpress\/wp-content\/uploads\/2023\/06\/TAIBON-2023-1536x691.jpg 1536w, https:\/\/www.radiopiu.net\/wordpress\/wp-content\/uploads\/2023\/06\/TAIBON-2023.jpg 1600w\" sizes=\"auto, (max-width: 240px) 100vw, 240px\" \/><\/a>di Marco Gaz<\/strong><\/p>\n<p><strong>REDAZIONE<\/strong> Dopo le prime quattro giornate, e a soli 80&#8242; dal termine della stagione regolare, sono sette le squadre in corsa per i quattro posti disponibili alla qualificazione diretta ai quarti di finale del Memorial Attilio Moretti. Ad avere la vita pi\u00f9 facile \u00e8 sicuramente il Fodom, unica squadra a punteggio pieno a cui basta un pareggio per qualificarsi come prima del girone A. Al La Valle basta vincere con il Cencenighe per assicurarsi i quarti di finale. Pi\u00f9 complicata la situazione dei campioni in carica del Voltago che per assicurarsi il passaggio diretto del turno deve vincere a Cernadoi con gli orsetti, non un&#8217;impresa da poco. Nel girone B sono quattro le squadre in corsa. Il Le Ville \u00e8 in testa con 10 punti ma alle spalle c&#8217;\u00e8 il Taibon (FOTO) a 9 e subito dopo Caprile e Vallada a 7. La compagine di Agordo deve vincere con il Vallada per assicurarsi i quarti come prima del girone. Per strappare il pass ai quarti il Taibon deve vincere lo scontro diretto con il Caprile, Lo stesso Caprile deve fare la stessa cosa con i taiboner e sperare in una vittoria del Le Ville a Vallada. Pi\u00f9 complicata la storia per i valladini che per accedere ai quarti devono vincere con Il Le Ville con almeno 4 gol di scarto e sperare che a Taibon il Caprile vinca di misura, in uesto caso i neroarancio passerebbero il turno grazie alla differenza reti. Un quadro complesso ma che solo domenica prossima avr\u00e0 il suo termine. Intanto Canale, Cencenighe, Rivamonte, Gosaldo e Alleghe sono le squadre che saranno costrette a giocare i miniottavi.<\/p>\n<p>&nbsp;<\/p>\n<p><span style=\"color: #0000ff;\"><strong>MOTORI<\/strong><\/span><\/p>\n<blockquote>\n<h3>ALBERTINI-FAPPANI VINCONO IL RALLY DI SAN MARTINO DI CASTROZZA. BENE ANCHE I BELLUNESI<\/h3>\n<\/blockquote>\n<p><strong><a class=\"dt-pswp-item\" href=\"https:\/\/www.radiopiu.net\/wordpress\/wp-content\/uploads\/2019\/04\/SignorBernardiRallyElba.jpg\" data-dt-img-description=\"\" data-large_image_width=\"960\" data-large_image_height=\"640\"><img loading=\"lazy\" decoding=\"async\" class=\" wp-image-83895 alignleft\" src=\"https:\/\/www.radiopiu.net\/wordpress\/wp-content\/uploads\/2019\/04\/SignorBernardiRallyElba-300x200.jpg\" alt=\"\" width=\"159\" height=\"106\" srcset=\"https:\/\/www.radiopiu.net\/wordpress\/wp-content\/uploads\/2019\/04\/SignorBernardiRallyElba-300x200.jpg 300w, https:\/\/www.radiopiu.net\/wordpress\/wp-content\/uploads\/2019\/04\/SignorBernardiRallyElba-768x512.jpg 768w, https:\/\/www.radiopiu.net\/wordpress\/wp-content\/uploads\/2019\/04\/SignorBernardiRallyElba.jpg 960w\" sizes=\"auto, (max-width: 159px) 100vw, 159px\" \/><\/a>SAN MARTINO DI CASTROZZA (TN)<\/strong><\/p>\n<p>di Roberto Bona<\/p>\n<audio class=\"wp-audio-shortcode\" id=\"audio-341822-8\" preload=\"none\" style=\"width: 100%;\" controls=\"controls\"><source type=\"audio\/mpeg\" src=\"https:\/\/www.radiopiu.net\/wordpress\/wp-content\/uploads\/2023\/06\/gr-28-sport-rally-san-martino-bona.mp3?_=8\" \/><a href=\"https:\/\/www.radiopiu.net\/wordpress\/wp-content\/uploads\/2023\/06\/gr-28-sport-rally-san-martino-bona.mp3\">https:\/\/www.radiopiu.net\/wordpress\/wp-content\/uploads\/2023\/06\/gr-28-sport-rally-san-martino-bona.mp3<\/a><\/audio>\n<p>&nbsp;<\/p>\n<blockquote>\n<h3>FILIPPO FANT FA BELLA FIGURA A MONZA<\/h3>\n<\/blockquote>\n<p><strong>MONZA (MB)<\/strong><\/p>\n<p>di Roberto Bona<\/p>\n<p>(foto: BMW Italia)<\/p>\n<audio class=\"wp-audio-shortcode\" id=\"audio-341822-9\" preload=\"none\" style=\"width: 100%;\" controls=\"controls\"><source type=\"audio\/mpeg\" src=\"https:\/\/www.radiopiu.net\/wordpress\/wp-content\/uploads\/2023\/06\/gr-28-sport-filippo-fant-bona.mp3?_=9\" \/><a href=\"https:\/\/www.radiopiu.net\/wordpress\/wp-content\/uploads\/2023\/06\/gr-28-sport-filippo-fant-bona.mp3\">https:\/\/www.radiopiu.net\/wordpress\/wp-content\/uploads\/2023\/06\/gr-28-sport-filippo-fant-bona.mp3<\/a><\/audio>\n<p>&nbsp;<\/p>\n\n\t\t\t<style type='text\/css'>\n\t\t\t\t#gallery-6 {\n\t\t\t\t\tmargin: auto;\n\t\t\t\t}\n\t\t\t\t#gallery-6 .gallery-item {\n\t\t\t\t\tfloat: left;\n\t\t\t\t\tmargin-top: 10px;\n\t\t\t\t\ttext-align: center;\n\t\t\t\t\twidth: 50%;\n\t\t\t\t}\n\t\t\t\t#gallery-6 img {\n\t\t\t\t\tborder: 2px solid #cfcfcf;\n\t\t\t\t}\n\t\t\t\t#gallery-6 .gallery-caption {\n\t\t\t\t\tmargin-left: 0;\n\t\t\t\t}\n\t\t\t\t\/* see gallery_shortcode() in wp-includes\/media.php *\/\n\t\t\t<\/style>\n\t\t<div id='gallery-6' class='dt-gallery-container gallery galleryid-341822 gallery-columns-2 gallery-size-medium'><dl class='gallery-item'>\n\t\t\t\t<dt class='gallery-icon landscape'>\n\t\t\t\t\t<a class=\"rollover rollover-zoom dt-pswp-item\" title=\"8bd98489-edb2-451a-9a0b-35edcd00a1da\" data-dt-img-description=\"\" data-large_image_width=\"1024\" data-large_image_height=\"683\"href='https:\/\/www.radiopiu.net\/wordpress\/wp-content\/uploads\/2023\/06\/8bd98489-edb2-451a-9a0b-35edcd00a1da.jpg'><img loading=\"lazy\" decoding=\"async\" width=\"300\" height=\"200\" src=\"https:\/\/www.radiopiu.net\/wordpress\/wp-content\/uploads\/2023\/06\/8bd98489-edb2-451a-9a0b-35edcd00a1da-300x200.jpg\" class=\"attachment-medium size-medium\" alt=\"\" srcset=\"https:\/\/www.radiopiu.net\/wordpress\/wp-content\/uploads\/2023\/06\/8bd98489-edb2-451a-9a0b-35edcd00a1da-300x200.jpg 300w, https:\/\/www.radiopiu.net\/wordpress\/wp-content\/uploads\/2023\/06\/8bd98489-edb2-451a-9a0b-35edcd00a1da-768x512.jpg 768w, https:\/\/www.radiopiu.net\/wordpress\/wp-content\/uploads\/2023\/06\/8bd98489-edb2-451a-9a0b-35edcd00a1da.jpg 1024w\" sizes=\"auto, (max-width: 300px) 100vw, 300px\" \/><\/a>\n\t\t\t\t<\/dt><\/dl><dl class='gallery-item'>\n\t\t\t\t<dt class='gallery-icon landscape'>\n\t\t\t\t\t<a class=\"rollover rollover-zoom dt-pswp-item\" title=\"cc1f4e8d-d17b-4256-b7f9-30951d731b41\" data-dt-img-description=\"\" data-large_image_width=\"1024\" data-large_image_height=\"683\"href='https:\/\/www.radiopiu.net\/wordpress\/wp-content\/uploads\/2023\/06\/cc1f4e8d-d17b-4256-b7f9-30951d731b41.jpg'><img loading=\"lazy\" decoding=\"async\" width=\"300\" height=\"200\" src=\"https:\/\/www.radiopiu.net\/wordpress\/wp-content\/uploads\/2023\/06\/cc1f4e8d-d17b-4256-b7f9-30951d731b41-300x200.jpg\" class=\"attachment-medium size-medium\" alt=\"\" srcset=\"https:\/\/www.radiopiu.net\/wordpress\/wp-content\/uploads\/2023\/06\/cc1f4e8d-d17b-4256-b7f9-30951d731b41-300x200.jpg 300w, https:\/\/www.radiopiu.net\/wordpress\/wp-content\/uploads\/2023\/06\/cc1f4e8d-d17b-4256-b7f9-30951d731b41-768x512.jpg 768w, https:\/\/www.radiopiu.net\/wordpress\/wp-content\/uploads\/2023\/06\/cc1f4e8d-d17b-4256-b7f9-30951d731b41.jpg 1024w\" sizes=\"auto, (max-width: 300px) 100vw, 300px\" \/><\/a>\n\t\t\t\t<\/dt><\/dl><br style=\"clear: both\" \/>\n\t\t\t<\/div>\n\n<p>&nbsp;<\/p>\n<p><span style=\"color: #0000ff;\"><strong>NUOTO<\/strong><\/span><\/p>\n<blockquote>\n<h3>SPORTIVAMENTE BELLUNO: PODIO E RECORD PER ALESSANDRO MORRA<\/h3>\n<\/blockquote>\n<p><span id=\"page2R_mcid1\" class=\"markedContent\"><span dir=\"ltr\" role=\"presentation\"><strong><a class=\"dt-pswp-item\" href=\"https:\/\/www.radiopiu.net\/wordpress\/wp-content\/uploads\/2023\/06\/Alessandro_Morra_sul_podio.jpg\" data-dt-img-description=\"\" data-large_image_width=\"640\" data-large_image_height=\"480\"><img loading=\"lazy\" decoding=\"async\" class=\" wp-image-341850 alignleft\" src=\"https:\/\/www.radiopiu.net\/wordpress\/wp-content\/uploads\/2023\/06\/Alessandro_Morra_sul_podio-300x225.jpg\" alt=\"\" width=\"263\" height=\"197\" srcset=\"https:\/\/www.radiopiu.net\/wordpress\/wp-content\/uploads\/2023\/06\/Alessandro_Morra_sul_podio-300x225.jpg 300w, https:\/\/www.radiopiu.net\/wordpress\/wp-content\/uploads\/2023\/06\/Alessandro_Morra_sul_podio.jpg 640w\" sizes=\"auto, (max-width: 263px) 100vw, 263px\" \/><\/a>BELLUNO<\/strong>\u00a0 <\/span><\/span><span id=\"page2R_mcid5\" class=\"markedContent\"><span dir=\"ltr\" role=\"presentation\">Il meeting regionale a Tezze sul Brenta fa calare il sipario sulla stagione degli Esordienti B. <\/span><span dir=\"ltr\" role=\"presentation\">All\u2019appuntamento, in provincia di Vicenza, hanno partecipato i venti migliori atleti per ogni <\/span><span dir=\"ltr\" role=\"presentation\">specialit\u00e0. <\/span><\/span><span id=\"page2R_mcid6\" class=\"markedContent\"><span dir=\"ltr\" role=\"presentation\">A rappresentare la Sportivamente Belluno hanno pensato Alessandro Morra (50 e 100 stile libero e <\/span><span dir=\"ltr\" role=\"presentation\">50 delfino), Rodolfo Zanon (100 delfino), Greta Galanti (100 misti e 50 stile) e Laura Ivessa (50 <\/span><span dir=\"ltr\" role=\"presentation\">stile), supportati dal tifo dei compagni convocati per le staffette: Cesare Lorenzi, Giovanni Puccio, <\/span><span dir=\"ltr\" role=\"presentation\">Aurora Camposeo, Stella Somacal ed Elisa Thomas. Grande soddisfazione, in particolare, per <\/span><span dir=\"ltr\" role=\"presentation\">Morra, capace di conquistare il terzo posto nei 50 delfino e di eguagliare un record societario nei <\/span><span dir=\"ltr\" role=\"presentation\">50 stile libero, con il tempo di 31\u201d5. <\/span><\/span><span id=\"page2R_mcid7\" class=\"markedContent\"><span dir=\"ltr\" role=\"presentation\">Molto buoni anche i risultati di tutti gli altri ragazzi che si sono dimostrati all\u2019altezza delle <\/span><span dir=\"ltr\" role=\"presentation\">aspettative rientrando nei primi dieci nella classifica generale: nello specifico, sesto posto per <\/span><span dir=\"ltr\" role=\"presentation\">Zanon nei 100 delfino (1\u201922\u201d5), settimo per Galanti nei 50 stile (35\u201d4) con il nuovo record societario <\/span><span dir=\"ltr\" role=\"presentation\">e decimo per Ivessa, sempre nei 50 stile (36\u201d4). <\/span><\/span><span id=\"page2R_mcid8\" class=\"markedContent\"><span dir=\"ltr\" role=\"presentation\">Non nasconde la propria soddisfazione il tecnico Sogne: \u00abAuguro a questi ragazzi di continuare a <\/span><span dir=\"ltr\" role=\"presentation\">divertirsi entrando in acqua. Da settembre li aspetta una nuova avventura: il passaggio di categoria <\/span><span dir=\"ltr\" role=\"presentation\">agli Esordienti A\u00bb<\/span><\/span><\/p>\n<p>&nbsp;<\/p>\n<p><span style=\"color: #0000ff;\"><strong>SCI ALPNISMO<\/strong><\/span><\/p>\n<blockquote>\n<h3>SARA&#8217; CORTINA AD OSPITARE LA FINALE DELLA COPPA DEL MONDO DI SCI ALPINISMO<\/h3>\n<\/blockquote>\n<p><strong><a class=\"dt-pswp-item\" href=\"https:\/\/www.radiopiu.net\/wordpress\/wp-content\/uploads\/2023\/06\/784770e2-8597-498c-9b8a-1555130df75f.jpg\" data-dt-img-description=\"\" data-large_image_width=\"1024\" data-large_image_height=\"768\"><img loading=\"lazy\" decoding=\"async\" class=\" wp-image-341963 alignleft\" src=\"https:\/\/www.radiopiu.net\/wordpress\/wp-content\/uploads\/2023\/06\/784770e2-8597-498c-9b8a-1555130df75f-300x225.jpg\" alt=\"\" width=\"177\" height=\"133\" srcset=\"https:\/\/www.radiopiu.net\/wordpress\/wp-content\/uploads\/2023\/06\/784770e2-8597-498c-9b8a-1555130df75f-300x225.jpg 300w, https:\/\/www.radiopiu.net\/wordpress\/wp-content\/uploads\/2023\/06\/784770e2-8597-498c-9b8a-1555130df75f-768x576.jpg 768w, https:\/\/www.radiopiu.net\/wordpress\/wp-content\/uploads\/2023\/06\/784770e2-8597-498c-9b8a-1555130df75f.jpg 1024w\" sizes=\"auto, (max-width: 177px) 100vw, 177px\" \/><\/a>CORTINA<\/strong><\/p>\n<p>di Roberto Bona<\/p>\n<audio class=\"wp-audio-shortcode\" id=\"audio-341822-10\" preload=\"none\" style=\"width: 100%;\" controls=\"controls\"><source type=\"audio\/mpeg\" src=\"https:\/\/www.radiopiu.net\/wordpress\/wp-content\/uploads\/2023\/06\/gr-28-sport-coppa-del-mondo-sci-alpinismo-bona.mp3?_=10\" \/><a href=\"https:\/\/www.radiopiu.net\/wordpress\/wp-content\/uploads\/2023\/06\/gr-28-sport-coppa-del-mondo-sci-alpinismo-bona.mp3\">https:\/\/www.radiopiu.net\/wordpress\/wp-content\/uploads\/2023\/06\/gr-28-sport-coppa-del-mondo-sci-alpinismo-bona.mp3<\/a><\/audio>\n<p>&nbsp;<\/p>\n<\/div>\n<\/div>\n<\/div>\n","protected":false},"excerpt":{"rendered":"<p>40esimo di RADIOPIU\u2026. LA VOCE DELL\u2019EMOZIONE &nbsp; ISCRIVITI AL NOSTRO CANALE\u00a0\u00a0YOUTUBE PER SEGUIRE IN DIRETTA I PRINCIPALI PROGRAMMI DI RADIO PIU\u2019 E LE FUTURE DIRETTE IN ESTERNA. PER ISCRIVERTI\u00a0CLICCA QUI\u00a0E PREMI\u00a0 \u201cIscriviti\u201d\u00a0 \u00a0 &nbsp; &nbsp; LAVORI PROGRAMMATI ENEL VOLTAGO OGGI\u00a0DALLE 9 ALLE 12 INTERRUZIONI DI ENERGIA ELETTRICA NELLE VIE MATHADOR, TRENTO TRIESTE, DIGOMAN, GIOIA E&hellip;<\/p>\n","protected":false},"author":4,"featured_media":341986,"comment_status":"closed","ping_status":"closed","sticky":false,"template":"","format":"standard","meta":{"_monsterinsights_skip_tracking":false,"_monsterinsights_sitenote_active":false,"_monsterinsights_sitenote_note":"","_monsterinsights_sitenote_category":0,"footnotes":""},"categories":[51,86,49],"tags":[],"class_list":["post-341822","post","type-post","status-publish","format-standard","has-post-thumbnail","hentry","category-evidenza-top","category-gr","category-news-18","category-51","category-86","category-49","description-off"],"img_url":"https:\/\/www.radiopiu.net\/wordpress\/wp-content\/uploads\/2023\/06\/Senza-nome-71.png","_links":{"self":[{"href":"https:\/\/www.radiopiu.net\/wordpress\/wp-json\/wp\/v2\/posts\/341822","targetHints":{"allow":["GET"]}}],"collection":[{"href":"https:\/\/www.radiopiu.net\/wordpress\/wp-json\/wp\/v2\/posts"}],"about":[{"href":"https:\/\/www.radiopiu.net\/wordpress\/wp-json\/wp\/v2\/types\/post"}],"author":[{"embeddable":true,"href":"https:\/\/www.radiopiu.net\/wordpress\/wp-json\/wp\/v2\/users\/4"}],"replies":[{"embeddable":true,"href":"https:\/\/www.radiopiu.net\/wordpress\/wp-json\/wp\/v2\/comments?post=341822"}],"version-history":[{"count":0,"href":"https:\/\/www.radiopiu.net\/wordpress\/wp-json\/wp\/v2\/posts\/341822\/revisions"}],"wp:featuredmedia":[{"embeddable":true,"href":"https:\/\/www.radiopiu.net\/wordpress\/wp-json\/wp\/v2\/media\/341986"}],"wp:attachment":[{"href":"https:\/\/www.radiopiu.net\/wordpress\/wp-json\/wp\/v2\/media?parent=341822"}],"wp:term":[{"taxonomy":"category","embeddable":true,"href":"https:\/\/www.radiopiu.net\/wordpress\/wp-json\/wp\/v2\/categories?post=341822"},{"taxonomy":"post_tag","embeddable":true,"href":"https:\/\/www.radiopiu.net\/wordpress\/wp-json\/wp\/v2\/tags?post=341822"}],"curies":[{"name":"wp","href":"https:\/\/api.w.org\/{rel}","templated":true}]}}