{"id":341890,"date":"2023-06-28T05:38:10","date_gmt":"2023-06-28T03:38:10","guid":{"rendered":"https:\/\/www.radiopiu.net\/wordpress\/?p=341890"},"modified":"2023-06-28T05:45:12","modified_gmt":"2023-06-28T03:45:12","slug":"le-volanti-recuperano-le-biciclette-rubate-alla-sagra-di-castion","status":"publish","type":"post","link":"https:\/\/www.radiopiu.net\/wordpress\/le-volanti-recuperano-le-biciclette-rubate-alla-sagra-di-castion\/","title":{"rendered":"LE VOLANTI RECUPERANO LE BICICLETTE RUBATE ALLA SAGRA DI CASTION"},"content":{"rendered":"<p class=\"western\"><a class=\"dt-pswp-item\" href=\"https:\/\/www.radiopiu.net\/wordpress\/wp-content\/uploads\/2023\/06\/IMG-20230626-WA0055.jpg\" data-dt-img-description=\"\" data-large_image_width=\"2048\" data-large_image_height=\"1360\"><img loading=\"lazy\" decoding=\"async\" class=\"size-medium wp-image-341891 alignleft\" src=\"https:\/\/www.radiopiu.net\/wordpress\/wp-content\/uploads\/2023\/06\/IMG-20230626-WA0055-300x199.jpg\" alt=\"\" width=\"300\" height=\"199\" srcset=\"https:\/\/www.radiopiu.net\/wordpress\/wp-content\/uploads\/2023\/06\/IMG-20230626-WA0055-300x199.jpg 300w, https:\/\/www.radiopiu.net\/wordpress\/wp-content\/uploads\/2023\/06\/IMG-20230626-WA0055-1024x680.jpg 1024w, https:\/\/www.radiopiu.net\/wordpress\/wp-content\/uploads\/2023\/06\/IMG-20230626-WA0055-768x510.jpg 768w, https:\/\/www.radiopiu.net\/wordpress\/wp-content\/uploads\/2023\/06\/IMG-20230626-WA0055-1536x1020.jpg 1536w, https:\/\/www.radiopiu.net\/wordpress\/wp-content\/uploads\/2023\/06\/IMG-20230626-WA0055.jpg 2048w\" sizes=\"auto, (max-width: 300px) 100vw, 300px\" \/><\/a><strong>BELLUNO<\/strong> Alla sagra del Campanot a Castion, sono state rubate due biciclette di propriet\u00e0 dei volontari che prestano servizio alla manifestazione, una e-bike e una mountain bike del valore di svariate migliaia di euro. Nel pomeriggio del 26 giugno gli agenti delle Volanti, dopo un\u2019attivit\u00e0 info-investigativa nella quale hanno indivuduato alcuni giovani possibili autori ed hanno ritrovato l\u2019e-bike abbandonata a poca distanza dall\u2019abitazione di uno di\u00a0 loro. Contattato il presunto autore e messo davanti all\u2019evidenza dei fatti, lo stesso ha ammesso di aver prelevato, insieme ad un suo conoscente, quelle biciclette per poter far rientro a Belluno con altri amici. Grazie all\u2019analisi dei contatti sulle piattaforme social e delle frequentazioni del giovane, gli agenti hanno individuato\u00a0 gli altri possibili appartenenti al gruppo che aveva preso parte al furto. Gli uomini delle Volanti hanno recuperato la mountain bike, anche questa abbandonata a poche decine di metri da casa di chi se ne era appropriato. I giovani\u00a0 sono stati deferiti all\u2019Autorit\u00e0 Giudiziaria che avr\u00e0 il compito di valutarne le responsabilit\u00e0 penali, biciclette restituite.<\/p>\n<p>&nbsp;<\/p>\n<p>&nbsp;<\/p>\n<p>___<\/p>\n","protected":false},"excerpt":{"rendered":"<p>BELLUNO Alla sagra del Campanot a Castion, sono state rubate due biciclette di propriet\u00e0 dei volontari che prestano servizio alla manifestazione, una e-bike e una mountain bike del valore di svariate migliaia di euro. Nel pomeriggio del 26 giugno gli agenti delle Volanti, dopo un\u2019attivit\u00e0 info-investigativa nella quale hanno indivuduato alcuni giovani possibili autori ed&hellip;<\/p>\n","protected":false},"author":4,"featured_media":341891,"comment_status":"closed","ping_status":"closed","sticky":false,"template":"","format":"standard","meta":{"_monsterinsights_skip_tracking":false,"_monsterinsights_sitenote_active":false,"_monsterinsights_sitenote_note":"","_monsterinsights_sitenote_category":0,"footnotes":""},"categories":[51,49],"tags":[],"class_list":["post-341890","post","type-post","status-publish","format-standard","has-post-thumbnail","hentry","category-evidenza-top","category-news-18","category-51","category-49","description-off"],"img_url":"https:\/\/www.radiopiu.net\/wordpress\/wp-content\/uploads\/2023\/06\/IMG-20230626-WA0055.jpg","_links":{"self":[{"href":"https:\/\/www.radiopiu.net\/wordpress\/wp-json\/wp\/v2\/posts\/341890","targetHints":{"allow":["GET"]}}],"collection":[{"href":"https:\/\/www.radiopiu.net\/wordpress\/wp-json\/wp\/v2\/posts"}],"about":[{"href":"https:\/\/www.radiopiu.net\/wordpress\/wp-json\/wp\/v2\/types\/post"}],"author":[{"embeddable":true,"href":"https:\/\/www.radiopiu.net\/wordpress\/wp-json\/wp\/v2\/users\/4"}],"replies":[{"embeddable":true,"href":"https:\/\/www.radiopiu.net\/wordpress\/wp-json\/wp\/v2\/comments?post=341890"}],"version-history":[{"count":0,"href":"https:\/\/www.radiopiu.net\/wordpress\/wp-json\/wp\/v2\/posts\/341890\/revisions"}],"wp:featuredmedia":[{"embeddable":true,"href":"https:\/\/www.radiopiu.net\/wordpress\/wp-json\/wp\/v2\/media\/341891"}],"wp:attachment":[{"href":"https:\/\/www.radiopiu.net\/wordpress\/wp-json\/wp\/v2\/media?parent=341890"}],"wp:term":[{"taxonomy":"category","embeddable":true,"href":"https:\/\/www.radiopiu.net\/wordpress\/wp-json\/wp\/v2\/categories?post=341890"},{"taxonomy":"post_tag","embeddable":true,"href":"https:\/\/www.radiopiu.net\/wordpress\/wp-json\/wp\/v2\/tags?post=341890"}],"curies":[{"name":"wp","href":"https:\/\/api.w.org\/{rel}","templated":true}]}}