{"id":341933,"date":"2023-06-28T05:36:39","date_gmt":"2023-06-28T03:36:39","guid":{"rendered":"https:\/\/www.radiopiu.net\/wordpress\/?p=341933"},"modified":"2023-06-28T07:46:29","modified_gmt":"2023-06-28T05:46:29","slug":"il-ricordo-di-leonardo-del-vecchio-nella-messa-del-palaluxottica","status":"publish","type":"post","link":"https:\/\/www.radiopiu.net\/wordpress\/il-ricordo-di-leonardo-del-vecchio-nella-messa-del-palaluxottica\/","title":{"rendered":"IL RICORDO DI LEONARDO DEL VECCHIO NELLA MESSA DEL PALALUXOTTICA"},"content":{"rendered":"<p><strong>AGORDO<\/strong> Quasi 1800 persone hanno partecipato alla messa in ricordo del Fondatore di Luxottica Leonardo Del Vecchio. Ad un anno dalla scomparsa del Cavaliere, dipendenti del gruppo e cittadini di Agordo ma non solo si sono ritrovati al Palaluxottica per la messa celebrata dal Vescovo Renato Marangoni e il parroco Don Cesare Larese. Alla cerimonia erano presenti anche Francesco Milleri, attuale presidente di EssilorLuxottica, e Luigi Francavilla, braccio destro di Leonardo del Vecchio.<\/p>\n<blockquote><p><em>Presenti il parroco di Cencenighe Luigi Canal, il cappellano di Agordo don Virgilio Agostinelli e Monsignor Giorgio Lise :&#8221;La mia presenza era un debito di riconoscenza verso Del Vecchio che \u00e8 stato molto generoso verso la parrocchia&#8221;<\/em><\/p>\n<p>&nbsp;<\/p><\/blockquote>\n\n\t\t\t<style type='text\/css'>\n\t\t\t\t#gallery-1 {\n\t\t\t\t\tmargin: auto;\n\t\t\t\t}\n\t\t\t\t#gallery-1 .gallery-item {\n\t\t\t\t\tfloat: left;\n\t\t\t\t\tmargin-top: 10px;\n\t\t\t\t\ttext-align: center;\n\t\t\t\t\twidth: 33%;\n\t\t\t\t}\n\t\t\t\t#gallery-1 img {\n\t\t\t\t\tborder: 2px solid #cfcfcf;\n\t\t\t\t}\n\t\t\t\t#gallery-1 .gallery-caption {\n\t\t\t\t\tmargin-left: 0;\n\t\t\t\t}\n\t\t\t\t\/* see gallery_shortcode() in wp-includes\/media.php *\/\n\t\t\t<\/style>\n\t\t<div id='gallery-1' class='dt-gallery-container gallery galleryid-341933 gallery-columns-3 gallery-size-thumbnail'><dl class='gallery-item'>\n\t\t\t\t<dt class='gallery-icon landscape'>\n\t\t\t\t\t<a class=\"rollover rollover-zoom dt-pswp-item\" title=\"5cabc238-6591-40e8-89a0-3041d33d091e\" data-dt-img-description=\"\" data-large_image_width=\"1024\" data-large_image_height=\"683\"href='https:\/\/www.radiopiu.net\/wordpress\/wp-content\/uploads\/2023\/06\/5cabc238-6591-40e8-89a0-3041d33d091e.jpg'><img loading=\"lazy\" decoding=\"async\" width=\"150\" height=\"150\" src=\"https:\/\/www.radiopiu.net\/wordpress\/wp-content\/uploads\/2023\/06\/5cabc238-6591-40e8-89a0-3041d33d091e-150x150.jpg\" class=\"attachment-thumbnail size-thumbnail\" alt=\"\" \/><\/a>\n\t\t\t\t<\/dt><\/dl><dl class='gallery-item'>\n\t\t\t\t<dt class='gallery-icon landscape'>\n\t\t\t\t\t<a class=\"rollover rollover-zoom dt-pswp-item\" title=\"6b22588f-355c-4eee-90ca-8c3c8f2f5b63\" data-dt-img-description=\"\" data-large_image_width=\"1024\" data-large_image_height=\"683\"href='https:\/\/www.radiopiu.net\/wordpress\/wp-content\/uploads\/2023\/06\/6b22588f-355c-4eee-90ca-8c3c8f2f5b63.jpg'><img loading=\"lazy\" decoding=\"async\" width=\"150\" height=\"150\" src=\"https:\/\/www.radiopiu.net\/wordpress\/wp-content\/uploads\/2023\/06\/6b22588f-355c-4eee-90ca-8c3c8f2f5b63-150x150.jpg\" class=\"attachment-thumbnail size-thumbnail\" alt=\"\" \/><\/a>\n\t\t\t\t<\/dt><\/dl><dl class='gallery-item'>\n\t\t\t\t<dt class='gallery-icon landscape'>\n\t\t\t\t\t<a class=\"rollover rollover-zoom dt-pswp-item\" title=\"7178d1c9-f95e-4e1c-9284-e3eb40a7ca2f\" data-dt-img-description=\"\" data-large_image_width=\"1024\" data-large_image_height=\"1024\"href='https:\/\/www.radiopiu.net\/wordpress\/wp-content\/uploads\/2023\/06\/7178d1c9-f95e-4e1c-9284-e3eb40a7ca2f.jpg'><img loading=\"lazy\" decoding=\"async\" width=\"150\" height=\"150\" src=\"https:\/\/www.radiopiu.net\/wordpress\/wp-content\/uploads\/2023\/06\/7178d1c9-f95e-4e1c-9284-e3eb40a7ca2f-150x150.jpg\" class=\"attachment-thumbnail size-thumbnail\" alt=\"\" srcset=\"https:\/\/www.radiopiu.net\/wordpress\/wp-content\/uploads\/2023\/06\/7178d1c9-f95e-4e1c-9284-e3eb40a7ca2f-150x150.jpg 150w, https:\/\/www.radiopiu.net\/wordpress\/wp-content\/uploads\/2023\/06\/7178d1c9-f95e-4e1c-9284-e3eb40a7ca2f-300x300.jpg 300w, https:\/\/www.radiopiu.net\/wordpress\/wp-content\/uploads\/2023\/06\/7178d1c9-f95e-4e1c-9284-e3eb40a7ca2f-768x768.jpg 768w, https:\/\/www.radiopiu.net\/wordpress\/wp-content\/uploads\/2023\/06\/7178d1c9-f95e-4e1c-9284-e3eb40a7ca2f.jpg 1024w\" sizes=\"auto, (max-width: 150px) 100vw, 150px\" \/><\/a>\n\t\t\t\t<\/dt><\/dl><br style=\"clear: both\" \/>\n\t\t\t<\/div>\n\n<p>&nbsp;<\/p>\n<p><strong>FRANCESCO MILLERI E LUIGI FRANCAVILLA<\/strong><\/p>\n<audio class=\"wp-audio-shortcode\" id=\"audio-341933-1\" preload=\"none\" style=\"width: 100%;\" controls=\"controls\"><source type=\"audio\/mpeg\" src=\"https:\/\/www.radiopiu.net\/wordpress\/wp-content\/uploads\/2023\/06\/MILLERI-FRANCAVILLA-MESSA-DEL-VECCHIO.mp3?_=1\" \/><a href=\"https:\/\/www.radiopiu.net\/wordpress\/wp-content\/uploads\/2023\/06\/MILLERI-FRANCAVILLA-MESSA-DEL-VECCHIO.mp3\">https:\/\/www.radiopiu.net\/wordpress\/wp-content\/uploads\/2023\/06\/MILLERI-FRANCAVILLA-MESSA-DEL-VECCHIO.mp3<\/a><\/audio>\n<div><\/div>\n<blockquote>\n<div class=\"articlePlainText\"><em>Abbracci e saluti anche tra i vari figli di Del Vecchio: uno molto affettuoso tra Claudio e Leonardo Maria, ma \u00e8 solo uno dei momenti, privati ma vissuti davanti a tutti.<\/em><\/div>\n<\/blockquote>\n<p><strong>IL VESCOVO DI BELLUNO RENATO MARANGONI\u00a0<\/strong><\/p>\n<div class=\"articlePlainText\">\u00abUna persona cara, preziosa, a cui dobbiamo molto\u00bb, ha iniziato cos\u00ec la sua omelia, il vescovo di Belluno e Feltre, Renato Marangoni, che ha concelebrato la messa. \u00abLeonardo ha fatto molto per un territorio a cui si era appassionato, con tutta l&#8217;intraprendenza del suo genio imprenditoriale, tra persone che hanno riconosciuto l&#8217;eccezionalit\u00e0 della sua opera. Il nostro ritrovarci qui \u00e8 un gesto di riconoscenza, \u00e8 un sospiro di pace, \u00e8 una preghiera del cuore che si inerpica in cielo\u00bb.<\/div>\n<div><\/div>\n<p><em><strong><a class=\"dt-pswp-item\" href=\"https:\/\/www.radiopiu.net\/wordpress\/wp-content\/uploads\/2023\/06\/Senza-nome-70.png\" data-dt-img-description=\"\" data-large_image_width=\"902\" data-large_image_height=\"321\"><img loading=\"lazy\" decoding=\"async\" class=\"alignnone wp-image-341985 size-full\" src=\"https:\/\/www.radiopiu.net\/wordpress\/wp-content\/uploads\/2023\/06\/Senza-nome-70.png\" alt=\"\" width=\"902\" height=\"321\" srcset=\"https:\/\/www.radiopiu.net\/wordpress\/wp-content\/uploads\/2023\/06\/Senza-nome-70.png 902w, https:\/\/www.radiopiu.net\/wordpress\/wp-content\/uploads\/2023\/06\/Senza-nome-70-300x107.png 300w, https:\/\/www.radiopiu.net\/wordpress\/wp-content\/uploads\/2023\/06\/Senza-nome-70-768x273.png 768w\" sizes=\"auto, (max-width: 902px) 100vw, 902px\" \/><\/a>\u00a0<\/strong><\/em><\/p>\n<p><em><strong>IL RICORDO DEL PRESIDENTE DELLA PROVINCIA DI BELLUNO ROBERTO PADRIN<\/strong><\/em><\/p>\n<p>\u00abLa forza delle idee, la tenacia nel realizzarle, la gioia del successo, la condivisione e la gratitudine per i collaboratori. Questo era Leonardo Del Vecchio. L\u2019ho toccato con mano nella commozione e nel ricordo, nella messa a un anno dalla scomparsa, in un PalaLuxottica pieno di riconoscenza\u00bb.<br \/>\nCos\u00ec il presidente della Provincia di Belluno, Roberto Padrin, che ha partecipato ieri sera alla messa di commemorazione di Leonardo Del Vecchio, al PalaLuxottica di Agordo.<\/p>\n<p><strong>IL SINDACO DI CENCENIGHE MAURO SOPPELSA\u00a0\u00a0<\/strong><br \/>\n\u00abCi sono 400 dipendenti, molti di Cencenighe, tanti della parte alta dell&#8217;Agordino. Abbiamo avuto sicuramente delle preoccupazioni dopo la morte di Del Vecchio\u00bb, spiega il primo cittadino, \u00abe invece abbiamo potuto constatare che tutto sta andando nel senso della continuit\u00e0 con il suo agire\u00bb.<\/p>\n<p><strong>IL SINDACO DI ALLEGHE DANILO DE TONI <\/strong>\u00abLa paura iniziale era proprio quella, che ci potessero essere dei cambiamenti, invece non \u00e8 stato cos\u00ec\u00bb.<\/p>\n<p><strong>\u00a0IL SINDACO DI AGORDO ROBERTO CHISSALE&#8217;<\/strong> \u00a0\u00abi nostri rapporti con i vertici dell&#8217;azienda sono sempre costanti e positivi, in un&#8217;ottica di miglioramento dei servizi per i cittadini. Parlando con i dipendenti si percepisce comunque quanto si senta la mancanza del paron\u00bb.<\/p>\n<p>&nbsp;<\/p>\n<p>&nbsp;<\/p>\n<p>&nbsp;<\/p>\n<p>&nbsp;<\/p>\n<p>*******<\/p>\n","protected":false},"excerpt":{"rendered":"<p>AGORDO Quasi 1800 persone hanno partecipato alla messa in ricordo del Fondatore di Luxottica Leonardo Del Vecchio. Ad un anno dalla scomparsa del Cavaliere, dipendenti del gruppo e cittadini di Agordo ma non solo si sono ritrovati al Palaluxottica per la messa celebrata dal Vescovo Renato Marangoni e il parroco Don Cesare Larese. Alla cerimonia&hellip;<\/p>\n","protected":false},"author":4,"featured_media":341934,"comment_status":"closed","ping_status":"closed","sticky":false,"template":"","format":"standard","meta":{"_monsterinsights_skip_tracking":false,"_monsterinsights_sitenote_active":false,"_monsterinsights_sitenote_note":"","_monsterinsights_sitenote_category":0,"footnotes":""},"categories":[51,49],"tags":[],"class_list":["post-341933","post","type-post","status-publish","format-standard","has-post-thumbnail","hentry","category-evidenza-top","category-news-18","category-51","category-49","description-off"],"img_url":"https:\/\/www.radiopiu.net\/wordpress\/wp-content\/uploads\/2023\/06\/5cabc238-6591-40e8-89a0-3041d33d091e.jpg","_links":{"self":[{"href":"https:\/\/www.radiopiu.net\/wordpress\/wp-json\/wp\/v2\/posts\/341933","targetHints":{"allow":["GET"]}}],"collection":[{"href":"https:\/\/www.radiopiu.net\/wordpress\/wp-json\/wp\/v2\/posts"}],"about":[{"href":"https:\/\/www.radiopiu.net\/wordpress\/wp-json\/wp\/v2\/types\/post"}],"author":[{"embeddable":true,"href":"https:\/\/www.radiopiu.net\/wordpress\/wp-json\/wp\/v2\/users\/4"}],"replies":[{"embeddable":true,"href":"https:\/\/www.radiopiu.net\/wordpress\/wp-json\/wp\/v2\/comments?post=341933"}],"version-history":[{"count":0,"href":"https:\/\/www.radiopiu.net\/wordpress\/wp-json\/wp\/v2\/posts\/341933\/revisions"}],"wp:featuredmedia":[{"embeddable":true,"href":"https:\/\/www.radiopiu.net\/wordpress\/wp-json\/wp\/v2\/media\/341934"}],"wp:attachment":[{"href":"https:\/\/www.radiopiu.net\/wordpress\/wp-json\/wp\/v2\/media?parent=341933"}],"wp:term":[{"taxonomy":"category","embeddable":true,"href":"https:\/\/www.radiopiu.net\/wordpress\/wp-json\/wp\/v2\/categories?post=341933"},{"taxonomy":"post_tag","embeddable":true,"href":"https:\/\/www.radiopiu.net\/wordpress\/wp-json\/wp\/v2\/tags?post=341933"}],"curies":[{"name":"wp","href":"https:\/\/api.w.org\/{rel}","templated":true}]}}