{"id":341969,"date":"2023-06-29T05:21:38","date_gmt":"2023-06-29T03:21:38","guid":{"rendered":"https:\/\/www.radiopiu.net\/wordpress\/?p=341969"},"modified":"2023-06-29T14:12:39","modified_gmt":"2023-06-29T12:12:39","slug":"giornale-radiopiu-29-giugno-2023-direttore-mirko-mezzacasaverso-i-40-anni-25-giugno-1983-25-giugno-2023","status":"publish","type":"post","link":"https:\/\/www.radiopiu.net\/wordpress\/giornale-radiopiu-29-giugno-2023-direttore-mirko-mezzacasaverso-i-40-anni-25-giugno-1983-25-giugno-2023\/","title":{"rendered":"GIORNALE RADIOPIU 29 GIUGNO 2023 DIRETTORE MIRKO MEZZACASA\u2026VERSO I 40 ANNI 25 GIUGNO 1983-25 GIUGNO 2023"},"content":{"rendered":"<h2 style=\"text-align: left;\"><span style=\"color: #ff0000;\"><span style=\"vertical-align: inherit;\"><a class=\"dt-pswp-item\" href=\"https:\/\/www.radiopiu.net\/wordpress\/wp-content\/uploads\/2023\/04\/e0aad41d-951e-47b9-9fae-1a879a9bcb7e-1.jpg\" data-dt-img-description=\"\" data-large_image_width=\"1200\" data-large_image_height=\"1200\"><img loading=\"lazy\" decoding=\"async\" class=\"wp-image-333205 alignleft\" src=\"https:\/\/www.radiopiu.net\/wordpress\/wp-content\/uploads\/2023\/04\/e0aad41d-951e-47b9-9fae-1a879a9bcb7e-1-300x300.jpg\" alt=\"\" width=\"110\" height=\"110\" srcset=\"https:\/\/www.radiopiu.net\/wordpress\/wp-content\/uploads\/2023\/04\/e0aad41d-951e-47b9-9fae-1a879a9bcb7e-1-300x300.jpg 300w, https:\/\/www.radiopiu.net\/wordpress\/wp-content\/uploads\/2023\/04\/e0aad41d-951e-47b9-9fae-1a879a9bcb7e-1-1024x1024.jpg 1024w, https:\/\/www.radiopiu.net\/wordpress\/wp-content\/uploads\/2023\/04\/e0aad41d-951e-47b9-9fae-1a879a9bcb7e-1-150x150.jpg 150w, https:\/\/www.radiopiu.net\/wordpress\/wp-content\/uploads\/2023\/04\/e0aad41d-951e-47b9-9fae-1a879a9bcb7e-1-768x768.jpg 768w, https:\/\/www.radiopiu.net\/wordpress\/wp-content\/uploads\/2023\/04\/e0aad41d-951e-47b9-9fae-1a879a9bcb7e-1.jpg 1200w\" sizes=\"auto, (max-width: 110px) 100vw, 110px\" \/><\/a><\/span><\/span><\/h2>\n<h1 class=\"entry-title\">40esimo di RADIOPIU\u2026. LA VOCE DELL\u2019EMOZIONE<\/h1>\n<p>&nbsp;<\/p>\n<h2><span style=\"color: #ff0000;\">ISCRIVITI AL NOSTRO CANALE\u00a0\u00a0YOUTUBE PER SEGUIRE IN DIRETTA I PRINCIPALI PROGRAMMI DI RADIO PIU\u2019 E LE FUTURE DIRETTE IN ESTERNA. PER ISCRIVERTI\u00a0<a style=\"color: #ff0000;\" href=\"https:\/\/youtube.com\/@radiopiu1527\">CLICCA QUI\u00a0<\/a>E PREMI\u00a0 \u201cIscriviti\u201d\u00a0 \u00a0<\/span><\/h2>\n<p>&nbsp;<\/p>\n<blockquote>\n<h3><strong>AUGURI TABIA!, 50 ANNI DI STORIA<\/strong><\/h3>\n<\/blockquote>\n<p><strong><a class=\"dt-pswp-item\" href=\"https:\/\/www.radiopiu.net\/wordpress\/wp-content\/uploads\/2023\/06\/e976c1db-781c-4cef-bebc-9721311304e0.jpg\" data-dt-img-description=\"\" data-large_image_width=\"1600\" data-large_image_height=\"884\"><img loading=\"lazy\" decoding=\"async\" class=\"size-medium wp-image-340884 alignleft\" src=\"https:\/\/www.radiopiu.net\/wordpress\/wp-content\/uploads\/2023\/06\/e976c1db-781c-4cef-bebc-9721311304e0-300x166.jpg\" alt=\"\" width=\"300\" height=\"166\" srcset=\"https:\/\/www.radiopiu.net\/wordpress\/wp-content\/uploads\/2023\/06\/e976c1db-781c-4cef-bebc-9721311304e0-300x166.jpg 300w, https:\/\/www.radiopiu.net\/wordpress\/wp-content\/uploads\/2023\/06\/e976c1db-781c-4cef-bebc-9721311304e0-1024x566.jpg 1024w, https:\/\/www.radiopiu.net\/wordpress\/wp-content\/uploads\/2023\/06\/e976c1db-781c-4cef-bebc-9721311304e0-768x424.jpg 768w, https:\/\/www.radiopiu.net\/wordpress\/wp-content\/uploads\/2023\/06\/e976c1db-781c-4cef-bebc-9721311304e0-1536x849.jpg 1536w, https:\/\/www.radiopiu.net\/wordpress\/wp-content\/uploads\/2023\/06\/e976c1db-781c-4cef-bebc-9721311304e0.jpg 1600w\" sizes=\"auto, (max-width: 300px) 100vw, 300px\" \/><\/a><br \/>\n<\/strong><\/p>\n<p><strong>Pronto a festeggiare i 50 anni del Tabi\u00e0?\u00a0 Oggi alle 11\u00a0 benedizione e brindisi.\u00a0\u00a0<\/strong><\/p>\n<p><span style=\"color: #ff0000;\"><strong>UN GIORNO DI FESTA A FEDER DI CANALE D&#8217;AGORDO<\/strong><\/span><br \/>\n<span style=\"color: #ff0000;\"><strong>DIRETTA RADIOPIU<\/strong><\/span><\/p>\n<p>&nbsp;<\/p>\n<p>&nbsp;<\/p>\n<blockquote>\n<h3><em><strong>OGGI SANTI PIETRO E PAOLO, I PATRONI DI AGORDO Mercato e festa sul Broi. Fabbriche e uffici chiusi<\/strong><\/em><\/h3>\n<\/blockquote>\n<p>le foto storiche di Valter Farenzena<\/p>\n<p>&nbsp;<\/p>\n\n\t\t\t<style type='text\/css'>\n\t\t\t\t#gallery-1 {\n\t\t\t\t\tmargin: auto;\n\t\t\t\t}\n\t\t\t\t#gallery-1 .gallery-item {\n\t\t\t\t\tfloat: left;\n\t\t\t\t\tmargin-top: 10px;\n\t\t\t\t\ttext-align: center;\n\t\t\t\t\twidth: 50%;\n\t\t\t\t}\n\t\t\t\t#gallery-1 img {\n\t\t\t\t\tborder: 2px solid #cfcfcf;\n\t\t\t\t}\n\t\t\t\t#gallery-1 .gallery-caption {\n\t\t\t\t\tmargin-left: 0;\n\t\t\t\t}\n\t\t\t\t\/* see gallery_shortcode() in wp-includes\/media.php *\/\n\t\t\t<\/style>\n\t\t<div id='gallery-1' class='dt-gallery-container gallery galleryid-341969 gallery-columns-2 gallery-size-thumbnail'><dl class='gallery-item'>\n\t\t\t\t<dt class='gallery-icon landscape'>\n\t\t\t\t\t<a class=\"rollover rollover-zoom dt-pswp-item\" title=\"355673465_933698164354998_609823048113207366_n\" data-dt-img-description=\"\" data-large_image_width=\"260\" data-large_image_height=\"172\"href='https:\/\/www.radiopiu.net\/wordpress\/wp-content\/uploads\/2023\/06\/355673465_933698164354998_609823048113207366_n.jpg'><img loading=\"lazy\" decoding=\"async\" width=\"150\" height=\"150\" src=\"https:\/\/www.radiopiu.net\/wordpress\/wp-content\/uploads\/2023\/06\/355673465_933698164354998_609823048113207366_n-150x150.jpg\" class=\"attachment-thumbnail size-thumbnail\" alt=\"\" \/><\/a>\n\t\t\t\t<\/dt><\/dl><dl class='gallery-item'>\n\t\t\t\t<dt class='gallery-icon landscape'>\n\t\t\t\t\t<a class=\"rollover rollover-zoom dt-pswp-item\" title=\"356865981_933698047688343_8168051897292940679_n\" data-dt-img-description=\"\" data-large_image_width=\"261\" data-large_image_height=\"222\"href='https:\/\/www.radiopiu.net\/wordpress\/wp-content\/uploads\/2023\/06\/356865981_933698047688343_8168051897292940679_n.jpg'><img loading=\"lazy\" decoding=\"async\" width=\"150\" height=\"150\" src=\"https:\/\/www.radiopiu.net\/wordpress\/wp-content\/uploads\/2023\/06\/356865981_933698047688343_8168051897292940679_n-150x150.jpg\" class=\"attachment-thumbnail size-thumbnail\" alt=\"\" \/><\/a>\n\t\t\t\t<\/dt><\/dl><br style=\"clear: both\" \/>\n\t\t\t<\/div>\n\n<p><a class=\"dt-pswp-item\" href=\"https:\/\/www.radiopiu.net\/wordpress\/wp-content\/uploads\/2023\/06\/356865981_933698047688343_8168051897292940679_n.jpg\" data-dt-img-description=\"\" data-large_image_width=\"261\" data-large_image_height=\"222\">\u00a0<\/a><strong>DI MARA MEZZACASA, la barca de san piero\u00a0<\/strong><\/p>\n<p><a class=\"dt-pswp-item\" href=\"https:\/\/www.radiopiu.net\/wordpress\/wp-content\/uploads\/2023\/06\/Senza-nome-75.png\" data-dt-img-description=\"\" data-large_image_width=\"675\" data-large_image_height=\"571\"><img loading=\"lazy\" decoding=\"async\" class=\"size-medium wp-image-342138 aligncenter\" src=\"https:\/\/www.radiopiu.net\/wordpress\/wp-content\/uploads\/2023\/06\/Senza-nome-75-300x254.png\" alt=\"\" width=\"300\" height=\"254\" srcset=\"https:\/\/www.radiopiu.net\/wordpress\/wp-content\/uploads\/2023\/06\/Senza-nome-75-300x254.png 300w, https:\/\/www.radiopiu.net\/wordpress\/wp-content\/uploads\/2023\/06\/Senza-nome-75.png 675w\" sizes=\"auto, (max-width: 300px) 100vw, 300px\" \/>\u00a0<\/a><\/p>\n<p><strong>e Laura Mezzacasa_Borgo Valsugana<\/strong><\/p>\n<p><a class=\"dt-pswp-item\" href=\"https:\/\/www.radiopiu.net\/wordpress\/wp-content\/uploads\/2023\/06\/926a301f-e21a-4777-a32a-84341cec99db.jpg\" data-dt-img-description=\"\" data-large_image_width=\"1600\" data-large_image_height=\"1200\"><img loading=\"lazy\" decoding=\"async\" class=\"alignnone size-medium wp-image-342160\" src=\"https:\/\/www.radiopiu.net\/wordpress\/wp-content\/uploads\/2023\/06\/926a301f-e21a-4777-a32a-84341cec99db-300x225.jpg\" alt=\"\" width=\"300\" height=\"225\" srcset=\"https:\/\/www.radiopiu.net\/wordpress\/wp-content\/uploads\/2023\/06\/926a301f-e21a-4777-a32a-84341cec99db-300x225.jpg 300w, https:\/\/www.radiopiu.net\/wordpress\/wp-content\/uploads\/2023\/06\/926a301f-e21a-4777-a32a-84341cec99db-1024x768.jpg 1024w, https:\/\/www.radiopiu.net\/wordpress\/wp-content\/uploads\/2023\/06\/926a301f-e21a-4777-a32a-84341cec99db-768x576.jpg 768w, https:\/\/www.radiopiu.net\/wordpress\/wp-content\/uploads\/2023\/06\/926a301f-e21a-4777-a32a-84341cec99db-1536x1152.jpg 1536w, https:\/\/www.radiopiu.net\/wordpress\/wp-content\/uploads\/2023\/06\/926a301f-e21a-4777-a32a-84341cec99db.jpg 1600w\" sizes=\"auto, (max-width: 300px) 100vw, 300px\" \/><\/a><\/p>\n<hr \/>\n<p>&nbsp;<\/p>\n<blockquote>\n<h2>CHIUDE LA PRINCIPALE PER IL DURAN, DEVIAZIONI IN LOCO<\/h2>\n<\/blockquote>\n<p><strong>SP347 DEL DURAN E CEREDA:<\/strong> localit\u00e0 Lantrago La Valle. <span style=\"color: #ff0000;\">Fino\u00a0al 13 luglio<\/span> chiusura totale al traffico della strada per il Passo Duran per lavori di allargamento del Ponte Lantrago e sistemazione della carreggiata. percorso alternativo consigliato: CROSTOLIN-GAIDON\u00a0 strada comunale interdetta al transito dei veicoli con larghezza superiore ai 2 metri e 40 centimetri.<\/p>\n<p>&nbsp;<\/p>\n<p>&nbsp;<\/p>\n<hr \/>\n<p>&nbsp;<\/p>\n<blockquote>\n<h3>SAVINER-DIGONERA: LE CHIUSURE<\/h3>\n<\/blockquote>\n<p>Veneto strade comunica che la SP 563 di Salesei sar\u00e0 interessata da un&#8217;interdizione totale alla circolazione in localit\u00e0 Digonera nel comune di Rocca Pietore.\u00a0 Fino al 28 luglio la strada sar\u00e0 di nuovo interdetta al traffico dalle 8 del luned\u00ec alle 18 di venerd\u00ec e nel fine settimana istituzione di un senso unico alternato regolato da semaforo e limite di velocit\u00e0 a 30 km\/h.<\/p>\n<p>&nbsp;<\/p>\n<hr \/>\n<p>&nbsp;<\/p>\n<blockquote>\n<h3>DUE INTERVENTI A CORTINA<\/h3>\n<\/blockquote>\n<p><strong><img loading=\"lazy\" decoding=\"async\" class=\"alignleft\" src=\"https:\/\/www.radiopiu.net\/wordpress\/wp-content\/uploads\/2022\/08\/salt_20220825_171725_606.jpg\" width=\"207\" height=\"155\" \/>CORTINA\u00a0<\/strong> Martedi sera la Centrale del 118 \u00e8 stata contattata dal gestore del Rifugio Vandelli, dove si trovava una turista arrivata autonomamente alle 20.15 circa, dopo essersi fatta male a un braccio. La trentenne della Repubblica Ceca, accompagnata alla piazzola di atterraggio della struttura, \u00e8 stata quindi imbarcata nell&#8217;elicottero del Suem di Pieve di Cadore e trasportata all&#8217;ospedale di Belluno. In contemporanea \u00e8 stato gestito un secondo intervento, relativo a due escursionisti giapponesi in difficolt\u00e0 al rientro dalla Ferrata Strobel. Dopo essere stati geolocalizzati e messi in contatto con il Soccorso alpino di Cortina, che ha dato loro le indicazioni per rientrare a valle, i due hanno nuovamente contattato la Centrale, dicendo che si stava scaricando il loro cellulare e non potevano pi\u00f9 proseguire per l&#8217;oscurit\u00e0. Individuata la posizione, in direzione della sterrata numero 218, \u00e8 stata inviata una squadra, che li ha raggiunti alle 22.20, per rientrare assieme a loro.<\/p>\n<p>&nbsp;<\/p>\n<hr \/>\n<p>&nbsp;<\/p>\n<p>&nbsp;<\/p>\n<blockquote>\n<h3 class=\"articlePlainSubHead\">IL DETENUTO A BALDENICH ATTESO IN TRIBUNALE<\/h3>\n<\/blockquote>\n<div class=\"articlePlainText\"><strong>BELLUNO<\/strong> Questa volta dovr\u00e0 rispondere di interruzione di pubblico servizio per aver bloccato per 20 minuti le porte della corriera.\u00a0 \u00a0Amine Bendaoud \u00e8 stato denunciato da un conducente falcadino della Dolomitibus ed\u00a0 \u00e8 spuntata anche la violazione del foglio di via.\u00a0 Il processo era previsto per ieri mattina, ma l&#8217;imputato \u00e8 detenuto a Baldenich dallo scorso mese di marzo, dopo l&#8217;arresto per resistenza a pubblico ufficiale, dopo un controllo ad Agordo.<\/div>\n<div><\/div>\n<div><\/div>\n<div><\/div>\n<div><\/div>\n<hr \/>\n<p>&nbsp;<\/p>\n<blockquote>\n<h3>LISTE D\u2019ATTESA ETERNE O INCERTE, PER IL 70% DEI VENETI PRENOTARE VISITE ED ESAMI E&#8217; UN\u2019IMPRESA (QUASI) IMPOSSIBILE<\/h3>\n<\/blockquote>\n<p><strong><a class=\"dt-pswp-item\" href=\"https:\/\/www.radiopiu.net\/wordpress\/wp-content\/uploads\/2023\/06\/cupani_rocco_di-gregorio.jpeg\" data-dt-img-description=\"\" data-large_image_width=\"1533\" data-large_image_height=\"894\"><img loading=\"lazy\" decoding=\"async\" class=\"size-medium wp-image-342051 alignleft\" src=\"https:\/\/www.radiopiu.net\/wordpress\/wp-content\/uploads\/2023\/06\/cupani_rocco_di-gregorio-300x175.jpeg\" alt=\"\" width=\"300\" height=\"175\" srcset=\"https:\/\/www.radiopiu.net\/wordpress\/wp-content\/uploads\/2023\/06\/cupani_rocco_di-gregorio-300x175.jpeg 300w, https:\/\/www.radiopiu.net\/wordpress\/wp-content\/uploads\/2023\/06\/cupani_rocco_di-gregorio-1024x597.jpeg 1024w, https:\/\/www.radiopiu.net\/wordpress\/wp-content\/uploads\/2023\/06\/cupani_rocco_di-gregorio-768x448.jpeg 768w, https:\/\/www.radiopiu.net\/wordpress\/wp-content\/uploads\/2023\/06\/cupani_rocco_di-gregorio.jpeg 1533w\" sizes=\"auto, (max-width: 300px) 100vw, 300px\" \/><\/a>VENEZIA\u00a0<\/strong>Il Veneto si trova di fronte a una situazione preoccupante riguardante le lunghe liste d&#8217;attesa nel sistema sanitario. I cittadini devono aspettare a lungo per essere chiamati dal Cup e molti sono costretti a pagare visite ed esami privati o addirittura rinunciare alle cure per motivi economici. Un&#8217;indagine condotta dai sindacati dei pensionati ha rivelato che oltre 3.000 persone hanno partecipato al questionario, dimostrando l&#8217;ampiezza del problema. Il 70% di coloro che hanno contattato il Cup per prenotare una prestazione sanitaria non \u00e8 riuscito a farlo immediatamente, anche per prescrizioni non urgenti. La maggior parte di coloro che hanno sperimentato tale disagio ancora attende una comunicazione. Solo il 18% ha presentato reclami, pensando che non sarebbe servito a nulla. Alcuni cittadini sono costretti a pagare per ottenere cure immediate, mentre altri rinunciano completamente alle prestazioni sanitarie. Le tempistiche per visite ed esami sono molto lunghe, con la maggioranza delle persone che attendono da 4 mesi a pi\u00f9 di un anno. Nel complesso, c&#8217;\u00e8 una netta differenza nella soddisfazione tra coloro che prenotano attraverso il Cup e coloro che sono costretti a prenotare privatamente. I sindacati esprimono timori riguardo a questa situazione, sottolineando l&#8217;importanza di aumentare il personale sanitario e migliorare l&#8217;accesso alle prestazioni. Inoltre, informano i cittadini sui loro diritti, compresi i percorsi di tutela che consentono di richiedere prestazioni private con una quota ticket.<\/p>\n<p>&nbsp;<\/p>\n<p>&nbsp;<\/p>\n<hr \/>\n<p>&nbsp;<\/p>\n<blockquote>\n<h3>RIUNITO TAVOLO DI MONITORAGGIO DI CERAMICA DOLOMITE<\/h3>\n<\/blockquote>\n<p><strong><a class=\"dt-pswp-item\" href=\"https:\/\/www.radiopiu.net\/wordpress\/wp-content\/uploads\/2022\/06\/CERAMICA-DOLOMITE.jpg\" data-dt-img-description=\"\" data-large_image_width=\"408\" data-large_image_height=\"200\"><img loading=\"lazy\" decoding=\"async\" class=\" wp-image-280750 alignleft\" src=\"https:\/\/www.radiopiu.net\/wordpress\/wp-content\/uploads\/2022\/06\/CERAMICA-DOLOMITE-300x147.jpg\" alt=\"\" width=\"190\" height=\"93\" srcset=\"https:\/\/www.radiopiu.net\/wordpress\/wp-content\/uploads\/2022\/06\/CERAMICA-DOLOMITE-300x147.jpg 300w, https:\/\/www.radiopiu.net\/wordpress\/wp-content\/uploads\/2022\/06\/CERAMICA-DOLOMITE.jpg 408w\" sizes=\"auto, (max-width: 190px) 100vw, 190px\" \/><\/a>VENEZIA <\/strong>Si \u00e8 tenuto ieri pomeriggio l\u2019incontro di monitoraggio relativamente allo stato di implementazione del piano di sviluppo industriale del sito di Ceramica Dolomite (ex Ideal Standard) di Borgo Valbelluna. Alla riunione, gestita dall\u2019assessore regionale al lavoro Elena Donazzan e gestito dall\u2019Unit\u00e0 di crisi aziendali della Regione del Veneto, hanno partecipato i vertici aziendali di Ceramica Dolomite, le organizzazioni sindacali FEMCA CISL, FILCTEM CIGL e UILTEC UIL. A distanza di un anno dalla costituzione della nuova realt\u00e0 imprenditoriale, l\u2019appuntamento \u00e8 servito a fare il punto della situazione per verificare lo stato di avanzamento di tutte le strategie per portare al massimo sviluppo possibile la nuova realt\u00e0 produttiva di Borgo Valbelluna. Nel corso della riunione, i rappresentanti dell\u2019azienda hanno spiegato che, in un anno, sono stati effettuati 8 milioni di euro di investimenti in ambito produttivo oltre ad un programma per il rilancio commerciale dell\u2019azienda. La parte sindacale, nel rappresentare il massimo impegno da parte dei lavoratori, ha chiesto di poter intensificare l\u2019attivit\u00e0 formativa e di coinvolgimento degli stessi nell\u2019ambito dello sviluppo delle progettualit\u00e0 aziendali. Tutte le parti presenti al tavolo hanno confermato l\u2019impegno a raggiungere l\u2019obiettivo condiviso un anno fa al fine di condividere ogni azione utile per il rilancio completo dell\u2019azienda per la quale \u00e8 stato mantenuto lo storico marchio di Ceramica Dolomite. Tutte le parti hanno inoltre condiviso la l\u2019opportunit\u00e0 e la necessit\u00e0 di programmare periodici aggiornamenti sia in sede aziendale sia istituzionale. Il prossimo incontro in sede regionale \u00e8 stato fissato per il mese di ottobre.<\/p>\n<p>&nbsp;<\/p>\n<p>&nbsp;<\/p>\n<hr \/>\n<p>&nbsp;<\/p>\n<blockquote>\n<h3>BOLLETTE ENERGIA ELETTRICA: IN VENETO LA SPESA PIU&#8217; ALTA<\/h3>\n<\/blockquote>\n<p><strong><a class=\"dt-pswp-item\" href=\"https:\/\/www.radiopiu.net\/wordpress\/wp-content\/uploads\/2022\/02\/energia-imprese.jpg\" data-dt-img-description=\"\" data-large_image_width=\"800\" data-large_image_height=\"478\"><img loading=\"lazy\" decoding=\"async\" class=\" wp-image-259284 alignleft\" src=\"https:\/\/www.radiopiu.net\/wordpress\/wp-content\/uploads\/2022\/02\/energia-imprese-300x179.jpg\" alt=\"\" width=\"179\" height=\"107\" srcset=\"https:\/\/www.radiopiu.net\/wordpress\/wp-content\/uploads\/2022\/02\/energia-imprese-300x179.jpg 300w, https:\/\/www.radiopiu.net\/wordpress\/wp-content\/uploads\/2022\/02\/energia-imprese-768x459.jpg 768w, https:\/\/www.radiopiu.net\/wordpress\/wp-content\/uploads\/2022\/02\/energia-imprese.jpg 800w\" sizes=\"auto, (max-width: 179px) 100vw, 179px\" \/><\/a>MILANO<\/strong> L&#8217;aumento dei costi dell&#8217;energia elettrica e del gas naturale ha colpito le bollette in tutta Italia con notevoli aumenti rispetto al 2021. L&#8217;indagine dell&#8217;Osservatorio di Segugio.it evidenzia differenze regionali significative. Ad esempio, in Sardegna si risparmia di pi\u00f9 con il Mercato Libero per l&#8217;elettricit\u00e0, ma si registra anche la spesa pi\u00f9 alta. Per il gas, la Campania ha la spesa pi\u00f9 elevata, mentre in Valle d&#8217;Aosta si risparmia di pi\u00f9 con le offerte del Mercato Libero. Nel complesso, il Veneto \u00e8 la regione pi\u00f9 costosa, ma la Toscana registra il massimo risparmio di 643 euro grazie al Mercato Libero. La crisi energetica ha portato a un aumento dei prezzi e delle spese per i consumatori, con un&#8217;attenuazione nel primo semestre del 2023, sebbene i prezzi all&#8217;ingrosso rimangano alti rispetto ai livelli pre-crisi. L&#8217;indagine dell&#8217;Osservatorio punta a identificare le regioni con i maggiori aumenti e quelle meno colpite dalla crisi, nonch\u00e9 le aree in cui il Mercato Libero offre maggiori opportunit\u00e0 di risparmio.<\/p>\n<p>&nbsp;<\/p>\n<p>&nbsp;<\/p>\n<hr \/>\n<p>&nbsp;<\/p>\n<blockquote>\n<h3>IL PUNTO SULLA RADIOTERAPIA DI BELLUNO<strong>\u00a0<\/strong><\/h3>\n<\/blockquote>\n<p><strong><a class=\"dt-pswp-item\" href=\"https:\/\/www.radiopiu.net\/wordpress\/wp-content\/uploads\/2023\/06\/c345a492-deff-4d93-b516-c8d41e4aba77.jpg\" data-dt-img-description=\"\" data-large_image_width=\"1600\" data-large_image_height=\"1066\"><img loading=\"lazy\" decoding=\"async\" class=\" wp-image-342089 alignleft\" src=\"https:\/\/www.radiopiu.net\/wordpress\/wp-content\/uploads\/2023\/06\/c345a492-deff-4d93-b516-c8d41e4aba77-300x200.jpg\" alt=\"\" width=\"162\" height=\"108\" srcset=\"https:\/\/www.radiopiu.net\/wordpress\/wp-content\/uploads\/2023\/06\/c345a492-deff-4d93-b516-c8d41e4aba77-300x200.jpg 300w, https:\/\/www.radiopiu.net\/wordpress\/wp-content\/uploads\/2023\/06\/c345a492-deff-4d93-b516-c8d41e4aba77-1024x682.jpg 1024w, https:\/\/www.radiopiu.net\/wordpress\/wp-content\/uploads\/2023\/06\/c345a492-deff-4d93-b516-c8d41e4aba77-768x512.jpg 768w, https:\/\/www.radiopiu.net\/wordpress\/wp-content\/uploads\/2023\/06\/c345a492-deff-4d93-b516-c8d41e4aba77-1536x1023.jpg 1536w, https:\/\/www.radiopiu.net\/wordpress\/wp-content\/uploads\/2023\/06\/c345a492-deff-4d93-b516-c8d41e4aba77.jpg 1600w\" sizes=\"auto, (max-width: 162px) 100vw, 162px\" \/><\/a>BELLUNO<\/strong><\/p>\n<p>di Moreno Gioli<\/p>\n<audio class=\"wp-audio-shortcode\" id=\"audio-341969-1\" preload=\"none\" style=\"width: 100%;\" controls=\"controls\"><source type=\"audio\/mpeg\" src=\"https:\/\/www.radiopiu.net\/wordpress\/wp-content\/uploads\/2023\/06\/radioterapia-belluno.mp3?_=1\" \/><a href=\"https:\/\/www.radiopiu.net\/wordpress\/wp-content\/uploads\/2023\/06\/radioterapia-belluno.mp3\">https:\/\/www.radiopiu.net\/wordpress\/wp-content\/uploads\/2023\/06\/radioterapia-belluno.mp3<\/a><\/audio>\n<p>&nbsp;<\/p>\n<hr \/>\n<p>&nbsp;<\/p>\n<blockquote>\n<h3><a class=\"dt-pswp-item\" href=\"https:\/\/www.radiopiu.net\/wordpress\/wp-content\/uploads\/2023\/06\/54abecd3-5c91-4213-a988-d37b70fc7bec.jpg\" data-dt-img-description=\"\" data-large_image_width=\"1256\" data-large_image_height=\"1600\"><img loading=\"lazy\" decoding=\"async\" class=\" wp-image-342067 alignleft\" src=\"https:\/\/www.radiopiu.net\/wordpress\/wp-content\/uploads\/2023\/06\/54abecd3-5c91-4213-a988-d37b70fc7bec-236x300.jpg\" alt=\"\" width=\"124\" height=\"158\" srcset=\"https:\/\/www.radiopiu.net\/wordpress\/wp-content\/uploads\/2023\/06\/54abecd3-5c91-4213-a988-d37b70fc7bec-236x300.jpg 236w, https:\/\/www.radiopiu.net\/wordpress\/wp-content\/uploads\/2023\/06\/54abecd3-5c91-4213-a988-d37b70fc7bec-804x1024.jpg 804w, https:\/\/www.radiopiu.net\/wordpress\/wp-content\/uploads\/2023\/06\/54abecd3-5c91-4213-a988-d37b70fc7bec-768x978.jpg 768w, https:\/\/www.radiopiu.net\/wordpress\/wp-content\/uploads\/2023\/06\/54abecd3-5c91-4213-a988-d37b70fc7bec-1206x1536.jpg 1206w, https:\/\/www.radiopiu.net\/wordpress\/wp-content\/uploads\/2023\/06\/54abecd3-5c91-4213-a988-d37b70fc7bec.jpg 1256w\" sizes=\"auto, (max-width: 124px) 100vw, 124px\" \/><\/a>FP CGIL IN PIAZZA AD AGORDO PER LA RACCOLTA FIRME<\/h3>\n<\/blockquote>\n<p><strong>AGORDO<\/strong> Oggi dalle 8 alle 13 la Funzione Pubblica CGIL sar\u00e0 in Piazza Libert\u00e0 ad Agordo per continuare la raccolta firme in favore della sanit\u00e0. Le motivazioni che hanno spinto il sindacato a scendere in piazza per la raccolta firme sono: Basta tagli al Fondo Sanitario (-2,4% nel 2023), Risorse per il CCNL (nessuna risorsa nel 2022, n\u00e9 nel 2023, e probabilmente neanche nel 2024, visto il DEF), Togliere il tetto di spesa per il personale, Risorse straordinarie per rendere attrattivi i territori pi\u00f9 disagiati, Un piano straordinario delle assunzioni, visto che in 10 anni \u00e8 raddoppiato il numero degli ultra 55enni.<\/p>\n<p><strong>ANDREA FIOCCO &#8211;\u00a0 FP CGIL<\/strong><\/p>\n<audio class=\"wp-audio-shortcode\" id=\"audio-341969-2\" preload=\"none\" style=\"width: 100%;\" controls=\"controls\"><source type=\"audio\/mpeg\" src=\"https:\/\/www.radiopiu.net\/wordpress\/wp-content\/uploads\/2023\/06\/ANDREA-FIOCCO.mp3?_=2\" \/><a href=\"https:\/\/www.radiopiu.net\/wordpress\/wp-content\/uploads\/2023\/06\/ANDREA-FIOCCO.mp3\">https:\/\/www.radiopiu.net\/wordpress\/wp-content\/uploads\/2023\/06\/ANDREA-FIOCCO.mp3<\/a><\/audio>\n<p>&nbsp;<\/p>\n<hr \/>\n<p>&nbsp;<\/p>\n<blockquote>\n<h3><strong><img loading=\"lazy\" decoding=\"async\" class=\"alignleft\" src=\"https:\/\/www.radiopiu.net\/wordpress\/wp-content\/uploads\/2023\/04\/th.jpg\" width=\"358\" height=\"201\" \/><\/strong>AL COMUNE 370 MILA EURO DALL&#8217;AUTOVELOX DI BRENTA<\/h3>\n<\/blockquote>\n<p><strong>LIVINALLONGO<\/strong>\u00a0 Sanzioni per le violazioni del Codice della strada, il Comune incassa ben 370 mila euro. \u00c8 questa una delle voci che pi\u00f9 salta all&#8217;occhio nel rendiconto della gestione 2022 approvato nel corso dell&#8217;ultimo consiglio comunale di Livinallongo. Rendiconto che chiude con un disavanzo di 2 milioni 467 mila di euro, di cui 1 milione 800 mila euro di parte vincolata e 472 mila euro di parte accantonata destinata per la maggior parte al fondo rischi contenzioso (400 mila euro). Soldi che il Comune ha messo da parte per il contenzioso in corso con la ditta che ha realizzato l&#8217;ampliamento della casa di riposo Villa San Giuseppe.<\/p>\n<p><strong>di LORENZO SORATROI<\/strong><\/p>\n<audio class=\"wp-audio-shortcode\" id=\"audio-341969-3\" preload=\"none\" style=\"width: 100%;\" controls=\"controls\"><source type=\"audio\/mpeg\" src=\"https:\/\/www.radiopiu.net\/wordpress\/wp-content\/uploads\/2023\/06\/LORENZ.mp3?_=3\" \/><a href=\"https:\/\/www.radiopiu.net\/wordpress\/wp-content\/uploads\/2023\/06\/LORENZ.mp3\">https:\/\/www.radiopiu.net\/wordpress\/wp-content\/uploads\/2023\/06\/LORENZ.mp3<\/a><\/audio>\n<p>&nbsp;<\/p>\n<p>&nbsp;<\/p>\n<hr \/>\n<p>&nbsp;<\/p>\n<blockquote>\n<h3>RIAPRE IL CINEMA IN CENTRO A FALCADE, IN VENDITA IL DOLLARO A MOLINO<\/h3>\n<\/blockquote>\n<p><strong>FALCADE<\/strong> Riapre il cinema Dolomiti dopo la lunga parentesi del covid. Chiude invece l&#8217;albergo ristorante &#8220;Il Dollaro&#8221;. Il complesso, da oltre 30 posti letto e che per anni ha funzionato come pub, centro di riferimento dei giovani, \u00e8 stato messo in vendita dalla propriet\u00e0.<\/p>\n<p>&nbsp;<\/p>\n<p><a class=\"dt-pswp-item\" href=\"https:\/\/www.radiopiu.net\/wordpress\/wp-content\/uploads\/2023\/06\/355690905_6608301539225864_8101793577330125717_n.jpg\" data-dt-img-description=\"\" data-large_image_width=\"1798\" data-large_image_height=\"900\"><img loading=\"lazy\" decoding=\"async\" class=\"size-medium wp-image-342147 aligncenter\" src=\"https:\/\/www.radiopiu.net\/wordpress\/wp-content\/uploads\/2023\/06\/355690905_6608301539225864_8101793577330125717_n-300x150.jpg\" alt=\"\" width=\"300\" height=\"150\" srcset=\"https:\/\/www.radiopiu.net\/wordpress\/wp-content\/uploads\/2023\/06\/355690905_6608301539225864_8101793577330125717_n-300x150.jpg 300w, https:\/\/www.radiopiu.net\/wordpress\/wp-content\/uploads\/2023\/06\/355690905_6608301539225864_8101793577330125717_n-1024x513.jpg 1024w, https:\/\/www.radiopiu.net\/wordpress\/wp-content\/uploads\/2023\/06\/355690905_6608301539225864_8101793577330125717_n-768x384.jpg 768w, https:\/\/www.radiopiu.net\/wordpress\/wp-content\/uploads\/2023\/06\/355690905_6608301539225864_8101793577330125717_n-1536x769.jpg 1536w, https:\/\/www.radiopiu.net\/wordpress\/wp-content\/uploads\/2023\/06\/355690905_6608301539225864_8101793577330125717_n.jpg 1798w\" sizes=\"auto, (max-width: 300px) 100vw, 300px\" \/><\/a><\/p>\n<p>&nbsp;<\/p>\n<p><strong>LA BELLA NOTIZIA\u00a0<\/strong><br \/>\n<strong>Il 30 Luglio FINALE REGIONALE DI MISS ITALIA a FALCADE!!!!<\/strong><\/p>\n<p>&nbsp;<\/p>\n<p><a class=\"dt-pswp-item\" href=\"https:\/\/www.radiopiu.net\/wordpress\/wp-content\/uploads\/2023\/06\/356246280_6601160943273257_3969238012247844814_n.jpg\" data-dt-img-description=\"\" data-large_image_width=\"811\" data-large_image_height=\"540\"><img loading=\"lazy\" decoding=\"async\" class=\"size-medium wp-image-342149 aligncenter\" src=\"https:\/\/www.radiopiu.net\/wordpress\/wp-content\/uploads\/2023\/06\/356246280_6601160943273257_3969238012247844814_n-300x200.jpg\" alt=\"\" width=\"300\" height=\"200\" srcset=\"https:\/\/www.radiopiu.net\/wordpress\/wp-content\/uploads\/2023\/06\/356246280_6601160943273257_3969238012247844814_n-300x200.jpg 300w, https:\/\/www.radiopiu.net\/wordpress\/wp-content\/uploads\/2023\/06\/356246280_6601160943273257_3969238012247844814_n-768x511.jpg 768w, https:\/\/www.radiopiu.net\/wordpress\/wp-content\/uploads\/2023\/06\/356246280_6601160943273257_3969238012247844814_n.jpg 811w\" sizes=\"auto, (max-width: 300px) 100vw, 300px\" \/><\/a><\/p>\n<p>&nbsp;<\/p>\n<p>&nbsp;<\/p>\n<p>&nbsp;<\/p>\n<hr \/>\n<p>&nbsp;<\/p>\n<blockquote>\n<h3>IL PRESIDENTE DELLA SEZIONE ALPINI DELLA GERMANIA A FALCADE<\/h3>\n<\/blockquote>\n<p><strong>FALCADE<\/strong> Si \u00e8 svolto luned\u00ec sera nella sede ANA di Falcade un incontro con Fabio De Pellegrini, Presidente della Sezione Alpini della Germania con sede a Stoccarda, dove Fabio \u00e8 emigrato nel lontano 1967 e dove risiede tutt&#8217;ora. Erano presenti tutti i capogruppo della Valle del Biois e di Alleghe, anche rappresentanti della Sezione ANA di Belluno.<\/p>\n\n\t\t\t<style type='text\/css'>\n\t\t\t\t#gallery-2 {\n\t\t\t\t\tmargin: auto;\n\t\t\t\t}\n\t\t\t\t#gallery-2 .gallery-item {\n\t\t\t\t\tfloat: left;\n\t\t\t\t\tmargin-top: 10px;\n\t\t\t\t\ttext-align: center;\n\t\t\t\t\twidth: 33%;\n\t\t\t\t}\n\t\t\t\t#gallery-2 img {\n\t\t\t\t\tborder: 2px solid #cfcfcf;\n\t\t\t\t}\n\t\t\t\t#gallery-2 .gallery-caption {\n\t\t\t\t\tmargin-left: 0;\n\t\t\t\t}\n\t\t\t\t\/* see gallery_shortcode() in wp-includes\/media.php *\/\n\t\t\t<\/style>\n\t\t<div id='gallery-2' class='dt-gallery-container gallery galleryid-341969 gallery-columns-3 gallery-size-thumbnail'><dl class='gallery-item'>\n\t\t\t\t<dt class='gallery-icon landscape'>\n\t\t\t\t\t<a class=\"rollover rollover-zoom dt-pswp-item\" title=\"bbcffb4a-9a6a-4538-b8c5-896a54d1f662\" data-dt-img-description=\"\" data-large_image_width=\"1600\" data-large_image_height=\"1200\"href='https:\/\/www.radiopiu.net\/wordpress\/wp-content\/uploads\/2023\/06\/bbcffb4a-9a6a-4538-b8c5-896a54d1f662.jpg'><img loading=\"lazy\" decoding=\"async\" width=\"150\" height=\"150\" src=\"https:\/\/www.radiopiu.net\/wordpress\/wp-content\/uploads\/2023\/06\/bbcffb4a-9a6a-4538-b8c5-896a54d1f662-150x150.jpg\" class=\"attachment-thumbnail size-thumbnail\" alt=\"\" \/><\/a>\n\t\t\t\t<\/dt><\/dl><dl class='gallery-item'>\n\t\t\t\t<dt class='gallery-icon portrait'>\n\t\t\t\t\t<a class=\"rollover rollover-zoom dt-pswp-item\" title=\"b2d4343d-02d0-4a13-bed8-e982e7b6a6bc\" data-dt-img-description=\"\" data-large_image_width=\"688\" data-large_image_height=\"1416\"href='https:\/\/www.radiopiu.net\/wordpress\/wp-content\/uploads\/2023\/06\/b2d4343d-02d0-4a13-bed8-e982e7b6a6bc.jpg'><img loading=\"lazy\" decoding=\"async\" width=\"150\" height=\"150\" src=\"https:\/\/www.radiopiu.net\/wordpress\/wp-content\/uploads\/2023\/06\/b2d4343d-02d0-4a13-bed8-e982e7b6a6bc-150x150.jpg\" class=\"attachment-thumbnail size-thumbnail\" alt=\"\" \/><\/a>\n\t\t\t\t<\/dt><\/dl><dl class='gallery-item'>\n\t\t\t\t<dt class='gallery-icon landscape'>\n\t\t\t\t\t<a class=\"rollover rollover-zoom dt-pswp-item\" title=\"9e9e9391-91c3-45bb-9055-aefd2bf99a90\" data-dt-img-description=\"\" data-large_image_width=\"1416\" data-large_image_height=\"688\"href='https:\/\/www.radiopiu.net\/wordpress\/wp-content\/uploads\/2023\/06\/9e9e9391-91c3-45bb-9055-aefd2bf99a90.jpg'><img loading=\"lazy\" decoding=\"async\" width=\"150\" height=\"150\" src=\"https:\/\/www.radiopiu.net\/wordpress\/wp-content\/uploads\/2023\/06\/9e9e9391-91c3-45bb-9055-aefd2bf99a90-150x150.jpg\" class=\"attachment-thumbnail size-thumbnail\" alt=\"\" \/><\/a>\n\t\t\t\t<\/dt><\/dl><br style=\"clear: both\" \/><dl class='gallery-item'>\n\t\t\t\t<dt class='gallery-icon landscape'>\n\t\t\t\t\t<a class=\"rollover rollover-zoom dt-pswp-item\" title=\"a895421f-d07c-47b9-8ab2-6f5226650eca\" data-dt-img-description=\"\" data-large_image_width=\"1416\" data-large_image_height=\"688\"href='https:\/\/www.radiopiu.net\/wordpress\/wp-content\/uploads\/2023\/06\/a895421f-d07c-47b9-8ab2-6f5226650eca.jpg'><img loading=\"lazy\" decoding=\"async\" width=\"150\" height=\"150\" src=\"https:\/\/www.radiopiu.net\/wordpress\/wp-content\/uploads\/2023\/06\/a895421f-d07c-47b9-8ab2-6f5226650eca-150x150.jpg\" class=\"attachment-thumbnail size-thumbnail\" alt=\"\" \/><\/a>\n\t\t\t\t<\/dt><\/dl><dl class='gallery-item'>\n\t\t\t\t<dt class='gallery-icon landscape'>\n\t\t\t\t\t<a class=\"rollover rollover-zoom dt-pswp-item\" title=\"63a6a9dc-6204-4ca5-9adc-431a6a12f43e\" data-dt-img-description=\"\" data-large_image_width=\"1416\" data-large_image_height=\"688\"href='https:\/\/www.radiopiu.net\/wordpress\/wp-content\/uploads\/2023\/06\/63a6a9dc-6204-4ca5-9adc-431a6a12f43e.jpg'><img loading=\"lazy\" decoding=\"async\" width=\"150\" height=\"150\" src=\"https:\/\/www.radiopiu.net\/wordpress\/wp-content\/uploads\/2023\/06\/63a6a9dc-6204-4ca5-9adc-431a6a12f43e-150x150.jpg\" class=\"attachment-thumbnail size-thumbnail\" alt=\"\" \/><\/a>\n\t\t\t\t<\/dt><\/dl><dl class='gallery-item'>\n\t\t\t\t<dt class='gallery-icon landscape'>\n\t\t\t\t\t<a class=\"rollover rollover-zoom dt-pswp-item\" title=\"e5ff1f7e-c168-455e-8c36-bbb033bce5de\" data-dt-img-description=\"\" data-large_image_width=\"1600\" data-large_image_height=\"778\"href='https:\/\/www.radiopiu.net\/wordpress\/wp-content\/uploads\/2023\/06\/e5ff1f7e-c168-455e-8c36-bbb033bce5de.jpg'><img loading=\"lazy\" decoding=\"async\" width=\"150\" height=\"150\" src=\"https:\/\/www.radiopiu.net\/wordpress\/wp-content\/uploads\/2023\/06\/e5ff1f7e-c168-455e-8c36-bbb033bce5de-150x150.jpg\" class=\"attachment-thumbnail size-thumbnail\" alt=\"\" \/><\/a>\n\t\t\t\t<\/dt><\/dl><br style=\"clear: both\" \/>\n\t\t\t<\/div>\n\n<p>&nbsp;<\/p>\n<hr \/>\n<p>&nbsp;<\/p>\n<blockquote>\n<h3><a class=\"dt-pswp-item\" href=\"https:\/\/www.radiopiu.net\/wordpress\/wp-content\/uploads\/2023\/06\/fb75fdb5-953c-4195-8cde-851b7059c234.jpg\" data-dt-img-description=\"\" data-large_image_width=\"582\" data-large_image_height=\"360\"><img loading=\"lazy\" decoding=\"async\" class=\" wp-image-342083 alignleft\" src=\"https:\/\/www.radiopiu.net\/wordpress\/wp-content\/uploads\/2023\/06\/fb75fdb5-953c-4195-8cde-851b7059c234-300x186.jpg\" alt=\"\" width=\"202\" height=\"125\" srcset=\"https:\/\/www.radiopiu.net\/wordpress\/wp-content\/uploads\/2023\/06\/fb75fdb5-953c-4195-8cde-851b7059c234-300x186.jpg 300w, https:\/\/www.radiopiu.net\/wordpress\/wp-content\/uploads\/2023\/06\/fb75fdb5-953c-4195-8cde-851b7059c234.jpg 582w\" sizes=\"auto, (max-width: 202px) 100vw, 202px\" \/><\/a>LA MERENDA DEL LUPO A SAN TOMASO<\/h3>\n<\/blockquote>\n<p><strong>REDAZIONE <\/strong>Camminare sotto il Piz Zorlet e imbattersi in una carcassa. Evidentemente anche in zona i lupi non mancano. Il Piz Zorlet (2378 metri s.l.m.) appartiene al Sottogruppo della Catena dell\u2019Auta ed al Gruppo della Marmolada. Si colloca nel territorio comunale di San Tomaso Agordino e divide la parte bassa del Val Cordevole dalla Val Pettorina<\/p>\n<p>&nbsp;<\/p>\n<p>&nbsp;<\/p>\n<hr \/>\n<p>&nbsp;<\/p>\n<blockquote>\n<h3>FLY TERAPHY A BELLUNO<\/h3>\n<\/blockquote>\n<p><strong><a class=\"dt-pswp-item\" href=\"https:\/\/www.radiopiu.net\/wordpress\/wp-content\/uploads\/2023\/06\/FLY-THERAPY-gruppo.jpg\" data-dt-img-description=\"\" data-large_image_width=\"1024\" data-large_image_height=\"768\"><img loading=\"lazy\" decoding=\"async\" class=\" wp-image-342041 alignleft\" src=\"https:\/\/www.radiopiu.net\/wordpress\/wp-content\/uploads\/2023\/06\/FLY-THERAPY-gruppo-300x225.jpg\" alt=\"\" width=\"172\" height=\"129\" srcset=\"https:\/\/www.radiopiu.net\/wordpress\/wp-content\/uploads\/2023\/06\/FLY-THERAPY-gruppo-300x225.jpg 300w, https:\/\/www.radiopiu.net\/wordpress\/wp-content\/uploads\/2023\/06\/FLY-THERAPY-gruppo-768x576.jpg 768w, https:\/\/www.radiopiu.net\/wordpress\/wp-content\/uploads\/2023\/06\/FLY-THERAPY-gruppo.jpg 1024w\" sizes=\"auto, (max-width: 172px) 100vw, 172px\" \/><\/a>BELLUNO <\/strong>Sono stati i sorrisi, la gioia e le tante emozioni vissute da un gruppo di una ventina ragazzi e giovani \u2018\u2019speciali\u2019\u2019 che Sabato 24 Giugno mattina presso l\u2019aeroporto Dell\u2019Oro di Belluno, sono stati i protagonisti di una sessione di fly therapy, la terapia del volo, un evento anch\u2019esso speciale, organizzato grazie alla collaborazione e il contributo di diverse associazioni: la Fly Therapy Vol\u2019Ale ets, il distretto Lions 108 TA2 con il\u00a0 Governatore Dario Angiolini, i Lions Club Feltre Host, Lions Club Cadore Dolomiti, Lions Club Primiero San Martino di Castrozza, Lions Club Feltre Castello di Alboino, Lions club Vittorio Veneto, Leo Club Feltre e le associazioni di volontariato e assistenza\u00a0 presenti nel territorio in cui gravitano i club. I ragazzi sono arrivati a Belluno da luoghi diversi della provincia, dal Cadore, dal Feltrino, dal Primiero e da Belluno stesso, uniti dall\u2019entusiasmo e dall\u2019allegria con una gran voglia di fare un\u2019esperienza unica e adrenalinica di volo con un areo anch\u2019esso speciale pilotato da piloti esperti e messo a disposizione dal team fly therapy Vol\u2019Ale Ets. Ogni volo, della durata di quindici minuti circa, \u00e8 stato per tutti un concentrato di sport, stupore, inclusione e amicizia.<\/p>\n<p>&nbsp;<\/p>\n<p>&nbsp;<\/p>\n<hr \/>\n<p>&nbsp;<\/p>\n<blockquote>\n<h3>CONCLUSA LA SECONDA EDIZIONE DEL PROGETTO \u201cTI GUIDO: UN PARCO ACCESSIBILE A TUTTI\u201d<\/h3>\n<\/blockquote>\n<p><strong>FELTRE<\/strong> Da luned\u00ec 19 giugno a venerd\u00ec 23 giugno si \u00e8 svolta la seconda edizione del Progetto \u201cTi Guido: un Parco accessibile a tutti\u201d, nato dalla collaborazione tra Parco Nazionale Dolomiti Bellunesi ed AIPD ( Associazione Italiana \u00a0di Persone con sindrome di \u00a0Down) sezione\u00a0 della provincia di Belluno, che, fin dallo scorso anno aveva esteso la proposta all\u2019AIPD nazionale; cos\u00ec quest\u2019anno sono arrivati sei giovani con la sindrome di Down dalle sezioni di Trento e Grosseto, per svolgere il nutrito programma di escursioni e visite guidate: le mattinate li han visti percorrere i sentieri del Parco( dalla Val Canzoi ad Agre Val Pegolera, alla Valle del Mis) con la guida di Flora Rossi, Guida naturalistica della Cooperativa \u201cMazarol\u201d, i pomeriggi con le viste ai centri storici\u00a0 illustrati dalla Guida turistica provinciale Isabella Pilo : Belluno, Feltre ed Agordo, qui a percorrere la \u201cVia del Graffito\u201d, accolti, e ristorati\u00a0 per iniziativa della\u00a0 \u2019Unione Sportiva Le Ville\u201d. Non solo escursioni e visite storico culturali: nel progetto erano inseriti anche momenti di \u201crelax\u201d offerti dai laboratori teatrali preparati dall\u2019attrice Cristina Gianni con gruppo di giovani dell\u2019AIPD Belluno, con scenografie ambientate cammin facendo. Non \u00e8 mancata la visita al Museo storico-etnografico di Seravella, curata dai responsabili dell\u2019Associazione IsoIpse. La settimana si \u00e8 conclusa, come lo scorso anno: una serata a rimirar stelle, luna e pianeti, all\u2019Osservatorio astronomico di Arson-Feltre. Qui gli esperti dell\u2019Associazione Astrofili \u201cRheticus\u201d hanno guidato gli ospiti di Trento e Grosseto, allargando l\u2019invito anche ad un bel gruppo di giovani dell\u2019AIPD Belluno con i familiari. Gli Astrofili hanno insegnato ad esplorare luna e stelle con i telescopi, completando poi, nel Planetario, l\u2019aspetto didattico con le mega fotografie e filmati dei corpi celesti.<\/p>\n\n\t\t\t<style type='text\/css'>\n\t\t\t\t#gallery-3 {\n\t\t\t\t\tmargin: auto;\n\t\t\t\t}\n\t\t\t\t#gallery-3 .gallery-item {\n\t\t\t\t\tfloat: left;\n\t\t\t\t\tmargin-top: 10px;\n\t\t\t\t\ttext-align: center;\n\t\t\t\t\twidth: 25%;\n\t\t\t\t}\n\t\t\t\t#gallery-3 img {\n\t\t\t\t\tborder: 2px solid #cfcfcf;\n\t\t\t\t}\n\t\t\t\t#gallery-3 .gallery-caption {\n\t\t\t\t\tmargin-left: 0;\n\t\t\t\t}\n\t\t\t\t\/* see gallery_shortcode() in wp-includes\/media.php *\/\n\t\t\t<\/style>\n\t\t<div id='gallery-3' class='dt-gallery-container gallery galleryid-341969 gallery-columns-4 gallery-size-thumbnail'><dl class='gallery-item'>\n\t\t\t\t<dt class='gallery-icon landscape'>\n\t\t\t\t\t<a class=\"rollover rollover-zoom dt-pswp-item\" title=\"A BELLUNO\" data-dt-img-description=\"\" data-large_image_width=\"666\" data-large_image_height=\"500\"href='https:\/\/www.radiopiu.net\/wordpress\/wp-content\/uploads\/2023\/06\/A-BELLUNO.jpg'><img loading=\"lazy\" decoding=\"async\" width=\"150\" height=\"150\" src=\"https:\/\/www.radiopiu.net\/wordpress\/wp-content\/uploads\/2023\/06\/A-BELLUNO-150x150.jpg\" class=\"attachment-thumbnail size-thumbnail\" alt=\"\" aria-describedby=\"gallery-3-342054\" \/><\/a>\n\t\t\t\t<\/dt>\n\t\t\t\t\t<dd class='wp-caption-text gallery-caption' id='gallery-3-342054'>\n\t\t\t\t\tBELLUNO\n\t\t\t\t\t<\/dd><\/dl><dl class='gallery-item'>\n\t\t\t\t<dt class='gallery-icon landscape'>\n\t\t\t\t\t<a class=\"rollover rollover-zoom dt-pswp-item\" title=\"rpt\" data-dt-img-description=\"\" data-large_image_width=\"666\" data-large_image_height=\"500\"href='https:\/\/www.radiopiu.net\/wordpress\/wp-content\/uploads\/2023\/06\/al-lago-del-Mis.jpg'><img loading=\"lazy\" decoding=\"async\" width=\"150\" height=\"150\" src=\"https:\/\/www.radiopiu.net\/wordpress\/wp-content\/uploads\/2023\/06\/al-lago-del-Mis-150x150.jpg\" class=\"attachment-thumbnail size-thumbnail\" alt=\"\" aria-describedby=\"gallery-3-342055\" \/><\/a>\n\t\t\t\t<\/dt>\n\t\t\t\t\t<dd class='wp-caption-text gallery-caption' id='gallery-3-342055'>\n\t\t\t\t\tLAGO DEL MIS\n\t\t\t\t\t<\/dd><\/dl><dl class='gallery-item'>\n\t\t\t\t<dt class='gallery-icon landscape'>\n\t\t\t\t\t<a class=\"rollover rollover-zoom dt-pswp-item\" title=\"escursione ad Agre\" data-dt-img-description=\"\" data-large_image_width=\"666\" data-large_image_height=\"500\"href='https:\/\/www.radiopiu.net\/wordpress\/wp-content\/uploads\/2023\/06\/escursione-ad-Agre.jpg'><img loading=\"lazy\" decoding=\"async\" width=\"150\" height=\"150\" src=\"https:\/\/www.radiopiu.net\/wordpress\/wp-content\/uploads\/2023\/06\/escursione-ad-Agre-150x150.jpg\" class=\"attachment-thumbnail size-thumbnail\" alt=\"\" aria-describedby=\"gallery-3-342056\" \/><\/a>\n\t\t\t\t<\/dt>\n\t\t\t\t\t<dd class='wp-caption-text gallery-caption' id='gallery-3-342056'>\n\t\t\t\t\tAGRE\n\t\t\t\t\t<\/dd><\/dl><dl class='gallery-item'>\n\t\t\t\t<dt class='gallery-icon landscape'>\n\t\t\t\t\t<a class=\"rollover rollover-zoom dt-pswp-item\" title=\"SERAVELLA _ silent play\" data-dt-img-description=\"\" data-large_image_width=\"666\" data-large_image_height=\"500\"href='https:\/\/www.radiopiu.net\/wordpress\/wp-content\/uploads\/2023\/06\/SERAVELLA-_-silent-play.jpg'><img loading=\"lazy\" decoding=\"async\" width=\"150\" height=\"150\" src=\"https:\/\/www.radiopiu.net\/wordpress\/wp-content\/uploads\/2023\/06\/SERAVELLA-_-silent-play-150x150.jpg\" class=\"attachment-thumbnail size-thumbnail\" alt=\"\" aria-describedby=\"gallery-3-342057\" \/><\/a>\n\t\t\t\t<\/dt>\n\t\t\t\t\t<dd class='wp-caption-text gallery-caption' id='gallery-3-342057'>\n\t\t\t\t\tSERAVELLA\n\t\t\t\t\t<\/dd><\/dl><br style=\"clear: both\" \/>\n\t\t\t<\/div>\n\n<p>&nbsp;<\/p>\n<hr \/>\n<p>&nbsp;<\/p>\n<blockquote>\n<h3>BELLUNO PRIDE 2023, PARLA L&#8217;ORDINE DEGLI AVVOCATI DI BELLUNO<\/h3>\n<\/blockquote>\n<p><strong><a class=\"dt-pswp-item\" href=\"https:\/\/www.radiopiu.net\/wordpress\/wp-content\/uploads\/2023\/06\/belluno-pride.png\" data-dt-img-description=\"\" data-large_image_width=\"411\" data-large_image_height=\"476\"><img loading=\"lazy\" decoding=\"async\" class=\" wp-image-342064 alignleft\" src=\"https:\/\/www.radiopiu.net\/wordpress\/wp-content\/uploads\/2023\/06\/belluno-pride-259x300.png\" alt=\"\" width=\"149\" height=\"173\" srcset=\"https:\/\/www.radiopiu.net\/wordpress\/wp-content\/uploads\/2023\/06\/belluno-pride-259x300.png 259w, https:\/\/www.radiopiu.net\/wordpress\/wp-content\/uploads\/2023\/06\/belluno-pride.png 411w\" sizes=\"auto, (max-width: 149px) 100vw, 149px\" \/><\/a>BELLUNO<\/strong> Il comitato per le pari opportunit\u00e0 dell&#8217;ordine degli avvocati di Belluno, in vista del Belluno Pride che si terr\u00e0 il 15 luglio 2023, ritiene opportuno affermare la piena e ferma adesione ai principi e alle iniziative che contiene il manifesto dell\u2019evento. Il Comitato, nell\u2019ambito delle sue funzioni di tutela contro ogni disparit\u00e0 e discriminazione, intende promuovere e supportare i valori dell\u2019eguaglianza e dell\u2019inclusivit\u00e0 delle persone LGBTQIA+, nella prospettiva di garantire le pari opportunit\u00e0 per le minoranze di genere. Rifiuta ogni forma di ostilit\u00e0 e di manifestazione di odio volta a negare la diversit\u00e0 delle identit\u00e0 esprimendo il proprio fermo impegno sul tema della promozione della tolleranza, dell&#8217;accettazione e della diversit\u00e0, ribadito tra l\u2019altro dalla Risoluzione del Parlamento Europeo dell&#8217;8 luglio 2021, nonch\u00e9 oggetto di numerose pronunce da parte della Corte Europea dei Diritti dell\u2019Uomo.<\/p>\n<p>&nbsp;<\/p>\n<p>&nbsp;<\/p>\n<hr \/>\n<p>&nbsp;<\/p>\n<blockquote>\n<h3><a class=\"dt-pswp-item\" href=\"https:\/\/www.radiopiu.net\/wordpress\/wp-content\/uploads\/2020\/11\/Schermata-2020-11-11-alle-12.25.13.png\" data-dt-img-description=\"\" data-large_image_width=\"594\" data-large_image_height=\"310\"><img loading=\"lazy\" decoding=\"async\" class=\" wp-image-172025 alignleft\" src=\"https:\/\/www.radiopiu.net\/wordpress\/wp-content\/uploads\/2020\/11\/Schermata-2020-11-11-alle-12.25.13-300x157.png\" alt=\"\" width=\"187\" height=\"98\" srcset=\"https:\/\/www.radiopiu.net\/wordpress\/wp-content\/uploads\/2020\/11\/Schermata-2020-11-11-alle-12.25.13-300x157.png 300w, https:\/\/www.radiopiu.net\/wordpress\/wp-content\/uploads\/2020\/11\/Schermata-2020-11-11-alle-12.25.13.png 594w\" sizes=\"auto, (max-width: 187px) 100vw, 187px\" \/><\/a>SANITA&#8217; PUBBLICA: DIRITTO ALLA SALUTE PER TUTTI OGGI IL CONVEGNO A CASTELFRANCO<\/h3>\n<\/blockquote>\n<p><strong>BELLUNO\/TREVISO <\/strong>Lista d\u2019attesa, rapporti tra sanit\u00e0 pubblica e privata, carenza di medici e infermieri, case di riposo, legge sulla non autosufficienza. Molti i temi al centro del convegno organizzato da Cisl, Fnp, Fp e Anteas Belluno Treviso e che si svolger\u00e0 gioved\u00ec 29 giugno alle 14.30 al centro don Ernesto Bordignon di Castelfranco Veneto.<\/p>\n<p>&nbsp;<\/p>\n<p>&nbsp;<\/p>\n<hr \/>\n<p>&nbsp;<\/p>\n<blockquote>\n<h3>IL 150\u00b0 ANNIVERSARIO DEL TERREMOTO BELLUNESE DEL 1873<\/h3>\n<\/blockquote>\n<p><strong>REDAZIONE<\/strong> Il 29 giugno 2023, cade il 150\u00b0 anniversario del forte terremoto che scosse il bellunese, trevigiano, pordenonese il 29 giugno 1873. Per l&#8217;occasione riproponiamo un articolo a cura di Tiziano De Col<\/p>\n<blockquote class=\"wp-embedded-content\" data-secret=\"jTDFcXQ26q\"><p><a href=\"https:\/\/www.radiopiu.net\/wordpress\/il-terremoto-bellunese-del-1873-raccontato-da-tiziano-de-col\/\">IL TERREMOTO BELLUNESE DEL 1873 RACCONTATO DA TIZIANO DE COL<\/a><\/p><\/blockquote>\n<p><iframe loading=\"lazy\" class=\"wp-embedded-content\" sandbox=\"allow-scripts\" security=\"restricted\" style=\"position: absolute; clip: rect(1px, 1px, 1px, 1px);\" title=\"&#8220;IL TERREMOTO BELLUNESE DEL 1873 RACCONTATO DA TIZIANO DE COL&#8221; &#8212; Radio Pi\u00f9\" src=\"https:\/\/www.radiopiu.net\/wordpress\/il-terremoto-bellunese-del-1873-raccontato-da-tiziano-de-col\/embed\/#?secret=JyWjtQnyqe#?secret=jTDFcXQ26q\" data-secret=\"jTDFcXQ26q\" width=\"600\" height=\"338\" frameborder=\"0\" marginwidth=\"0\" marginheight=\"0\" scrolling=\"no\"><\/iframe><\/p>\n<p>&nbsp;<\/p>\n<hr \/>\n<p>&nbsp;<\/p>\n<h2><span style=\"color: #ff6600;\">IERI ALLA RADIO\u00a0\u00a0<\/span><\/h2>\n<blockquote>\n<h3>SE NON LA SMETTI&#8230; TI MANDO DAL PRESIDE<\/h3>\n<\/blockquote>\n<div dir=\"auto\">Undici anni, una presenza importante ai microfoni di RADIOPIU, 11 anni, tutte le settimana da settembre a giugno con puntualit\u00e0 alle 10.30 del mercoledi mattina e nelle successive repliche. Mi sto riferendo al grande impegno della Professoressa Mariarosa Salmazo che proprio oggi conclude con la 35Esima e ultima puntata un altro importante ciclo di &#8220;Se non le smetti di mando dal Preside&#8221;, primo titolo &#8220;007 in condotta&#8221;. A Mariarosa il mio infinito grazie per l&#8217;impegno, la preparazione, soprattutto la passione di parlare di scuola alla radio. Grazie Prof. Buona Estate&#8230; e alla prossima campanella<\/div>\n<div dir=\"auto\">mirko<\/div>\n<div dir=\"auto\"><\/div>\n<div dir=\"auto\"><strong>L&#8217;ULTIMA PUNTATA<\/strong><\/div>\n<div dir=\"auto\"><\/div>\n<div dir=\"auto\">\n<audio class=\"wp-audio-shortcode\" id=\"audio-341969-4\" preload=\"none\" style=\"width: 100%;\" controls=\"controls\"><source type=\"audio\/mpeg\" src=\"https:\/\/www.radiopiu.net\/wordpress\/wp-content\/uploads\/2023\/06\/PRESIDE.mp3?_=4\" \/><a href=\"https:\/\/www.radiopiu.net\/wordpress\/wp-content\/uploads\/2023\/06\/PRESIDE.mp3\">https:\/\/www.radiopiu.net\/wordpress\/wp-content\/uploads\/2023\/06\/PRESIDE.mp3<\/a><\/audio>\n<\/div>\n<div dir=\"auto\"><\/div>\n<blockquote class=\"wp-embedded-content\" data-secret=\"l209OBNm6c\"><p><a href=\"https:\/\/www.radiopiu.net\/wordpress\/se-non-la-smetti-di-mando-dal-preside\/\">SE NON LA SMETTI TI MANDO DAL PRESIDE<\/a><\/p><\/blockquote>\n<p><iframe loading=\"lazy\" class=\"wp-embedded-content\" sandbox=\"allow-scripts\" security=\"restricted\" style=\"position: absolute; clip: rect(1px, 1px, 1px, 1px);\" title=\"&#8220;SE NON LA SMETTI TI MANDO DAL PRESIDE&#8221; &#8212; Radio Pi\u00f9\" src=\"https:\/\/www.radiopiu.net\/wordpress\/se-non-la-smetti-di-mando-dal-preside\/embed\/#?secret=TxheWXpAja#?secret=l209OBNm6c\" data-secret=\"l209OBNm6c\" width=\"600\" height=\"338\" frameborder=\"0\" marginwidth=\"0\" marginheight=\"0\" scrolling=\"no\"><\/iframe><\/p>\n<hr \/>\n<p>&nbsp;<\/p>\n<blockquote>\n<h3>IL FILM DI RICCARDO BEE AL RIFUGIO SCARPA<\/h3>\n<\/blockquote>\n<blockquote>\n<h3><strong style=\"font-size: 14px;\"><a class=\"dt-pswp-item\" href=\"https:\/\/www.radiopiu.net\/wordpress\/wp-content\/uploads\/2018\/03\/foto_rifugio_scarpa.jpg\" data-dt-img-description=\"\" data-large_image_width=\"1280\" data-large_image_height=\"720\"><img loading=\"lazy\" decoding=\"async\" class=\" wp-image-44378 alignleft\" src=\"https:\/\/www.radiopiu.net\/wordpress\/wp-content\/uploads\/2018\/03\/foto_rifugio_scarpa-300x169.jpg\" alt=\"\" width=\"233\" height=\"131\" srcset=\"https:\/\/www.radiopiu.net\/wordpress\/wp-content\/uploads\/2018\/03\/foto_rifugio_scarpa-300x169.jpg 300w, https:\/\/www.radiopiu.net\/wordpress\/wp-content\/uploads\/2018\/03\/foto_rifugio_scarpa-768x432.jpg 768w, https:\/\/www.radiopiu.net\/wordpress\/wp-content\/uploads\/2018\/03\/foto_rifugio_scarpa-1024x576.jpg 1024w, https:\/\/www.radiopiu.net\/wordpress\/wp-content\/uploads\/2018\/03\/foto_rifugio_scarpa.jpg 1280w\" sizes=\"auto, (max-width: 233px) 100vw, 233px\" \/><\/a>VOLTAGO<\/strong><span style=\"font-size: 14px; font-weight: normal;\"> Serata da non perdere al Rifugio Scarpa quella di sabato alle 17:30 quando sotto all&#8217;Agner verr\u00e0 proposta la proiezione del film &#8220;L&#8217;ultima Via di Riccardo Bee&#8221;. Prenotazione richiesta al 331 3152963<\/span><\/h3>\n<\/blockquote>\n<p><strong>dal giornale radio di radiopiu Marco Bergamo, con Sharon il volto noto del rifugio Scarpa Gurekian<\/strong><\/p>\n<p>&nbsp;<\/p>\n<audio class=\"wp-audio-shortcode\" id=\"audio-341969-5\" preload=\"none\" style=\"width: 100%;\" controls=\"controls\"><source type=\"audio\/mpeg\" src=\"https:\/\/www.radiopiu.net\/wordpress\/wp-content\/uploads\/2023\/06\/marco-bergamo-per-sito.mp3?_=5\" \/><a href=\"https:\/\/www.radiopiu.net\/wordpress\/wp-content\/uploads\/2023\/06\/marco-bergamo-per-sito.mp3\">https:\/\/www.radiopiu.net\/wordpress\/wp-content\/uploads\/2023\/06\/marco-bergamo-per-sito.mp3<\/a><\/audio>\n<p>&nbsp;<\/p>\n\n\t\t\t<style type='text\/css'>\n\t\t\t\t#gallery-4 {\n\t\t\t\t\tmargin: auto;\n\t\t\t\t}\n\t\t\t\t#gallery-4 .gallery-item {\n\t\t\t\t\tfloat: left;\n\t\t\t\t\tmargin-top: 10px;\n\t\t\t\t\ttext-align: center;\n\t\t\t\t\twidth: 50%;\n\t\t\t\t}\n\t\t\t\t#gallery-4 img {\n\t\t\t\t\tborder: 2px solid #cfcfcf;\n\t\t\t\t}\n\t\t\t\t#gallery-4 .gallery-caption {\n\t\t\t\t\tmargin-left: 0;\n\t\t\t\t}\n\t\t\t\t\/* see gallery_shortcode() in wp-includes\/media.php *\/\n\t\t\t<\/style>\n\t\t<div id='gallery-4' class='dt-gallery-container gallery galleryid-341969 gallery-columns-2 gallery-size-medium'><dl class='gallery-item'>\n\t\t\t\t<dt class='gallery-icon landscape'>\n\t\t\t\t\t<a class=\"rollover rollover-zoom dt-pswp-item\" title=\"Senza nome\" data-dt-img-description=\"\" data-large_image_width=\"251\" data-large_image_height=\"168\"href='https:\/\/www.radiopiu.net\/wordpress\/wp-content\/uploads\/2023\/06\/Senza-nome-74.png'><img loading=\"lazy\" decoding=\"async\" width=\"251\" height=\"168\" src=\"https:\/\/www.radiopiu.net\/wordpress\/wp-content\/uploads\/2023\/06\/Senza-nome-74.png\" class=\"attachment-medium size-medium\" alt=\"\" \/><\/a>\n\t\t\t\t<\/dt><\/dl><dl class='gallery-item'>\n\t\t\t\t<dt class='gallery-icon landscape'>\n\t\t\t\t\t<a class=\"rollover rollover-zoom dt-pswp-item\" title=\"Senza nome\" data-dt-img-description=\"\" data-large_image_width=\"615\" data-large_image_height=\"316\"href='https:\/\/www.radiopiu.net\/wordpress\/wp-content\/uploads\/2023\/06\/Senza-nome-73.png'><img loading=\"lazy\" decoding=\"async\" width=\"300\" height=\"154\" src=\"https:\/\/www.radiopiu.net\/wordpress\/wp-content\/uploads\/2023\/06\/Senza-nome-73-300x154.png\" class=\"attachment-medium size-medium\" alt=\"\" srcset=\"https:\/\/www.radiopiu.net\/wordpress\/wp-content\/uploads\/2023\/06\/Senza-nome-73-300x154.png 300w, https:\/\/www.radiopiu.net\/wordpress\/wp-content\/uploads\/2023\/06\/Senza-nome-73.png 615w\" sizes=\"auto, (max-width: 300px) 100vw, 300px\" \/><\/a>\n\t\t\t\t<\/dt><\/dl><br style=\"clear: both\" \/>\n\t\t\t<\/div>\n\n<p>&nbsp;<\/p>\n<hr \/>\n<p>&nbsp;<\/p>\n<p>&nbsp;<\/p>\n<h2><span style=\"color: #ff0000;\">IERI ALLA RADIO\u00a0<\/span><\/h2>\n<p><strong>DOLOMITI BEER &amp; WINE DA NAPI ospite GIANLUCA ROSSI<\/strong><\/p>\n<blockquote>\n<h2><span style=\"color: #808000;\">PAROLA DI GIANLUCA <\/span><\/h2>\n<\/blockquote>\n<audio class=\"wp-audio-shortcode\" id=\"audio-341969-6\" preload=\"none\" style=\"width: 100%;\" controls=\"controls\"><source type=\"audio\/mpeg\" src=\"https:\/\/www.radiopiu.net\/wordpress\/wp-content\/uploads\/2022\/03\/GIANLUCA-GIUGNO-2023-A.mp3?_=6\" \/><a href=\"https:\/\/www.radiopiu.net\/wordpress\/wp-content\/uploads\/2022\/03\/GIANLUCA-GIUGNO-2023-A.mp3\">https:\/\/www.radiopiu.net\/wordpress\/wp-content\/uploads\/2022\/03\/GIANLUCA-GIUGNO-2023-A.mp3<\/a><\/audio>\n<p>&nbsp;<\/p>\n<blockquote><p><em><span class=\"photoswipe-wrapper\"><a class=\"dt-pswp-item\" href=\"https:\/\/www.radiopiu.net\/wordpress\/wp-content\/uploads\/2020\/05\/39192037-080f-4a4e-8088-9aabb6cec7e0-768x576-1.jpg\" data-dt-img-description=\"\" data-large_image_width=\"768\" data-large_image_height=\"576\"><img loading=\"lazy\" decoding=\"async\" class=\"wp-image-268201 alignleft\" src=\"https:\/\/www.radiopiu.net\/wordpress\/wp-content\/uploads\/2020\/05\/39192037-080f-4a4e-8088-9aabb6cec7e0-768x576-1-300x225.jpg\" alt=\"\" width=\"187\" height=\"140\" srcset=\"https:\/\/www.radiopiu.net\/wordpress\/wp-content\/uploads\/2020\/05\/39192037-080f-4a4e-8088-9aabb6cec7e0-768x576-1-300x225.jpg 300w, https:\/\/www.radiopiu.net\/wordpress\/wp-content\/uploads\/2020\/05\/39192037-080f-4a4e-8088-9aabb6cec7e0-768x576-1.jpg 768w\" sizes=\"auto, (max-width: 187px) 100vw, 187px\" \/><\/a><br \/>\n<\/span><\/em><\/p><\/blockquote>\n<p>&nbsp;<\/p>\n<p>&nbsp;<\/p>\n<p>&nbsp;<\/p>\n<p>&nbsp;<\/p>\n<p>&nbsp;<\/p>\n<p>&nbsp;<\/p>\n<p>&nbsp;<\/p>\n<hr \/>\n<p>&nbsp;<\/p>\n<blockquote class=\"wp-embedded-content\" data-secret=\"Yl6Mp8Ly9C\"><p><a href=\"https:\/\/www.radiopiu.net\/wordpress\/rimasti-piu-avanti-p5\/\">&#8220;RIMASTI PIU&#8217; AVANTI&#8221;, ALLA SCOPERTA DELLA MUSICA BELLUNESE CON MARCO V. DAL FARRA<\/a><\/p><\/blockquote>\n<p><iframe loading=\"lazy\" class=\"wp-embedded-content\" sandbox=\"allow-scripts\" security=\"restricted\" style=\"position: absolute; clip: rect(1px, 1px, 1px, 1px);\" title=\"&#8220;&#8220;RIMASTI PIU&#8217; AVANTI&#8221;, ALLA SCOPERTA DELLA MUSICA BELLUNESE CON MARCO V. DAL FARRA&#8221; &#8212; Radio Pi\u00f9\" src=\"https:\/\/www.radiopiu.net\/wordpress\/rimasti-piu-avanti-p5\/embed\/#?secret=jAFN9dyBs4#?secret=Yl6Mp8Ly9C\" data-secret=\"Yl6Mp8Ly9C\" width=\"600\" height=\"338\" frameborder=\"0\" marginwidth=\"0\" marginheight=\"0\" scrolling=\"no\"><\/iframe><\/p>\n<p>&nbsp;<\/p>\n<hr \/>\n<p>&nbsp;<\/p>\n<p>&nbsp;<\/p>\n<blockquote class=\"wp-embedded-content\" data-secret=\"BTnu9pKDh2\"><p><a href=\"https:\/\/www.radiopiu.net\/wordpress\/lad08\/\">&#8220;NCONTONSE&#8221; IN LADINO SU RADIO PI\u00d9<\/a><\/p><\/blockquote>\n<p><iframe loading=\"lazy\" class=\"wp-embedded-content\" sandbox=\"allow-scripts\" security=\"restricted\" style=\"position: absolute; clip: rect(1px, 1px, 1px, 1px);\" title=\"&#8220;&#8220;NCONTONSE&#8221; IN LADINO SU RADIO PI\u00d9&#8221; &#8212; Radio Pi\u00f9\" src=\"https:\/\/www.radiopiu.net\/wordpress\/lad08\/embed\/#?secret=b9PXCOmamS#?secret=BTnu9pKDh2\" data-secret=\"BTnu9pKDh2\" width=\"600\" height=\"338\" frameborder=\"0\" marginwidth=\"0\" marginheight=\"0\" scrolling=\"no\"><\/iframe><\/p>\n<p>&nbsp;<\/p>\n<p>&nbsp;<\/p>\n<p>&nbsp;<\/p>\n<hr \/>\n<p>&nbsp;<\/p>\n<p>&nbsp;<\/p>\n<p><span style=\"color: #ff0000;\"><strong>OGGI, FESTA PATRONALE AD AGORDO<\/strong><\/span><\/p>\n<blockquote>\n<h3 style=\"text-align: left;\"><a class=\"dt-pswp-item\" href=\"https:\/\/www.radiopiu.net\/wordpress\/wp-content\/uploads\/2023\/06\/download-2.jpg\" data-dt-img-description=\"\" data-large_image_width=\"259\" data-large_image_height=\"194\"><img loading=\"lazy\" decoding=\"async\" class=\" wp-image-342012 alignleft\" src=\"https:\/\/www.radiopiu.net\/wordpress\/wp-content\/uploads\/2023\/06\/download-2.jpg\" alt=\"\" width=\"150\" height=\"112\" \/><\/a>SAN PIERO 2023, IL PROGRAMMA<\/h3>\n<h3>AGORDO Tre giorni di festa, 29-30 giugno e 1 luglio.\u00a0 Oggi mercato, cucina sera e mezzogiorno, serata danzante. Domani\u00a0 JB Band e RDJ. Sabato serata con i Riflesso, a seguire Morgan e Battaglia.<\/h3>\n<p>&nbsp;<\/p>\n<p><strong>CON DANIELE GALLIGANI<\/strong><\/p><\/blockquote>\n<audio class=\"wp-audio-shortcode\" id=\"audio-341969-7\" preload=\"none\" style=\"width: 100%;\" controls=\"controls\"><source type=\"audio\/mpeg\" src=\"https:\/\/www.radiopiu.net\/wordpress\/wp-content\/uploads\/2023\/06\/DANIELE-GALLIGALI-AD-AGORDO-PROLOCO-SAN-PIERO.mp3?_=7\" \/><a href=\"https:\/\/www.radiopiu.net\/wordpress\/wp-content\/uploads\/2023\/06\/DANIELE-GALLIGALI-AD-AGORDO-PROLOCO-SAN-PIERO.mp3\">https:\/\/www.radiopiu.net\/wordpress\/wp-content\/uploads\/2023\/06\/DANIELE-GALLIGALI-AD-AGORDO-PROLOCO-SAN-PIERO.mp3<\/a><\/audio>\n<p>&nbsp;<\/p>\n<p>&nbsp;<\/p>\n<p>&nbsp;<\/p>\n<div class=\"page-title-head hgroup\">\n<blockquote>\n<h3 class=\"entry-title\">DOMANI L\u2019INAUGURAZIONE DEL PERCORSO DI NORDIC WALKING AD AGORDO<\/h3>\n<\/blockquote>\n<\/div>\n<div class=\"page-title-breadcrumbs\">\n<p><strong>AGORDO<\/strong>\u00a0 Domani\u00a0verr\u00e0 inaugurato il &#8220;Nordic Walking Park Agordino&#8221;, progetto turistico che collega i Comuni di Agordo e Taibon Agordino attraverso un articolato percorso di Nordic Walking. Il programma della manifestazione sar\u00e0 il seguente: ore 14.30 ritrovo sul Broi e alle 15:00 inizio caccia al tesoro dedicata ai bambini e camminata lungo il percorso per adulti. Alle 17:30 l&#8217;inaugurazione sotto al tendone con un omaggio per tutti, con la presenza di Radio Pi\u00f9. Sar\u00e0 possibile prenotarsi alle attivit\u00e0 pomeridiane presso l\u2019Ufficio Turistico di Agordo.<\/p>\n\n\t\t\t<style type='text\/css'>\n\t\t\t\t#gallery-5 {\n\t\t\t\t\tmargin: auto;\n\t\t\t\t}\n\t\t\t\t#gallery-5 .gallery-item {\n\t\t\t\t\tfloat: left;\n\t\t\t\t\tmargin-top: 10px;\n\t\t\t\t\ttext-align: center;\n\t\t\t\t\twidth: 50%;\n\t\t\t\t}\n\t\t\t\t#gallery-5 img {\n\t\t\t\t\tborder: 2px solid #cfcfcf;\n\t\t\t\t}\n\t\t\t\t#gallery-5 .gallery-caption {\n\t\t\t\t\tmargin-left: 0;\n\t\t\t\t}\n\t\t\t\t\/* see gallery_shortcode() in wp-includes\/media.php *\/\n\t\t\t<\/style>\n\t\t<div id='gallery-5' class='dt-gallery-container gallery galleryid-341969 gallery-columns-2 gallery-size-thumbnail'><dl class='gallery-item'>\n\t\t\t\t<dt class='gallery-icon portrait'>\n\t\t\t\t\t<a class=\"rollover rollover-zoom dt-pswp-item\" title=\"locandina nordic walking\" data-dt-img-description=\"\" data-large_image_width=\"1131\" data-large_image_height=\"1600\"href='https:\/\/www.radiopiu.net\/wordpress\/wp-content\/uploads\/2023\/06\/locandina-nordic-walking.jpeg'><img loading=\"lazy\" decoding=\"async\" width=\"150\" height=\"150\" src=\"https:\/\/www.radiopiu.net\/wordpress\/wp-content\/uploads\/2023\/06\/locandina-nordic-walking-150x150.jpeg\" class=\"attachment-thumbnail size-thumbnail\" alt=\"\" aria-describedby=\"gallery-5-341428\" \/><\/a>\n\t\t\t\t<\/dt>\n\t\t\t\t\t<dd class='wp-caption-text gallery-caption' id='gallery-5-341428'>\n\t\t\t\t\tLA LOCANDINA\n\t\t\t\t\t<\/dd><\/dl><dl class='gallery-item'>\n\t\t\t\t<dt class='gallery-icon landscape'>\n\t\t\t\t\t<a class=\"rollover rollover-zoom dt-pswp-item\" title=\"mappa (2)\" data-dt-img-description=\"\" data-large_image_width=\"1600\" data-large_image_height=\"1131\"href='https:\/\/www.radiopiu.net\/wordpress\/wp-content\/uploads\/2023\/06\/mappa-2.jpeg'><img loading=\"lazy\" decoding=\"async\" width=\"150\" height=\"150\" src=\"https:\/\/www.radiopiu.net\/wordpress\/wp-content\/uploads\/2023\/06\/mappa-2-150x150.jpeg\" class=\"attachment-thumbnail size-thumbnail\" alt=\"\" aria-describedby=\"gallery-5-341427\" \/><\/a>\n\t\t\t\t<\/dt>\n\t\t\t\t\t<dd class='wp-caption-text gallery-caption' id='gallery-5-341427'>\n\t\t\t\t\tLA MAPPA DEL PERCORSO\n\t\t\t\t\t<\/dd><\/dl><br style=\"clear: both\" \/>\n\t\t\t<\/div>\n\n<p>&nbsp;<\/p>\n<p>&nbsp;<\/p>\n<p>&nbsp;<\/p>\n<h2><strong><a class=\"dt-pswp-item\" href=\"https:\/\/www.radiopiu.net\/wordpress\/wp-content\/uploads\/2023\/06\/SCR-20230623-llvz.jpeg\" data-dt-img-description=\"\" data-large_image_width=\"1344\" data-large_image_height=\"1038\"><img loading=\"lazy\" decoding=\"async\" class=\" wp-image-341429 alignleft\" src=\"https:\/\/www.radiopiu.net\/wordpress\/wp-content\/uploads\/2023\/06\/SCR-20230623-llvz-300x232.jpeg\" alt=\"\" width=\"145\" height=\"112\" srcset=\"https:\/\/www.radiopiu.net\/wordpress\/wp-content\/uploads\/2023\/06\/SCR-20230623-llvz-300x232.jpeg 300w, https:\/\/www.radiopiu.net\/wordpress\/wp-content\/uploads\/2023\/06\/SCR-20230623-llvz-1024x791.jpeg 1024w, https:\/\/www.radiopiu.net\/wordpress\/wp-content\/uploads\/2023\/06\/SCR-20230623-llvz-768x593.jpeg 768w, https:\/\/www.radiopiu.net\/wordpress\/wp-content\/uploads\/2023\/06\/SCR-20230623-llvz.jpeg 1344w\" sizes=\"auto, (max-width: 145px) 100vw, 145px\" \/><\/a><\/strong><span style=\"color: #00ccff;\">LA RASSEGNA STAMPA DA L&#8217;AMICO DEL POPOLO<\/span><\/h2>\n<p><strong>DI GIANNI SANTOMASO<\/strong><\/p>\n<p>Ospite: Tamara Costantini, consigliere comunale di Taibon e istruttrice di Nordic Valking<\/p>\n<audio class=\"wp-audio-shortcode\" id=\"audio-341969-8\" preload=\"none\" style=\"width: 100%;\" controls=\"controls\"><source type=\"audio\/mpeg\" src=\"https:\/\/www.radiopiu.net\/wordpress\/wp-content\/uploads\/2023\/06\/RASSEGNA-GIANNI-2.mp3?_=8\" \/><a href=\"https:\/\/www.radiopiu.net\/wordpress\/wp-content\/uploads\/2023\/06\/RASSEGNA-GIANNI-2.mp3\">https:\/\/www.radiopiu.net\/wordpress\/wp-content\/uploads\/2023\/06\/RASSEGNA-GIANNI-2.mp3<\/a><\/audio>\n<p>&nbsp;<\/p>\n<hr \/>\n<p>&nbsp;<\/p>\n<blockquote>\n<h3>SECONDA EDIZIONE DEL CONCORSO DI ABM<\/h3>\n<\/blockquote>\n<p><strong><a class=\"dt-pswp-item\" href=\"https:\/\/www.radiopiu.net\/wordpress\/wp-content\/uploads\/2022\/03\/ABM.jpg\" data-dt-img-description=\"\" data-large_image_width=\"400\" data-large_image_height=\"400\"><img loading=\"lazy\" decoding=\"async\" class=\"wp-image-264723 alignleft\" src=\"https:\/\/www.radiopiu.net\/wordpress\/wp-content\/uploads\/2022\/03\/ABM-300x300.jpg\" alt=\"\" width=\"134\" height=\"134\" srcset=\"https:\/\/www.radiopiu.net\/wordpress\/wp-content\/uploads\/2022\/03\/ABM-300x300.jpg 300w, https:\/\/www.radiopiu.net\/wordpress\/wp-content\/uploads\/2022\/03\/ABM-150x150.jpg 150w, https:\/\/www.radiopiu.net\/wordpress\/wp-content\/uploads\/2022\/03\/ABM.jpg 400w\" sizes=\"auto, (max-width: 134px) 100vw, 134px\" \/><\/a>BELLUNO<\/strong> Torna il concorso letterario \u201cRaccontare l&#8217;emigrazione veneta\u201d. L&#8217;iniziativa organizzata dall&#8217;Associazione Bellunesi nel Mondo, alla seconda edizione, \u00e8 rivolta a racconti inediti e originali, reali o di fantasia, in lingua italiana, aventi a tema l\u2019emigrazione veneta, storica e\/o attuale. Ogni iscritto pu\u00f2 aderire con un solo racconto, che deve avere una lunghezza minima di diecimila e massima di venticinquemila battute (spazi compresi). A partecipazione gratuita, il concorso prevede la selezione, da parte di un&#8217;apposita giuria, di dieci finalisti, i cui racconti verranno pubblicati in un libro edito dall&#8217;Abm. I primi tre classificati riceveranno inoltre un premio in denaro di 500 euro (al primo), 300 euro (al secondo) e 200 euro (al terzo).<\/p>\n<p>&nbsp;<\/p>\n<p>&nbsp;<\/p>\n<hr \/>\n<\/div>\n<p>&nbsp;<\/p>\n<blockquote>\n<h3><img loading=\"lazy\" decoding=\"async\" class=\"alignleft\" src=\"https:\/\/www.radiopiu.net\/wordpress\/wp-content\/uploads\/2023\/06\/352399380_757043759539508_4339654022666409478_n.jpg\" width=\"198\" height=\"132\" \/>AGORDO MUSICA, LA VERNICE DOMENICA CON LA CORALE ZUMELLESE<\/h3>\n<\/blockquote>\n<p>&nbsp;<\/p>\n<p><strong>REDAZIONE<\/strong>\u00a0 Un&#8217;altra estate, la trentesima, importante come le altre 29 precedenti. Agordo Musica &#8220;apre le danze&#8221; domenica 2 luglio con il primo appuntamento, in chiesa\u00a0 ad Agordo alle 21 si esibir\u00e0 la corale Zumellese diretta dal maestro Manolo Da Rold.<\/p>\n<p><strong>AI MICROFONI DI RADIOPIU&#8217;, ANDREA BERNARDI DI AGORDO MUSICA<\/strong><\/p>\n<audio class=\"wp-audio-shortcode\" id=\"audio-341969-9\" preload=\"none\" style=\"width: 100%;\" controls=\"controls\"><source type=\"audio\/mpeg\" src=\"https:\/\/www.radiopiu.net\/wordpress\/wp-content\/uploads\/2023\/06\/Intervista-Manolo-Da-Rold-2023.mp3?_=9\" \/><a href=\"https:\/\/www.radiopiu.net\/wordpress\/wp-content\/uploads\/2023\/06\/Intervista-Manolo-Da-Rold-2023.mp3\">https:\/\/www.radiopiu.net\/wordpress\/wp-content\/uploads\/2023\/06\/Intervista-Manolo-Da-Rold-2023.mp3<\/a><\/audio>\n<p>&nbsp;<\/p>\n<hr \/>\n<p>&nbsp;<\/p>\n<blockquote>\n<h3>IL 70ESIMO ANNIVERSARIO DI SACERDOZIO DI MONSIGNOR LINO MOTTES E MONSIGNOR ENRICO ZASIO<\/h3>\n<\/blockquote>\n<p><strong><a class=\"dt-pswp-item\" href=\"https:\/\/www.radiopiu.net\/wordpress\/wp-content\/uploads\/2023\/06\/SCR-20230625-nchq.jpeg\" data-dt-img-description=\"\" data-large_image_width=\"1228\" data-large_image_height=\"934\"><img loading=\"lazy\" decoding=\"async\" class=\" wp-image-341626 alignleft\" src=\"https:\/\/www.radiopiu.net\/wordpress\/wp-content\/uploads\/2023\/06\/SCR-20230625-nchq-300x228.jpeg\" alt=\"\" width=\"154\" height=\"117\" srcset=\"https:\/\/www.radiopiu.net\/wordpress\/wp-content\/uploads\/2023\/06\/SCR-20230625-nchq-300x228.jpeg 300w, https:\/\/www.radiopiu.net\/wordpress\/wp-content\/uploads\/2023\/06\/SCR-20230625-nchq-1024x779.jpeg 1024w, https:\/\/www.radiopiu.net\/wordpress\/wp-content\/uploads\/2023\/06\/SCR-20230625-nchq-768x584.jpeg 768w, https:\/\/www.radiopiu.net\/wordpress\/wp-content\/uploads\/2023\/06\/SCR-20230625-nchq.jpeg 1228w\" sizes=\"auto, (max-width: 154px) 100vw, 154px\" \/><\/a>BELLUNO <\/strong>In prossimit\u00e0 della festa di San Pietro era tradizione che venissero ordinati i presbiteri novelli, sia per la Diocesi di Belluno che per quella di Feltre. Dopo il tempo del Seminario minore a Feltre, gli studi portavano i chierici a Belluno nel Seminario Gregoriano. Li molte amicizie si ritrovavano e i percorsi formativi tomavano ad intrecciarsi. Nel 1953 furono ordinati 14 sacerdoti novelli e 7 suddiaconi: un mumero davvero record per le due Diocesi. Tra loro: mons. LINO MOTTES e mons. ENRICO ZASIO. Entrambi saranno festeggiati il giorno 5 luglio a settant&#8217;anni anni esatti da quando furono ordinati da mons. Gioacchino Muccin, alle ore 10,30. La Santa Messa di ringraziamento al Signore sar\u00e0 celebrata nella Chiesa di Santa Maria degli Angeli a Feltre e presieduta dal Vescovo Renato.<\/p>\n<p>&nbsp;<\/p>\n<p>&nbsp;<\/p>\n<hr \/>\n<p>&nbsp;<\/p>\n<blockquote>\n<h3><a class=\"dt-pswp-item\" href=\"https:\/\/www.radiopiu.net\/wordpress\/wp-content\/uploads\/2023\/06\/invito_sottogudaWEB.jpg\" data-dt-img-description=\"\" data-large_image_width=\"1654\" data-large_image_height=\"1654\"><img loading=\"lazy\" decoding=\"async\" class=\" wp-image-341922 alignleft\" src=\"https:\/\/www.radiopiu.net\/wordpress\/wp-content\/uploads\/2023\/06\/invito_sottogudaWEB-300x300.jpg\" alt=\"\" width=\"109\" height=\"109\" srcset=\"https:\/\/www.radiopiu.net\/wordpress\/wp-content\/uploads\/2023\/06\/invito_sottogudaWEB-300x300.jpg 300w, https:\/\/www.radiopiu.net\/wordpress\/wp-content\/uploads\/2023\/06\/invito_sottogudaWEB-1024x1024.jpg 1024w, https:\/\/www.radiopiu.net\/wordpress\/wp-content\/uploads\/2023\/06\/invito_sottogudaWEB-150x150.jpg 150w, https:\/\/www.radiopiu.net\/wordpress\/wp-content\/uploads\/2023\/06\/invito_sottogudaWEB-768x768.jpg 768w, https:\/\/www.radiopiu.net\/wordpress\/wp-content\/uploads\/2023\/06\/invito_sottogudaWEB-1536x1536.jpg 1536w, https:\/\/www.radiopiu.net\/wordpress\/wp-content\/uploads\/2023\/06\/invito_sottogudaWEB.jpg 1654w\" sizes=\"auto, (max-width: 109px) 100vw, 109px\" \/><\/a>IL CENTENARIO DEL FERRO BATTUTO A SOTTOGUDA<\/h3>\n<\/blockquote>\n<p><strong>ROCCA PIETORE<\/strong> Sabato 22 luglio alle 10 verranno celebrati i 100 anni del ferro battuto di Sottoguda della famiglia De Biasio. Evento organizzato con il patrocinio del Comune di Rocca Pietore. Per l&#8217;occasione sar\u00e0 realizzato un annullo speciale da Poste Italiane<\/p>\n<p>&nbsp;<\/p>\n<p>&nbsp;<\/p>\n<hr \/>\n<p>&nbsp;<\/p>\n<h3>ESTATE CULTURALE E TRADIZIONALE NEL BORGO DI PALUE<\/h3>\n<p><img loading=\"lazy\" decoding=\"async\" class=\"alignleft\" src=\"https:\/\/www.radiopiu.net\/wordpress\/wp-content\/uploads\/2023\/06\/Senza-nome-45.png\" width=\"211\" height=\"121\" \/><strong>ROCCA PIETORE<\/strong> &#8220;Un&#8217;estate di cultura e tradizioni: l&#8217;Associazione Culturale Palue presenta un calendario ricco di eventi nel suggestivo borgo di Palue e nel paese di Rocca Pietore. Dal 24 giugno al 10 settembre, abitanti e turisti saranno accompagnati alla scoperta di un prezioso patrimonio.\u00a0 Segui l&#8217;Associazione Palue sui seguenti social media: Facebook: Associazione Palue &#8211; La storia siamo noi Instagram: associazione_palu&#8221;<\/p>\n<p>&nbsp;<\/p>\n<p>&nbsp;<\/p>\n<hr \/>\n<p>&nbsp;<\/p>\n<blockquote>\n<h3>CONSIGLIO COMUNALE A SELVA DI CADORE<\/h3>\n<\/blockquote>\n<p><strong>SELVA DI CADORE<\/strong> Il sindaco di Selva di Cadore Luca Lorenzini ha chiamato a rapporto i consiglieri comunali per trattare 9 punti all&#8217;ordine del giorno. IL consiglio si terr\u00e0 domani alle 18 e tra i punti in discussione si parler\u00e0 di un consigliere dimissionario, la nomina per i rappresentati del comune in Unione Montana Agordina, la presa d&#8217;atto della designazione del capogruppo di minoranza in seguito alle dimissioni, due variazioni a bilancio, l&#8217;approvazione del bilancio 2023\/25 di ASCA e le modifiche per le celebrazioni di matrimoni civili e le relative tariffe.<\/p>\n<p>&nbsp;<\/p>\n<p>&nbsp;<\/p>\n<hr \/>\n<p>&nbsp;<\/p>\n<blockquote>\n<h3>SEI PUNTI NEL CONSIGLIO COMUNALE DI COLLE SANTA LUCIA<\/h3>\n<\/blockquote>\n<p><strong>COLLE SANTA LUCIA<\/strong> Il sindaco di Colle Santa Lucia Paolo Frena ha convocato il consiglio comunale per sabato alle 8. Saranno sei i punti da discutere tra cui una variazione a bilancio, la fusione tra BIM GSP e BIM Infrastrutture, il regolamento dei controlli interni e un disegno di legge contro la produzione e immissione sul mercato di alimenti e mangimi sintetici.<\/p>\n<p>&nbsp;<\/p>\n<p>&nbsp;<\/p>\n<hr \/>\n<p>&nbsp;<\/p>\n<blockquote>\n<h3>LA PRESENTAZIONE DEL LIBRO &#8220;LE PASCOLINE&#8221;<\/h3>\n<\/blockquote>\n<p><strong>SOSPIROLO<\/strong><\/p>\n<p>di Roberto Bona<\/p>\n<audio class=\"wp-audio-shortcode\" id=\"audio-341969-10\" preload=\"none\" style=\"width: 100%;\" controls=\"controls\"><source type=\"audio\/mpeg\" src=\"https:\/\/www.radiopiu.net\/wordpress\/wp-content\/uploads\/2023\/06\/BONA-PRESENTAZIONE-LIBRO-LE-PASCOLINE-7-LUGLIO.mp3?_=10\" \/><a href=\"https:\/\/www.radiopiu.net\/wordpress\/wp-content\/uploads\/2023\/06\/BONA-PRESENTAZIONE-LIBRO-LE-PASCOLINE-7-LUGLIO.mp3\">https:\/\/www.radiopiu.net\/wordpress\/wp-content\/uploads\/2023\/06\/BONA-PRESENTAZIONE-LIBRO-LE-PASCOLINE-7-LUGLIO.mp3<\/a><\/audio>\n<p>&nbsp;<\/p>\n<hr \/>\n<p>&nbsp;<\/p>\n<blockquote>\n<h3>LE FOTO D&#8217;EPOCA, DALL&#8217;ARCHIVIO STORICO DI ALESSANDRO SAVIO<\/h3>\n<\/blockquote>\n<p><strong>REDAZIONE<\/strong> Riceviamo e pubblichiamo due foto storiche dall&#8217;archivio di Alessandro Savio. Nella prima si vede l&#8217;Ex Municipio di Taibon, la foto risale agli anni 20 (\u00e8 stata la prima se di Radio Piu&#8217; al primo piano). Nel documento anche Milano Savio, classe 1899, in posizione acrobatica. Nel secondo documento un&#8217;istantanea risalente al 1906 di San Cipriano con veranda della casa dei &#8221; Bolzanini&#8221; e drappello di soldati di stanza in Agordo.<\/p>\n\n\t\t\t<style type='text\/css'>\n\t\t\t\t#gallery-6 {\n\t\t\t\t\tmargin: auto;\n\t\t\t\t}\n\t\t\t\t#gallery-6 .gallery-item {\n\t\t\t\t\tfloat: left;\n\t\t\t\t\tmargin-top: 10px;\n\t\t\t\t\ttext-align: center;\n\t\t\t\t\twidth: 50%;\n\t\t\t\t}\n\t\t\t\t#gallery-6 img {\n\t\t\t\t\tborder: 2px solid #cfcfcf;\n\t\t\t\t}\n\t\t\t\t#gallery-6 .gallery-caption {\n\t\t\t\t\tmargin-left: 0;\n\t\t\t\t}\n\t\t\t\t\/* see gallery_shortcode() in wp-includes\/media.php *\/\n\t\t\t<\/style>\n\t\t<div id='gallery-6' class='dt-gallery-container gallery galleryid-341969 gallery-columns-2 gallery-size-medium'><dl class='gallery-item'>\n\t\t\t\t<dt class='gallery-icon portrait'>\n\t\t\t\t\t<a class=\"rollover rollover-zoom dt-pswp-item\" title=\"foto storica pomp.\" data-dt-img-description=\"\" data-large_image_width=\"1288\" data-large_image_height=\"1932\"href='https:\/\/www.radiopiu.net\/wordpress\/wp-content\/uploads\/2023\/06\/foto-storica-pomp.jpg'><img loading=\"lazy\" decoding=\"async\" width=\"200\" height=\"300\" src=\"https:\/\/www.radiopiu.net\/wordpress\/wp-content\/uploads\/2023\/06\/foto-storica-pomp-200x300.jpg\" class=\"attachment-medium size-medium\" alt=\"\" aria-describedby=\"gallery-6-342097\" srcset=\"https:\/\/www.radiopiu.net\/wordpress\/wp-content\/uploads\/2023\/06\/foto-storica-pomp-200x300.jpg 200w, https:\/\/www.radiopiu.net\/wordpress\/wp-content\/uploads\/2023\/06\/foto-storica-pomp-683x1024.jpg 683w, https:\/\/www.radiopiu.net\/wordpress\/wp-content\/uploads\/2023\/06\/foto-storica-pomp-768x1152.jpg 768w, https:\/\/www.radiopiu.net\/wordpress\/wp-content\/uploads\/2023\/06\/foto-storica-pomp-1024x1536.jpg 1024w, https:\/\/www.radiopiu.net\/wordpress\/wp-content\/uploads\/2023\/06\/foto-storica-pomp.jpg 1288w\" sizes=\"auto, (max-width: 200px) 100vw, 200px\" \/><\/a>\n\t\t\t\t<\/dt>\n\t\t\t\t\t<dd class='wp-caption-text gallery-caption' id='gallery-6-342097'>\n\t\t\t\t\tEX MUNICIPO\n\t\t\t\t\t<\/dd><\/dl><dl class='gallery-item'>\n\t\t\t\t<dt class='gallery-icon landscape'>\n\t\t\t\t\t<a class=\"rollover rollover-zoom dt-pswp-item\" title=\"soldati san cipriano\" data-dt-img-description=\"\" data-large_image_width=\"2224\" data-large_image_height=\"1415\"href='https:\/\/www.radiopiu.net\/wordpress\/wp-content\/uploads\/2023\/06\/soldati-san-cipriano.jpg'><img loading=\"lazy\" decoding=\"async\" width=\"300\" height=\"191\" src=\"https:\/\/www.radiopiu.net\/wordpress\/wp-content\/uploads\/2023\/06\/soldati-san-cipriano-300x191.jpg\" class=\"attachment-medium size-medium\" alt=\"\" aria-describedby=\"gallery-6-342096\" srcset=\"https:\/\/www.radiopiu.net\/wordpress\/wp-content\/uploads\/2023\/06\/soldati-san-cipriano-300x191.jpg 300w, https:\/\/www.radiopiu.net\/wordpress\/wp-content\/uploads\/2023\/06\/soldati-san-cipriano-1024x652.jpg 1024w, https:\/\/www.radiopiu.net\/wordpress\/wp-content\/uploads\/2023\/06\/soldati-san-cipriano-768x489.jpg 768w, https:\/\/www.radiopiu.net\/wordpress\/wp-content\/uploads\/2023\/06\/soldati-san-cipriano-1536x977.jpg 1536w, https:\/\/www.radiopiu.net\/wordpress\/wp-content\/uploads\/2023\/06\/soldati-san-cipriano-2048x1303.jpg 2048w\" sizes=\"auto, (max-width: 300px) 100vw, 300px\" \/><\/a>\n\t\t\t\t<\/dt>\n\t\t\t\t\t<dd class='wp-caption-text gallery-caption' id='gallery-6-342096'>\n\t\t\t\t\tSAN CIPRIANO\n\t\t\t\t\t<\/dd><\/dl><br style=\"clear: both\" \/>\n\t\t\t<\/div>\n\n<p>&nbsp;<\/p>\n<hr \/>\n<p>&nbsp;<\/p>\n<h2><span style=\"color: #ff0000;\"><a class=\"dt-pswp-item\" href=\"https:\/\/www.radiopiu.net\/wordpress\/wp-content\/uploads\/2023\/06\/Senza-nome-69.png\" data-dt-img-description=\"\" data-large_image_width=\"261\" data-large_image_height=\"387\"><img loading=\"lazy\" decoding=\"async\" class=\"size-medium wp-image-341857 alignleft\" src=\"https:\/\/www.radiopiu.net\/wordpress\/wp-content\/uploads\/2023\/06\/Senza-nome-69-202x300.png\" alt=\"\" width=\"202\" height=\"300\" srcset=\"https:\/\/www.radiopiu.net\/wordpress\/wp-content\/uploads\/2023\/06\/Senza-nome-69-202x300.png 202w, https:\/\/www.radiopiu.net\/wordpress\/wp-content\/uploads\/2023\/06\/Senza-nome-69.png 261w\" sizes=\"auto, (max-width: 202px) 100vw, 202px\" \/><\/a>GLI APPUNTAMENTI DELLA SETTIMANA\u00a0<\/span><\/h2>\n<div class=\"page-title-breadcrumbs\">\n<blockquote>\n<h3><\/h3>\n<\/blockquote>\n<p><strong>ALLEGHE<\/strong> Domani alle 18 in sala Stoppani ad Alleghe Paolo &#8220;Gibba&#8221; Campanardi presenter\u00e0 i libro &#8220;Noi Siamo I Veci&#8221;, 15 storie per raccontare 150 degli Alpini. Presentazione a cura di Dino Bridda<\/p>\n<blockquote>\n<h3><\/h3>\n<\/blockquote>\n<\/div>\n<p>&nbsp;<\/p>\n<p>&nbsp;<\/p>\n<p>&nbsp;<\/p>\n<p>&nbsp;<\/p>\n<div class=\"page-title-breadcrumbs\">\n<blockquote>\n<h3>UNA SERATA PER SCRIVERE A MANO<\/h3>\n<\/blockquote>\n<p><strong>VAL DI ZOLDO<\/strong> Domani, a Fusine di Val di Zoldo, nella Sala Rizzardini, si svolger\u00e0 l\u2019incontro dal titolo: <em>Scrivere a Mano, tra passato e presente. <\/em>All\u2019incontro parteciperanno la calligrafa Anna Schettin, che con l\u2019intervento \u201cCalligrafia, storia di una passione\u201d ne traccer\u00e0 la storia e il\u00a0 suo \u00a0valore formale ed estetico;\u00a0 la logopedista Clara Andrich, e\u00a0 l\u2019insegnante Monica Vecellio. Introdurr\u00e0 l\u2019incontro Lucia Molin Pradel.<\/p>\n<p>&nbsp;<\/p>\n<blockquote>\n<h3>A SPASSO SUI TETTI DEL MONDO<\/h3>\n<\/blockquote>\n<p><strong>BORGO VALBELLUNA<\/strong> Verr\u00e0 inaugurata sabato alle 10 al Palazzo delle contesse di Mel &#8220;A spasso sui tetti del mondo&#8221; la mostra di disegni: \u00e8 un albo illustrato, realizzato con i disegni dei ragazzi delle classi seconde e terze della secondaria di Mel e Lentiai, che parla di un viaggio in mongolfiera raccontato da una nonna alla nipote attraverso un vecchio taccuino ritrovato in soffitta.<\/p>\n<p>&nbsp;<\/p>\n<blockquote>\n<h3>LA FESTA ALPINA AI PIANI DI PEZZE&#8217; AD ALLEGHE<\/h3>\n<\/blockquote>\n<p><strong>ALLEGHE<\/strong> Domenica ai Piani di Pezz\u00e8 ad Alleghe il Gruppo Alpini &#8220;Monte Civetta&#8221; organizza la festa alpina. Alle 11:20 l&#8217;alzabandiera, 11.30 la Santa Messa e alle 12:30 il pranzo sotto al tendone.<\/p>\n<p>&nbsp;<\/p>\n<blockquote>\n<h3>A LEZIONE DI DIFESA PERSONALE<\/h3>\n<\/blockquote>\n<p><strong>BELLUNO <\/strong>Circondati dal verde del parco di Lambioi, domenica 2 luglio dalle 9 alle 12 si potr\u00e0 partecipare ad una lezione teorico-pratica sull\u2019argomento difesa donna, metodo Viper. L\u2019iniziativa, organizzata dalla Ving Tsun Academy con il patrocinio del Comune di Belluno, \u00e8 totalmente gratuita per le partecipanti e l\u2019iscrizione avviene tramite prenotazione. Si consiglia per la pratica abbigliamento sportivo ed acqua per idratarsi.<\/p>\n<p>&nbsp;<\/p>\n<blockquote>\n<h3>FRANKIE BACK FROM HOLLYWOOD DOMENICA A BELLUNO<\/h3>\n<\/blockquote>\n<p><strong>BELLUNO <\/strong>Al via la tradizionale rassegna estiva bellunese Luglio Jazz e dintorni! con il primo dei cinque eventi in programma: domenica 2 luglio alle ore 17:30, nell&#8217;anfiteatro del Ristorante &#8220;Al Borgo&#8221; via Anconetta 8, Belluno. Come da cartellone, il primo concerto vede come protagonisti i Frankie Back From Hollywood<\/p>\n<p>&nbsp;<\/p>\n<p>&nbsp;<\/p>\n<\/div>\n<h2><span style=\"color: #ff0000;\">PROSSIMAMENTE&#8230;<\/span><\/h2>\n<blockquote>\n<h3>AL CALAR DELLA SERA A LIMANA<\/h3>\n<\/blockquote>\n<p><strong>LIMANA<\/strong> Per tutto il mese di luglio la biblioteca di Limana sar\u00e0 aperta ogni mercoled\u00ec dalle 17:30 alle 21:30 con importanti appuntamenti settimanali. Mercoled\u00ec 5 luglio la presentazione del libro di Benedetta De Mari<\/p>\n<p>&nbsp;<\/p>\n<blockquote>\n<h3>LA MOSTRA ITINERANTE DI GEMMELLAGGI E PATTI D&#8217;AMICIZIA<\/h3>\n<\/blockquote>\n<p><strong>BELLUNO<\/strong> Venticinque metri di lunghezza, venticinque Comuni coinvolti, ottantasei citt\u00e0 presenti. Sono i numeri della \u201cMostra itinerante Gemellaggi e Patti di amicizia in provincia di Belluno\u201d realizzata dall\u2019Associazione Bellunesi nel Mondo, con il contributo del Consorzio Bim Piave, e che sar\u00e0 inaugurata venerd\u00ec 7 luglio, alle ore 17.30, nella sala del Fondaco delle Biade a Feltre. Una mostra che coinvolge l\u2019intero territorio Bellunese e suddivisa per aree: Feltrino, Valbelluna, Alpago, Zoldo, Agordino e Cadore. La mostra rimarr\u00e0 aperta fino al 6 agosto, nei fine settimana, con i seguenti orari: venerd\u00ec dalle 15.00 alle 18.00; sabato e domenica dalle 10.00 alle 12.00 e dalle 15.00 alle 18.00.<\/p>\n<p>&nbsp;<\/p>\n<blockquote>\n<h3>LA MOSTRA DI RENZO MIOLA<\/h3>\n<\/blockquote>\n<p><strong>AGORDO<\/strong> Dal 15 al 30 luglio alla Sala Don Tamis di Agordo verranno esposti i lavori di Renzo Miola. La mostra sar\u00e0 visitabile tutti i giorni dalle 17 alle 19:30, Mercoled\u00ec, sabato e domenica anche al mattino dalle 10 alle 12.<\/p>\n<p>&nbsp;<\/p>\n<blockquote>\n<h3>L&#8217;ESTATE DEI MERCATINI AD AGORDO<\/h3>\n<\/blockquote>\n<p><strong>AGORDO<\/strong> Tornano i mercatini d&#8217;estate ad Agordo. Il primo appuntamento domenica 23 luglio dalle 6 alle 19 sul Broi di Agordo con il mercatino dell&#8217;antiquariato. Per informazioni 349 3984682<\/p>\n<p>&nbsp;<\/p>\n<hr \/>\n<p>&nbsp;<\/p>\n<blockquote>\n<h3>RITORNA ARTISTI IN VETRINA AD AGORDO<\/h3>\n<\/blockquote>\n<p><strong><a class=\"dt-pswp-item\" href=\"https:\/\/www.radiopiu.net\/wordpress\/wp-content\/uploads\/2023\/06\/immagine-tre-quadri.jpg\" data-dt-img-description=\"\" data-large_image_width=\"2000\" data-large_image_height=\"1414\"><img loading=\"lazy\" decoding=\"async\" class=\" wp-image-340976 alignleft\" src=\"https:\/\/www.radiopiu.net\/wordpress\/wp-content\/uploads\/2023\/06\/immagine-tre-quadri-300x212.jpg\" alt=\"\" width=\"184\" height=\"130\" srcset=\"https:\/\/www.radiopiu.net\/wordpress\/wp-content\/uploads\/2023\/06\/immagine-tre-quadri-300x212.jpg 300w, https:\/\/www.radiopiu.net\/wordpress\/wp-content\/uploads\/2023\/06\/immagine-tre-quadri-1024x724.jpg 1024w, https:\/\/www.radiopiu.net\/wordpress\/wp-content\/uploads\/2023\/06\/immagine-tre-quadri-768x543.jpg 768w, https:\/\/www.radiopiu.net\/wordpress\/wp-content\/uploads\/2023\/06\/immagine-tre-quadri-1536x1086.jpg 1536w, https:\/\/www.radiopiu.net\/wordpress\/wp-content\/uploads\/2023\/06\/immagine-tre-quadri.jpg 2000w\" sizes=\"auto, (max-width: 184px) 100vw, 184px\" \/><\/a>AGORDO <\/strong>Anche quest\u2019anno, viene riproposta ad Agordo l\u2019iniziativa \u201cArtisti in vetrina\u201d, promossa dal Comune di Agordo per arricchire il centro storico del paese con opere d\u2019arte messe a disposizione da artisti locali. La mostra \u00e8 allestita nelle vetrine dei negozi sfitti dell\u2019antica \u201cContrada dei Signori\u201d, un tempo zona vitale e luogo adibito al commercio con la presenza di numerosi esercizi pubblici. Ora molte di queste attivit\u00e0 non sono pi\u00f9 operative, ma altre sono state aperte, rivitalizzando questo luogo che sar\u00e0 possibile visitare accompagnati da 16 quadri che rappresentano la Agordo di una volta. Come per le scorse edizioni, un obiettivo della mostra \u00e8 sensibilizzare i cittadini alla diminuzione di esercizi commerciali nel centro storico, e al contempo rendere visibile a tutti il bello della cultura, in questo caso artistica. Le opere esposte sono realizzate da Maria Nazzarena Zasso e sar\u00e0 possibile ammirarle liberamente fino a settembre. La collezione \u201cC\u2019era una volta\u2026 Agordo\u201d, composta tra il 2020 e il 2022, nasce da un profondo amore della pittrice per il suo paese natio e ritrae i caratteristici scorci del centro storico dalla fine dell\u2019\u2019800 alla prima met\u00e0 del \u2018900, in parte vissuti, in parte interpretati in modo personale sfogliando le foto antiche di cui \u00e8 sempre stata grande appassionata. La mostra \u00e8 intesa come un caloroso omaggio ad Agordo e ai suoi abitanti, nonch\u00e9 ai molti visitatori che ci auguriamo possano apprezzare le opere. Si ringraziano i proprietari delle vetrine per la concessione degli spazi<\/p>\n<p>&nbsp;<\/p>\n<p>&nbsp;<\/p>\n<p>&nbsp;<\/p>\n<hr \/>\n<p>&nbsp;<\/p>\n<div dir=\"auto\">\n<div class=\"message spoilers-container\" dir=\"auto\">\n<div>\n<div class=\"b654a4as d2edcug0\">\n<div class=\"rq0escxv hkbzh7o3 jwdofwj8 n8tt0mok r8blr3vg hyh9befq\">\n<p><a class=\"dt-pswp-item\" href=\"https:\/\/www.radiopiu.net\/wordpress\/wp-content\/uploads\/2020\/10\/pp.jpg\" data-dt-img-description=\"\" data-large_image_width=\"640\" data-large_image_height=\"640\"><img loading=\"lazy\" decoding=\"async\" class=\"wp-image-163678 alignleft\" src=\"https:\/\/www.radiopiu.net\/wordpress\/wp-content\/uploads\/2020\/10\/pp-300x300.jpg\" alt=\"\" width=\"106\" height=\"106\" srcset=\"https:\/\/www.radiopiu.net\/wordpress\/wp-content\/uploads\/2020\/10\/pp-300x300.jpg 300w, https:\/\/www.radiopiu.net\/wordpress\/wp-content\/uploads\/2020\/10\/pp-150x150.jpg 150w, https:\/\/www.radiopiu.net\/wordpress\/wp-content\/uploads\/2020\/10\/pp-125x125.jpg 125w, https:\/\/www.radiopiu.net\/wordpress\/wp-content\/uploads\/2020\/10\/pp-200x200.jpg 200w, https:\/\/www.radiopiu.net\/wordpress\/wp-content\/uploads\/2020\/10\/pp-80x80.jpg 80w, https:\/\/www.radiopiu.net\/wordpress\/wp-content\/uploads\/2020\/10\/pp-480x480.jpg 480w, https:\/\/www.radiopiu.net\/wordpress\/wp-content\/uploads\/2020\/10\/pp.jpg 640w\" sizes=\"auto, (max-width: 106px) 100vw, 106px\" \/><\/a><\/p>\n<\/div>\n<\/div>\n<\/div>\n<\/div>\n<div class=\"message spoilers-container\" dir=\"auto\">\n<div class=\"page-title-head hgroup\">\n<div class=\"page-title-head hgroup\">\n<div class=\"b654a4as d2edcug0\">\n<div class=\"j83agx80 btwxx1t3 lhclo0ds hop8lmos nkwizq5d scwd0bx6 roh60bw9\">\n<div class=\"rq0escxv hkbzh7o3 jwdofwj8 n8tt0mok r8blr3vg hyh9befq\">\n<div class=\"do00u71z l9j0dhe7 k4urcfbm\" style=\"text-align: left;\">\n<h2><span style=\"color: #000080;\">DON CESARE, IL PENSIERO DEL GIORNO. ALLA RADIO ALLE 7 DEL MATTINO E ALLE 19.30 DELLA SERA<\/span><\/h2>\n<\/div>\n<\/div>\n<\/div>\n<\/div>\n<\/div>\n<\/div>\n<\/div>\n<\/div>\n<div class=\"message spoilers-container\" dir=\"auto\">\n<div class=\"column\">\n<div class=\"message spoilers-container\" dir=\"auto\">\n<div class=\"column\">\n<p>&nbsp;<\/p>\n<audio class=\"wp-audio-shortcode\" id=\"audio-341969-11\" preload=\"none\" style=\"width: 100%;\" controls=\"controls\"><source type=\"audio\/mpeg\" src=\"https:\/\/www.radiopiu.net\/wordpress\/wp-content\/uploads\/2023\/06\/CESARE-21.mp3?_=11\" \/><a href=\"https:\/\/www.radiopiu.net\/wordpress\/wp-content\/uploads\/2023\/06\/CESARE-21.mp3\">https:\/\/www.radiopiu.net\/wordpress\/wp-content\/uploads\/2023\/06\/CESARE-21.mp3<\/a><\/audio>\n<p>&nbsp;<\/p>\n<p>&nbsp;<\/p>\n<hr \/>\n<p>&nbsp;<\/p>\n<p><img loading=\"lazy\" decoding=\"async\" class=\"aligncenter wp-image-61954 size-full\" src=\"https:\/\/www.radiopiu.net\/wordpress\/wp-content\/uploads\/2018\/09\/viabilita.jpeg\" sizes=\"auto, (max-width: 800px) 100vw, 800px\" srcset=\"https:\/\/www.radiopiu.net\/wordpress\/wp-content\/uploads\/2018\/09\/viabilita.jpeg 800w, https:\/\/www.radiopiu.net\/wordpress\/wp-content\/uploads\/2018\/09\/viabilita-300x38.jpeg 300w, https:\/\/www.radiopiu.net\/wordpress\/wp-content\/uploads\/2018\/09\/viabilita-768x96.jpeg 768w\" alt=\"\" width=\"800\" height=\"100\" \/><\/p>\n<\/div>\n<\/div>\n<div class=\"message spoilers-container\" dir=\"auto\">\n<div class=\"column\">\n<p>&nbsp;<\/p>\n<\/div>\n<\/div>\n<\/div>\n<\/div>\n<blockquote class=\"wp-embedded-content\" data-secret=\"ixSNqbMC4i\"><p><a href=\"https:\/\/www.radiopiu.net\/wordpress\/viabilita\/\">viabilita<\/a><\/p><\/blockquote>\n<p><iframe loading=\"lazy\" class=\"wp-embedded-content\" sandbox=\"allow-scripts\" security=\"restricted\" style=\"position: absolute; clip: rect(1px, 1px, 1px, 1px);\" title=\"&#8220;viabilita&#8221; &#8212; Radio Pi\u00f9\" src=\"https:\/\/www.radiopiu.net\/wordpress\/viabilita\/embed\/#?secret=lsFY85g7qP#?secret=ixSNqbMC4i\" data-secret=\"ixSNqbMC4i\" width=\"600\" height=\"338\" frameborder=\"0\" marginwidth=\"0\" marginheight=\"0\" scrolling=\"no\"><\/iframe><\/p>\n<div class=\"message spoilers-container\" dir=\"auto\">\n<div class=\"column\">\n<div class=\"message spoilers-container\" dir=\"auto\">\n<div class=\"column\">\n<div>\n<div dir=\"ltr\">\n<div class=\"gmail_quote\">\n<div dir=\"ltr\">\n<div><\/div>\n<div>\n<hr \/>\n<\/div>\n<div><a class=\"dt-pswp-item\" href=\"https:\/\/www.radiopiu.net\/wordpress\/wp-content\/uploads\/2023\/06\/07493af4-f8e1-4ce3-bb99-e0a40362939f.jpg\" data-dt-img-description=\"\" data-large_image_width=\"1417\" data-large_image_height=\"1481\"><img loading=\"lazy\" decoding=\"async\" class=\"wp-image-339869 aligncenter\" src=\"https:\/\/www.radiopiu.net\/wordpress\/wp-content\/uploads\/2023\/06\/07493af4-f8e1-4ce3-bb99-e0a40362939f-980x1024.jpg\" alt=\"\" width=\"382\" height=\"399\" srcset=\"https:\/\/www.radiopiu.net\/wordpress\/wp-content\/uploads\/2023\/06\/07493af4-f8e1-4ce3-bb99-e0a40362939f-980x1024.jpg 980w, https:\/\/www.radiopiu.net\/wordpress\/wp-content\/uploads\/2023\/06\/07493af4-f8e1-4ce3-bb99-e0a40362939f-287x300.jpg 287w, https:\/\/www.radiopiu.net\/wordpress\/wp-content\/uploads\/2023\/06\/07493af4-f8e1-4ce3-bb99-e0a40362939f-768x803.jpg 768w, https:\/\/www.radiopiu.net\/wordpress\/wp-content\/uploads\/2023\/06\/07493af4-f8e1-4ce3-bb99-e0a40362939f.jpg 1417w\" sizes=\"auto, (max-width: 382px) 100vw, 382px\" \/><\/a><\/div>\n<div><\/div>\n<\/div>\n<\/div>\n<\/div>\n<\/div>\n<hr \/>\n<p>&nbsp;<\/p>\n<p><a class=\"dt-pswp-item\" href=\"https:\/\/www.radiopiu.net\/wordpress\/wp-content\/uploads\/2018\/09\/WhatsApp-Image-2018-09-20-at-16.04.06.jpeg\" data-dt-img-description=\"\" data-large_image_width=\"800\" data-large_image_height=\"100\"><img loading=\"lazy\" decoding=\"async\" class=\"wp-image-61378 size-full aligncenter\" src=\"https:\/\/www.radiopiu.net\/wordpress\/wp-content\/uploads\/2018\/09\/WhatsApp-Image-2018-09-20-at-16.04.06.jpeg\" alt=\"\" width=\"800\" height=\"100\" srcset=\"https:\/\/www.radiopiu.net\/wordpress\/wp-content\/uploads\/2018\/09\/WhatsApp-Image-2018-09-20-at-16.04.06.jpeg 800w, https:\/\/www.radiopiu.net\/wordpress\/wp-content\/uploads\/2018\/09\/WhatsApp-Image-2018-09-20-at-16.04.06-300x38.jpeg 300w, https:\/\/www.radiopiu.net\/wordpress\/wp-content\/uploads\/2018\/09\/WhatsApp-Image-2018-09-20-at-16.04.06-768x96.jpeg 768w\" sizes=\"auto, (max-width: 800px) 100vw, 800px\" \/><\/a><\/p>\n<\/div>\n<\/div>\n<div class=\"message spoilers-container\" dir=\"auto\">\n<p>&nbsp;<\/p>\n<\/div>\n<p style=\"text-align: center;\"><b>OGGI<\/b><\/p>\n<p>Alternanza di nuvole e schiarite.<br \/>\n<b>Precipitazioni: <\/b>Sulle Dolomiti probabilit\u00e0 bassa (5-25%) per piovaschi locali fino al pomeriggio, per il resto assenti.<br \/>\n<b>Temperature: <\/b>Rispetto a mercoled\u00ec fino al primo mattino saranno senza variazioni di rilievo e successivamente in aumento leggero\/moderato. Valori non distanti dalla media.<\/p>\n<hr \/>\n<p style=\"text-align: center;\"><b>DOMANI<\/b><\/p>\n<p>Nuvoloso.<br \/>\n<b>Precipitazioni: <\/b>Probabilit\u00e0 in aumento col passar delle ore fino a medio-alta (50-75%) dal pomeriggio. Attese piogge pi\u00f9 probabilmente nella seconda met\u00e0 di giornata. Si tratter\u00e0 di rovesci\/temporali.<br \/>\n<b>Temperature: <\/b>In aumento di notte e in calo di giorno, differenze anche sensibili rispetto a gioved\u00ec.<\/p>\n<hr \/>\n<p style=\"text-align: center;\"><b>SABATO<\/b><\/p>\n<p>Alternanza di nuvole e schiarite con delle piogge pi\u00f9 probabilmente durante le ore pomeridiane, temperature in aumento.<\/p>\n<hr \/>\n<p style=\"text-align: center;\"><b>DOMENICA<\/b><\/p>\n<p>Alternanza di nuvole e schiarite con alcune piogge pi\u00f9 probabilmente durante le ore pomeridiane, temperature in calo di notte e in aumento di giorno.<\/p>\n<p>&nbsp;<\/p>\n<p>&nbsp;<\/p>\n<div class=\"message spoilers-container\" dir=\"auto\">\n<hr \/>\n<p>&nbsp;<\/p>\n<p><a class=\"dt-pswp-item\" href=\"https:\/\/www.radiopiu.net\/wordpress\/wp-content\/uploads\/2018\/09\/sport.jpg\" data-dt-img-description=\"\" data-large_image_width=\"800\" data-large_image_height=\"100\"><img loading=\"lazy\" decoding=\"async\" class=\"aligncenter wp-image-60761 size-full\" src=\"https:\/\/www.radiopiu.net\/wordpress\/wp-content\/uploads\/2018\/09\/sport.jpg\" alt=\"\" width=\"800\" height=\"100\" srcset=\"https:\/\/www.radiopiu.net\/wordpress\/wp-content\/uploads\/2018\/09\/sport.jpg 800w, https:\/\/www.radiopiu.net\/wordpress\/wp-content\/uploads\/2018\/09\/sport-300x38.jpg 300w, https:\/\/www.radiopiu.net\/wordpress\/wp-content\/uploads\/2018\/09\/sport-768x96.jpg 768w\" sizes=\"auto, (max-width: 800px) 100vw, 800px\" \/><\/a><\/p>\n<\/div>\n<div class=\"message spoilers-container\" dir=\"auto\">\n<p>&nbsp;<\/p>\n<p><span style=\"color: #0000ff;\"><strong>CALCIO<\/strong><\/span><\/p>\n<blockquote>\n<h3>LA VALLE E TAIBON SI CONFERMANO IN TESTA ALLA CLASSIFICA DEL CAMPIONATO AGORDINO UNDER 14<\/h3>\n<\/blockquote>\n<p><strong><a class=\"dt-pswp-item\" href=\"https:\/\/www.radiopiu.net\/wordpress\/wp-content\/uploads\/2020\/09\/calcio-2020.jpg\" data-dt-img-description=\"\" data-large_image_width=\"1920\" data-large_image_height=\"1080\"><img loading=\"lazy\" decoding=\"async\" class=\" wp-image-162226 alignleft\" src=\"https:\/\/www.radiopiu.net\/wordpress\/wp-content\/uploads\/2020\/09\/calcio-2020-300x169.jpg\" alt=\"\" width=\"169\" height=\"95\" srcset=\"https:\/\/www.radiopiu.net\/wordpress\/wp-content\/uploads\/2020\/09\/calcio-2020-300x169.jpg 300w, https:\/\/www.radiopiu.net\/wordpress\/wp-content\/uploads\/2020\/09\/calcio-2020-1024x576.jpg 1024w, https:\/\/www.radiopiu.net\/wordpress\/wp-content\/uploads\/2020\/09\/calcio-2020-768x432.jpg 768w, https:\/\/www.radiopiu.net\/wordpress\/wp-content\/uploads\/2020\/09\/calcio-2020-1536x864.jpg 1536w, https:\/\/www.radiopiu.net\/wordpress\/wp-content\/uploads\/2020\/09\/calcio-2020-640x360.jpg 640w, https:\/\/www.radiopiu.net\/wordpress\/wp-content\/uploads\/2020\/09\/calcio-2020.jpg 1920w\" sizes=\"auto, (max-width: 169px) 100vw, 169px\" \/><\/a>di Marco Gaz<\/strong><\/p>\n<p><strong>REDAZIONE<\/strong> I giovani under 14 del Campionato Agordino di calcio sono scesi in campo ieri sera per il turno infrasettimanale. Conferme per La Valle e Taibon che rimangono in testa alla classifica. Il Caprile incamera 3 punti e si piazza al terzo posto. Il Canale perde la prima partita stagionale mentre il Cencenighe vince per la prima volta in questa stagione. A Cernadoi il Fodom cade in casa con il Cencenighe. Sconfitta di misura per gli orsetti che trovano il gol con Sala, avversari che incamerano i 3 punti grazie alle reti di Fontanive e Groppa. Il Caprile rifila una manita al Vallada sul campo di Boscoverde. Cominato, De Toni, OngaroPallabazzer e Sorar\u00f9 gli autori delle reti per i padroni di casa, solo un gol per i valladini. Al &#8220;Bernaboa&#8221; di La Valle i padroni di casa vincono il big match della giornata contro il Canale. Lavallesi a segno tre volte con Dell&#8217;Osbel, Kaltak e De Toffol. Canalini che siglano la rete della bandiera con Da Pian. Il Taibon rifila sette gol al Le Ville. Doppietta di Marcon e i gol di Campedel, Mezzacasa, Cadorin, Soccol e Bressan. Compagine di Agordo che trova il gol della bandiera con Di Domenico<\/p>\n<p><strong>I RISULTATI DELLA QUARTA GIORNATA<\/strong> Fodom &#8211; Cencenighe 1-2, Caprile &#8211; Vallada 5-1, La Valle &#8211; Canale 3-1, Taibon &#8211; Le Ville 7-1<\/p>\n<p><strong>LA CLASSIFICA:<\/strong> La Valle\u00a0 e Taibon 10, Caprile* 9, Canale* 6, Le Ville* e Cencenighe 3, Fodom e Vallada* 0 (una partita in meno)<\/p>\n<p>&nbsp;<\/p>\n<p><span style=\"color: #0000ff;\"><strong>PALLAVOLO<\/strong><\/span><\/p>\n<blockquote>\n<h3>TORNA A BELLUNO ANDREA DE COL<\/h3>\n<\/blockquote>\n<p><strong><a class=\"dt-pswp-item\" href=\"https:\/\/www.radiopiu.net\/wordpress\/wp-content\/uploads\/2023\/06\/De_Col_con_la_maglia_di_Macerata.jpg\" data-dt-img-description=\"\" data-large_image_width=\"1276\" data-large_image_height=\"1915\"><img loading=\"lazy\" decoding=\"async\" class=\" wp-image-342044 alignleft\" src=\"https:\/\/www.radiopiu.net\/wordpress\/wp-content\/uploads\/2023\/06\/De_Col_con_la_maglia_di_Macerata-200x300.jpg\" alt=\"\" width=\"94\" height=\"141\" srcset=\"https:\/\/www.radiopiu.net\/wordpress\/wp-content\/uploads\/2023\/06\/De_Col_con_la_maglia_di_Macerata-200x300.jpg 200w, https:\/\/www.radiopiu.net\/wordpress\/wp-content\/uploads\/2023\/06\/De_Col_con_la_maglia_di_Macerata-682x1024.jpg 682w, https:\/\/www.radiopiu.net\/wordpress\/wp-content\/uploads\/2023\/06\/De_Col_con_la_maglia_di_Macerata-768x1153.jpg 768w, https:\/\/www.radiopiu.net\/wordpress\/wp-content\/uploads\/2023\/06\/De_Col_con_la_maglia_di_Macerata-1023x1536.jpg 1023w, https:\/\/www.radiopiu.net\/wordpress\/wp-content\/uploads\/2023\/06\/De_Col_con_la_maglia_di_Macerata.jpg 1276w\" sizes=\"auto, (max-width: 94px) 100vw, 94px\" \/><\/a>BELLUNO\u00a0 <\/strong>Dopo le conferme di Matteo Mozzato e Alessandro Stufano, la batteria dei centrali registra un\u2019importante novit\u00e0: la DRL Volley Team, infatti, ha riportato a Belluno Andrea De Col.<span class=\"gmail-Apple-converted-space\"> \u00a0<\/span>Vent\u2019anni il prossimo 9 agosto, il centrale ha mosso i primi passi pallavolistici nel vivaio della Spes. Le sue qualit\u00e0 e doti fisiche (\u00e8 alto 203 centimetri) hanno presto attirato l\u2019attenzione del Volley Treviso. E proprio in orogranata De Col ha maturato esperienze di rilievo tra campionati giovanili e serie B. Da qui, la chiamata in A3, arrivata dalle Marche: in particolare da Macerata, dove Andrea ha vestito la maglia della Med Store Tunit, riuscendo a ottenere un terzo posto in stagione regolare e ad arrivare in finale di Coppa Italia.<span class=\"gmail-Apple-converted-space\"> La presentazione oggi alle 17:30.<\/span><\/p>\n<p>&nbsp;<\/p>\n<p><span style=\"color: #0000ff;\"><strong>CORSA IN MONTAGNA<\/strong><\/span><\/p>\n<blockquote>\n<h3>TRANSCIVETTA 2023: ISCRIZIONI APERTE FINO AL 9 LUGLIO<\/h3>\n<\/blockquote>\n<p><strong><a class=\"dt-pswp-item\" href=\"https:\/\/www.radiopiu.net\/wordpress\/wp-content\/uploads\/2022\/03\/\u00a9TiComunicazione_-TRANSCIVETTA-KARPOS-2022.jpg\" data-dt-img-description=\"\" data-large_image_width=\"1900\" data-large_image_height=\"1267\"><img loading=\"lazy\" decoding=\"async\" class=\" wp-image-266927 alignleft\" src=\"https:\/\/www.radiopiu.net\/wordpress\/wp-content\/uploads\/2022\/03\/\u00a9TiComunicazione_-TRANSCIVETTA-KARPOS-2022-300x200.jpg\" alt=\"\" width=\"191\" height=\"127\" srcset=\"https:\/\/www.radiopiu.net\/wordpress\/wp-content\/uploads\/2022\/03\/\u00a9TiComunicazione_-TRANSCIVETTA-KARPOS-2022-300x200.jpg 300w, https:\/\/www.radiopiu.net\/wordpress\/wp-content\/uploads\/2022\/03\/\u00a9TiComunicazione_-TRANSCIVETTA-KARPOS-2022-1024x683.jpg 1024w, https:\/\/www.radiopiu.net\/wordpress\/wp-content\/uploads\/2022\/03\/\u00a9TiComunicazione_-TRANSCIVETTA-KARPOS-2022-768x512.jpg 768w, https:\/\/www.radiopiu.net\/wordpress\/wp-content\/uploads\/2022\/03\/\u00a9TiComunicazione_-TRANSCIVETTA-KARPOS-2022-1536x1024.jpg 1536w, https:\/\/www.radiopiu.net\/wordpress\/wp-content\/uploads\/2022\/03\/\u00a9TiComunicazione_-TRANSCIVETTA-KARPOS-2022.jpg 1900w\" sizes=\"auto, (max-width: 191px) 100vw, 191px\" \/><\/a>ALLEGHE<\/strong> Il comitato organizzatore di Transcivetta Karpos informa che la data di chiusura delle iscrizioni \u00e8 stata posticipata alla mezzanotte del 9 luglio. Entro questa data va obbligatoriamente consegnato anche il certificato medico di idoneit\u00e0 agonistica valido al 16 luglio 2023. Si ricorda agli iscritti alla prova competitiva che \u00e8 possibile consegnare il certificato al momento del ritiro dei pettorali solo in via eccezionale e previo accordi con la segreteria gara (scrivendo a infotranscivetta@gmail.com oppure telefonando al 3483611244). In caso di mancata consegna la coppia passer\u00e0 alla prova \u201cnon competitiva\u201d.<\/p>\n<p>&nbsp;<\/p>\n<p><span style=\"color: #0000ff;\"><strong>MOUNTAIN BIKE<\/strong><\/span><\/p>\n<blockquote>\n<h3>ALPAGO BIKE FUNTASTIC 2023, TUTTO PRONTO PER LA TRE GIORNI DEDICATA ALLA MOUNTAIN BIKE<\/h3>\n<\/blockquote>\n<p><strong><a class=\"dt-pswp-item\" href=\"https:\/\/www.radiopiu.net\/wordpress\/wp-content\/uploads\/2023\/06\/28f1e7aa-f445-4132-b05a-8fbc5a70feb3.jpg\" data-dt-img-description=\"\" data-large_image_width=\"1351\" data-large_image_height=\"1600\"><img loading=\"lazy\" decoding=\"async\" class=\" wp-image-342102 alignleft\" src=\"https:\/\/www.radiopiu.net\/wordpress\/wp-content\/uploads\/2023\/06\/28f1e7aa-f445-4132-b05a-8fbc5a70feb3-253x300.jpg\" alt=\"\" width=\"116\" height=\"138\" srcset=\"https:\/\/www.radiopiu.net\/wordpress\/wp-content\/uploads\/2023\/06\/28f1e7aa-f445-4132-b05a-8fbc5a70feb3-253x300.jpg 253w, https:\/\/www.radiopiu.net\/wordpress\/wp-content\/uploads\/2023\/06\/28f1e7aa-f445-4132-b05a-8fbc5a70feb3-865x1024.jpg 865w, https:\/\/www.radiopiu.net\/wordpress\/wp-content\/uploads\/2023\/06\/28f1e7aa-f445-4132-b05a-8fbc5a70feb3-768x910.jpg 768w, https:\/\/www.radiopiu.net\/wordpress\/wp-content\/uploads\/2023\/06\/28f1e7aa-f445-4132-b05a-8fbc5a70feb3-1297x1536.jpg 1297w, https:\/\/www.radiopiu.net\/wordpress\/wp-content\/uploads\/2023\/06\/28f1e7aa-f445-4132-b05a-8fbc5a70feb3.jpg 1351w\" sizes=\"auto, (max-width: 116px) 100vw, 116px\" \/><\/a>ALPAGO<\/strong><\/p>\n<p>di Roberto Bona<\/p>\n<audio class=\"wp-audio-shortcode\" id=\"audio-341969-12\" preload=\"none\" style=\"width: 100%;\" controls=\"controls\"><source type=\"audio\/mpeg\" src=\"https:\/\/www.radiopiu.net\/wordpress\/wp-content\/uploads\/2023\/06\/gr-29-sport-Alpago-Bike-Funtastic-bona.mp3?_=12\" \/><a href=\"https:\/\/www.radiopiu.net\/wordpress\/wp-content\/uploads\/2023\/06\/gr-29-sport-Alpago-Bike-Funtastic-bona.mp3\">https:\/\/www.radiopiu.net\/wordpress\/wp-content\/uploads\/2023\/06\/gr-29-sport-Alpago-Bike-Funtastic-bona.mp3<\/a><\/audio>\n<p>&nbsp;<\/p>\n<\/div>\n<\/div>\n<\/div>\n","protected":false},"excerpt":{"rendered":"<p>40esimo di RADIOPIU\u2026. LA VOCE DELL\u2019EMOZIONE &nbsp; ISCRIVITI AL NOSTRO CANALE\u00a0\u00a0YOUTUBE PER SEGUIRE IN DIRETTA I PRINCIPALI PROGRAMMI DI RADIO PIU\u2019 E LE FUTURE DIRETTE IN ESTERNA. PER ISCRIVERTI\u00a0CLICCA QUI\u00a0E PREMI\u00a0 \u201cIscriviti\u201d\u00a0 \u00a0 &nbsp; AUGURI TABIA!, 50 ANNI DI STORIA Pronto a festeggiare i 50 anni del Tabi\u00e0?\u00a0 Oggi alle 11\u00a0 benedizione e brindisi.\u00a0\u00a0 UN&hellip;<\/p>\n","protected":false},"author":4,"featured_media":342083,"comment_status":"closed","ping_status":"closed","sticky":false,"template":"","format":"standard","meta":{"_monsterinsights_skip_tracking":false,"_monsterinsights_sitenote_active":false,"_monsterinsights_sitenote_note":"","_monsterinsights_sitenote_category":0,"footnotes":""},"categories":[51,86,49],"tags":[],"class_list":["post-341969","post","type-post","status-publish","format-standard","has-post-thumbnail","hentry","category-evidenza-top","category-gr","category-news-18","category-51","category-86","category-49","description-off"],"img_url":"https:\/\/www.radiopiu.net\/wordpress\/wp-content\/uploads\/2023\/06\/fb75fdb5-953c-4195-8cde-851b7059c234.jpg","_links":{"self":[{"href":"https:\/\/www.radiopiu.net\/wordpress\/wp-json\/wp\/v2\/posts\/341969","targetHints":{"allow":["GET"]}}],"collection":[{"href":"https:\/\/www.radiopiu.net\/wordpress\/wp-json\/wp\/v2\/posts"}],"about":[{"href":"https:\/\/www.radiopiu.net\/wordpress\/wp-json\/wp\/v2\/types\/post"}],"author":[{"embeddable":true,"href":"https:\/\/www.radiopiu.net\/wordpress\/wp-json\/wp\/v2\/users\/4"}],"replies":[{"embeddable":true,"href":"https:\/\/www.radiopiu.net\/wordpress\/wp-json\/wp\/v2\/comments?post=341969"}],"version-history":[{"count":0,"href":"https:\/\/www.radiopiu.net\/wordpress\/wp-json\/wp\/v2\/posts\/341969\/revisions"}],"wp:featuredmedia":[{"embeddable":true,"href":"https:\/\/www.radiopiu.net\/wordpress\/wp-json\/wp\/v2\/media\/342083"}],"wp:attachment":[{"href":"https:\/\/www.radiopiu.net\/wordpress\/wp-json\/wp\/v2\/media?parent=341969"}],"wp:term":[{"taxonomy":"category","embeddable":true,"href":"https:\/\/www.radiopiu.net\/wordpress\/wp-json\/wp\/v2\/categories?post=341969"},{"taxonomy":"post_tag","embeddable":true,"href":"https:\/\/www.radiopiu.net\/wordpress\/wp-json\/wp\/v2\/tags?post=341969"}],"curies":[{"name":"wp","href":"https:\/\/api.w.org\/{rel}","templated":true}]}}