{"id":341979,"date":"2023-06-28T05:06:11","date_gmt":"2023-06-28T03:06:11","guid":{"rendered":"https:\/\/www.radiopiu.net\/wordpress\/?p=341979"},"modified":"2023-06-28T05:06:11","modified_gmt":"2023-06-28T03:06:11","slug":"dillo-a-radio-piu-barriere-architettoniche-a-fonzaso","status":"publish","type":"post","link":"https:\/\/www.radiopiu.net\/wordpress\/dillo-a-radio-piu-barriere-architettoniche-a-fonzaso\/","title":{"rendered":"DILLO A RADIO PIU&#8217;&#8230; BARRIERE ARCHITETTONICHE A FONZASO\u00a0"},"content":{"rendered":"<blockquote>\n<h3><span style=\"font-size: 14px; font-weight: normal;\">Voglio portare alla vostra attenzione un dibattito avvenuto all&#8217;interno del gruppo &#8220;sei di Fonzaso se&#8230;&#8221; riguardante l&#8217;adeguamento dell&#8217;abbattimento delle barriere architettoniche sulle strade comunali di Fonzaso. Merita un plauso l&#8217;amministrazione per aver mostrato interesse e rapidit\u00e0 nel voler concludere la questione, tanto che in meno di 3 giorni ha risolto le problematiche esposte dal cittadino &#8220;membro anonimo&#8221;, madre di una bambina disabile.<\/span><\/h3>\n<\/blockquote>\n<div class=\"gmail_quote\">\n<blockquote class=\"quote\">\n<div dir=\"auto\">\n<div dir=\"auto\"><em>Roberto De Marchi<\/em><\/div>\n<\/div>\n<\/blockquote>\n<\/div>\n<div dir=\"auto\"><strong>IL MESSAGGIO<\/strong> Sono mamma di una bambina disabile e nel 2023 queste sono le barriere architettoniche che purtroppo nel nostro comune ancora ci sono. La foto delle strisce pedonali (sia davanti la scuola elementare che davanti all&#8217;agriturismo San Mic\u00e8l) sono state inviate al comune all&#8217;ufficio tecnico e alla polizia municipale, ma a distanza di una settimana non ho ancora ricevuto risposta. Spero col cuore di veder risolte queste problematiche perch\u00e9\u00a0 sono difficolt\u00e0 che si trovano nella quotidianit\u00e0 di chi ha difficolt\u00e0 motorie.<\/div>\n<div dir=\"auto\">\n\n\t\t\t<style type='text\/css'>\n\t\t\t\t#gallery-1 {\n\t\t\t\t\tmargin: auto;\n\t\t\t\t}\n\t\t\t\t#gallery-1 .gallery-item {\n\t\t\t\t\tfloat: left;\n\t\t\t\t\tmargin-top: 10px;\n\t\t\t\t\ttext-align: center;\n\t\t\t\t\twidth: 50%;\n\t\t\t\t}\n\t\t\t\t#gallery-1 img {\n\t\t\t\t\tborder: 2px solid #cfcfcf;\n\t\t\t\t}\n\t\t\t\t#gallery-1 .gallery-caption {\n\t\t\t\t\tmargin-left: 0;\n\t\t\t\t}\n\t\t\t\t\/* see gallery_shortcode() in wp-includes\/media.php *\/\n\t\t\t<\/style>\n\t\t<div id='gallery-1' class='dt-gallery-container gallery galleryid-341979 gallery-columns-2 gallery-size-thumbnail'><dl class='gallery-item'>\n\t\t\t\t<dt class='gallery-icon portrait'>\n\t\t\t\t\t<a class=\"rollover rollover-zoom dt-pswp-item\" title=\"355852392_610855641139682_1013847477174688595_n\" data-dt-img-description=\"\" data-large_image_width=\"452\" data-large_image_height=\"600\"href='https:\/\/www.radiopiu.net\/wordpress\/wp-content\/uploads\/2023\/06\/355852392_610855641139682_1013847477174688595_n.jpg'><img loading=\"lazy\" decoding=\"async\" width=\"150\" height=\"150\" src=\"https:\/\/www.radiopiu.net\/wordpress\/wp-content\/uploads\/2023\/06\/355852392_610855641139682_1013847477174688595_n-150x150.jpg\" class=\"attachment-thumbnail size-thumbnail\" alt=\"\" \/><\/a>\n\t\t\t\t<\/dt><\/dl><dl class='gallery-item'>\n\t\t\t\t<dt class='gallery-icon portrait'>\n\t\t\t\t\t<a class=\"rollover rollover-zoom dt-pswp-item\" title=\"356201973_610855701139676_4625413413858206739_n\" data-dt-img-description=\"\" data-large_image_width=\"452\" data-large_image_height=\"600\"href='https:\/\/www.radiopiu.net\/wordpress\/wp-content\/uploads\/2023\/06\/356201973_610855701139676_4625413413858206739_n.jpg'><img loading=\"lazy\" decoding=\"async\" width=\"150\" height=\"150\" src=\"https:\/\/www.radiopiu.net\/wordpress\/wp-content\/uploads\/2023\/06\/356201973_610855701139676_4625413413858206739_n-150x150.jpg\" class=\"attachment-thumbnail size-thumbnail\" alt=\"\" \/><\/a>\n\t\t\t\t<\/dt><\/dl><br style=\"clear: both\" \/>\n\t\t\t<\/div>\n\n<p>&nbsp;<\/p>\n<p><strong>IL SINDACO<\/strong> Christian Pasa: &#8220;<em>Ci scusiamo per la mancata risposta, ma da circa una settimana, quindi in coincidenza con la sua segnalazione immagino, il dg del ufficio tecnico \u00e8 assente, ed anche per la prossima; il periodo estivo \u00e8 caratterizzato da pause del personale.\u00a0Si ricorda inoltre che il numero di segnalazioni quotidiano \u00e8 notevole, pertanto talvolta rispondere celermente a tutte diventa difficoltoso, ma abbiate comunque la certezza che OGNI segnalazione viene presa in considerazione ed opportunamente valutata. Nello specifico purtroppo Fonzaso \u00e8 un paese che \u00e8 stato costruito e si \u00e8 sviluppato in anni in cui le problematiche di accesso non erano prese in considerazione, pertanto la quantit\u00e0 di barriere architettoniche presenti \u00e8 numeroso e con il tempo si cercher\u00e0 di porre rimedio adeguando alle necessit\u00e0 e alle (per fortuna) sensibilit\u00e0 di oggi. In alcuni punti, come questo, \u00e8 pi\u00f9 facile agire in quanto nelle immediate vicinanze esiste gi\u00e0 un ribassamento del cordolo, pertanto nei prossimi giorni, come gi\u00e0 previsto da tempo, ci sar\u00e0 un intervento sulla segnaletica a terra. Per la porzione rivolta verso la strada interna provvederemo come possibile il prima possibile. Seguono le immagini della zona dove si vede bene la presenza di un ribassamento del cordolo nelle immediate vicinanze dove verr\u00e0 verificata la possibilit\u00e0 di ritracciare le strisce pedonali.<\/em><\/div>\n\n\t\t\t<style type='text\/css'>\n\t\t\t\t#gallery-2 {\n\t\t\t\t\tmargin: auto;\n\t\t\t\t}\n\t\t\t\t#gallery-2 .gallery-item {\n\t\t\t\t\tfloat: left;\n\t\t\t\t\tmargin-top: 10px;\n\t\t\t\t\ttext-align: center;\n\t\t\t\t\twidth: 33%;\n\t\t\t\t}\n\t\t\t\t#gallery-2 img {\n\t\t\t\t\tborder: 2px solid #cfcfcf;\n\t\t\t\t}\n\t\t\t\t#gallery-2 .gallery-caption {\n\t\t\t\t\tmargin-left: 0;\n\t\t\t\t}\n\t\t\t\t\/* see gallery_shortcode() in wp-includes\/media.php *\/\n\t\t\t<\/style>\n\t\t<div id='gallery-2' class='dt-gallery-container gallery galleryid-341979 gallery-columns-3 gallery-size-thumbnail'><dl class='gallery-item'>\n\t\t\t\t<dt class='gallery-icon landscape'>\n\t\t\t\t\t<a class=\"rollover rollover-zoom dt-pswp-item\" title=\"356416027_10227506063348922_7354457182410069143_n\" data-dt-img-description=\"\" data-large_image_width=\"261\" data-large_image_height=\"132\"href='https:\/\/www.radiopiu.net\/wordpress\/wp-content\/uploads\/2023\/06\/356416027_10227506063348922_7354457182410069143_n.jpg'><img loading=\"lazy\" decoding=\"async\" width=\"150\" height=\"132\" src=\"https:\/\/www.radiopiu.net\/wordpress\/wp-content\/uploads\/2023\/06\/356416027_10227506063348922_7354457182410069143_n-150x132.jpg\" class=\"attachment-thumbnail size-thumbnail\" alt=\"\" \/><\/a>\n\t\t\t\t<\/dt><\/dl><dl class='gallery-item'>\n\t\t\t\t<dt class='gallery-icon landscape'>\n\t\t\t\t\t<a class=\"rollover rollover-zoom dt-pswp-item\" title=\"356409704_10227506064268945_8819952037274916318_n\" data-dt-img-description=\"\" data-large_image_width=\"261\" data-large_image_height=\"127\"href='https:\/\/www.radiopiu.net\/wordpress\/wp-content\/uploads\/2023\/06\/356409704_10227506064268945_8819952037274916318_n.jpg'><img loading=\"lazy\" decoding=\"async\" width=\"150\" height=\"127\" src=\"https:\/\/www.radiopiu.net\/wordpress\/wp-content\/uploads\/2023\/06\/356409704_10227506064268945_8819952037274916318_n-150x127.jpg\" class=\"attachment-thumbnail size-thumbnail\" alt=\"\" \/><\/a>\n\t\t\t\t<\/dt><\/dl><dl class='gallery-item'>\n\t\t\t\t<dt class='gallery-icon landscape'>\n\t\t\t\t\t<a class=\"rollover rollover-zoom dt-pswp-item\" title=\"356251839_10227505906465000_4223889308325873368_n\" data-dt-img-description=\"\" data-large_image_width=\"261\" data-large_image_height=\"104\"href='https:\/\/www.radiopiu.net\/wordpress\/wp-content\/uploads\/2023\/06\/356251839_10227505906465000_4223889308325873368_n.jpg'><img loading=\"lazy\" decoding=\"async\" width=\"150\" height=\"104\" src=\"https:\/\/www.radiopiu.net\/wordpress\/wp-content\/uploads\/2023\/06\/356251839_10227505906465000_4223889308325873368_n-150x104.jpg\" class=\"attachment-thumbnail size-thumbnail\" alt=\"\" \/><\/a>\n\t\t\t\t<\/dt><\/dl><br style=\"clear: both\" \/>\n\t\t\t<\/div>\n\n<p>&nbsp;<\/p>\n","protected":false},"excerpt":{"rendered":"<p>Voglio portare alla vostra attenzione un dibattito avvenuto all&#8217;interno del gruppo &#8220;sei di Fonzaso se&#8230;&#8221; riguardante l&#8217;adeguamento dell&#8217;abbattimento delle barriere architettoniche sulle strade comunali di Fonzaso. Merita un plauso l&#8217;amministrazione per aver mostrato interesse e rapidit\u00e0 nel voler concludere la questione, tanto che in meno di 3 giorni ha risolto le problematiche esposte dal cittadino&hellip;<\/p>\n","protected":false},"author":4,"featured_media":341976,"comment_status":"closed","ping_status":"closed","sticky":false,"template":"","format":"standard","meta":{"_monsterinsights_skip_tracking":false,"_monsterinsights_sitenote_active":false,"_monsterinsights_sitenote_note":"","_monsterinsights_sitenote_category":0,"footnotes":""},"categories":[51,49],"tags":[],"class_list":["post-341979","post","type-post","status-publish","format-standard","has-post-thumbnail","hentry","category-evidenza-top","category-news-18","category-51","category-49","description-off"],"img_url":"https:\/\/www.radiopiu.net\/wordpress\/wp-content\/uploads\/2023\/06\/356251839_10227505906465000_4223889308325873368_n.jpg","_links":{"self":[{"href":"https:\/\/www.radiopiu.net\/wordpress\/wp-json\/wp\/v2\/posts\/341979","targetHints":{"allow":["GET"]}}],"collection":[{"href":"https:\/\/www.radiopiu.net\/wordpress\/wp-json\/wp\/v2\/posts"}],"about":[{"href":"https:\/\/www.radiopiu.net\/wordpress\/wp-json\/wp\/v2\/types\/post"}],"author":[{"embeddable":true,"href":"https:\/\/www.radiopiu.net\/wordpress\/wp-json\/wp\/v2\/users\/4"}],"replies":[{"embeddable":true,"href":"https:\/\/www.radiopiu.net\/wordpress\/wp-json\/wp\/v2\/comments?post=341979"}],"version-history":[{"count":0,"href":"https:\/\/www.radiopiu.net\/wordpress\/wp-json\/wp\/v2\/posts\/341979\/revisions"}],"wp:featuredmedia":[{"embeddable":true,"href":"https:\/\/www.radiopiu.net\/wordpress\/wp-json\/wp\/v2\/media\/341976"}],"wp:attachment":[{"href":"https:\/\/www.radiopiu.net\/wordpress\/wp-json\/wp\/v2\/media?parent=341979"}],"wp:term":[{"taxonomy":"category","embeddable":true,"href":"https:\/\/www.radiopiu.net\/wordpress\/wp-json\/wp\/v2\/categories?post=341979"},{"taxonomy":"post_tag","embeddable":true,"href":"https:\/\/www.radiopiu.net\/wordpress\/wp-json\/wp\/v2\/tags?post=341979"}],"curies":[{"name":"wp","href":"https:\/\/api.w.org\/{rel}","templated":true}]}}