{"id":341987,"date":"2023-06-28T05:33:01","date_gmt":"2023-06-28T03:33:01","guid":{"rendered":"https:\/\/www.radiopiu.net\/wordpress\/?p=341987"},"modified":"2023-06-28T05:46:14","modified_gmt":"2023-06-28T03:46:14","slug":"341987-2","status":"publish","type":"post","link":"https:\/\/www.radiopiu.net\/wordpress\/341987-2\/","title":{"rendered":"IL COMUNE TENDE LA MANO ALLE FAMIGLIE. IL SINDACO &#8220;Obiettivo, sostenere la comunit\u00e0&#8221;"},"content":{"rendered":"<p><strong><a class=\"dt-pswp-item\" href=\"https:\/\/www.radiopiu.net\/wordpress\/wp-content\/uploads\/2022\/12\/MUNICIPIO-FALCADE.png\" data-dt-img-description=\"\" data-large_image_width=\"941\" data-large_image_height=\"655\"><img loading=\"lazy\" decoding=\"async\" class=\"size-medium wp-image-314065 alignleft\" src=\"https:\/\/www.radiopiu.net\/wordpress\/wp-content\/uploads\/2022\/12\/MUNICIPIO-FALCADE-300x209.png\" alt=\"\" width=\"300\" height=\"209\" srcset=\"https:\/\/www.radiopiu.net\/wordpress\/wp-content\/uploads\/2022\/12\/MUNICIPIO-FALCADE-300x209.png 300w, https:\/\/www.radiopiu.net\/wordpress\/wp-content\/uploads\/2022\/12\/MUNICIPIO-FALCADE-768x535.png 768w, https:\/\/www.radiopiu.net\/wordpress\/wp-content\/uploads\/2022\/12\/MUNICIPIO-FALCADE.png 941w\" sizes=\"auto, (max-width: 300px) 100vw, 300px\" \/><\/a>FALCADE<\/strong> Le famiglie di Falcade saranno aiutate con fondi per circa 13.500 euro. Nell\u2019ultima riunione del Consiglio comunale tenutasi luned\u00ec 19 giugno, infatti, tra le variazioni di bilancio votate dall\u2019assemblea ci sono stati anche accantonamenti per il doposcuola e il bonus beb\u00e8 istituito a partire da quest\u2019anno. \u201cAbbiamo riservato grande attenzione a bambini e giovani, all\u2019educazione e al sostegno alle famiglie, l\u2019obiettivo \u00e8 sostenere la nostra comunit\u00e0 ma anche attirare nuove famiglie a vivere qui\u201d spiega l\u2019Assessore alla Cultura e alla Scuola Flavio Murer coaudiovato dalla Consigliera Comunale con delega al Sociale Jessica Secchi.<br \/>\n<a class=\"dt-pswp-item\" href=\"https:\/\/www.radiopiu.net\/wordpress\/wp-content\/uploads\/2022\/05\/MAURO-SALVATERRA.jpg\" data-dt-img-description=\"\" data-large_image_width=\"1066\" data-large_image_height=\"1600\"><img loading=\"lazy\" decoding=\"async\" class=\"size-medium wp-image-275747 alignright\" src=\"https:\/\/www.radiopiu.net\/wordpress\/wp-content\/uploads\/2022\/05\/MAURO-SALVATERRA-200x300.jpg\" alt=\"\" width=\"200\" height=\"300\" srcset=\"https:\/\/www.radiopiu.net\/wordpress\/wp-content\/uploads\/2022\/05\/MAURO-SALVATERRA-200x300.jpg 200w, https:\/\/www.radiopiu.net\/wordpress\/wp-content\/uploads\/2022\/05\/MAURO-SALVATERRA-682x1024.jpg 682w, https:\/\/www.radiopiu.net\/wordpress\/wp-content\/uploads\/2022\/05\/MAURO-SALVATERRA-768x1153.jpg 768w, https:\/\/www.radiopiu.net\/wordpress\/wp-content\/uploads\/2022\/05\/MAURO-SALVATERRA-1023x1536.jpg 1023w, https:\/\/www.radiopiu.net\/wordpress\/wp-content\/uploads\/2022\/05\/MAURO-SALVATERRA.jpg 1066w\" sizes=\"auto, (max-width: 200px) 100vw, 200px\" \/><\/a>A partire dal prossimo anno scolastico, c\u2019\u00e8 l\u2019intenzione di istituire il doposcuola alla Marmolada, tutti i giorni della settimana salvo il gioved\u00ec gi\u00e0 occupato dal rientro. Con 6 mila euro l\u2019amministrazione coprir\u00e0 i costi del servizio e si sta gi\u00e0 pensando di accantonare un ulteriore fondo in vista dell\u2019attivazione, anche, della mensa interna. \u201cStiamo lavorando per mettere in piedi il servizio e abbiamo gi\u00e0 trovato volontari per la distribuzione dei pasti. Vorremmo intervenire con contributi alle famiglie per il sostegno di questa spesa\u201d, aggiunge Murer.<br \/>\nAltra novit\u00e0, per il quale \u00e8 gi\u00e0 stato accantonato un gruzzolo, entrato nell\u2019ultima variazione di bilancio, \u00e8 il bonus beb\u00e8. Una mano che l\u2019amministrazione vuole tendere ai genitori residenti nel comune, per sostenere le nascite, dare il benvenuto ai nuovi abitanti e, magari, attrarre nuovi nuclei. Il fondo per l\u2019anno in corso ammonta a 7.500 euro.<br \/>\nInfine, un aiuto all\u2019Associazione Attivamente Agordino responsabile e organizzatrice del centro estivo alla quale quest\u2019anno il Comune conceder\u00e0 gli spazi della scuola elementare e dell\u2019asilo in forma gratuita.<br \/>\n\u201cNon sono contributi spot, fanno parte di un progetto ampio di sostegno alla residenzialit\u00e0, di supporto alle giovani famiglie e alle associazioni che operano con i giovani e i bambini. L\u2019obiettivo \u00e8 dare servizi, andare incontro ai genitori nella gestione dei figli e mantenere sempre alta la qualit\u00e0 della vita a Falcade, magari attirando nuovi abitanti. La nostra \u00e8 una comunit\u00e0 viva e operosa, ci sono decine e decine di volontari che si prodigano per curare il verde, pulire il territorio e in piccole manutenzioni. Lo fanno per altruismo e per senso civico e di questo gliene sono profondamente grato, per noi sono fonte di grande orgoglio\u201d, il commento del sindaco Mauro Salvaterra.<\/p>\n<p>&nbsp;<\/p>\n<p>&#8212;<\/p>\n","protected":false},"excerpt":{"rendered":"<p>FALCADE Le famiglie di Falcade saranno aiutate con fondi per circa 13.500 euro. Nell\u2019ultima riunione del Consiglio comunale tenutasi luned\u00ec 19 giugno, infatti, tra le variazioni di bilancio votate dall\u2019assemblea ci sono stati anche accantonamenti per il doposcuola e il bonus beb\u00e8 istituito a partire da quest\u2019anno. \u201cAbbiamo riservato grande attenzione a bambini e giovani,&hellip;<\/p>\n","protected":false},"author":4,"featured_media":220251,"comment_status":"closed","ping_status":"closed","sticky":false,"template":"","format":"standard","meta":{"_monsterinsights_skip_tracking":false,"_monsterinsights_sitenote_active":false,"_monsterinsights_sitenote_note":"","_monsterinsights_sitenote_category":0,"footnotes":""},"categories":[51,49],"tags":[],"class_list":["post-341987","post","type-post","status-publish","format-standard","has-post-thumbnail","hentry","category-evidenza-top","category-news-18","category-51","category-49","description-off"],"img_url":"https:\/\/www.radiopiu.net\/wordpress\/wp-content\/uploads\/2021\/07\/FALCADE_ESTATE-2990.jpg","_links":{"self":[{"href":"https:\/\/www.radiopiu.net\/wordpress\/wp-json\/wp\/v2\/posts\/341987","targetHints":{"allow":["GET"]}}],"collection":[{"href":"https:\/\/www.radiopiu.net\/wordpress\/wp-json\/wp\/v2\/posts"}],"about":[{"href":"https:\/\/www.radiopiu.net\/wordpress\/wp-json\/wp\/v2\/types\/post"}],"author":[{"embeddable":true,"href":"https:\/\/www.radiopiu.net\/wordpress\/wp-json\/wp\/v2\/users\/4"}],"replies":[{"embeddable":true,"href":"https:\/\/www.radiopiu.net\/wordpress\/wp-json\/wp\/v2\/comments?post=341987"}],"version-history":[{"count":0,"href":"https:\/\/www.radiopiu.net\/wordpress\/wp-json\/wp\/v2\/posts\/341987\/revisions"}],"wp:featuredmedia":[{"embeddable":true,"href":"https:\/\/www.radiopiu.net\/wordpress\/wp-json\/wp\/v2\/media\/220251"}],"wp:attachment":[{"href":"https:\/\/www.radiopiu.net\/wordpress\/wp-json\/wp\/v2\/media?parent=341987"}],"wp:term":[{"taxonomy":"category","embeddable":true,"href":"https:\/\/www.radiopiu.net\/wordpress\/wp-json\/wp\/v2\/categories?post=341987"},{"taxonomy":"post_tag","embeddable":true,"href":"https:\/\/www.radiopiu.net\/wordpress\/wp-json\/wp\/v2\/tags?post=341987"}],"curies":[{"name":"wp","href":"https:\/\/api.w.org\/{rel}","templated":true}]}}