{"id":342028,"date":"2023-06-28T12:21:44","date_gmt":"2023-06-28T10:21:44","guid":{"rendered":"https:\/\/www.radiopiu.net\/wordpress\/?p=342028"},"modified":"2023-06-28T12:41:11","modified_gmt":"2023-06-28T10:41:11","slug":"vasco-ciao-radio-piu-ciao-radio-piu","status":"publish","type":"post","link":"https:\/\/www.radiopiu.net\/wordpress\/vasco-ciao-radio-piu-ciao-radio-piu\/","title":{"rendered":"VASCO&#8230; CIAO RADIO PIU&#8217;&#8230; CIAO RADIO PIU&#8217;&#8230;"},"content":{"rendered":"<p><strong>Da Rimini per i 37 anni di RADIOPIU, da Bologna l&#8217;augurio per i 40 di Maurizio Laghi&#8230;<\/strong><\/p>\n<p><iframe loading=\"lazy\" title=\"WhatsApp Video 2023 06 28 at 12 05 17\" width=\"1200\" height=\"900\" src=\"https:\/\/www.youtube.com\/embed\/GqubY4FhF9w?feature=oembed\" frameborder=\"0\" allow=\"accelerometer; autoplay; clipboard-write; encrypted-media; gyroscope; picture-in-picture; web-share\" allowfullscreen><\/iframe><\/p>\n<p>&nbsp;<\/p>\n<p>Voglio ringraziare RADIO PIU \u00a0per avermi inserito nel video dei 40 anni, un ringraziamento anche a Vasco Rossi perch\u00e9 \u00e8 soprattutto merito suo se sono entrato a far parte della splendida famiglia di Radio Pi\u00f9, come amico di tutto l&#8217;Agordino<br \/>\nUn grande abbraccio a tutti siete e sarete sempre nel mio\u00a0<span class=\"x3nfvp2 x1j61x8r x1fcty0u xdj266r xhhsvwb xat24cr xgzva0m xxymvpz xlup9mm x1kky2od\"><img loading=\"lazy\" decoding=\"async\" src=\"https:\/\/static.xx.fbcdn.net\/images\/emoji.php\/v9\/t6c\/1\/16\/2764.png\" alt=\"&#x2764;&#xfe0f;\" width=\"16\" height=\"16\" \/><\/span><\/p>\n<p><a class=\"dt-pswp-item\" href=\"https:\/\/www.radiopiu.net\/wordpress\/wp-content\/uploads\/2023\/06\/356216278_10222034830929921_3950422479089236270_n.jpg\" data-dt-img-description=\"\" data-large_image_width=\"2400\" data-large_image_height=\"1080\"><img loading=\"lazy\" decoding=\"async\" class=\"alignnone wp-image-342033 size-large\" src=\"https:\/\/www.radiopiu.net\/wordpress\/wp-content\/uploads\/2023\/06\/356216278_10222034830929921_3950422479089236270_n-1024x461.jpg\" alt=\"\" width=\"1024\" height=\"461\" srcset=\"https:\/\/www.radiopiu.net\/wordpress\/wp-content\/uploads\/2023\/06\/356216278_10222034830929921_3950422479089236270_n-1024x461.jpg 1024w, https:\/\/www.radiopiu.net\/wordpress\/wp-content\/uploads\/2023\/06\/356216278_10222034830929921_3950422479089236270_n-300x135.jpg 300w, https:\/\/www.radiopiu.net\/wordpress\/wp-content\/uploads\/2023\/06\/356216278_10222034830929921_3950422479089236270_n-768x346.jpg 768w, https:\/\/www.radiopiu.net\/wordpress\/wp-content\/uploads\/2023\/06\/356216278_10222034830929921_3950422479089236270_n-1536x691.jpg 1536w, https:\/\/www.radiopiu.net\/wordpress\/wp-content\/uploads\/2023\/06\/356216278_10222034830929921_3950422479089236270_n-2048x922.jpg 2048w\" sizes=\"auto, (max-width: 1024px) 100vw, 1024px\" \/><\/a><\/p>\n","protected":false},"excerpt":{"rendered":"<p>Da Rimini per i 37 anni di RADIOPIU, da Bologna l&#8217;augurio per i 40 di Maurizio Laghi&#8230; &nbsp; Voglio ringraziare RADIO PIU \u00a0per avermi inserito nel video dei 40 anni, un ringraziamento anche a Vasco Rossi perch\u00e9 \u00e8 soprattutto merito suo se sono entrato a far parte della splendida famiglia di Radio Pi\u00f9, come amico&hellip;<\/p>\n","protected":false},"author":4,"featured_media":342030,"comment_status":"closed","ping_status":"closed","sticky":false,"template":"","format":"standard","meta":{"_monsterinsights_skip_tracking":false,"_monsterinsights_sitenote_active":false,"_monsterinsights_sitenote_note":"","_monsterinsights_sitenote_category":0,"footnotes":""},"categories":[104],"tags":[],"class_list":["post-342028","post","type-post","status-publish","format-standard","has-post-thumbnail","hentry","category-evidenza_3","category-104","description-off"],"img_url":"https:\/\/www.radiopiu.net\/wordpress\/wp-content\/uploads\/2023\/06\/Immagine-2023-06-28-121919.png","_links":{"self":[{"href":"https:\/\/www.radiopiu.net\/wordpress\/wp-json\/wp\/v2\/posts\/342028","targetHints":{"allow":["GET"]}}],"collection":[{"href":"https:\/\/www.radiopiu.net\/wordpress\/wp-json\/wp\/v2\/posts"}],"about":[{"href":"https:\/\/www.radiopiu.net\/wordpress\/wp-json\/wp\/v2\/types\/post"}],"author":[{"embeddable":true,"href":"https:\/\/www.radiopiu.net\/wordpress\/wp-json\/wp\/v2\/users\/4"}],"replies":[{"embeddable":true,"href":"https:\/\/www.radiopiu.net\/wordpress\/wp-json\/wp\/v2\/comments?post=342028"}],"version-history":[{"count":0,"href":"https:\/\/www.radiopiu.net\/wordpress\/wp-json\/wp\/v2\/posts\/342028\/revisions"}],"wp:featuredmedia":[{"embeddable":true,"href":"https:\/\/www.radiopiu.net\/wordpress\/wp-json\/wp\/v2\/media\/342030"}],"wp:attachment":[{"href":"https:\/\/www.radiopiu.net\/wordpress\/wp-json\/wp\/v2\/media?parent=342028"}],"wp:term":[{"taxonomy":"category","embeddable":true,"href":"https:\/\/www.radiopiu.net\/wordpress\/wp-json\/wp\/v2\/categories?post=342028"},{"taxonomy":"post_tag","embeddable":true,"href":"https:\/\/www.radiopiu.net\/wordpress\/wp-json\/wp\/v2\/tags?post=342028"}],"curies":[{"name":"wp","href":"https:\/\/api.w.org\/{rel}","templated":true}]}}