{"id":342053,"date":"2023-06-28T15:55:54","date_gmt":"2023-06-28T13:55:54","guid":{"rendered":"https:\/\/www.radiopiu.net\/wordpress\/?p=342053"},"modified":"2023-06-29T05:27:36","modified_gmt":"2023-06-29T03:27:36","slug":"conclusa-la-seconda-edizione-del-progetto-ti-guido-un-parco-accessibile-a-tutti","status":"publish","type":"post","link":"https:\/\/www.radiopiu.net\/wordpress\/conclusa-la-seconda-edizione-del-progetto-ti-guido-un-parco-accessibile-a-tutti\/","title":{"rendered":"CONCLUSA LA SECONDA EDIZIONE DEL PROGETTO \u201cTI GUIDO: UN PARCO ACCESSIBILE A TUTTI\u201d"},"content":{"rendered":"<p><strong>FELTRE<\/strong> Da luned\u00ec 19 giugno a venerd\u00ec 23 giugno si \u00e8 svolta la seconda edizione del Progetto \u201cTi Guido: un Parco accessibile a tutti\u201d, nato dalla collaborazione tra Parco Nazionale Dolomiti Bellunesi ed AIPD ( Associazione Italiana \u00a0di Persone con sindrome di \u00a0Down) sezione\u00a0 della provincia di Belluno, che, fin dallo scorso anno aveva esteso la proposta all\u2019AIPD nazionale; cos\u00ec quest\u2019anno sono arrivati sei giovani con la sindrome di Down dalle sezioni di Trento e Grosseto, per svolgere il nutrito programma di escursioni e visite guidate: le mattinate li han visti percorrere i sentieri del Parco( dalla Val Canzoi ad Agre Val Pegolera, alla Valle del Mis) con la guida di Flora Rossi, Guida naturalistica della Cooperativa \u201cMazarol\u201d, i pomeriggi con le viste ai centri storici\u00a0 illustrati dalla Guida turistica provinciale Isabella Pilo : Belluno, Feltre ed Agordo, qui a percorrere la \u201cVia del Graffito\u201d, accolti, e ristorati\u00a0 per iniziativa della\u00a0 \u2019Unione Sportiva Le Ville\u201d. Non solo escursioni e visite storico culturali: nel progetto erano inseriti anche momenti di \u201crelax\u201d offerti dai laboratori teatrali preparati dall\u2019attrice Cristina Gianni con gruppo di giovani dell\u2019AIPD Belluno, con scenografie ambientate cammin facendo. Non \u00e8 mancata la visita al Museo storico-etnografico di Seravella, curata dai responsabili dell\u2019Associazione IsoIpse. La settimana si \u00e8 conclusa, come lo scorso anno: una serata a rimirar stelle, luna e pianeti, all\u2019Osservatorio astronomico di Arson-Feltre. Qui gli esperti dell\u2019Associazione Astrofili \u201cRheticus\u201d hanno guidato gli ospiti di Trento e Grosseto, allargando l\u2019invito anche ad un bel gruppo di giovani dell\u2019AIPD Belluno con i familiari. Gli Astrofili hanno insegnato ad esplorare luna e stelle con i telescopi, completando poi, nel Planetario, l\u2019aspetto didattico con le mega fotografie e filmati dei corpi celesti.<\/p>\n\n\t\t\t<style type='text\/css'>\n\t\t\t\t#gallery-1 {\n\t\t\t\t\tmargin: auto;\n\t\t\t\t}\n\t\t\t\t#gallery-1 .gallery-item {\n\t\t\t\t\tfloat: left;\n\t\t\t\t\tmargin-top: 10px;\n\t\t\t\t\ttext-align: center;\n\t\t\t\t\twidth: 25%;\n\t\t\t\t}\n\t\t\t\t#gallery-1 img {\n\t\t\t\t\tborder: 2px solid #cfcfcf;\n\t\t\t\t}\n\t\t\t\t#gallery-1 .gallery-caption {\n\t\t\t\t\tmargin-left: 0;\n\t\t\t\t}\n\t\t\t\t\/* see gallery_shortcode() in wp-includes\/media.php *\/\n\t\t\t<\/style>\n\t\t<div id='gallery-1' class='dt-gallery-container gallery galleryid-342053 gallery-columns-4 gallery-size-thumbnail'><dl class='gallery-item'>\n\t\t\t\t<dt class='gallery-icon landscape'>\n\t\t\t\t\t<a class=\"rollover rollover-zoom dt-pswp-item\" title=\"A BELLUNO\" data-dt-img-description=\"\" data-large_image_width=\"666\" data-large_image_height=\"500\"href='https:\/\/www.radiopiu.net\/wordpress\/wp-content\/uploads\/2023\/06\/A-BELLUNO.jpg'><img loading=\"lazy\" decoding=\"async\" width=\"150\" height=\"150\" src=\"https:\/\/www.radiopiu.net\/wordpress\/wp-content\/uploads\/2023\/06\/A-BELLUNO-150x150.jpg\" class=\"attachment-thumbnail size-thumbnail\" alt=\"\" aria-describedby=\"gallery-1-342054\" \/><\/a>\n\t\t\t\t<\/dt>\n\t\t\t\t\t<dd class='wp-caption-text gallery-caption' id='gallery-1-342054'>\n\t\t\t\t\tBELLUNO\n\t\t\t\t\t<\/dd><\/dl><dl class='gallery-item'>\n\t\t\t\t<dt class='gallery-icon landscape'>\n\t\t\t\t\t<a class=\"rollover rollover-zoom dt-pswp-item\" title=\"rpt\" data-dt-img-description=\"\" data-large_image_width=\"666\" data-large_image_height=\"500\"href='https:\/\/www.radiopiu.net\/wordpress\/wp-content\/uploads\/2023\/06\/al-lago-del-Mis.jpg'><img loading=\"lazy\" decoding=\"async\" width=\"150\" height=\"150\" src=\"https:\/\/www.radiopiu.net\/wordpress\/wp-content\/uploads\/2023\/06\/al-lago-del-Mis-150x150.jpg\" class=\"attachment-thumbnail size-thumbnail\" alt=\"\" aria-describedby=\"gallery-1-342055\" \/><\/a>\n\t\t\t\t<\/dt>\n\t\t\t\t\t<dd class='wp-caption-text gallery-caption' id='gallery-1-342055'>\n\t\t\t\t\tLAGO DEL MIS\n\t\t\t\t\t<\/dd><\/dl><dl class='gallery-item'>\n\t\t\t\t<dt class='gallery-icon landscape'>\n\t\t\t\t\t<a class=\"rollover rollover-zoom dt-pswp-item\" title=\"escursione ad Agre\" data-dt-img-description=\"\" data-large_image_width=\"666\" data-large_image_height=\"500\"href='https:\/\/www.radiopiu.net\/wordpress\/wp-content\/uploads\/2023\/06\/escursione-ad-Agre.jpg'><img loading=\"lazy\" decoding=\"async\" width=\"150\" height=\"150\" src=\"https:\/\/www.radiopiu.net\/wordpress\/wp-content\/uploads\/2023\/06\/escursione-ad-Agre-150x150.jpg\" class=\"attachment-thumbnail size-thumbnail\" alt=\"\" aria-describedby=\"gallery-1-342056\" \/><\/a>\n\t\t\t\t<\/dt>\n\t\t\t\t\t<dd class='wp-caption-text gallery-caption' id='gallery-1-342056'>\n\t\t\t\t\tAGRE\n\t\t\t\t\t<\/dd><\/dl><dl class='gallery-item'>\n\t\t\t\t<dt class='gallery-icon landscape'>\n\t\t\t\t\t<a class=\"rollover rollover-zoom dt-pswp-item\" title=\"SERAVELLA _ silent play\" data-dt-img-description=\"\" data-large_image_width=\"666\" data-large_image_height=\"500\"href='https:\/\/www.radiopiu.net\/wordpress\/wp-content\/uploads\/2023\/06\/SERAVELLA-_-silent-play.jpg'><img loading=\"lazy\" decoding=\"async\" width=\"150\" height=\"150\" src=\"https:\/\/www.radiopiu.net\/wordpress\/wp-content\/uploads\/2023\/06\/SERAVELLA-_-silent-play-150x150.jpg\" class=\"attachment-thumbnail size-thumbnail\" alt=\"\" aria-describedby=\"gallery-1-342057\" \/><\/a>\n\t\t\t\t<\/dt>\n\t\t\t\t\t<dd class='wp-caption-text gallery-caption' id='gallery-1-342057'>\n\t\t\t\t\tSERAVELLA\n\t\t\t\t\t<\/dd><\/dl><br style=\"clear: both\" \/>\n\t\t\t<\/div>\n\n<p>&nbsp;<\/p>\n<p>&nbsp;<\/p>\n<p>******<\/p>\n","protected":false},"excerpt":{"rendered":"<p>FELTRE Da luned\u00ec 19 giugno a venerd\u00ec 23 giugno si \u00e8 svolta la seconda edizione del Progetto \u201cTi Guido: un Parco accessibile a tutti\u201d, nato dalla collaborazione tra Parco Nazionale Dolomiti Bellunesi ed AIPD ( Associazione Italiana \u00a0di Persone con sindrome di \u00a0Down) sezione\u00a0 della provincia di Belluno, che, fin dallo scorso anno aveva esteso&hellip;<\/p>\n","protected":false},"author":4,"featured_media":342055,"comment_status":"closed","ping_status":"closed","sticky":false,"template":"","format":"standard","meta":{"_monsterinsights_skip_tracking":false,"_monsterinsights_sitenote_active":false,"_monsterinsights_sitenote_note":"","_monsterinsights_sitenote_category":0,"footnotes":""},"categories":[51,49],"tags":[],"class_list":["post-342053","post","type-post","status-publish","format-standard","has-post-thumbnail","hentry","category-evidenza-top","category-news-18","category-51","category-49","description-off"],"img_url":"https:\/\/www.radiopiu.net\/wordpress\/wp-content\/uploads\/2023\/06\/al-lago-del-Mis.jpg","_links":{"self":[{"href":"https:\/\/www.radiopiu.net\/wordpress\/wp-json\/wp\/v2\/posts\/342053","targetHints":{"allow":["GET"]}}],"collection":[{"href":"https:\/\/www.radiopiu.net\/wordpress\/wp-json\/wp\/v2\/posts"}],"about":[{"href":"https:\/\/www.radiopiu.net\/wordpress\/wp-json\/wp\/v2\/types\/post"}],"author":[{"embeddable":true,"href":"https:\/\/www.radiopiu.net\/wordpress\/wp-json\/wp\/v2\/users\/4"}],"replies":[{"embeddable":true,"href":"https:\/\/www.radiopiu.net\/wordpress\/wp-json\/wp\/v2\/comments?post=342053"}],"version-history":[{"count":0,"href":"https:\/\/www.radiopiu.net\/wordpress\/wp-json\/wp\/v2\/posts\/342053\/revisions"}],"wp:featuredmedia":[{"embeddable":true,"href":"https:\/\/www.radiopiu.net\/wordpress\/wp-json\/wp\/v2\/media\/342055"}],"wp:attachment":[{"href":"https:\/\/www.radiopiu.net\/wordpress\/wp-json\/wp\/v2\/media?parent=342053"}],"wp:term":[{"taxonomy":"category","embeddable":true,"href":"https:\/\/www.radiopiu.net\/wordpress\/wp-json\/wp\/v2\/categories?post=342053"},{"taxonomy":"post_tag","embeddable":true,"href":"https:\/\/www.radiopiu.net\/wordpress\/wp-json\/wp\/v2\/tags?post=342053"}],"curies":[{"name":"wp","href":"https:\/\/api.w.org\/{rel}","templated":true}]}}