{"id":342085,"date":"2023-06-28T17:12:07","date_gmt":"2023-06-28T15:12:07","guid":{"rendered":"https:\/\/www.radiopiu.net\/wordpress\/?p=342085"},"modified":"2023-06-28T17:12:07","modified_gmt":"2023-06-28T15:12:07","slug":"riunito-tavolo-di-monitoraggio-di-ceramica-dolomite","status":"publish","type":"post","link":"https:\/\/www.radiopiu.net\/wordpress\/riunito-tavolo-di-monitoraggio-di-ceramica-dolomite\/","title":{"rendered":"RIUNITO TAVOLO DI MONITORAGGIO DI CERAMICA DOLOMITE"},"content":{"rendered":"<p><strong><a class=\"dt-pswp-item\" href=\"https:\/\/www.radiopiu.net\/wordpress\/wp-content\/uploads\/2022\/06\/CERAMICA-DOLOMITE.jpg\" data-dt-img-description=\"\" data-large_image_width=\"408\" data-large_image_height=\"200\"><img loading=\"lazy\" decoding=\"async\" class=\" wp-image-280750 alignleft\" src=\"https:\/\/www.radiopiu.net\/wordpress\/wp-content\/uploads\/2022\/06\/CERAMICA-DOLOMITE-300x147.jpg\" alt=\"\" width=\"190\" height=\"93\" srcset=\"https:\/\/www.radiopiu.net\/wordpress\/wp-content\/uploads\/2022\/06\/CERAMICA-DOLOMITE-300x147.jpg 300w, https:\/\/www.radiopiu.net\/wordpress\/wp-content\/uploads\/2022\/06\/CERAMICA-DOLOMITE.jpg 408w\" sizes=\"auto, (max-width: 190px) 100vw, 190px\" \/><\/a>VENEZIA <\/strong>Si \u00e8 tenuto oggi pomeriggio l\u2019incontro di monitoraggio relativamente allo stato di implementazione del piano di sviluppo industriale del sito di Ceramica Dolomite (ex Ideal Standard) di Borgo Valbelluna. Alla riunione, gestita dall\u2019assessore regionale al lavoro Elena Donazzan e gestito dall\u2019Unit\u00e0 di crisi aziendali della Regione del Veneto, hanno partecipato i vertici aziendali di Ceramica Dolomite, le organizzazioni sindacali FEMCA CISL, FILCTEM CIGL e UILTEC UIL. A distanza di un anno dalla costituzione della nuova realt\u00e0 imprenditoriale, l\u2019appuntamento \u00e8 servito a fare il punto della situazione per verificare lo stato di avanzamento di tutte le strategie per portare al massimo sviluppo possibile la nuova realt\u00e0 produttiva di Borgo Valbelluna. Nel corso della riunione, i rappresentanti dell\u2019azienda hanno spiegato che, in un anno, sono stati effettuati 8 milioni di euro di investimenti in ambito produttivo oltre ad un programma per il rilancio commerciale dell\u2019azienda. La parte sindacale, nel rappresentare il massimo impegno da parte dei lavoratori, ha chiesto di poter intensificare l\u2019attivit\u00e0 formativa e di coinvolgimento degli stessi nell\u2019ambito dello sviluppo delle progettualit\u00e0 aziendali. Tutte le parti presenti al tavolo hanno confermato l\u2019impegno a raggiungere l\u2019obiettivo condiviso un anno fa al fine di condividere ogni azione utile per il rilancio completo dell\u2019azienda per la quale \u00e8 stato mantenuto lo storico marchio di Ceramica Dolomite. Tutte le parti hanno inoltre condiviso la l\u2019opportunit\u00e0 e la necessit\u00e0 di programmare periodici aggiornamenti sia in sede aziendale sia istituzionale. Il prossimo incontro in sede regionale \u00e8 stato fissato per il mese di ottobre.<\/p>\n<p>&nbsp;<\/p>\n<p>&nbsp;<\/p>\n<p>******<\/p>\n","protected":false},"excerpt":{"rendered":"<p>VENEZIA Si \u00e8 tenuto oggi pomeriggio l\u2019incontro di monitoraggio relativamente allo stato di implementazione del piano di sviluppo industriale del sito di Ceramica Dolomite (ex Ideal Standard) di Borgo Valbelluna. Alla riunione, gestita dall\u2019assessore regionale al lavoro Elena Donazzan e gestito dall\u2019Unit\u00e0 di crisi aziendali della Regione del Veneto, hanno partecipato i vertici aziendali di&hellip;<\/p>\n","protected":false},"author":4,"featured_media":280750,"comment_status":"closed","ping_status":"closed","sticky":false,"template":"","format":"standard","meta":{"_monsterinsights_skip_tracking":false,"_monsterinsights_sitenote_active":false,"_monsterinsights_sitenote_note":"","_monsterinsights_sitenote_category":0,"footnotes":""},"categories":[51,49],"tags":[],"class_list":["post-342085","post","type-post","status-publish","format-standard","has-post-thumbnail","hentry","category-evidenza-top","category-news-18","category-51","category-49","description-off"],"img_url":"https:\/\/www.radiopiu.net\/wordpress\/wp-content\/uploads\/2022\/06\/CERAMICA-DOLOMITE.jpg","_links":{"self":[{"href":"https:\/\/www.radiopiu.net\/wordpress\/wp-json\/wp\/v2\/posts\/342085","targetHints":{"allow":["GET"]}}],"collection":[{"href":"https:\/\/www.radiopiu.net\/wordpress\/wp-json\/wp\/v2\/posts"}],"about":[{"href":"https:\/\/www.radiopiu.net\/wordpress\/wp-json\/wp\/v2\/types\/post"}],"author":[{"embeddable":true,"href":"https:\/\/www.radiopiu.net\/wordpress\/wp-json\/wp\/v2\/users\/4"}],"replies":[{"embeddable":true,"href":"https:\/\/www.radiopiu.net\/wordpress\/wp-json\/wp\/v2\/comments?post=342085"}],"version-history":[{"count":0,"href":"https:\/\/www.radiopiu.net\/wordpress\/wp-json\/wp\/v2\/posts\/342085\/revisions"}],"wp:featuredmedia":[{"embeddable":true,"href":"https:\/\/www.radiopiu.net\/wordpress\/wp-json\/wp\/v2\/media\/280750"}],"wp:attachment":[{"href":"https:\/\/www.radiopiu.net\/wordpress\/wp-json\/wp\/v2\/media?parent=342085"}],"wp:term":[{"taxonomy":"category","embeddable":true,"href":"https:\/\/www.radiopiu.net\/wordpress\/wp-json\/wp\/v2\/categories?post=342085"},{"taxonomy":"post_tag","embeddable":true,"href":"https:\/\/www.radiopiu.net\/wordpress\/wp-json\/wp\/v2\/tags?post=342085"}],"curies":[{"name":"wp","href":"https:\/\/api.w.org\/{rel}","templated":true}]}}