{"id":342092,"date":"2023-10-14T09:00:57","date_gmt":"2023-10-14T07:00:57","guid":{"rendered":"https:\/\/www.radiopiu.net\/wordpress\/?p=342092"},"modified":"2023-10-14T09:15:47","modified_gmt":"2023-10-14T07:15:47","slug":"cara-malia-ieri-lo-gnocco-doro-da-domani-maestra-del-commercio","status":"publish","type":"post","link":"https:\/\/www.radiopiu.net\/wordpress\/cara-malia-ieri-lo-gnocco-doro-da-domani-maestra-del-commercio\/","title":{"rendered":"CARA &#8220;MALIA&#8221; ieri lo gnocco d&#8217;oro da domani Maestra del Commercio"},"content":{"rendered":"<p><span style=\"color: #ff0000;\">AUDIO, VOCE ANNALISA SCARDANZAN<\/span><\/p>\n<audio class=\"wp-audio-shortcode\" id=\"audio-342092-1\" preload=\"none\" style=\"width: 100%;\" controls=\"controls\"><source type=\"audio\/mpeg\" src=\"https:\/\/www.radiopiu.net\/wordpress\/wp-content\/uploads\/2023\/06\/ANNALISA-SCARDANZAN.mp3?_=1\" \/><a href=\"https:\/\/www.radiopiu.net\/wordpress\/wp-content\/uploads\/2023\/06\/ANNALISA-SCARDANZAN.mp3\">https:\/\/www.radiopiu.net\/wordpress\/wp-content\/uploads\/2023\/06\/ANNALISA-SCARDANZAN.mp3<\/a><\/audio>\n<p>&nbsp;<\/p>\n<p><a class=\"dt-pswp-item\" href=\"https:\/\/www.radiopiu.net\/wordpress\/wp-content\/uploads\/2023\/10\/848ed4b0-a03d-465f-bee0-b6d564812d68.jpg\" data-dt-img-description=\"\" data-large_image_width=\"1200\" data-large_image_height=\"1600\"><img loading=\"lazy\" decoding=\"async\" class=\"size-medium wp-image-356824 alignleft\" src=\"https:\/\/www.radiopiu.net\/wordpress\/wp-content\/uploads\/2023\/10\/848ed4b0-a03d-465f-bee0-b6d564812d68-225x300.jpg\" alt=\"\" width=\"225\" height=\"300\" srcset=\"https:\/\/www.radiopiu.net\/wordpress\/wp-content\/uploads\/2023\/10\/848ed4b0-a03d-465f-bee0-b6d564812d68-225x300.jpg 225w, https:\/\/www.radiopiu.net\/wordpress\/wp-content\/uploads\/2023\/10\/848ed4b0-a03d-465f-bee0-b6d564812d68-768x1024.jpg 768w, https:\/\/www.radiopiu.net\/wordpress\/wp-content\/uploads\/2023\/10\/848ed4b0-a03d-465f-bee0-b6d564812d68-1152x1536.jpg 1152w, https:\/\/www.radiopiu.net\/wordpress\/wp-content\/uploads\/2023\/10\/848ed4b0-a03d-465f-bee0-b6d564812d68.jpg 1200w\" sizes=\"auto, (max-width: 225px) 100vw, 225px\" \/><\/a>Domani sar\u00e0 il giorno in cui ufficialmente ti verranno riconosciuti gli anni di lavoro, di impegno e di sacrifici di una vita. Dall\u2019et\u00e0 di 14 anni in Germania a lavorare in gelateria per alcune stagioni, ma prima ancora, anche se non riconosciuto dal punto di vista ufficiale, ad aiutare in famiglia accudendo i fratelli e nei lavori domestici oltre che nei campi. Dalla Germania al ritorno in Val del Biois, rientro a casa per prestare servizio in vari locali della vallata, dall\u2019Hotel Stella Alpina al Rondinella, scegliendo poi, dopo il matrimonio, di tentare la via del lavoro autonomo con un ambiente in proprio. Tramontata l\u2019idea di aprire un Rifugio con attivit\u00e0 stagionale su a Colmont principalmente per problemi di approvvigionamento di acqua, ecco l\u2019idea, assieme a Sandro, di trasformare il vecchio fienile di famiglia in ristorante. Le prime a rimetterci sono state ovviamente le mucche che sono state sfrattate e trasferite in altro ricovero, poi sono iniziati i lavori di ristrutturazione. Il 29 giugno 1973 \u00e8 stato il grande giorno della nuova avventura che sta proseguendo da oltre 50 anni, alla guida del Tabi\u00e0: quanto schiz, quanta polenta, quanti rotoli di spinaci in tutti questi anni ma soprattutto quanti gnocchi! Tante volte ho sentito la frase \u201cEh se avese na lira par ogni gnoch (poi sostituita dai centesimi di euro) sarie siora\u201d ed infatti giorni fa ti abbiamo donato come premio \u201cLo gnocco d\u2019oro\u201d. In questi anni quasi 200 collaboratori hanno lavorato al tuo fianco, hai incontrato e servito migliaia di clienti che continuano a tornare per rivivere l\u2019atmosfera del passato, per gustare i piatti dei loro ricordi, per assaporare l\u2019aria del Tabi\u00e0, per incontrare persone genuine. Certo ne hai avuto di coraggio a proporre negli anni \u201970 un men\u00f9 fatto di piatti della tradizione e prodotti locali, in un periodo in cui andava di moda la novelle cuisine, i piatti raffinati e poco popolari. Tante mode culinarie sono passate, ma sei sempre andata avanti con la tua cucina, nel segno del legame con il territorio: saresti probabilmente rabbrividita se ti avessero proposto la cucina molecolare al Tabi\u00e0. Hai sempre tenuto il legame con il passato ma questo non ti ha impedito di cercare novit\u00e0, di partecipare a tutte le attivit\u00e0 di promozione dal Piat de la Nona a Europa in Zattera, sempre con caparbiet\u00e0 nel mantenere la linea di lavoro creata. E questo non \u00e8 bastato: per anni volontariato con la Croce Verde Val Biois come volontaria e come base per le chiamate ancor prima che spuntasse il 118 a gestire il tutto, collaborazione con le associazioni del territorio ogni qual volta riuscivi a ricavare un po\u2019 di tempo. Arrivando a questi ultimi anni, nel momento peggiore della storia e travolti dalla pandemia ancora un azzardo, un nuovo investimento con il minimarket che rappresenta in questo momento un luogo di ritrovo in particolare la mattina \u201cpar chi da Feder\u201d, due chiacchiere, un caff\u00e8 in compagnia la possibilit\u00e0 di avere dei rapporti sociali, di incontrarsi in un paesino di nemmeno 100 abitanti. Ed oltre a tutto questo hai trovato il tempo per fare la moglie, la mamma, la nonna. Ti abbiamo tenuto nascosto per tutta l\u2019estate la notizia del riconoscimento di \u201cMaestro del commercio\u201d con attribuzione dell\u2019Aquila di diamante ma domani vai, goditi la giornata e ogni volta che guarderai all\u2019aquila, pensa a tutto quello che c\u2019\u00e8 dietro, continuando a guardare sempre avanti!<br \/>\nLo staff del Tabi\u00e0<\/p>\n<p><strong>foto IL TABIA&#8217; ANNI OTTANTA, ERA IL COVO DI RADIOPIU, DA SINISTRA ANNALISA, AMALIA E SANDRO.<\/strong><\/p>\n<p>&nbsp;<\/p>\n<hr \/>\n<p>&nbsp;<\/p>\n<p>&nbsp;<\/p>\n<p><span style=\"color: #0000ff;\"><strong>OGGI ALLA RADIO\u00a0 DAL GIRO DI BOA DELLA NOVE\u00a0<\/strong><\/span><\/p>\n<audio class=\"wp-audio-shortcode\" id=\"audio-342092-2\" preload=\"none\" style=\"width: 100%;\" controls=\"controls\"><source type=\"audio\/mpeg\" src=\"https:\/\/www.radiopiu.net\/wordpress\/wp-content\/uploads\/2023\/10\/MALIRA.mp3?_=2\" \/><a href=\"https:\/\/www.radiopiu.net\/wordpress\/wp-content\/uploads\/2023\/10\/MALIRA.mp3\">https:\/\/www.radiopiu.net\/wordpress\/wp-content\/uploads\/2023\/10\/MALIRA.mp3<\/a><\/audio>\n<p>&nbsp;<\/p>\n<hr \/>\n<p><span style=\"color: #ff0000;\">\u00a0<\/span><\/p>\n<p><span style=\"color: #ff0000;\">DAL LIBRO ODIO LA RADIO 2003, MIRKO MEZZACASA<\/span><\/p>\n<p><a class=\"dt-pswp-item\" href=\"https:\/\/www.radiopiu.net\/wordpress\/wp-content\/uploads\/2023\/06\/ODIO.png\" data-dt-img-description=\"\" data-large_image_width=\"382\" data-large_image_height=\"209\"><img loading=\"lazy\" decoding=\"async\" class=\"wp-image-356828 size-full aligncenter\" src=\"https:\/\/www.radiopiu.net\/wordpress\/wp-content\/uploads\/2023\/06\/ODIO.png\" alt=\"\" width=\"382\" height=\"209\" srcset=\"https:\/\/www.radiopiu.net\/wordpress\/wp-content\/uploads\/2023\/06\/ODIO.png 382w, https:\/\/www.radiopiu.net\/wordpress\/wp-content\/uploads\/2023\/06\/ODIO-300x164.png 300w\" sizes=\"auto, (max-width: 382px) 100vw, 382px\" \/><\/a><\/p>\n<p>&nbsp;<\/p>\n<p>&nbsp;<\/p>\n<hr \/>\n<p>&nbsp;<\/p>\n<p>&nbsp;<\/p>\n<blockquote>\n<h2><img loading=\"lazy\" decoding=\"async\" class=\"alignleft\" src=\"https:\/\/www.radiopiu.net\/wordpress\/wp-content\/uploads\/2023\/06\/308536455_584666883448182_8410378595228100788_n.jpg\" width=\"130\" height=\"99\" \/>I 50 ANNI DEL RISTORANTE TABIA&#8217; A FEDER DI CANALE D&#8217;AGORDO<\/h2>\n<\/blockquote>\n<p><strong>CANALE D&#8217;AGORDO<\/strong> Cinquant\u2019anni fa, il 29 giugno, apriva il ristorante Tabia\u2019 di Feder a Canale d\u2019Agordo. Una storia scritta dalla famiglia Scardanzan-Pescosta. Annalisa ebbe \u00a0l\u2019idea di affiancare al ristorante non solo il servizio di asporto ma anche un mini market utili per chi abita la frazione e per chi la frequenta durante le ferie.<\/p>\n<p><strong>LA DIRETTA RADIO PIU&#8217;<\/strong><\/p>\n<p>https:\/\/www.facebook.com\/Mirkomezziano\/videos\/207237005183616\/?<\/p>\n<p>&nbsp;<\/p>\n<p>******<\/p>\n","protected":false},"excerpt":{"rendered":"<p>AUDIO, VOCE ANNALISA SCARDANZAN &nbsp; Domani sar\u00e0 il giorno in cui ufficialmente ti verranno riconosciuti gli anni di lavoro, di impegno e di sacrifici di una vita. Dall\u2019et\u00e0 di 14 anni in Germania a lavorare in gelateria per alcune stagioni, ma prima ancora, anche se non riconosciuto dal punto di vista ufficiale, ad aiutare in&hellip;<\/p>\n","protected":false},"author":4,"featured_media":356825,"comment_status":"closed","ping_status":"closed","sticky":false,"template":"","format":"standard","meta":{"_monsterinsights_skip_tracking":false,"_monsterinsights_sitenote_active":false,"_monsterinsights_sitenote_note":"","_monsterinsights_sitenote_category":0,"footnotes":""},"categories":[51,49],"tags":[],"class_list":["post-342092","post","type-post","status-publish","format-standard","has-post-thumbnail","hentry","category-evidenza-top","category-news-18","category-51","category-49","description-off"],"img_url":"https:\/\/www.radiopiu.net\/wordpress\/wp-content\/uploads\/2023\/10\/Senza-nome-33.png","_links":{"self":[{"href":"https:\/\/www.radiopiu.net\/wordpress\/wp-json\/wp\/v2\/posts\/342092","targetHints":{"allow":["GET"]}}],"collection":[{"href":"https:\/\/www.radiopiu.net\/wordpress\/wp-json\/wp\/v2\/posts"}],"about":[{"href":"https:\/\/www.radiopiu.net\/wordpress\/wp-json\/wp\/v2\/types\/post"}],"author":[{"embeddable":true,"href":"https:\/\/www.radiopiu.net\/wordpress\/wp-json\/wp\/v2\/users\/4"}],"replies":[{"embeddable":true,"href":"https:\/\/www.radiopiu.net\/wordpress\/wp-json\/wp\/v2\/comments?post=342092"}],"version-history":[{"count":0,"href":"https:\/\/www.radiopiu.net\/wordpress\/wp-json\/wp\/v2\/posts\/342092\/revisions"}],"wp:featuredmedia":[{"embeddable":true,"href":"https:\/\/www.radiopiu.net\/wordpress\/wp-json\/wp\/v2\/media\/356825"}],"wp:attachment":[{"href":"https:\/\/www.radiopiu.net\/wordpress\/wp-json\/wp\/v2\/media?parent=342092"}],"wp:term":[{"taxonomy":"category","embeddable":true,"href":"https:\/\/www.radiopiu.net\/wordpress\/wp-json\/wp\/v2\/categories?post=342092"},{"taxonomy":"post_tag","embeddable":true,"href":"https:\/\/www.radiopiu.net\/wordpress\/wp-json\/wp\/v2\/tags?post=342092"}],"curies":[{"name":"wp","href":"https:\/\/api.w.org\/{rel}","templated":true}]}}