{"id":342123,"date":"2023-06-29T05:20:38","date_gmt":"2023-06-29T03:20:38","guid":{"rendered":"https:\/\/www.radiopiu.net\/wordpress\/?p=342123"},"modified":"2023-06-29T05:22:26","modified_gmt":"2023-06-29T03:22:26","slug":"oggi-fp-cgil-in-piazza-ad-agordo-per-la-raccolta-firme","status":"publish","type":"post","link":"https:\/\/www.radiopiu.net\/wordpress\/oggi-fp-cgil-in-piazza-ad-agordo-per-la-raccolta-firme\/","title":{"rendered":"OGGI: FP CGIL IN PIAZZA AD AGORDO PER LA RACCOLTA FIRME"},"content":{"rendered":"<blockquote>\n<h3><a class=\"dt-pswp-item\" href=\"https:\/\/www.radiopiu.net\/wordpress\/wp-content\/uploads\/2023\/06\/54abecd3-5c91-4213-a988-d37b70fc7bec.jpg\" data-dt-img-description=\"\" data-large_image_width=\"1256\" data-large_image_height=\"1600\"><img loading=\"lazy\" decoding=\"async\" class=\" wp-image-342067 alignleft\" src=\"https:\/\/www.radiopiu.net\/wordpress\/wp-content\/uploads\/2023\/06\/54abecd3-5c91-4213-a988-d37b70fc7bec-236x300.jpg\" alt=\"\" width=\"124\" height=\"158\" srcset=\"https:\/\/www.radiopiu.net\/wordpress\/wp-content\/uploads\/2023\/06\/54abecd3-5c91-4213-a988-d37b70fc7bec-236x300.jpg 236w, https:\/\/www.radiopiu.net\/wordpress\/wp-content\/uploads\/2023\/06\/54abecd3-5c91-4213-a988-d37b70fc7bec-804x1024.jpg 804w, https:\/\/www.radiopiu.net\/wordpress\/wp-content\/uploads\/2023\/06\/54abecd3-5c91-4213-a988-d37b70fc7bec-768x978.jpg 768w, https:\/\/www.radiopiu.net\/wordpress\/wp-content\/uploads\/2023\/06\/54abecd3-5c91-4213-a988-d37b70fc7bec-1206x1536.jpg 1206w, https:\/\/www.radiopiu.net\/wordpress\/wp-content\/uploads\/2023\/06\/54abecd3-5c91-4213-a988-d37b70fc7bec.jpg 1256w\" sizes=\"auto, (max-width: 124px) 100vw, 124px\" \/><\/a><\/h3>\n<\/blockquote>\n<p><strong>AGORDO<\/strong> Oggi dalle 8 alle 13 la Funzione Pubblica CGIL sar\u00e0 in Piazza Libert\u00e0 ad Agordo per continuare la raccolta firme in favore della sanit\u00e0. Le motivazioni che hanno spinto il sindacato a scendere in piazza per la raccolta firme sono: Basta tagli al Fondo Sanitario (-2,4% nel 2023), Risorse per il CCNL (nessuna risorsa nel 2022, n\u00e9 nel 2023, e probabilmente neanche nel 2024, visto il DEF), Togliere il tetto di spesa per il personale, Risorse straordinarie per rendere attrattivi i territori pi\u00f9 disagiati, Un piano straordinario delle assunzioni, visto che in 10 anni \u00e8 raddoppiato il numero degli ultra 55enni.<\/p>\n<p><strong>ANDREA FIOCCO &#8211;\u00a0 FP CGIL<\/strong><\/p>\n<audio class=\"wp-audio-shortcode\" id=\"audio-342123-1\" preload=\"none\" style=\"width: 100%;\" controls=\"controls\"><source type=\"audio\/mpeg\" src=\"https:\/\/www.radiopiu.net\/wordpress\/wp-content\/uploads\/2023\/06\/ANDREA-FIOCCO.mp3?_=1\" \/><a href=\"https:\/\/www.radiopiu.net\/wordpress\/wp-content\/uploads\/2023\/06\/ANDREA-FIOCCO.mp3\">https:\/\/www.radiopiu.net\/wordpress\/wp-content\/uploads\/2023\/06\/ANDREA-FIOCCO.mp3<\/a><\/audio>\n<p>&nbsp;<\/p>\n<hr \/>\n<p>&nbsp;<\/p>\n","protected":false},"excerpt":{"rendered":"<p>AGORDO Oggi dalle 8 alle 13 la Funzione Pubblica CGIL sar\u00e0 in Piazza Libert\u00e0 ad Agordo per continuare la raccolta firme in favore della sanit\u00e0. Le motivazioni che hanno spinto il sindacato a scendere in piazza per la raccolta firme sono: Basta tagli al Fondo Sanitario (-2,4% nel 2023), Risorse per il CCNL (nessuna risorsa&hellip;<\/p>\n","protected":false},"author":4,"featured_media":342067,"comment_status":"closed","ping_status":"closed","sticky":false,"template":"","format":"standard","meta":{"_monsterinsights_skip_tracking":false,"_monsterinsights_sitenote_active":false,"_monsterinsights_sitenote_note":"","_monsterinsights_sitenote_category":0,"footnotes":""},"categories":[51,49],"tags":[],"class_list":["post-342123","post","type-post","status-publish","format-standard","has-post-thumbnail","hentry","category-evidenza-top","category-news-18","category-51","category-49","description-off"],"img_url":"https:\/\/www.radiopiu.net\/wordpress\/wp-content\/uploads\/2023\/06\/54abecd3-5c91-4213-a988-d37b70fc7bec.jpg","_links":{"self":[{"href":"https:\/\/www.radiopiu.net\/wordpress\/wp-json\/wp\/v2\/posts\/342123","targetHints":{"allow":["GET"]}}],"collection":[{"href":"https:\/\/www.radiopiu.net\/wordpress\/wp-json\/wp\/v2\/posts"}],"about":[{"href":"https:\/\/www.radiopiu.net\/wordpress\/wp-json\/wp\/v2\/types\/post"}],"author":[{"embeddable":true,"href":"https:\/\/www.radiopiu.net\/wordpress\/wp-json\/wp\/v2\/users\/4"}],"replies":[{"embeddable":true,"href":"https:\/\/www.radiopiu.net\/wordpress\/wp-json\/wp\/v2\/comments?post=342123"}],"version-history":[{"count":0,"href":"https:\/\/www.radiopiu.net\/wordpress\/wp-json\/wp\/v2\/posts\/342123\/revisions"}],"wp:featuredmedia":[{"embeddable":true,"href":"https:\/\/www.radiopiu.net\/wordpress\/wp-json\/wp\/v2\/media\/342067"}],"wp:attachment":[{"href":"https:\/\/www.radiopiu.net\/wordpress\/wp-json\/wp\/v2\/media?parent=342123"}],"wp:term":[{"taxonomy":"category","embeddable":true,"href":"https:\/\/www.radiopiu.net\/wordpress\/wp-json\/wp\/v2\/categories?post=342123"},{"taxonomy":"post_tag","embeddable":true,"href":"https:\/\/www.radiopiu.net\/wordpress\/wp-json\/wp\/v2\/tags?post=342123"}],"curies":[{"name":"wp","href":"https:\/\/api.w.org\/{rel}","templated":true}]}}