{"id":342293,"date":"2023-07-01T06:01:27","date_gmt":"2023-07-01T04:01:27","guid":{"rendered":"https:\/\/www.radiopiu.net\/wordpress\/?p=342293"},"modified":"2023-07-01T06:05:55","modified_gmt":"2023-07-01T04:05:55","slug":"giornale-radiopiu-01-luglio-2023-direttore-mirko-mezzacasaverso-i-40-anni-25-giugno-1983-25-giugno-2023","status":"publish","type":"post","link":"https:\/\/www.radiopiu.net\/wordpress\/giornale-radiopiu-01-luglio-2023-direttore-mirko-mezzacasaverso-i-40-anni-25-giugno-1983-25-giugno-2023\/","title":{"rendered":"GIORNALE RADIOPIU 01 LUGLIO 2023 DIRETTORE MIRKO MEZZACASA\u2026VERSO I 40 ANNI 25 GIUGNO 1983-25 GIUGNO 2023"},"content":{"rendered":"<h2 style=\"text-align: left;\"><span style=\"color: #ff0000;\"><span style=\"vertical-align: inherit;\"><a class=\"dt-pswp-item\" href=\"https:\/\/www.radiopiu.net\/wordpress\/wp-content\/uploads\/2023\/04\/e0aad41d-951e-47b9-9fae-1a879a9bcb7e-1.jpg\" data-dt-img-description=\"\" data-large_image_width=\"1200\" data-large_image_height=\"1200\"><img loading=\"lazy\" decoding=\"async\" class=\"wp-image-333205 alignleft\" src=\"https:\/\/www.radiopiu.net\/wordpress\/wp-content\/uploads\/2023\/04\/e0aad41d-951e-47b9-9fae-1a879a9bcb7e-1-300x300.jpg\" alt=\"\" width=\"110\" height=\"110\" srcset=\"https:\/\/www.radiopiu.net\/wordpress\/wp-content\/uploads\/2023\/04\/e0aad41d-951e-47b9-9fae-1a879a9bcb7e-1-300x300.jpg 300w, https:\/\/www.radiopiu.net\/wordpress\/wp-content\/uploads\/2023\/04\/e0aad41d-951e-47b9-9fae-1a879a9bcb7e-1-1024x1024.jpg 1024w, https:\/\/www.radiopiu.net\/wordpress\/wp-content\/uploads\/2023\/04\/e0aad41d-951e-47b9-9fae-1a879a9bcb7e-1-150x150.jpg 150w, https:\/\/www.radiopiu.net\/wordpress\/wp-content\/uploads\/2023\/04\/e0aad41d-951e-47b9-9fae-1a879a9bcb7e-1-768x768.jpg 768w, https:\/\/www.radiopiu.net\/wordpress\/wp-content\/uploads\/2023\/04\/e0aad41d-951e-47b9-9fae-1a879a9bcb7e-1.jpg 1200w\" sizes=\"auto, (max-width: 110px) 100vw, 110px\" \/><\/a><\/span><\/span><\/h2>\n<h1 class=\"entry-title\">40esimo di RADIOPIU\u2026. LA VOCE DELL\u2019EMOZIONE<\/h1>\n<p>&nbsp;<\/p>\n<h2><span style=\"color: #ff0000;\">ISCRIVITI AL NOSTRO CANALE\u00a0\u00a0YOUTUBE PER SEGUIRE IN DIRETTA I PRINCIPALI PROGRAMMI DI RADIO PIU\u2019 E LE FUTURE DIRETTE IN ESTERNA. PER ISCRIVERTI\u00a0<a style=\"color: #ff0000;\" href=\"https:\/\/youtube.com\/@radiopiu1527\">CLICCA QUI\u00a0<\/a>E PREMI\u00a0 \u201cIscriviti\u201d\u00a0 \u00a0<\/span><\/h2>\n<p>&nbsp;<\/p>\n<hr \/>\n<p>&nbsp;<\/p>\n<blockquote>\n<h2>CHIUDE LA PRINCIPALE PER IL DURAN, DEVIAZIONI IN LOCO<\/h2>\n<\/blockquote>\n<p><strong>SP347 DEL DURAN E CEREDA:<\/strong> localit\u00e0 Lantrago La Valle. <span style=\"color: #ff0000;\">Fino\u00a0al 13 luglio<\/span> chiusura totale al traffico della strada per il Passo Duran per lavori di allargamento del Ponte Lantrago e sistemazione della carreggiata. percorso alternativo consigliato: CROSTOLIN-GAIDON\u00a0 strada comunale interdetta al transito dei veicoli con larghezza superiore ai 2 metri e 40 centimetri.<\/p>\n<p>&nbsp;<\/p>\n<p>&nbsp;<\/p>\n<hr \/>\n<p>&nbsp;<\/p>\n<blockquote>\n<h3>SAVINER-DIGONERA<\/h3>\n<\/blockquote>\n<p><strong>ROCCA PIETORE<\/strong> Per motivi tecnici la strada di Digonera i lavori sono sostanzialmente sospesi e la strada \u00e8 dunque aperta fino alle 8 di luned\u00ec. Quindi OGGI si pu\u00f2 transitare a senso unico alternato.<\/p>\n<p>&nbsp;<\/p>\n<hr \/>\n<p>&nbsp;<\/p>\n<blockquote>\n<h3><a class=\"dt-pswp-item\" href=\"https:\/\/www.radiopiu.net\/wordpress\/wp-content\/uploads\/2023\/04\/drop-1759703__340.jpg\" data-dt-img-description=\"\" data-large_image_width=\"637\" data-large_image_height=\"340\"><img loading=\"lazy\" decoding=\"async\" class=\"wp-image-331136 alignleft\" src=\"https:\/\/www.radiopiu.net\/wordpress\/wp-content\/uploads\/2023\/04\/drop-1759703__340-300x160.jpg\" alt=\"\" width=\"154\" height=\"82\" srcset=\"https:\/\/www.radiopiu.net\/wordpress\/wp-content\/uploads\/2023\/04\/drop-1759703__340-300x160.jpg 300w, https:\/\/www.radiopiu.net\/wordpress\/wp-content\/uploads\/2023\/04\/drop-1759703__340.jpg 637w\" sizes=\"auto, (max-width: 154px) 100vw, 154px\" \/><\/a>FINALMENTE ANCHE A PONGAN ACQUA DI NUOVO POTABILE<\/h3>\n<\/blockquote>\n<p><strong>GOSALDO<\/strong>\u00a0 in localit\u00e0 PONGAN l&#8217;acqua erogata dall&#8217;acquedotto \u00e8 di nuovo potabile e pu\u00f2 essere usata, quindi, per scopi alimentari.<\/p>\n<p>&nbsp;<\/p>\n<p>&nbsp;<\/p>\n<hr \/>\n<p>&nbsp;<\/p>\n<blockquote>\n<h3>METEO. TEMPO INSTABILE CON ROVESCI E TEMPORALI SULLE DOLOMITI, SULLA PIANURA E SULLA COSTA<\/h3>\n<\/blockquote>\n<p><strong>VENEZIA <\/strong>Il Centro Funzionale Decentrato della Protezione Civile della Regione del Veneto ha emesso un avviso in cui dichiara uno stato di attenzione fino all&#8217;intera giornata di oggi. Si prevede un tempo a tratti instabile con rovesci e temporali da locali sulle Dolomiti a sparsi su pianura e costa. Saranno possibili locali fenomeni intensi (forti rovesci, forti raffiche di vento e locali grandinate) specie su pianura centro-sud e costa, meno probabili ma non del tutto esclusi anche sul resto della regione.<\/p>\n<p><a class=\"dt-pswp-item\" href=\"https:\/\/www.radiopiu.net\/wordpress\/wp-content\/uploads\/2023\/06\/MET.png\" data-dt-img-description=\"\" data-large_image_width=\"783\" data-large_image_height=\"219\"><img loading=\"lazy\" decoding=\"async\" class=\"wp-image-342336 size-full aligncenter\" src=\"https:\/\/www.radiopiu.net\/wordpress\/wp-content\/uploads\/2023\/06\/MET.png\" alt=\"\" width=\"783\" height=\"219\" srcset=\"https:\/\/www.radiopiu.net\/wordpress\/wp-content\/uploads\/2023\/06\/MET.png 783w, https:\/\/www.radiopiu.net\/wordpress\/wp-content\/uploads\/2023\/06\/MET-300x84.png 300w, https:\/\/www.radiopiu.net\/wordpress\/wp-content\/uploads\/2023\/06\/MET-768x215.png 768w\" sizes=\"auto, (max-width: 783px) 100vw, 783px\" \/><\/a><\/p>\n<p>&nbsp;<\/p>\n<hr \/>\n<p>&nbsp;<\/p>\n<blockquote>\n<h3>RINNOVATA E POTENZIATA LA CONVENZIONE CON IL SOCCORSO ALPINO PER L\u2019ELISOCCORSO<\/h3>\n<\/blockquote>\n<p><strong><a class=\"dt-pswp-item\" href=\"https:\/\/www.radiopiu.net\/wordpress\/wp-content\/uploads\/2023\/06\/Soccorso-alpino-rinnovo-convenzione2.jpeg\" data-dt-img-description=\"\" data-large_image_width=\"1496\" data-large_image_height=\"1185\"><img loading=\"lazy\" decoding=\"async\" class=\" wp-image-342363 alignleft\" src=\"https:\/\/www.radiopiu.net\/wordpress\/wp-content\/uploads\/2023\/06\/Soccorso-alpino-rinnovo-convenzione2-300x238.jpeg\" alt=\"\" width=\"151\" height=\"120\" srcset=\"https:\/\/www.radiopiu.net\/wordpress\/wp-content\/uploads\/2023\/06\/Soccorso-alpino-rinnovo-convenzione2-300x238.jpeg 300w, https:\/\/www.radiopiu.net\/wordpress\/wp-content\/uploads\/2023\/06\/Soccorso-alpino-rinnovo-convenzione2-1024x811.jpeg 1024w, https:\/\/www.radiopiu.net\/wordpress\/wp-content\/uploads\/2023\/06\/Soccorso-alpino-rinnovo-convenzione2-768x608.jpeg 768w, https:\/\/www.radiopiu.net\/wordpress\/wp-content\/uploads\/2023\/06\/Soccorso-alpino-rinnovo-convenzione2.jpeg 1496w\" sizes=\"auto, (max-width: 151px) 100vw, 151px\" \/><\/a>BELLUNO<\/strong> L&#8217;ULSS Dolomiti e il Soccorso Alpino Dolomiti Bellunesi rinnovano la convenzione triennale per le attivit\u00e0 di elisoccorso in collaborazione con il SUEM 118. La convenzione prevede l&#8217;estensione della presenza del tecnico del soccorso alpino nella Centrale Operativa di Pieve per tutto l&#8217;anno. Il tecnico del soccorso alpino coordina le squadre a terra con il team sanitario dell&#8217;elisoccorso e gestisce le chiamate relative a informazioni di sicurezza o soccorso. In caso di soccorso sanitario, collabora con l&#8217;infermiere nella localizzazione precisa e nell&#8217;invio delle squadre di supporto. \u00c8 previsto un aumento del budget per la formazione, il trasporto di materiali in quota e l&#8217;addestramento. Il finanziamento totale \u00e8 di 454.300 euro all&#8217;anno, con un ulteriore budget per il tecnico di elisoccorso sul secondo elicottero estivo.<\/p>\n<p>&nbsp;<\/p>\n<p>&nbsp;<\/p>\n<hr \/>\n<p>&nbsp;<\/p>\n<blockquote>\n<h3 class=\"entry-title\">SOCCORSA UNA TURISTA CANADESE A FORCELLA DE ZITA SUD<\/h3>\n<\/blockquote>\n<p><strong>AGORDO<\/strong> Ieri v<span dir=\"ltr\">erso le 10.40<\/span>\u00a0l\u2019elicottero del Suem di Pieve di Cadore \u00e8 intervenuto all\u2019altezza di Forcella De Zita Sud, a 2.350 metri di quota, per una turista canadese che si era procurata un sospetto trauma toracico dopo essere caduta. Individuata in cresta una persona che faceva segnali, l\u2019eliambulanza \u00e8 atterrata e ha sbarcato equipe medica e tecnico di elisoccorso. L\u2019infortunata si trovava una sessantina di metri pi\u00f9 in basso assieme al marito, sul sentiero numero 514 che porta al Rifugio Pian de Fontana. Una volta assistita da medico e infermiere, la 67enne di Toronto \u00e8 stata recuperata con un verricello di 30 metri e trasportata all\u2019ospedale di Agordo.<\/p>\n<p>&nbsp;<\/p>\n<p>&nbsp;<\/p>\n<hr \/>\n<p>&nbsp;<\/p>\n<blockquote>\n<h3>MESSA IN SICUREZZA DI PONTI E VIADOTTI STRADALI, LA PROVINCIA CHIEDE IL FINANZIAMENTO PER 14 MANUFATTI<\/h3>\n<\/blockquote>\n<p><strong>BELLUNO <\/strong>Operazione ponti, la Provincia punta al restyling completo di diversi viadotti stradali. Oggi gli uffici di Palazzo Piloni hanno inviato la richiesta di finanziamento a valere sul Dm del 5 maggio 2022 (\u201cRipartizione e utilizzo dei fondi previsti dall\u2019art. 49 del Decreto legge 14 agosto 2020 n. 104 convertito con modificazioni dalla legge 13 ottobre 2020 n. 126, per la messa in sicurezza dei ponti e viadotti esistenti della rete viaria di Province e Citt\u00e0 metropolitane\u201d): sono state presentate le schede di quattordici tra ponti e viadotti, distribuiti su tutto il territorio provinciale. Si tratta soprattutto di manufatti datati, bisognosi di interventi di messa in sicurezza, a cui si aggiunge il monitoraggio di tutti i ponti sulla rete stradale provinciale, per un valore complessivo che si aggira sui 9,5 milioni di euro.<\/p>\n<p><strong>FABIO LUCCHETTA, DELEGATO ALLA VIABILITA&#8217; DELLA PROVINCIA DI BELLUNO<\/strong><\/p>\n<audio class=\"wp-audio-shortcode\" id=\"audio-342293-1\" preload=\"none\" style=\"width: 100%;\" controls=\"controls\"><source type=\"audio\/mpeg\" src=\"https:\/\/www.radiopiu.net\/wordpress\/wp-content\/uploads\/2023\/06\/LUCCHETTA.mp3?_=1\" \/><a href=\"https:\/\/www.radiopiu.net\/wordpress\/wp-content\/uploads\/2023\/06\/LUCCHETTA.mp3\">https:\/\/www.radiopiu.net\/wordpress\/wp-content\/uploads\/2023\/06\/LUCCHETTA.mp3<\/a><\/audio>\n<p>&nbsp;<\/p>\n\n\t\t\t<style type='text\/css'>\n\t\t\t\t#gallery-1 {\n\t\t\t\t\tmargin: auto;\n\t\t\t\t}\n\t\t\t\t#gallery-1 .gallery-item {\n\t\t\t\t\tfloat: left;\n\t\t\t\t\tmargin-top: 10px;\n\t\t\t\t\ttext-align: center;\n\t\t\t\t\twidth: 33%;\n\t\t\t\t}\n\t\t\t\t#gallery-1 img {\n\t\t\t\t\tborder: 2px solid #cfcfcf;\n\t\t\t\t}\n\t\t\t\t#gallery-1 .gallery-caption {\n\t\t\t\t\tmargin-left: 0;\n\t\t\t\t}\n\t\t\t\t\/* see gallery_shortcode() in wp-includes\/media.php *\/\n\t\t\t<\/style>\n\t\t<div id='gallery-1' class='dt-gallery-container gallery galleryid-342293 gallery-columns-3 gallery-size-medium'><dl class='gallery-item'>\n\t\t\t\t<dt class='gallery-icon landscape'>\n\t\t\t\t\t<a class=\"rollover rollover-zoom dt-pswp-item\" title=\"Ponte Sp 16 Seren_2\" data-dt-img-description=\"\" data-large_image_width=\"324\" data-large_image_height=\"245\"href='https:\/\/www.radiopiu.net\/wordpress\/wp-content\/uploads\/2023\/06\/Ponte-Sp-16-Seren_2.jpg'><img loading=\"lazy\" decoding=\"async\" width=\"300\" height=\"227\" src=\"https:\/\/www.radiopiu.net\/wordpress\/wp-content\/uploads\/2023\/06\/Ponte-Sp-16-Seren_2-300x227.jpg\" class=\"attachment-medium size-medium\" alt=\"\" srcset=\"https:\/\/www.radiopiu.net\/wordpress\/wp-content\/uploads\/2023\/06\/Ponte-Sp-16-Seren_2-300x227.jpg 300w, https:\/\/www.radiopiu.net\/wordpress\/wp-content\/uploads\/2023\/06\/Ponte-Sp-16-Seren_2.jpg 324w\" sizes=\"auto, (max-width: 300px) 100vw, 300px\" \/><\/a>\n\t\t\t\t<\/dt><\/dl><dl class='gallery-item'>\n\t\t\t\t<dt class='gallery-icon landscape'>\n\t\t\t\t\t<a class=\"rollover rollover-zoom dt-pswp-item\" title=\"Ponte Sp 16 Seren del Grappa_1\" data-dt-img-description=\"\" data-large_image_width=\"365\" data-large_image_height=\"250\"href='https:\/\/www.radiopiu.net\/wordpress\/wp-content\/uploads\/2023\/06\/Ponte-Sp-16-Seren-del-Grappa_1.jpg'><img loading=\"lazy\" decoding=\"async\" width=\"300\" height=\"205\" src=\"https:\/\/www.radiopiu.net\/wordpress\/wp-content\/uploads\/2023\/06\/Ponte-Sp-16-Seren-del-Grappa_1-300x205.jpg\" class=\"attachment-medium size-medium\" alt=\"\" srcset=\"https:\/\/www.radiopiu.net\/wordpress\/wp-content\/uploads\/2023\/06\/Ponte-Sp-16-Seren-del-Grappa_1-300x205.jpg 300w, https:\/\/www.radiopiu.net\/wordpress\/wp-content\/uploads\/2023\/06\/Ponte-Sp-16-Seren-del-Grappa_1.jpg 365w\" sizes=\"auto, (max-width: 300px) 100vw, 300px\" \/><\/a>\n\t\t\t\t<\/dt><\/dl><dl class='gallery-item'>\n\t\t\t\t<dt class='gallery-icon landscape'>\n\t\t\t\t\t<a class=\"rollover rollover-zoom dt-pswp-item\" title=\"Sp Passo San Boldo\" data-dt-img-description=\"\" data-large_image_width=\"1044\" data-large_image_height=\"816\"href='https:\/\/www.radiopiu.net\/wordpress\/wp-content\/uploads\/2023\/06\/Sp-Passo-San-Boldo.jpg'><img loading=\"lazy\" decoding=\"async\" width=\"300\" height=\"234\" src=\"https:\/\/www.radiopiu.net\/wordpress\/wp-content\/uploads\/2023\/06\/Sp-Passo-San-Boldo-300x234.jpg\" class=\"attachment-medium size-medium\" alt=\"\" srcset=\"https:\/\/www.radiopiu.net\/wordpress\/wp-content\/uploads\/2023\/06\/Sp-Passo-San-Boldo-300x234.jpg 300w, https:\/\/www.radiopiu.net\/wordpress\/wp-content\/uploads\/2023\/06\/Sp-Passo-San-Boldo-1024x800.jpg 1024w, https:\/\/www.radiopiu.net\/wordpress\/wp-content\/uploads\/2023\/06\/Sp-Passo-San-Boldo-768x600.jpg 768w, https:\/\/www.radiopiu.net\/wordpress\/wp-content\/uploads\/2023\/06\/Sp-Passo-San-Boldo.jpg 1044w\" sizes=\"auto, (max-width: 300px) 100vw, 300px\" \/><\/a>\n\t\t\t\t<\/dt><\/dl><br style=\"clear: both\" \/>\n\t\t\t<\/div>\n\n<p>&nbsp;<\/p>\n<hr \/>\n<p>&nbsp;<\/p>\n<blockquote>\n<h3>CONFERMATI I LAVORI PER LA COPERTURA DELLE TRIBUNE DELL&#8217;IVANO DORIGO DI AGORDO<\/h3>\n<\/blockquote>\n<p><strong><a class=\"dt-pswp-item\" href=\"https:\/\/www.radiopiu.net\/wordpress\/wp-content\/uploads\/2020\/11\/IVANO-DORIGO-AGORDO.jpg\" data-dt-img-description=\"\" data-large_image_width=\"1024\" data-large_image_height=\"768\"><img loading=\"lazy\" decoding=\"async\" class=\" wp-image-169847 alignleft\" src=\"https:\/\/www.radiopiu.net\/wordpress\/wp-content\/uploads\/2020\/11\/IVANO-DORIGO-AGORDO-300x225.jpg\" alt=\"\" width=\"157\" height=\"118\" srcset=\"https:\/\/www.radiopiu.net\/wordpress\/wp-content\/uploads\/2020\/11\/IVANO-DORIGO-AGORDO-300x225.jpg 300w, https:\/\/www.radiopiu.net\/wordpress\/wp-content\/uploads\/2020\/11\/IVANO-DORIGO-AGORDO-768x576.jpg 768w, https:\/\/www.radiopiu.net\/wordpress\/wp-content\/uploads\/2020\/11\/IVANO-DORIGO-AGORDO.jpg 1024w\" sizes=\"auto, (max-width: 157px) 100vw, 157px\" \/><\/a>AGORDO<\/strong><\/p>\n<p>di Gianni Santomaso<\/p>\n<audio class=\"wp-audio-shortcode\" id=\"audio-342293-2\" preload=\"none\" style=\"width: 100%;\" controls=\"controls\"><source type=\"audio\/mpeg\" src=\"https:\/\/www.radiopiu.net\/wordpress\/wp-content\/uploads\/2023\/06\/GIANNI-CONFERMATI-I-LAVORI-DI-COPRETURA-DELLE-TRIBUNE-DELLIVANO-DORIGO-DI-AGORDO.mp3?_=2\" \/><a href=\"https:\/\/www.radiopiu.net\/wordpress\/wp-content\/uploads\/2023\/06\/GIANNI-CONFERMATI-I-LAVORI-DI-COPRETURA-DELLE-TRIBUNE-DELLIVANO-DORIGO-DI-AGORDO.mp3\">https:\/\/www.radiopiu.net\/wordpress\/wp-content\/uploads\/2023\/06\/GIANNI-CONFERMATI-I-LAVORI-DI-COPRETURA-DELLE-TRIBUNE-DELLIVANO-DORIGO-DI-AGORDO.mp3<\/a><\/audio>\n<p>&nbsp;<\/p>\n<hr \/>\n<p>&nbsp;<\/p>\n<blockquote>\n<h3>SAFILO-THELIOS: LE PREOCCUPAZIONI DELLA CGIL<\/h3>\n<\/blockquote>\n<p><strong><a class=\"dt-pswp-item\" href=\"https:\/\/www.radiopiu.net\/wordpress\/wp-content\/uploads\/2020\/12\/CGIL.jpg\" data-dt-img-description=\"\" data-large_image_width=\"512\" data-large_image_height=\"285\"><img loading=\"lazy\" decoding=\"async\" class=\" wp-image-180372 alignleft\" src=\"https:\/\/www.radiopiu.net\/wordpress\/wp-content\/uploads\/2020\/12\/CGIL-300x167.jpg\" alt=\"\" width=\"208\" height=\"116\" srcset=\"https:\/\/www.radiopiu.net\/wordpress\/wp-content\/uploads\/2020\/12\/CGIL-300x167.jpg 300w, https:\/\/www.radiopiu.net\/wordpress\/wp-content\/uploads\/2020\/12\/CGIL.jpg 512w\" sizes=\"auto, (max-width: 208px) 100vw, 208px\" \/><\/a>BELLUNO<\/strong> La CGIL di Belluno esprime preoccupazione per il futuro lavorativo di quasi 460 dipendenti e delle loro famiglie presso Safilo e Th\u00e9lios. Ritengono inaccettabile che le due aziende dettino i tempi e propongano un accordo che non protegga i livelli occupazionali. La CGIL suggerisce che Th\u00e9lios, una realt\u00e0 consolidata sul mercato, possa assorbire tutti i lavoratori senza spezzettare l&#8217;azienda. Nel sessantesimo anniversario della tragedia del Vajont, la CGIL sottolinea l&#8217;importanza di mantenere un segnale di sostegno economico sul territorio e di agire con lungimiranza. La CGIL \u00e8 disposta a firmare un accordo purch\u00e9 Th\u00e9lios assuma tutti i lavoratori e Safilo si faccia carico dei costi dell&#8217;operazione. La sigla sindacale non accetta una soluzione che limiti i danni, ma chiede una tutela occupazionale adeguata. Th\u00e9lios e Safilo sono considerate aziende solide, non in crisi, e pertanto la CGIL ritiene che abbiano le risorse per affrontare la situazione. Si sottolinea anche il legame tra l&#8217;operazione Safilo e il territorio di Longarone, che ha beneficiato di sostegni economici dopo la tragedia del Vajont. La CGIL auspica che Th\u00e9lios dimostri una visione generosa e lungimirante, assorbendo tutti i dipendenti di Safilo e investendo sulle loro competenze.<\/p>\n<p>&nbsp;<\/p>\n<p>&nbsp;<\/p>\n<hr \/>\n<p>&nbsp;<\/p>\n<blockquote>\n<h3>LA UIL ESPRIME PREOCCUPAZIONE PER LO STATO DEI LAVORI IN VISTA DELLE OLIMPIADI 2026<\/h3>\n<\/blockquote>\n<p><strong><a class=\"dt-pswp-item\" href=\"https:\/\/www.radiopiu.net\/wordpress\/wp-content\/uploads\/2023\/06\/uil-belluno.png\" data-dt-img-description=\"\" data-large_image_width=\"310\" data-large_image_height=\"317\"><img loading=\"lazy\" decoding=\"async\" class=\"wp-image-342349 alignleft\" src=\"https:\/\/www.radiopiu.net\/wordpress\/wp-content\/uploads\/2023\/06\/uil-belluno-293x300.png\" alt=\"\" width=\"145\" height=\"148\" srcset=\"https:\/\/www.radiopiu.net\/wordpress\/wp-content\/uploads\/2023\/06\/uil-belluno-293x300.png 293w, https:\/\/www.radiopiu.net\/wordpress\/wp-content\/uploads\/2023\/06\/uil-belluno.png 310w\" sizes=\"auto, (max-width: 145px) 100vw, 145px\" \/><\/a>BELLUNO<\/strong> La UIL e la UIL-Trasporti di Belluno esprimono preoccupazione per lo stato dei lavori delle opere previste per le Olimpiadi di Milano-Cortina 2026. Ritengono che ci sia una situazione di stallo e mancanza di sviluppi concreti, soprattutto per quanto riguarda i cantieri nel territorio del Cadore. La coordinatrice della UIL di Belluno, Sonia Bridda, chiede di coinvolgere le istituzioni a livello provinciale e regionale per conoscere lo stato effettivo dei lavori e l&#8217;importanza strategica delle opere per il territorio. La realizzazione di queste opere \u00e8 vista come un modo per contrastare lo spopolamento e favorire la nascita di nuove imprese. Inoltre, si richiede il parere delle istituzioni su una lista di ulteriori opere infrastrutturali, tra cui il proseguimento a nord, che potrebbero contribuire allo sviluppo del territorio. Il segretario generale della UIL-Traspor di Belluno-Treviso, Federico Cuzzolin, esprime preoccupazione per la lentezza dei progressi e sottolinea che molte variazioni previste potrebbero non essere pronte entro il 2026. Ci\u00f2 potrebbe comportare una perdita di immagine e incertezze sul destino delle opere incompiute o non realizzate. Si richiedono rassicurazioni e informazioni precise perch\u00e9 lo sviluppo del territorio dipende direttamente dalle infrastrutture realizzate. Si solleva l&#8217;allarme sul rischio che la fretta e l&#8217;aumento dei prezzi favoriscano logiche di massimo ribasso a discapito dei lavoratori. Si chiede alla regione di vigilare su queste questioni.<\/p>\n<p>&nbsp;<\/p>\n<p>&nbsp;<\/p>\n<hr \/>\n<p>&nbsp;<\/p>\n<blockquote>\n<h3>NUOVI MEZZI DOLOMITI BUS A CORTINA. PRESENTATI QUATTRO BUS EURO 6<\/h3>\n<\/blockquote>\n<p><strong>BELLUNO<\/strong> Sono stati presentati a Cortina i nuovi mezzi di Dolomiti Bus che entreranno in servizio per le tratte urbane del centro ampezzano. Si tratta di quattro bus Isuzu modello NovoCiti Life (urbano classe I) dalle elevate prestazioni: autobus diesel Euro 6 di ultima generazione a pianale ribassato, predisposti per caricare a bordo persone con disabilit\u00e0 in carrozzina. Mezzi compatti, di piccole dimensioni (appena 8 metri di lunghezza), ma dalla capienza elevata: possono infatti portare fino a una sessantina di passeggeri a seconda degli assetti (21 seduti e il resto in piedi). Sono tutti attrezzati con il sistema interno di videosorveglianza, con indicatori luminosi a colori e annuncio vocale per l\u2019utenza, e sistemi di geolocalizzazione.<\/p>\n\n\t\t\t<style type='text\/css'>\n\t\t\t\t#gallery-2 {\n\t\t\t\t\tmargin: auto;\n\t\t\t\t}\n\t\t\t\t#gallery-2 .gallery-item {\n\t\t\t\t\tfloat: left;\n\t\t\t\t\tmargin-top: 10px;\n\t\t\t\t\ttext-align: center;\n\t\t\t\t\twidth: 20%;\n\t\t\t\t}\n\t\t\t\t#gallery-2 img {\n\t\t\t\t\tborder: 2px solid #cfcfcf;\n\t\t\t\t}\n\t\t\t\t#gallery-2 .gallery-caption {\n\t\t\t\t\tmargin-left: 0;\n\t\t\t\t}\n\t\t\t\t\/* see gallery_shortcode() in wp-includes\/media.php *\/\n\t\t\t<\/style>\n\t\t<div id='gallery-2' class='dt-gallery-container gallery galleryid-342293 gallery-columns-5 gallery-size-thumbnail'><dl class='gallery-item'>\n\t\t\t\t<dt class='gallery-icon landscape'>\n\t\t\t\t\t<a class=\"rollover rollover-zoom dt-pswp-item\" title=\"dbus cortina-19\" data-dt-img-description=\"\" data-large_image_width=\"1024\" data-large_image_height=\"683\"href='https:\/\/www.radiopiu.net\/wordpress\/wp-content\/uploads\/2023\/06\/dbus-cortina-19.jpg'><img loading=\"lazy\" decoding=\"async\" width=\"150\" height=\"150\" src=\"https:\/\/www.radiopiu.net\/wordpress\/wp-content\/uploads\/2023\/06\/dbus-cortina-19-150x150.jpg\" class=\"attachment-thumbnail size-thumbnail\" alt=\"\" \/><\/a>\n\t\t\t\t<\/dt><\/dl><dl class='gallery-item'>\n\t\t\t\t<dt class='gallery-icon landscape'>\n\t\t\t\t\t<a class=\"rollover rollover-zoom dt-pswp-item\" title=\"dbus cortina-22\" data-dt-img-description=\"\" data-large_image_width=\"1024\" data-large_image_height=\"683\"href='https:\/\/www.radiopiu.net\/wordpress\/wp-content\/uploads\/2023\/06\/dbus-cortina-22.jpg'><img loading=\"lazy\" decoding=\"async\" width=\"150\" height=\"150\" src=\"https:\/\/www.radiopiu.net\/wordpress\/wp-content\/uploads\/2023\/06\/dbus-cortina-22-150x150.jpg\" class=\"attachment-thumbnail size-thumbnail\" alt=\"\" \/><\/a>\n\t\t\t\t<\/dt><\/dl><dl class='gallery-item'>\n\t\t\t\t<dt class='gallery-icon landscape'>\n\t\t\t\t\t<a class=\"rollover rollover-zoom dt-pswp-item\" title=\"dbus cortina-27\" data-dt-img-description=\"\" data-large_image_width=\"1024\" data-large_image_height=\"517\"href='https:\/\/www.radiopiu.net\/wordpress\/wp-content\/uploads\/2023\/06\/dbus-cortina-27.jpg'><img loading=\"lazy\" decoding=\"async\" width=\"150\" height=\"150\" src=\"https:\/\/www.radiopiu.net\/wordpress\/wp-content\/uploads\/2023\/06\/dbus-cortina-27-150x150.jpg\" class=\"attachment-thumbnail size-thumbnail\" alt=\"\" \/><\/a>\n\t\t\t\t<\/dt><\/dl><dl class='gallery-item'>\n\t\t\t\t<dt class='gallery-icon landscape'>\n\t\t\t\t\t<a class=\"rollover rollover-zoom dt-pswp-item\" title=\"dbus cortina-29\" data-dt-img-description=\"\" data-large_image_width=\"1024\" data-large_image_height=\"668\"href='https:\/\/www.radiopiu.net\/wordpress\/wp-content\/uploads\/2023\/06\/dbus-cortina-29.jpg'><img loading=\"lazy\" decoding=\"async\" width=\"150\" height=\"150\" src=\"https:\/\/www.radiopiu.net\/wordpress\/wp-content\/uploads\/2023\/06\/dbus-cortina-29-150x150.jpg\" class=\"attachment-thumbnail size-thumbnail\" alt=\"\" \/><\/a>\n\t\t\t\t<\/dt><\/dl><dl class='gallery-item'>\n\t\t\t\t<dt class='gallery-icon landscape'>\n\t\t\t\t\t<a class=\"rollover rollover-zoom dt-pswp-item\" title=\"PSX_20230630_130216\" data-dt-img-description=\"\" data-large_image_width=\"1024\" data-large_image_height=\"768\"href='https:\/\/www.radiopiu.net\/wordpress\/wp-content\/uploads\/2023\/06\/PSX_20230630_130216.jpg'><img loading=\"lazy\" decoding=\"async\" width=\"150\" height=\"150\" src=\"https:\/\/www.radiopiu.net\/wordpress\/wp-content\/uploads\/2023\/06\/PSX_20230630_130216-150x150.jpg\" class=\"attachment-thumbnail size-thumbnail\" alt=\"\" \/><\/a>\n\t\t\t\t<\/dt><\/dl><br style=\"clear: both\" \/>\n\t\t\t<\/div>\n\n<p>&nbsp;<\/p>\n<hr \/>\n<p>&nbsp;<\/p>\n<blockquote>\n<h3>BIM GSP, RINNOVATO L\u2019ACQUEDOTTO IN NEVEGAL<\/h3>\n<\/blockquote>\n<p><strong>BELLUNO\u00a0 <\/strong>Migliorare il servizio e ridurre le perdite, un tassello dopo l\u2019altro. Sono inseriti in questa macro-progettualit\u00e0 i lavori di rinnovamento della rete acquedottistica a servizio dell\u2019abitato del Nevegal, in Comune di Belluno. Bim Gsp, infatti, in poco meno di un mese, ha provveduto a sostituire oltre 600 metri di nuove tubazioni in arrivo al serbatoio Comirato e in uscita dallo stesso. Cinque, complessivamente, le nuove tratte posate e collocate in parallelo tra loro all\u2019interno dell\u2019area di scavo. Contestualmente, sono state rimosse le condotte esistenti, datate e con numerose perdite. Stimato, a completamento delle attivit\u00e0, un risparmio d\u2019acqua di circa 40 metri cubi al giorno, prima dispersi in ambiente. A beneficiarne, le utenze di via Faverghera e della parte alta del Nevegal, che potranno contare su una rete pi\u00f9 efficiente e sostenibile. Il cantiere, affidato all\u2019impresa Tonet di Santa Giustina, si concluder\u00e0 entro la prima settimana di luglio. In parallelo, \u00e8 in corso anche la posa di oltre 800 metri di nuove condotte collegate al serbatoio Col de Gou e a servizio della parte bassa del Colle: sostituiranno le esistenti, soggette a frequenti rotture. Il cantiere, affidato all\u2019impresa De Pra di Ponte nelle Alpi, si concluder\u00e0 tra circa un mese. 200mila euro il valore complessivo dell\u2019investimento messo a terra da Gsp per i due interventi.<\/p>\n\n\t\t\t<style type='text\/css'>\n\t\t\t\t#gallery-3 {\n\t\t\t\t\tmargin: auto;\n\t\t\t\t}\n\t\t\t\t#gallery-3 .gallery-item {\n\t\t\t\t\tfloat: left;\n\t\t\t\t\tmargin-top: 10px;\n\t\t\t\t\ttext-align: center;\n\t\t\t\t\twidth: 33%;\n\t\t\t\t}\n\t\t\t\t#gallery-3 img {\n\t\t\t\t\tborder: 2px solid #cfcfcf;\n\t\t\t\t}\n\t\t\t\t#gallery-3 .gallery-caption {\n\t\t\t\t\tmargin-left: 0;\n\t\t\t\t}\n\t\t\t\t\/* see gallery_shortcode() in wp-includes\/media.php *\/\n\t\t\t<\/style>\n\t\t<div id='gallery-3' class='dt-gallery-container gallery galleryid-342293 gallery-columns-3 gallery-size-thumbnail'><dl class='gallery-item'>\n\t\t\t\t<dt class='gallery-icon landscape'>\n\t\t\t\t\t<a class=\"rollover rollover-zoom dt-pswp-item\" title=\"1_posa condotte collegate al serbatoio Comirato\" data-dt-img-description=\"\" data-large_image_width=\"945\" data-large_image_height=\"709\"href='https:\/\/www.radiopiu.net\/wordpress\/wp-content\/uploads\/2023\/06\/1_posa-condotte-collegate-al-serbatoio-Comirato.jpg'><img loading=\"lazy\" decoding=\"async\" width=\"150\" height=\"150\" src=\"https:\/\/www.radiopiu.net\/wordpress\/wp-content\/uploads\/2023\/06\/1_posa-condotte-collegate-al-serbatoio-Comirato-150x150.jpg\" class=\"attachment-thumbnail size-thumbnail\" alt=\"\" \/><\/a>\n\t\t\t\t<\/dt><\/dl><dl class='gallery-item'>\n\t\t\t\t<dt class='gallery-icon landscape'>\n\t\t\t\t\t<a class=\"rollover rollover-zoom dt-pswp-item\" title=\"2_posa condotte collegate al serbatoio Comirato\" data-dt-img-description=\"\" data-large_image_width=\"945\" data-large_image_height=\"709\"href='https:\/\/www.radiopiu.net\/wordpress\/wp-content\/uploads\/2023\/06\/2_posa-condotte-collegate-al-serbatoio-Comirato.jpg'><img loading=\"lazy\" decoding=\"async\" width=\"150\" height=\"150\" src=\"https:\/\/www.radiopiu.net\/wordpress\/wp-content\/uploads\/2023\/06\/2_posa-condotte-collegate-al-serbatoio-Comirato-150x150.jpg\" class=\"attachment-thumbnail size-thumbnail\" alt=\"\" \/><\/a>\n\t\t\t\t<\/dt><\/dl><dl class='gallery-item'>\n\t\t\t\t<dt class='gallery-icon landscape'>\n\t\t\t\t\t<a class=\"rollover rollover-zoom dt-pswp-item\" title=\"3_posa condotte collegate al serbatoio Comirato\" data-dt-img-description=\"\" data-large_image_width=\"1600\" data-large_image_height=\"900\"href='https:\/\/www.radiopiu.net\/wordpress\/wp-content\/uploads\/2023\/06\/3_posa-condotte-collegate-al-serbatoio-Comirato.jpg'><img loading=\"lazy\" decoding=\"async\" width=\"150\" height=\"150\" src=\"https:\/\/www.radiopiu.net\/wordpress\/wp-content\/uploads\/2023\/06\/3_posa-condotte-collegate-al-serbatoio-Comirato-150x150.jpg\" class=\"attachment-thumbnail size-thumbnail\" alt=\"\" \/><\/a>\n\t\t\t\t<\/dt><\/dl><br style=\"clear: both\" \/>\n\t\t\t<\/div>\n\n<p>&nbsp;<\/p>\n<p>&nbsp;<\/p>\n<hr \/>\n<p>&nbsp;<\/p>\n<blockquote>\n<h3>RIPRISTINATA LA LINEA TELEFONICA A PIANDELMONTE<\/h3>\n<\/blockquote>\n<p><strong><a class=\"dt-pswp-item\" href=\"https:\/\/www.radiopiu.net\/wordpress\/wp-content\/uploads\/2021\/05\/telefono.jpg\" data-dt-img-description=\"\" data-large_image_width=\"1920\" data-large_image_height=\"1280\"><img loading=\"lazy\" decoding=\"async\" class=\" wp-image-209013 alignleft\" src=\"https:\/\/www.radiopiu.net\/wordpress\/wp-content\/uploads\/2021\/05\/telefono-300x200.jpg\" alt=\"\" width=\"138\" height=\"92\" srcset=\"https:\/\/www.radiopiu.net\/wordpress\/wp-content\/uploads\/2021\/05\/telefono-300x200.jpg 300w, https:\/\/www.radiopiu.net\/wordpress\/wp-content\/uploads\/2021\/05\/telefono-1024x683.jpg 1024w, https:\/\/www.radiopiu.net\/wordpress\/wp-content\/uploads\/2021\/05\/telefono-768x512.jpg 768w, https:\/\/www.radiopiu.net\/wordpress\/wp-content\/uploads\/2021\/05\/telefono-1536x1024.jpg 1536w, https:\/\/www.radiopiu.net\/wordpress\/wp-content\/uploads\/2021\/05\/telefono.jpg 1920w\" sizes=\"auto, (max-width: 138px) 100vw, 138px\" \/><\/a>BELLUNO<\/strong> I telefoni sono tornati a squillare a Piandelmonte \u2013 Ronce \u2013 Tassei. Il guasto alla linea telefonica \u00e8 stato ripristinato nei giorni scorsi e ora il servizio funziona regolarmente. Sono anni che i borghi ai piedi del Nevegal lamentano carenze e guasti continui alla linea, lunghi anche diversi giorni.<\/p>\n<p><strong>L&#8217;ASSESSORE AL SOCIALE DEL COMUNE DI BELLUNO MARCO DAL PONT<\/strong><\/p>\n<audio class=\"wp-audio-shortcode\" id=\"audio-342293-3\" preload=\"none\" style=\"width: 100%;\" controls=\"controls\"><source type=\"audio\/mpeg\" src=\"https:\/\/www.radiopiu.net\/wordpress\/wp-content\/uploads\/2023\/06\/Ripristino-linea-telefonica-Assessore-Dal-Pont.mp3?_=3\" \/><a href=\"https:\/\/www.radiopiu.net\/wordpress\/wp-content\/uploads\/2023\/06\/Ripristino-linea-telefonica-Assessore-Dal-Pont.mp3\">https:\/\/www.radiopiu.net\/wordpress\/wp-content\/uploads\/2023\/06\/Ripristino-linea-telefonica-Assessore-Dal-Pont.mp3<\/a><\/audio>\n<p>&nbsp;<\/p>\n<p>&nbsp;<\/p>\n<hr \/>\n<p>&nbsp;<\/p>\n<blockquote>\n<h3>DILLO A RADIO PIU&#8217;&#8230; CI VORREBBE UN PO&#8217; DI ATTENZIONE<\/h3>\n<\/blockquote>\n<p><strong>REDAZIONE<\/strong> La segnalazione di Jessica, stamane strada verso l&#8217;ospedale di Agordo, una zona dove vivono, passeggiano, giocano tanti bambini. Ci vorrebbe maggiore attenzione visto che l&#8217;episodio non \u00e8 purtroppo nuovo. Che si tratta di una siringa da &#8220;tossici&#8221; o da pazienti di altre malattie non fa differenza, l&#8217;ago \u00e8 sempre l&#8217;ago anche se in questo caso almeno ha il cappuccio in plastica.<em> &#8220;Lo abbiamo segnalato da tempo &#8211; dice Jessica &#8211; ma non abbiamo visto soluzioni al problema&#8221;.<\/em><\/p>\n\n\t\t\t<style type='text\/css'>\n\t\t\t\t#gallery-4 {\n\t\t\t\t\tmargin: auto;\n\t\t\t\t}\n\t\t\t\t#gallery-4 .gallery-item {\n\t\t\t\t\tfloat: left;\n\t\t\t\t\tmargin-top: 10px;\n\t\t\t\t\ttext-align: center;\n\t\t\t\t\twidth: 50%;\n\t\t\t\t}\n\t\t\t\t#gallery-4 img {\n\t\t\t\t\tborder: 2px solid #cfcfcf;\n\t\t\t\t}\n\t\t\t\t#gallery-4 .gallery-caption {\n\t\t\t\t\tmargin-left: 0;\n\t\t\t\t}\n\t\t\t\t\/* see gallery_shortcode() in wp-includes\/media.php *\/\n\t\t\t<\/style>\n\t\t<div id='gallery-4' class='dt-gallery-container gallery galleryid-342293 gallery-columns-2 gallery-size-thumbnail'><dl class='gallery-item'>\n\t\t\t\t<dt class='gallery-icon portrait'>\n\t\t\t\t\t<a class=\"rollover rollover-zoom dt-pswp-item\" title=\"357621809_963403945112151_1003577124667942958_n\" data-dt-img-description=\"\" data-large_image_width=\"1536\" data-large_image_height=\"2048\"href='https:\/\/www.radiopiu.net\/wordpress\/wp-content\/uploads\/2023\/06\/357621809_963403945112151_1003577124667942958_n.jpg'><img loading=\"lazy\" decoding=\"async\" width=\"150\" height=\"150\" src=\"https:\/\/www.radiopiu.net\/wordpress\/wp-content\/uploads\/2023\/06\/357621809_963403945112151_1003577124667942958_n-150x150.jpg\" class=\"attachment-thumbnail size-thumbnail\" alt=\"\" \/><\/a>\n\t\t\t\t<\/dt><\/dl><dl class='gallery-item'>\n\t\t\t\t<dt class='gallery-icon portrait'>\n\t\t\t\t\t<a class=\"rollover rollover-zoom dt-pswp-item\" title=\"357378371_1008939206767531_1829112830435912263_n\" data-dt-img-description=\"\" data-large_image_width=\"1536\" data-large_image_height=\"2048\"href='https:\/\/www.radiopiu.net\/wordpress\/wp-content\/uploads\/2023\/06\/357378371_1008939206767531_1829112830435912263_n.jpg'><img loading=\"lazy\" decoding=\"async\" width=\"150\" height=\"150\" src=\"https:\/\/www.radiopiu.net\/wordpress\/wp-content\/uploads\/2023\/06\/357378371_1008939206767531_1829112830435912263_n-150x150.jpg\" class=\"attachment-thumbnail size-thumbnail\" alt=\"\" \/><\/a>\n\t\t\t\t<\/dt><\/dl><br style=\"clear: both\" \/>\n\t\t\t<\/div>\n\n<p>&nbsp;<\/p>\n<hr \/>\n<p>&nbsp;<\/p>\n<blockquote>\n<h3>CASA BOITO A PONTE NELLE ALPI: UNA PORZIONE DONATA AL COMUNE<\/h3>\n<\/blockquote>\n<p><strong>PONTE NELLE ALPI <\/strong>Rosina Zilli ha donato a Ulss e alla Casa di Riposo una cospicua cifra, per progetti e attivit\u00e0 sociali. E anche alcuni edifici, tra cui la casa natale di Silvestro Boito, artista e padre di Arrigo e Camillo. \u00c8 una delle pi\u00f9 antiche strutture di Ponte nelle Alpi e sorge in via Sant\u2019Antonio in un borgo di origine romana della cittadina di \u201cPopuletum\u201d. Nelle travi in legno interne \u00e8 incisa una data del 1500; qui Silvestro Boito vi nacque il 31 luglio 1802. Rimase presto orfano di padre, per cui la madre lo affid\u00f2 alle cure della famiglia Colle di Belluno. Silvestro attir\u00f2 subito l\u2019attenzione di pittori bellunesi per la grande bravura nel disegno. Si trasfer\u00ec maggiorenne in varie citt\u00e0 d\u2019Italia e poi in Austria, Polonia e Russia: riscosse successo ovunque. Si spos\u00f2 con la nobile Giuseppina Radolinska, spostandosi poi a Roma e successivamente a Padova. Ebbe due figli, Arrigo e Camillo che con lui furono tra i protagonisti del Risorgimento italiano. Proprio i figli frequentarono ancora Belluno e Ponte nelle Alpi e si occuparono della casa e dei terreni di Polpet: di Silvestro risultano una \u201cVia Crucis\u201d dipinta nella chiesetta di Madonna di Vedoia e una nella chiesa di Cadola.<span class=\"gmail-Apple-converted-space\"> \u00a0<\/span>Tornando all\u2019attualit\u00e0, nella giornata di gioved\u00ec si \u00e8 svolto un sopralluogo congiunto tra tecnici e amministratori comunali per valutare lo stato dell\u2019edificio e le possibili progettualit\u00e0.<\/p>\n\n\t\t\t<style type='text\/css'>\n\t\t\t\t#gallery-5 {\n\t\t\t\t\tmargin: auto;\n\t\t\t\t}\n\t\t\t\t#gallery-5 .gallery-item {\n\t\t\t\t\tfloat: left;\n\t\t\t\t\tmargin-top: 10px;\n\t\t\t\t\ttext-align: center;\n\t\t\t\t\twidth: 50%;\n\t\t\t\t}\n\t\t\t\t#gallery-5 img {\n\t\t\t\t\tborder: 2px solid #cfcfcf;\n\t\t\t\t}\n\t\t\t\t#gallery-5 .gallery-caption {\n\t\t\t\t\tmargin-left: 0;\n\t\t\t\t}\n\t\t\t\t\/* see gallery_shortcode() in wp-includes\/media.php *\/\n\t\t\t<\/style>\n\t\t<div id='gallery-5' class='dt-gallery-container gallery galleryid-342293 gallery-columns-2 gallery-size-medium'><dl class='gallery-item'>\n\t\t\t\t<dt class='gallery-icon landscape'>\n\t\t\t\t\t<a class=\"rollover rollover-zoom dt-pswp-item\" title=\"Casa_Boito_1\" data-dt-img-description=\"\" data-large_image_width=\"1024\" data-large_image_height=\"816\"href='https:\/\/www.radiopiu.net\/wordpress\/wp-content\/uploads\/2023\/06\/Casa_Boito_1.jpg'><img loading=\"lazy\" decoding=\"async\" width=\"300\" height=\"239\" src=\"https:\/\/www.radiopiu.net\/wordpress\/wp-content\/uploads\/2023\/06\/Casa_Boito_1-300x239.jpg\" class=\"attachment-medium size-medium\" alt=\"\" srcset=\"https:\/\/www.radiopiu.net\/wordpress\/wp-content\/uploads\/2023\/06\/Casa_Boito_1-300x239.jpg 300w, https:\/\/www.radiopiu.net\/wordpress\/wp-content\/uploads\/2023\/06\/Casa_Boito_1-768x612.jpg 768w, https:\/\/www.radiopiu.net\/wordpress\/wp-content\/uploads\/2023\/06\/Casa_Boito_1.jpg 1024w\" sizes=\"auto, (max-width: 300px) 100vw, 300px\" \/><\/a>\n\t\t\t\t<\/dt><\/dl><dl class='gallery-item'>\n\t\t\t\t<dt class='gallery-icon landscape'>\n\t\t\t\t\t<a class=\"rollover rollover-zoom dt-pswp-item\" title=\"Casa_Boito_2\" data-dt-img-description=\"\" data-large_image_width=\"1024\" data-large_image_height=\"628\"href='https:\/\/www.radiopiu.net\/wordpress\/wp-content\/uploads\/2023\/06\/Casa_Boito_2.jpg'><img loading=\"lazy\" decoding=\"async\" width=\"300\" height=\"184\" src=\"https:\/\/www.radiopiu.net\/wordpress\/wp-content\/uploads\/2023\/06\/Casa_Boito_2-300x184.jpg\" class=\"attachment-medium size-medium\" alt=\"\" srcset=\"https:\/\/www.radiopiu.net\/wordpress\/wp-content\/uploads\/2023\/06\/Casa_Boito_2-300x184.jpg 300w, https:\/\/www.radiopiu.net\/wordpress\/wp-content\/uploads\/2023\/06\/Casa_Boito_2-768x471.jpg 768w, https:\/\/www.radiopiu.net\/wordpress\/wp-content\/uploads\/2023\/06\/Casa_Boito_2.jpg 1024w\" sizes=\"auto, (max-width: 300px) 100vw, 300px\" \/><\/a>\n\t\t\t\t<\/dt><\/dl><br style=\"clear: both\" \/>\n\t\t\t<\/div>\n\n<p>&nbsp;<\/p>\n<p>&nbsp;<\/p>\n<hr \/>\n<p>&nbsp;<\/p>\n<blockquote>\n<h3>ANCHE IERI LA TERRA HA TREMATO<\/h3>\n<\/blockquote>\n<p><strong>REDAZIONE<\/strong> La terra ha tremato a Limana, scossa di terremoto alle 10.13, magnitudo 1,7 profondit\u00e0 8 chilometri. Lieve ed appena percettibile. Area sismica 4 km N Revine Lago.<\/p>\n<p><a class=\"dt-pswp-item\" href=\"https:\/\/www.radiopiu.net\/wordpress\/wp-content\/uploads\/2023\/06\/7ae8ef4b-b377-4416-a787-341025117aba.jpg\" data-dt-img-description=\"\" data-large_image_width=\"720\" data-large_image_height=\"1280\"><img loading=\"lazy\" decoding=\"async\" class=\"size-medium wp-image-342307 aligncenter\" src=\"https:\/\/www.radiopiu.net\/wordpress\/wp-content\/uploads\/2023\/06\/7ae8ef4b-b377-4416-a787-341025117aba-169x300.jpg\" alt=\"\" width=\"169\" height=\"300\" srcset=\"https:\/\/www.radiopiu.net\/wordpress\/wp-content\/uploads\/2023\/06\/7ae8ef4b-b377-4416-a787-341025117aba-169x300.jpg 169w, https:\/\/www.radiopiu.net\/wordpress\/wp-content\/uploads\/2023\/06\/7ae8ef4b-b377-4416-a787-341025117aba-576x1024.jpg 576w, https:\/\/www.radiopiu.net\/wordpress\/wp-content\/uploads\/2023\/06\/7ae8ef4b-b377-4416-a787-341025117aba.jpg 720w\" sizes=\"auto, (max-width: 169px) 100vw, 169px\" \/><\/a><\/p>\n<p>&nbsp;<\/p>\n<hr \/>\n<p>&nbsp;<\/p>\n<blockquote>\n<h3>DA OGGI IN CONSEGNA LE PENSIONI NEGLI UFFICI POSTALI<\/h3>\n<\/blockquote>\n<p><strong><a class=\"dt-pswp-item\" href=\"https:\/\/www.radiopiu.net\/wordpress\/wp-content\/uploads\/2020\/05\/POSTE-ITALIANE.png\" data-dt-img-description=\"\" data-large_image_width=\"436\" data-large_image_height=\"88\"><img loading=\"lazy\" decoding=\"async\" class=\" wp-image-141305 alignleft\" src=\"https:\/\/www.radiopiu.net\/wordpress\/wp-content\/uploads\/2020\/05\/POSTE-ITALIANE-300x61.png\" alt=\"\" width=\"172\" height=\"35\" srcset=\"https:\/\/www.radiopiu.net\/wordpress\/wp-content\/uploads\/2020\/05\/POSTE-ITALIANE-300x61.png 300w, https:\/\/www.radiopiu.net\/wordpress\/wp-content\/uploads\/2020\/05\/POSTE-ITALIANE.png 436w\" sizes=\"auto, (max-width: 172px) 100vw, 172px\" \/><\/a>BELLUNO <\/strong>Poste Italiane comunica che in tutti gli Uffici Postali della provincia di Belluno le pensioni del mese di luglio saranno in pagamento a partire da oggi.\u00a0\u00c8 consigliabile, per il ritiro in contanti, seguire la turnazione alfabetica indicativa: i cognomi <em>dalla A alla C sabato oggi (solo mattina); dalla D alla K luned\u00ec 3 luglio; dalla L alla P marted\u00ec 4 luglio; dalla Q alla Z mercoled\u00ec 5 luglio.<\/em><\/p>\n<p>&nbsp;<\/p>\n<p>&nbsp;<\/p>\n<hr \/>\n<p>&nbsp;<\/p>\n<div class=\"page-title-head hgroup\">\n<blockquote>\n<h3 class=\"entry-title\">A FALCADE IL 30 LUGLIO\u00a0 UN UNICO CORO: VAI ELENA!<\/h3>\n<\/blockquote>\n<\/div>\n<div class=\"page-title-breadcrumbs\">\n<div dir=\"auto\">\n<div dir=\"auto\"><strong>REDAZIONE<\/strong> Oggi nei notiziari abbiamo ufficializzato l&#8217;appuntamento con Miss Italia, selezioni regionali, in programma a Falcade, domenica 30 luglio in Piazza del Municipio. Intanto c&#8217;\u00e8 un&#8217;altra splendida notizia. Elena Basini,\u00a0 di Cencenighe, studentessa del Leonardo Da Vinci,\u00a0 bella come il sole, ha indossato una fascia importante (photo Valter Parisotto), quella del quarto posto che gli permette di accedere alla finale regionale.<br \/>\nL&#8217;Agordino tifa Elena!<\/div>\n<div dir=\"auto\"><\/div>\n<\/div>\n<div dir=\"auto\"><\/div>\n<div dir=\"auto\"><strong>Selezione &#8211; elezione &#8220;Miss Miluna &#8211; Villa Momi&#8217;s&#8221;. <\/strong>Le vincitrici (ammesse alle finali regionali in Veneto di &#8220;Miss Italia 2023&#8221;):<\/div>\n<div dir=\"auto\">&#8220;Miss Miluna Villa Momi&#8217;s&#8221;: Aurora Arrigoni &#8211; Campocroce di Mogliano Veneto (Tv); 2\u00b0 \u201cclassificata Luna Meneguzzo &#8211; Brendola (Vi); 3\u00b0 classificata: Alice Radicini &#8211; Santa Lucia di Piave (Tv); 4\u00b0 classificata: Elena Basini &#8211; Cencenighe Agordino (Bl);<\/div>\n<div dir=\"auto\">5\u00b0 classificata: Erika Stevanato &#8211; Massanzago (Pd); 6\u00b0 classificata: Clara Boscardin &#8211; Bassano Del Grappa (Vi)<\/div>\n<div dir=\"auto\">Ristorante &#8220;Villa Momi&#8217;s&#8221; \u2013 Cavarzere (Ve) \u2013<\/div>\n<div dir=\"auto\"><\/div>\n<div dir=\"auto\">\n\n\t\t\t<style type='text\/css'>\n\t\t\t\t#gallery-6 {\n\t\t\t\t\tmargin: auto;\n\t\t\t\t}\n\t\t\t\t#gallery-6 .gallery-item {\n\t\t\t\t\tfloat: left;\n\t\t\t\t\tmargin-top: 10px;\n\t\t\t\t\ttext-align: center;\n\t\t\t\t\twidth: 33%;\n\t\t\t\t}\n\t\t\t\t#gallery-6 img {\n\t\t\t\t\tborder: 2px solid #cfcfcf;\n\t\t\t\t}\n\t\t\t\t#gallery-6 .gallery-caption {\n\t\t\t\t\tmargin-left: 0;\n\t\t\t\t}\n\t\t\t\t\/* see gallery_shortcode() in wp-includes\/media.php *\/\n\t\t\t<\/style>\n\t\t<div id='gallery-6' class='dt-gallery-container gallery galleryid-342293 gallery-columns-3 gallery-size-thumbnail'><dl class='gallery-item'>\n\t\t\t\t<dt class='gallery-icon portrait'>\n\t\t\t\t\t<a class=\"rollover rollover-zoom dt-pswp-item\" title=\"355500049_6608314025891282_8272853976745318283_n\" data-dt-img-description=\"\" data-large_image_width=\"526\" data-large_image_height=\"781\"href='https:\/\/www.radiopiu.net\/wordpress\/wp-content\/uploads\/2023\/06\/355500049_6608314025891282_8272853976745318283_n.jpg'><img loading=\"lazy\" decoding=\"async\" width=\"150\" height=\"150\" src=\"https:\/\/www.radiopiu.net\/wordpress\/wp-content\/uploads\/2023\/06\/355500049_6608314025891282_8272853976745318283_n-150x150.jpg\" class=\"attachment-thumbnail size-thumbnail\" alt=\"\" \/><\/a>\n\t\t\t\t<\/dt><\/dl><dl class='gallery-item'>\n\t\t\t\t<dt class='gallery-icon portrait'>\n\t\t\t\t\t<a class=\"rollover rollover-zoom dt-pswp-item\" title=\"356893762_649832597170782_4229597390879519772_n\" data-dt-img-description=\"\" data-large_image_width=\"526\" data-large_image_height=\"789\"href='https:\/\/www.radiopiu.net\/wordpress\/wp-content\/uploads\/2023\/06\/356893762_649832597170782_4229597390879519772_n.jpg'><img loading=\"lazy\" decoding=\"async\" width=\"150\" height=\"150\" src=\"https:\/\/www.radiopiu.net\/wordpress\/wp-content\/uploads\/2023\/06\/356893762_649832597170782_4229597390879519772_n-150x150.jpg\" class=\"attachment-thumbnail size-thumbnail\" alt=\"\" \/><\/a>\n\t\t\t\t<\/dt><\/dl><dl class='gallery-item'>\n\t\t\t\t<dt class='gallery-icon landscape'>\n\t\t\t\t\t<a class=\"rollover rollover-zoom dt-pswp-item\" title=\"356984704_649832463837462_2622323787169659149_n\" data-dt-img-description=\"\" data-large_image_width=\"592\" data-large_image_height=\"395\"href='https:\/\/www.radiopiu.net\/wordpress\/wp-content\/uploads\/2023\/06\/356984704_649832463837462_2622323787169659149_n.jpg'><img loading=\"lazy\" decoding=\"async\" width=\"150\" height=\"150\" src=\"https:\/\/www.radiopiu.net\/wordpress\/wp-content\/uploads\/2023\/06\/356984704_649832463837462_2622323787169659149_n-150x150.jpg\" class=\"attachment-thumbnail size-thumbnail\" alt=\"\" \/><\/a>\n\t\t\t\t<\/dt><\/dl><br style=\"clear: both\" \/>\n\t\t\t<\/div>\n\n<\/div>\n<\/div>\n<p>&nbsp;<\/p>\n<hr \/>\n<p>&nbsp;<\/p>\n<blockquote>\n<h3><img loading=\"lazy\" decoding=\"async\" class=\"alignleft\" src=\"https:\/\/www.radiopiu.net\/wordpress\/wp-content\/uploads\/2023\/06\/352399380_757043759539508_4339654022666409478_n.jpg\" width=\"198\" height=\"132\" \/>AGORDO MUSICA, LA VERNICE DOMENICA CON LA CORALE ZUMELLESE<\/h3>\n<\/blockquote>\n<p>&nbsp;<\/p>\n<p><strong>REDAZIONE<\/strong>\u00a0 Un&#8217;altra estate, la trentesima, importante come le altre 29 precedenti. Agordo Musica &#8220;apre le danze&#8221; domenica 2 luglio con il primo appuntamento, in chiesa\u00a0 ad Agordo alle 21 si esibir\u00e0 la corale Zumellese diretta dal maestro Manolo Da Rold.<\/p>\n<p><strong>AI MICROFONI DI RADIOPIU&#8217;, ANDREA BERNARDI DI AGORDO MUSICA<\/strong><\/p>\n<audio class=\"wp-audio-shortcode\" id=\"audio-342293-4\" preload=\"none\" style=\"width: 100%;\" controls=\"controls\"><source type=\"audio\/mpeg\" src=\"https:\/\/www.radiopiu.net\/wordpress\/wp-content\/uploads\/2023\/06\/Intervista-Manolo-Da-Rold-2023.mp3?_=4\" \/><a href=\"https:\/\/www.radiopiu.net\/wordpress\/wp-content\/uploads\/2023\/06\/Intervista-Manolo-Da-Rold-2023.mp3\">https:\/\/www.radiopiu.net\/wordpress\/wp-content\/uploads\/2023\/06\/Intervista-Manolo-Da-Rold-2023.mp3<\/a><\/audio>\n<p>&nbsp;<\/p>\n<hr \/>\n<p>&nbsp;<\/p>\n<h3><a class=\"dt-pswp-item\" href=\"https:\/\/www.radiopiu.net\/wordpress\/wp-content\/uploads\/2023\/06\/9c880b05-5368-44ff-8d9a-9dfeed0c33a8.jpg\" data-dt-img-description=\"\" data-large_image_width=\"2048\" data-large_image_height=\"1152\"><img loading=\"lazy\" decoding=\"async\" class=\" wp-image-342359 alignleft\" src=\"https:\/\/www.radiopiu.net\/wordpress\/wp-content\/uploads\/2023\/06\/9c880b05-5368-44ff-8d9a-9dfeed0c33a8-300x169.jpg\" alt=\"\" width=\"179\" height=\"101\" srcset=\"https:\/\/www.radiopiu.net\/wordpress\/wp-content\/uploads\/2023\/06\/9c880b05-5368-44ff-8d9a-9dfeed0c33a8-300x169.jpg 300w, https:\/\/www.radiopiu.net\/wordpress\/wp-content\/uploads\/2023\/06\/9c880b05-5368-44ff-8d9a-9dfeed0c33a8-1024x576.jpg 1024w, https:\/\/www.radiopiu.net\/wordpress\/wp-content\/uploads\/2023\/06\/9c880b05-5368-44ff-8d9a-9dfeed0c33a8-768x432.jpg 768w, https:\/\/www.radiopiu.net\/wordpress\/wp-content\/uploads\/2023\/06\/9c880b05-5368-44ff-8d9a-9dfeed0c33a8-1536x864.jpg 1536w, https:\/\/www.radiopiu.net\/wordpress\/wp-content\/uploads\/2023\/06\/9c880b05-5368-44ff-8d9a-9dfeed0c33a8.jpg 2048w\" sizes=\"auto, (max-width: 179px) 100vw, 179px\" \/><\/a>MUSICA DA INTERNO E MUSICA DA CORTILE<\/h3>\n<p><strong>BELLUNO<\/strong> Da un&#8217;iniziativa di Terzo Mondo Studio due rassegne musicali. Musiche da interno e Musiche da cortile.<\/p>\n<p><strong>L&#8217;INTERVISTA DI MARCO V DAL FARRA<\/strong><\/p>\n<audio class=\"wp-audio-shortcode\" id=\"audio-342293-5\" preload=\"none\" style=\"width: 100%;\" controls=\"controls\"><source type=\"audio\/mpeg\" src=\"https:\/\/www.radiopiu.net\/wordpress\/wp-content\/uploads\/2023\/06\/INTERVISTA-DAL-FARRA.mp3?_=5\" \/><a href=\"https:\/\/www.radiopiu.net\/wordpress\/wp-content\/uploads\/2023\/06\/INTERVISTA-DAL-FARRA.mp3\">https:\/\/www.radiopiu.net\/wordpress\/wp-content\/uploads\/2023\/06\/INTERVISTA-DAL-FARRA.mp3<\/a><\/audio>\n<p>&nbsp;<\/p>\n<hr \/>\n<p>&nbsp;<\/p>\n<div class=\"page-title-head hgroup\">\n<blockquote>\n<h3 class=\"entry-title\">OGGI L\u2019INAUGURAZIONE DEL PERCORSO DI NORDIC WALKING AD AGORDO<\/h3>\n<p>&nbsp;<\/p>\n<p><strong>DI GIANNI SANTOMASO\u00a0<\/strong><\/p>\n<audio class=\"wp-audio-shortcode\" id=\"audio-342293-6\" preload=\"none\" style=\"width: 100%;\" controls=\"controls\"><source type=\"audio\/mpeg\" src=\"https:\/\/www.radiopiu.net\/wordpress\/wp-content\/uploads\/2023\/06\/nordic.mp3?_=6\" \/><a href=\"https:\/\/www.radiopiu.net\/wordpress\/wp-content\/uploads\/2023\/06\/nordic.mp3\">https:\/\/www.radiopiu.net\/wordpress\/wp-content\/uploads\/2023\/06\/nordic.mp3<\/a><\/audio>\n<p>&nbsp;<\/p>\n<p>&nbsp;<\/p><\/blockquote>\n<\/div>\n<div class=\"page-title-breadcrumbs\">\n<p><strong>AGORDO <\/strong>Oggi\u00a0in occasione della Sagra di San Piero ad Agordo verr\u00e0 inaugurato il &#8220;Nordic Walking Park Agordino&#8221;, progetto turistico che collega i Comuni di Agordo e Taibon Agordino attraverso un articolato percorso di Nordic Walking. Il programma della manifestazione sar\u00e0 il seguente: ore 14.30 ritrovo sul Broi e alle 15:00 inizio caccia al tesoro dedicata ai bambini e camminata lungo il percorso per adulti. Alle 17:30 l&#8217;inaugurazione sotto al tendone con un omaggio per tutti, con la presenza di Radio Pi\u00f9. Sar\u00e0 possibile prenotarsi alle attivit\u00e0 pomeridiane presso l\u2019Ufficio Turistico di Agordo.<\/p>\n\n\t\t\t<style type='text\/css'>\n\t\t\t\t#gallery-7 {\n\t\t\t\t\tmargin: auto;\n\t\t\t\t}\n\t\t\t\t#gallery-7 .gallery-item {\n\t\t\t\t\tfloat: left;\n\t\t\t\t\tmargin-top: 10px;\n\t\t\t\t\ttext-align: center;\n\t\t\t\t\twidth: 50%;\n\t\t\t\t}\n\t\t\t\t#gallery-7 img {\n\t\t\t\t\tborder: 2px solid #cfcfcf;\n\t\t\t\t}\n\t\t\t\t#gallery-7 .gallery-caption {\n\t\t\t\t\tmargin-left: 0;\n\t\t\t\t}\n\t\t\t\t\/* see gallery_shortcode() in wp-includes\/media.php *\/\n\t\t\t<\/style>\n\t\t<div id='gallery-7' class='dt-gallery-container gallery galleryid-342293 gallery-columns-2 gallery-size-thumbnail'><dl class='gallery-item'>\n\t\t\t\t<dt class='gallery-icon portrait'>\n\t\t\t\t\t<a class=\"rollover rollover-zoom dt-pswp-item\" title=\"locandina nordic walking\" data-dt-img-description=\"\" data-large_image_width=\"1131\" data-large_image_height=\"1600\"href='https:\/\/www.radiopiu.net\/wordpress\/wp-content\/uploads\/2023\/06\/locandina-nordic-walking.jpeg'><img loading=\"lazy\" decoding=\"async\" width=\"150\" height=\"150\" src=\"https:\/\/www.radiopiu.net\/wordpress\/wp-content\/uploads\/2023\/06\/locandina-nordic-walking-150x150.jpeg\" class=\"attachment-thumbnail size-thumbnail\" alt=\"\" aria-describedby=\"gallery-7-341428\" \/><\/a>\n\t\t\t\t<\/dt>\n\t\t\t\t\t<dd class='wp-caption-text gallery-caption' id='gallery-7-341428'>\n\t\t\t\t\tLA LOCANDINA\n\t\t\t\t\t<\/dd><\/dl><dl class='gallery-item'>\n\t\t\t\t<dt class='gallery-icon landscape'>\n\t\t\t\t\t<a class=\"rollover rollover-zoom dt-pswp-item\" title=\"mappa (2)\" data-dt-img-description=\"\" data-large_image_width=\"1600\" data-large_image_height=\"1131\"href='https:\/\/www.radiopiu.net\/wordpress\/wp-content\/uploads\/2023\/06\/mappa-2.jpeg'><img loading=\"lazy\" decoding=\"async\" width=\"150\" height=\"150\" src=\"https:\/\/www.radiopiu.net\/wordpress\/wp-content\/uploads\/2023\/06\/mappa-2-150x150.jpeg\" class=\"attachment-thumbnail size-thumbnail\" alt=\"\" aria-describedby=\"gallery-7-341427\" \/><\/a>\n\t\t\t\t<\/dt>\n\t\t\t\t\t<dd class='wp-caption-text gallery-caption' id='gallery-7-341427'>\n\t\t\t\t\tLA MAPPA DEL PERCORSO\n\t\t\t\t\t<\/dd><\/dl><br style=\"clear: both\" \/>\n\t\t\t<\/div>\n\n<p>&nbsp;<\/p>\n<p>&nbsp;<\/p>\n<hr \/>\n<p>&nbsp;<\/p>\n<div class=\"page-title-breadcrumbs\">\n<blockquote>\n<h3>SECONDA EDIZIONE DEL CONCORSO DI ABM<\/h3>\n<\/blockquote>\n<p><strong><a class=\"dt-pswp-item\" href=\"https:\/\/www.radiopiu.net\/wordpress\/wp-content\/uploads\/2022\/03\/ABM.jpg\" data-dt-img-description=\"\" data-large_image_width=\"400\" data-large_image_height=\"400\"><img loading=\"lazy\" decoding=\"async\" class=\"wp-image-264723 alignleft\" src=\"https:\/\/www.radiopiu.net\/wordpress\/wp-content\/uploads\/2022\/03\/ABM-300x300.jpg\" alt=\"\" width=\"134\" height=\"134\" srcset=\"https:\/\/www.radiopiu.net\/wordpress\/wp-content\/uploads\/2022\/03\/ABM-300x300.jpg 300w, https:\/\/www.radiopiu.net\/wordpress\/wp-content\/uploads\/2022\/03\/ABM-150x150.jpg 150w, https:\/\/www.radiopiu.net\/wordpress\/wp-content\/uploads\/2022\/03\/ABM.jpg 400w\" sizes=\"auto, (max-width: 134px) 100vw, 134px\" \/><\/a>BELLUNO<\/strong> Torna il concorso letterario \u201cRaccontare l&#8217;emigrazione veneta\u201d. L&#8217;iniziativa organizzata dall&#8217;Associazione Bellunesi nel Mondo, alla seconda edizione, \u00e8 rivolta a racconti inediti e originali, reali o di fantasia, in lingua italiana, aventi a tema l\u2019emigrazione veneta, storica e\/o attuale. Ogni iscritto pu\u00f2 aderire con un solo racconto, che deve avere una lunghezza minima di diecimila e massima di venticinquemila battute (spazi compresi). A partecipazione gratuita, il concorso prevede la selezione, da parte di un&#8217;apposita giuria, di dieci finalisti, i cui racconti verranno pubblicati in un libro edito dall&#8217;Abm. I primi tre classificati riceveranno inoltre un premio in denaro di 500 euro (al primo), 300 euro (al secondo) e 200 euro (al terzo).<\/p>\n<p>&nbsp;<\/p>\n<p>&nbsp;<\/p>\n<\/div>\n<hr \/>\n<p>&nbsp;<\/p>\n<blockquote>\n<h3>IL 70ESIMO ANNIVERSARIO DI SACERDOZIO DI MONSIGNOR LINO MOTTES E MONSIGNOR ENRICO ZASIO<\/h3>\n<\/blockquote>\n<p><strong><a class=\"dt-pswp-item\" href=\"https:\/\/www.radiopiu.net\/wordpress\/wp-content\/uploads\/2023\/06\/SCR-20230625-nchq.jpeg\" data-dt-img-description=\"\" data-large_image_width=\"1228\" data-large_image_height=\"934\"><img loading=\"lazy\" decoding=\"async\" class=\" wp-image-341626 alignleft\" src=\"https:\/\/www.radiopiu.net\/wordpress\/wp-content\/uploads\/2023\/06\/SCR-20230625-nchq-300x228.jpeg\" alt=\"\" width=\"154\" height=\"117\" srcset=\"https:\/\/www.radiopiu.net\/wordpress\/wp-content\/uploads\/2023\/06\/SCR-20230625-nchq-300x228.jpeg 300w, https:\/\/www.radiopiu.net\/wordpress\/wp-content\/uploads\/2023\/06\/SCR-20230625-nchq-1024x779.jpeg 1024w, https:\/\/www.radiopiu.net\/wordpress\/wp-content\/uploads\/2023\/06\/SCR-20230625-nchq-768x584.jpeg 768w, https:\/\/www.radiopiu.net\/wordpress\/wp-content\/uploads\/2023\/06\/SCR-20230625-nchq.jpeg 1228w\" sizes=\"auto, (max-width: 154px) 100vw, 154px\" \/><\/a>BELLUNO <\/strong>In prossimit\u00e0 della festa di San Pietro era tradizione che venissero ordinati i presbiteri novelli, sia per la Diocesi di Belluno che per quella di Feltre. Dopo il tempo del Seminario minore a Feltre, gli studi portavano i chierici a Belluno nel Seminario Gregoriano. Li molte amicizie si ritrovavano e i percorsi formativi tomavano ad intrecciarsi. Nel 1953 furono ordinati 14 sacerdoti novelli e 7 suddiaconi: un mumero davvero record per le due Diocesi. Tra loro: mons. LINO MOTTES e mons. ENRICO ZASIO. Entrambi saranno festeggiati il giorno 5 luglio a settant&#8217;anni anni esatti da quando furono ordinati da mons. Gioacchino Muccin, alle ore 10,30. La Santa Messa di ringraziamento al Signore sar\u00e0 celebrata nella Chiesa di Santa Maria degli Angeli a Feltre e presieduta dal Vescovo Renato.<\/p>\n<p>&nbsp;<\/p>\n<p>&nbsp;<\/p>\n<hr \/>\n<p>&nbsp;<\/p>\n<blockquote>\n<h3><a class=\"dt-pswp-item\" href=\"https:\/\/www.radiopiu.net\/wordpress\/wp-content\/uploads\/2023\/06\/invito_sottogudaWEB.jpg\" data-dt-img-description=\"\" data-large_image_width=\"1654\" data-large_image_height=\"1654\"><img loading=\"lazy\" decoding=\"async\" class=\" wp-image-341922 alignleft\" src=\"https:\/\/www.radiopiu.net\/wordpress\/wp-content\/uploads\/2023\/06\/invito_sottogudaWEB-300x300.jpg\" alt=\"\" width=\"109\" height=\"109\" srcset=\"https:\/\/www.radiopiu.net\/wordpress\/wp-content\/uploads\/2023\/06\/invito_sottogudaWEB-300x300.jpg 300w, https:\/\/www.radiopiu.net\/wordpress\/wp-content\/uploads\/2023\/06\/invito_sottogudaWEB-1024x1024.jpg 1024w, https:\/\/www.radiopiu.net\/wordpress\/wp-content\/uploads\/2023\/06\/invito_sottogudaWEB-150x150.jpg 150w, https:\/\/www.radiopiu.net\/wordpress\/wp-content\/uploads\/2023\/06\/invito_sottogudaWEB-768x768.jpg 768w, https:\/\/www.radiopiu.net\/wordpress\/wp-content\/uploads\/2023\/06\/invito_sottogudaWEB-1536x1536.jpg 1536w, https:\/\/www.radiopiu.net\/wordpress\/wp-content\/uploads\/2023\/06\/invito_sottogudaWEB.jpg 1654w\" sizes=\"auto, (max-width: 109px) 100vw, 109px\" \/><\/a>IL CENTENARIO DEL FERRO BATTUTO A SOTTOGUDA<\/h3>\n<\/blockquote>\n<p><strong>ROCCA PIETORE<\/strong> Sabato 22 luglio alle 10 verranno celebrati i 100 anni del ferro battuto di Sottoguda della famiglia De Biasio. Evento organizzato con il patrocinio del Comune di Rocca Pietore. Per l&#8217;occasione sar\u00e0 realizzato un annullo speciale da Poste Italiane<\/p>\n<p>&nbsp;<\/p>\n<p>&nbsp;<\/p>\n<hr \/>\n<p>&nbsp;<\/p>\n<h3>ESTATE CULTURALE E TRADIZIONALE NEL BORGO DI PALUE<\/h3>\n<p><img loading=\"lazy\" decoding=\"async\" class=\"alignleft\" src=\"https:\/\/www.radiopiu.net\/wordpress\/wp-content\/uploads\/2023\/06\/Senza-nome-45.png\" width=\"211\" height=\"121\" \/><strong>ROCCA PIETORE<\/strong> &#8220;Un&#8217;estate di cultura e tradizioni: l&#8217;Associazione Culturale Palue presenta un calendario ricco di eventi nel suggestivo borgo di Palue e nel paese di Rocca Pietore. Dal 24 giugno al 10 settembre, abitanti e turisti saranno accompagnati alla scoperta di un prezioso patrimonio.\u00a0 Segui l&#8217;Associazione Palue sui seguenti social media: Facebook: Associazione Palue &#8211; La storia siamo noi Instagram: associazione_palu&#8221;<\/p>\n<p>&nbsp;<\/p>\n<p>&nbsp;<\/p>\n<hr \/>\n<p>&nbsp;<\/p>\n<blockquote>\n<h3>SEI PUNTI NEL CONSIGLIO COMUNALE DI COLLE SANTA LUCIA<\/h3>\n<\/blockquote>\n<p><strong>COLLE SANTA LUCIA<\/strong> Il sindaco di Colle Santa Lucia Paolo Frena ha convocato il consiglio comunale per oggi alle 8. Saranno sei i punti da discutere tra cui una variazione a bilancio, la fusione tra BIM GSP e BIM Infrastrutture, il regolamento dei controlli interni e un disegno di legge contro la produzione e immissione sul mercato di alimenti e mangimi sintetici.<\/p>\n<p>&nbsp;<\/p>\n<p>&nbsp;<\/p>\n<p>&nbsp;<\/p>\n<hr \/>\n<p>&nbsp;<\/p>\n<blockquote>\n<h3>LA PRESENTAZIONE DEL LIBRO &#8220;LE PASCOLINE&#8221;<\/h3>\n<\/blockquote>\n<p><strong>SOSPIROLO<\/strong><\/p>\n<p>di Roberto Bona<\/p>\n<audio class=\"wp-audio-shortcode\" id=\"audio-342293-7\" preload=\"none\" style=\"width: 100%;\" controls=\"controls\"><source type=\"audio\/mpeg\" src=\"https:\/\/www.radiopiu.net\/wordpress\/wp-content\/uploads\/2023\/06\/BONA-PRESENTAZIONE-LIBRO-LE-PASCOLINE-7-LUGLIO.mp3?_=7\" \/><a href=\"https:\/\/www.radiopiu.net\/wordpress\/wp-content\/uploads\/2023\/06\/BONA-PRESENTAZIONE-LIBRO-LE-PASCOLINE-7-LUGLIO.mp3\">https:\/\/www.radiopiu.net\/wordpress\/wp-content\/uploads\/2023\/06\/BONA-PRESENTAZIONE-LIBRO-LE-PASCOLINE-7-LUGLIO.mp3<\/a><\/audio>\n<p>&nbsp;<\/p>\n<p>&nbsp;<\/p>\n<hr \/>\n<p>&nbsp;<\/p>\n<h2><span style=\"color: #ff6600;\">IERI ALLA RADIO<\/span><\/h2>\n<h2><span style=\"color: #ff00ff;\">B-FIT, IN PALESTRA ANCHE IN ESTATE. AD AGORDO 365 GIORNI L&#8217;ANNO H 24<\/span><\/h2>\n<p><img loading=\"lazy\" decoding=\"async\" class=\"alignleft\" src=\"https:\/\/www.radiopiu.net\/wordpress\/wp-content\/uploads\/2023\/06\/8f92f3b4-1a7d-4b0c-954b-de2488634e1a.jpg\" width=\"206\" height=\"116\" \/>l&#8217;intervista<\/p>\n<p>con Martina Fadda<\/p>\n<p>di Mirko Mezzacasa<\/p>\n<audio class=\"wp-audio-shortcode\" id=\"audio-342293-8\" preload=\"none\" style=\"width: 100%;\" controls=\"controls\"><source type=\"audio\/mpeg\" src=\"https:\/\/www.radiopiu.net\/wordpress\/wp-content\/uploads\/2023\/06\/MARTINA-FADDA.mp3?_=8\" \/><a href=\"https:\/\/www.radiopiu.net\/wordpress\/wp-content\/uploads\/2023\/06\/MARTINA-FADDA.mp3\">https:\/\/www.radiopiu.net\/wordpress\/wp-content\/uploads\/2023\/06\/MARTINA-FADDA.mp3<\/a><\/audio>\n<p>&nbsp;<\/p>\n<h2><span style=\"color: #008080;\">&#8220;DINTORN E FORA VIA&#8221;\u00a0<\/span><span style=\"color: #008080;\"> IL PROGRAMMA\u00a0 <\/span><span style=\"color: #008080;\">A CURA DEL MUSLA\u00a0\u00a0<\/span><\/h2>\n<p><strong><a class=\"dt-pswp-item\" href=\"https:\/\/www.radiopiu.net\/wordpress\/wp-content\/uploads\/2023\/05\/Senza-nome-90.jpg\" data-dt-img-description=\"\" data-large_image_width=\"209\" data-large_image_height=\"274\"><img loading=\"lazy\" decoding=\"async\" class=\"wp-image-338145 alignleft\" src=\"https:\/\/www.radiopiu.net\/wordpress\/wp-content\/uploads\/2023\/05\/Senza-nome-90.jpg\" alt=\"\" width=\"84\" height=\"110\" \/><\/a>PUNTATA 30 MAGGIO\u00a0 NICOLA CASSISI<\/strong><\/p>\n<audio class=\"wp-audio-shortcode\" id=\"audio-342293-9\" preload=\"none\" style=\"width: 100%;\" controls=\"controls\"><source type=\"audio\/mpeg\" src=\"https:\/\/www.radiopiu.net\/wordpress\/wp-content\/uploads\/2023\/06\/MUSLA-5.mp3?_=9\" \/><a href=\"https:\/\/www.radiopiu.net\/wordpress\/wp-content\/uploads\/2023\/06\/MUSLA-5.mp3\">https:\/\/www.radiopiu.net\/wordpress\/wp-content\/uploads\/2023\/06\/MUSLA-5.mp3<\/a><\/audio>\n<p>&nbsp;<\/p>\n<p><strong>LA RACCOLTA COMPLETA<\/strong><\/p>\n<blockquote class=\"wp-embedded-content\" data-secret=\"bX7HrEW5Ep\"><p><a href=\"https:\/\/www.radiopiu.net\/wordpress\/musla\/\">MUSLA<\/a><\/p><\/blockquote>\n<p><iframe loading=\"lazy\" class=\"wp-embedded-content\" sandbox=\"allow-scripts\" security=\"restricted\" style=\"position: absolute; clip: rect(1px, 1px, 1px, 1px);\" title=\"&#8220;MUSLA&#8221; &#8212; Radio Pi\u00f9\" src=\"https:\/\/www.radiopiu.net\/wordpress\/musla\/embed\/#?secret=3io5IdkU9L#?secret=bX7HrEW5Ep\" data-secret=\"bX7HrEW5Ep\" width=\"600\" height=\"338\" frameborder=\"0\" marginwidth=\"0\" marginheight=\"0\" scrolling=\"no\"><\/iframe><\/p>\n<p>&nbsp;<\/p>\n<hr \/>\n<p><a class=\"dt-pswp-item\" href=\"https:\/\/www.radiopiu.net\/wordpress\/wp-content\/uploads\/2023\/06\/356661126_6601307979892696_2277364828357528515_n-1.jpg\" data-dt-img-description=\"\" data-large_image_width=\"509\" data-large_image_height=\"720\"><img loading=\"lazy\" decoding=\"async\" class=\"size-medium wp-image-342268 aligncenter\" src=\"https:\/\/www.radiopiu.net\/wordpress\/wp-content\/uploads\/2023\/06\/356661126_6601307979892696_2277364828357528515_n-1-212x300.jpg\" alt=\"\" width=\"212\" height=\"300\" srcset=\"https:\/\/www.radiopiu.net\/wordpress\/wp-content\/uploads\/2023\/06\/356661126_6601307979892696_2277364828357528515_n-1-212x300.jpg 212w, https:\/\/www.radiopiu.net\/wordpress\/wp-content\/uploads\/2023\/06\/356661126_6601307979892696_2277364828357528515_n-1.jpg 509w\" sizes=\"auto, (max-width: 212px) 100vw, 212px\" \/>\u00a0<\/a><\/p>\n<p>&nbsp;<\/p>\n<hr \/>\n<p>&nbsp;<\/p>\n<h2><span style=\"color: #ff0000;\">GLI APPUNTAMENTI DELLA SETTIMANA\u00a0<\/span><\/h2>\n<div class=\"page-title-breadcrumbs\">\n<blockquote>\n<h3>SAN PIERO AD AGORDO<\/h3>\n<\/blockquote>\n<p>Tre giorni di festa, 29-30 giugno e 1 luglio.\u00a0 Oggi: serata con i Riflesso, a seguire Morgan e Battaglia.<\/p>\n<\/div>\n<div class=\"page-title-breadcrumbs\">\n<p>&nbsp;<\/p>\n<blockquote>\n<h3>A SPASSO SUI TETTI DEL MONDO<\/h3>\n<\/blockquote>\n<p><strong>BORGO VALBELLUNA<\/strong> Verr\u00e0 inaugurata oggi alle 10 al Palazzo delle contesse di Mel &#8220;A spasso sui tetti del mondo&#8221; la mostra di disegni: \u00e8 un albo illustrato, realizzato con i disegni dei ragazzi delle classi seconde e terze della secondaria di Mel e Lentiai, che parla di un viaggio in mongolfiera raccontato da una nonna alla nipote attraverso un vecchio taccuino ritrovato in soffitta.<\/p>\n<p>&nbsp;<\/p>\n<blockquote>\n<h3>L&#8217;INAUGURAZIONE DEL NORDIC WALKING PARK AGORDINO<\/h3>\n<\/blockquote>\n<p><strong>AGORDO<\/strong> In occasione della Sagra di San Piero Ad Agordo, oggi verr\u00e0 inaugurato il percorso di Nordic Walking Park Agordino. Ritrovo sul Broi alle 14:30, alle 15 la caccia al tesoro e alle 17:30 l&#8217;inaugurazione del percorso sotto al tendone con Radio Pi\u00f9.<\/p>\n<p>&nbsp;<\/p>\n<blockquote>\n<h3>IL FILM DI RICCARDO BEE AL RIFUGIO SCARPA<\/h3>\n<\/blockquote>\n<p><strong>VOLTAGO<\/strong> Serata da non perdere al Rifugio Scarpa quella di oggi alle 17:30 quando sotto all&#8217;Agner verr\u00e0 proposta la proiezione del film &#8220;L&#8217;ultima Via di Riccardo Bee&#8221;. Prenotazione richiesta al 331 3152963<\/p>\n<p>&nbsp;<\/p>\n<blockquote>\n<h3>LA FESTA ALPINA AI PIANI DI PEZZE&#8217; AD ALLEGHE<\/h3>\n<\/blockquote>\n<p><strong>ALLEGHE<\/strong> Domani ai Piani di Pezz\u00e8 ad Alleghe il Gruppo Alpini &#8220;Monte Civetta&#8221; organizza la festa alpina. Alle 11:20 l&#8217;alzabandiera, 11.30 la Santa Messa e alle 12:30 il pranzo sotto al tendone.<\/p>\n<p>&nbsp;<\/p>\n<blockquote>\n<h3>A LEZIONE DI DIFESA PERSONALE<\/h3>\n<\/blockquote>\n<p><strong>BELLUNO <\/strong>Circondati dal verde del parco di Lambioi, domani 2 luglio dalle 9 alle 12 si potr\u00e0 partecipare ad una lezione teorico-pratica sull\u2019argomento difesa donna, metodo Viper. L\u2019iniziativa, organizzata dalla Ving Tsun Academy con il patrocinio del Comune di Belluno, \u00e8 totalmente gratuita per le partecipanti e l\u2019iscrizione avviene tramite prenotazione. Si consiglia per la pratica abbigliamento sportivo ed acqua per idratarsi.<\/p>\n<p>&nbsp;<\/p>\n<blockquote>\n<h3>FRANKIE BACK FROM HOLLYWOOD DOMENICA A BELLUNO<\/h3>\n<\/blockquote>\n<p><strong>BELLUNO <\/strong>Al via la tradizionale rassegna estiva bellunese Luglio Jazz e dintorni! con il primo dei cinque eventi in programma: domani alle ore 17:30, nell&#8217;anfiteatro del Ristorante &#8220;Al Borgo&#8221; via Anconetta 8, Belluno. Come da cartellone, il primo concerto vede come protagonisti i Frankie Back From Hollywood<\/p>\n<p>&nbsp;<\/p>\n<blockquote>\n<h3>BELLUNO BUSKERS FESTIVAL IN PIAZZA DEI MARTIRI<\/h3>\n<\/blockquote>\n<p><strong>BELLUNO<\/strong> Oggi e domani Arriva per la prima volta a Belluno il \u201cBuskers Festival\u201d, un evento a ingresso gratuito che animer\u00e0 Piazza dei Martiri con artisti di Strada di ogni tipo: Giocoleria, Cabaret, Musica dal vivo e DJ Set, per offrire un\u2019esperienza \u201cdi strada\u201d a 360 gradi.<\/p>\n<p>&nbsp;<\/p>\n<\/div>\n<h2><span style=\"color: #ff0000;\">PROSSIMAMENTE&#8230;<\/span><\/h2>\n<blockquote>\n<h3>AL CALAR DELLA SERA A LIMANA<\/h3>\n<\/blockquote>\n<p><strong>LIMANA<\/strong> Per tutto il mese di luglio la biblioteca di Limana sar\u00e0 aperta ogni mercoled\u00ec dalle 17:30 alle 21:30 con importanti appuntamenti settimanali. Mercoled\u00ec 5 luglio la presentazione del libro di Benedetta De Mari<\/p>\n<p>&nbsp;<\/p>\n<blockquote>\n<h3>LA MOSTRA ITINERANTE DI GEMMELLAGGI E PATTI D&#8217;AMICIZIA<\/h3>\n<\/blockquote>\n<p><strong>BELLUNO<\/strong> Venticinque metri di lunghezza, venticinque Comuni coinvolti, ottantasei citt\u00e0 presenti. Sono i numeri della \u201cMostra itinerante Gemellaggi e Patti di amicizia in provincia di Belluno\u201d realizzata dall\u2019Associazione Bellunesi nel Mondo, con il contributo del Consorzio Bim Piave, e che sar\u00e0 inaugurata venerd\u00ec 7 luglio, alle ore 17.30, nella sala del Fondaco delle Biade a Feltre. Una mostra che coinvolge l\u2019intero territorio Bellunese e suddivisa per aree: Feltrino, Valbelluna, Alpago, Zoldo, Agordino e Cadore. La mostra rimarr\u00e0 aperta fino al 6 agosto, nei fine settimana, con i seguenti orari: venerd\u00ec dalle 15.00 alle 18.00; sabato e domenica dalle 10.00 alle 12.00 e dalle 15.00 alle 18.00.<\/p>\n<p>&nbsp;<\/p>\n<blockquote>\n<h3>LA MOSTRA DI RENZO MIOLA<\/h3>\n<\/blockquote>\n<p><strong>AGORDO<\/strong> Dal 15 al 30 luglio alla Sala Don Tamis di Agordo verranno esposti i lavori di Renzo Miola. La mostra sar\u00e0 visitabile tutti i giorni dalle 17 alle 19:30, Mercoled\u00ec, sabato e domenica anche al mattino dalle 10 alle 12.<\/p>\n<p>&nbsp;<\/p>\n<blockquote>\n<h3>L&#8217;ESTATE DEI MERCATINI AD AGORDO<\/h3>\n<\/blockquote>\n<p><strong>AGORDO<\/strong> Tornano i mercatini d&#8217;estate ad Agordo. Il primo appuntamento domenica 23 luglio dalle 6 alle 19 sul Broi di Agordo con il mercatino dell&#8217;antiquariato. Per informazioni 349 3984682<\/p>\n<p>&nbsp;<\/p>\n<hr \/>\n<p>&nbsp;<\/p>\n<blockquote>\n<h3>RITORNA ARTISTI IN VETRINA AD AGORDO<\/h3>\n<\/blockquote>\n<p><strong><a class=\"dt-pswp-item\" href=\"https:\/\/www.radiopiu.net\/wordpress\/wp-content\/uploads\/2023\/06\/immagine-tre-quadri.jpg\" data-dt-img-description=\"\" data-large_image_width=\"2000\" data-large_image_height=\"1414\"><img loading=\"lazy\" decoding=\"async\" class=\" wp-image-340976 alignleft\" src=\"https:\/\/www.radiopiu.net\/wordpress\/wp-content\/uploads\/2023\/06\/immagine-tre-quadri-300x212.jpg\" alt=\"\" width=\"184\" height=\"130\" srcset=\"https:\/\/www.radiopiu.net\/wordpress\/wp-content\/uploads\/2023\/06\/immagine-tre-quadri-300x212.jpg 300w, https:\/\/www.radiopiu.net\/wordpress\/wp-content\/uploads\/2023\/06\/immagine-tre-quadri-1024x724.jpg 1024w, https:\/\/www.radiopiu.net\/wordpress\/wp-content\/uploads\/2023\/06\/immagine-tre-quadri-768x543.jpg 768w, https:\/\/www.radiopiu.net\/wordpress\/wp-content\/uploads\/2023\/06\/immagine-tre-quadri-1536x1086.jpg 1536w, https:\/\/www.radiopiu.net\/wordpress\/wp-content\/uploads\/2023\/06\/immagine-tre-quadri.jpg 2000w\" sizes=\"auto, (max-width: 184px) 100vw, 184px\" \/><\/a>AGORDO <\/strong>Anche quest\u2019anno, viene riproposta ad Agordo l\u2019iniziativa \u201cArtisti in vetrina\u201d, promossa dal Comune di Agordo per arricchire il centro storico del paese con opere d\u2019arte messe a disposizione da artisti locali. La mostra \u00e8 allestita nelle vetrine dei negozi sfitti dell\u2019antica \u201cContrada dei Signori\u201d, un tempo zona vitale e luogo adibito al commercio con la presenza di numerosi esercizi pubblici. Ora molte di queste attivit\u00e0 non sono pi\u00f9 operative, ma altre sono state aperte, rivitalizzando questo luogo che sar\u00e0 possibile visitare accompagnati da 16 quadri che rappresentano la Agordo di una volta. Come per le scorse edizioni, un obiettivo della mostra \u00e8 sensibilizzare i cittadini alla diminuzione di esercizi commerciali nel centro storico, e al contempo rendere visibile a tutti il bello della cultura, in questo caso artistica. Le opere esposte sono realizzate da Maria Nazzarena Zasso e sar\u00e0 possibile ammirarle liberamente fino a settembre. La collezione \u201cC\u2019era una volta\u2026 Agordo\u201d, composta tra il 2020 e il 2022, nasce da un profondo amore della pittrice per il suo paese natio e ritrae i caratteristici scorci del centro storico dalla fine dell\u2019\u2019800 alla prima met\u00e0 del \u2018900, in parte vissuti, in parte interpretati in modo personale sfogliando le foto antiche di cui \u00e8 sempre stata grande appassionata. La mostra \u00e8 intesa come un caloroso omaggio ad Agordo e ai suoi abitanti, nonch\u00e9 ai molti visitatori che ci auguriamo possano apprezzare le opere. Si ringraziano i proprietari delle vetrine per la concessione degli spazi<\/p>\n<p>&nbsp;<\/p>\n<hr \/>\n<p>&nbsp;<\/p>\n<div dir=\"auto\">\n<div class=\"message spoilers-container\" dir=\"auto\">\n<div>\n<div class=\"b654a4as d2edcug0\">\n<div class=\"rq0escxv hkbzh7o3 jwdofwj8 n8tt0mok r8blr3vg hyh9befq\">\n<p><a class=\"dt-pswp-item\" href=\"https:\/\/www.radiopiu.net\/wordpress\/wp-content\/uploads\/2020\/10\/pp.jpg\" data-dt-img-description=\"\" data-large_image_width=\"640\" data-large_image_height=\"640\"><img loading=\"lazy\" decoding=\"async\" class=\"wp-image-163678 alignleft\" src=\"https:\/\/www.radiopiu.net\/wordpress\/wp-content\/uploads\/2020\/10\/pp-300x300.jpg\" alt=\"\" width=\"106\" height=\"106\" srcset=\"https:\/\/www.radiopiu.net\/wordpress\/wp-content\/uploads\/2020\/10\/pp-300x300.jpg 300w, https:\/\/www.radiopiu.net\/wordpress\/wp-content\/uploads\/2020\/10\/pp-150x150.jpg 150w, https:\/\/www.radiopiu.net\/wordpress\/wp-content\/uploads\/2020\/10\/pp-125x125.jpg 125w, https:\/\/www.radiopiu.net\/wordpress\/wp-content\/uploads\/2020\/10\/pp-200x200.jpg 200w, https:\/\/www.radiopiu.net\/wordpress\/wp-content\/uploads\/2020\/10\/pp-80x80.jpg 80w, https:\/\/www.radiopiu.net\/wordpress\/wp-content\/uploads\/2020\/10\/pp-480x480.jpg 480w, https:\/\/www.radiopiu.net\/wordpress\/wp-content\/uploads\/2020\/10\/pp.jpg 640w\" sizes=\"auto, (max-width: 106px) 100vw, 106px\" \/><\/a><\/p>\n<\/div>\n<\/div>\n<\/div>\n<\/div>\n<div class=\"message spoilers-container\" dir=\"auto\">\n<div class=\"page-title-head hgroup\">\n<div class=\"page-title-head hgroup\">\n<div class=\"b654a4as d2edcug0\">\n<div class=\"j83agx80 btwxx1t3 lhclo0ds hop8lmos nkwizq5d scwd0bx6 roh60bw9\">\n<div class=\"rq0escxv hkbzh7o3 jwdofwj8 n8tt0mok r8blr3vg hyh9befq\">\n<div class=\"do00u71z l9j0dhe7 k4urcfbm\" style=\"text-align: left;\">\n<h2><span style=\"color: #000080;\">DON CESARE, IL PENSIERO DEL GIORNO. ALLA RADIO ALLE 7 DEL MATTINO E ALLE 19.30 DELLA SERA<\/span><\/h2>\n<\/div>\n<\/div>\n<\/div>\n<\/div>\n<\/div>\n<\/div>\n<\/div>\n<\/div>\n<div class=\"message spoilers-container\" dir=\"auto\">\n<div class=\"column\">\n<div class=\"message spoilers-container\" dir=\"auto\">\n<div class=\"column\">\n<audio class=\"wp-audio-shortcode\" id=\"audio-342293-10\" preload=\"none\" style=\"width: 100%;\" controls=\"controls\"><source type=\"audio\/mpeg\" src=\"https:\/\/www.radiopiu.net\/wordpress\/wp-content\/uploads\/2023\/07\/CESARE.mp3?_=10\" \/><a href=\"https:\/\/www.radiopiu.net\/wordpress\/wp-content\/uploads\/2023\/07\/CESARE.mp3\">https:\/\/www.radiopiu.net\/wordpress\/wp-content\/uploads\/2023\/07\/CESARE.mp3<\/a><\/audio>\n<p>&nbsp;<\/p>\n<hr \/>\n<p>&nbsp;<\/p>\n<p><img loading=\"lazy\" decoding=\"async\" class=\"aligncenter wp-image-61954 size-full\" src=\"https:\/\/www.radiopiu.net\/wordpress\/wp-content\/uploads\/2018\/09\/viabilita.jpeg\" sizes=\"auto, (max-width: 800px) 100vw, 800px\" srcset=\"https:\/\/www.radiopiu.net\/wordpress\/wp-content\/uploads\/2018\/09\/viabilita.jpeg 800w, https:\/\/www.radiopiu.net\/wordpress\/wp-content\/uploads\/2018\/09\/viabilita-300x38.jpeg 300w, https:\/\/www.radiopiu.net\/wordpress\/wp-content\/uploads\/2018\/09\/viabilita-768x96.jpeg 768w\" alt=\"\" width=\"800\" height=\"100\" \/><\/p>\n<\/div>\n<\/div>\n<div class=\"message spoilers-container\" dir=\"auto\">\n<div class=\"column\">\n<p>&nbsp;<\/p>\n<\/div>\n<\/div>\n<\/div>\n<\/div>\n<blockquote class=\"wp-embedded-content\" data-secret=\"MLl5jxoHVz\"><p><a href=\"https:\/\/www.radiopiu.net\/wordpress\/viabilita\/\">viabilita<\/a><\/p><\/blockquote>\n<p><iframe loading=\"lazy\" class=\"wp-embedded-content\" sandbox=\"allow-scripts\" security=\"restricted\" style=\"position: absolute; clip: rect(1px, 1px, 1px, 1px);\" title=\"&#8220;viabilita&#8221; &#8212; Radio Pi\u00f9\" src=\"https:\/\/www.radiopiu.net\/wordpress\/viabilita\/embed\/#?secret=cOh3D2Xig2#?secret=MLl5jxoHVz\" data-secret=\"MLl5jxoHVz\" width=\"600\" height=\"338\" frameborder=\"0\" marginwidth=\"0\" marginheight=\"0\" scrolling=\"no\"><\/iframe><\/p>\n<div class=\"message spoilers-container\" dir=\"auto\">\n<div class=\"column\">\n<div class=\"message spoilers-container\" dir=\"auto\">\n<div class=\"column\">\n<div>\n<div dir=\"ltr\">\n<div class=\"gmail_quote\">\n<div dir=\"ltr\">\n<div><\/div>\n<div>\n<hr \/>\n<\/div>\n<div><a class=\"dt-pswp-item\" href=\"https:\/\/www.radiopiu.net\/wordpress\/wp-content\/uploads\/2023\/06\/07493af4-f8e1-4ce3-bb99-e0a40362939f.jpg\" data-dt-img-description=\"\" data-large_image_width=\"1417\" data-large_image_height=\"1481\"><img loading=\"lazy\" decoding=\"async\" class=\"wp-image-339869 aligncenter\" src=\"https:\/\/www.radiopiu.net\/wordpress\/wp-content\/uploads\/2023\/06\/07493af4-f8e1-4ce3-bb99-e0a40362939f-980x1024.jpg\" alt=\"\" width=\"382\" height=\"399\" srcset=\"https:\/\/www.radiopiu.net\/wordpress\/wp-content\/uploads\/2023\/06\/07493af4-f8e1-4ce3-bb99-e0a40362939f-980x1024.jpg 980w, https:\/\/www.radiopiu.net\/wordpress\/wp-content\/uploads\/2023\/06\/07493af4-f8e1-4ce3-bb99-e0a40362939f-287x300.jpg 287w, https:\/\/www.radiopiu.net\/wordpress\/wp-content\/uploads\/2023\/06\/07493af4-f8e1-4ce3-bb99-e0a40362939f-768x803.jpg 768w, https:\/\/www.radiopiu.net\/wordpress\/wp-content\/uploads\/2023\/06\/07493af4-f8e1-4ce3-bb99-e0a40362939f.jpg 1417w\" sizes=\"auto, (max-width: 382px) 100vw, 382px\" \/><\/a><\/div>\n<div><\/div>\n<\/div>\n<\/div>\n<\/div>\n<\/div>\n<hr \/>\n<p>&nbsp;<\/p>\n<p><a class=\"dt-pswp-item\" href=\"https:\/\/www.radiopiu.net\/wordpress\/wp-content\/uploads\/2018\/09\/WhatsApp-Image-2018-09-20-at-16.04.06.jpeg\" data-dt-img-description=\"\" data-large_image_width=\"800\" data-large_image_height=\"100\"><img loading=\"lazy\" decoding=\"async\" class=\"wp-image-61378 size-full aligncenter\" src=\"https:\/\/www.radiopiu.net\/wordpress\/wp-content\/uploads\/2018\/09\/WhatsApp-Image-2018-09-20-at-16.04.06.jpeg\" alt=\"\" width=\"800\" height=\"100\" srcset=\"https:\/\/www.radiopiu.net\/wordpress\/wp-content\/uploads\/2018\/09\/WhatsApp-Image-2018-09-20-at-16.04.06.jpeg 800w, https:\/\/www.radiopiu.net\/wordpress\/wp-content\/uploads\/2018\/09\/WhatsApp-Image-2018-09-20-at-16.04.06-300x38.jpeg 300w, https:\/\/www.radiopiu.net\/wordpress\/wp-content\/uploads\/2018\/09\/WhatsApp-Image-2018-09-20-at-16.04.06-768x96.jpeg 768w\" sizes=\"auto, (max-width: 800px) 100vw, 800px\" \/><\/a><\/p>\n<\/div>\n<\/div>\n<div class=\"message spoilers-container\" dir=\"auto\">\n<p>&nbsp;<\/p>\n<p><center><b>OGGI<\/b><\/center><b>Tempo atteso: <\/b>In prevalenza nuvoloso, verso sera nuvolosit\u00e0 in diminuzione fino a cielo anche poco nuvoloso.<br \/>\n<b>Precipitazioni: <\/b>Probabilit\u00e0 medio-bassa (25-50%) fino al mattino per deboli piogge sparse, medio-alta (50-75%) dalle ore centrali e nel pomeriggio per piogge sparse, anche sottoforma di rovesci o isolati temporali.<br \/>\n<b>Temperature: <\/b>Stazionarie.<\/p>\n<hr \/>\n<p><center><b>DOMANI<\/b><\/center><b>Tempo atteso: <\/b>Al mattino sereno o poco nuvoloso, dalle ore centrali irregolare aumento della nuvolosit\u00e0 cumuliforme via via pi\u00f9 intensa nel pomeriggio.<br \/>\n<b>Precipitazioni: <\/b>Nel pomeriggio\/sera possibili rovesci sparsi e isolati temporali (40-60%).<br \/>\n<b>Temperature: <\/b>Temperature minime in calo e massime in aumento.<\/p>\n<hr \/>\n<p><center><b>LUNEDI<\/b><\/center>Instabile con cielo generalmente nuvoloso con qualche irregolare e breve schiarita. Possibili precipitazioni a tratti durante tutta la giornata ma con probabilit\u00e0 via via pi\u00f9 elevata a partire da met\u00e0 mattinata e nel pomeriggio, anche sottoforma di rovescio o temporale. Temperature massime in calo.<\/p>\n<hr \/>\n<p><center><b>MARTEDI<\/b><\/center>Variabile con schiarite al mattino e annuvolamenti anche intensi nel pomeriggio associati a qualche rovescio o temporale sparso. Temperature in lieve aumento.<\/p>\n<\/div>\n<p>&nbsp;<\/p>\n<div class=\"message spoilers-container\" dir=\"auto\">\n<hr \/>\n<p>&nbsp;<\/p>\n<p><a class=\"dt-pswp-item\" href=\"https:\/\/www.radiopiu.net\/wordpress\/wp-content\/uploads\/2018\/09\/sport.jpg\" data-dt-img-description=\"\" data-large_image_width=\"800\" data-large_image_height=\"100\"><img loading=\"lazy\" decoding=\"async\" class=\"aligncenter wp-image-60761 size-full\" src=\"https:\/\/www.radiopiu.net\/wordpress\/wp-content\/uploads\/2018\/09\/sport.jpg\" alt=\"\" width=\"800\" height=\"100\" srcset=\"https:\/\/www.radiopiu.net\/wordpress\/wp-content\/uploads\/2018\/09\/sport.jpg 800w, https:\/\/www.radiopiu.net\/wordpress\/wp-content\/uploads\/2018\/09\/sport-300x38.jpg 300w, https:\/\/www.radiopiu.net\/wordpress\/wp-content\/uploads\/2018\/09\/sport-768x96.jpg 768w\" sizes=\"auto, (max-width: 800px) 100vw, 800px\" \/><\/a><\/p>\n<\/div>\n<div class=\"message spoilers-container\" dir=\"auto\">\n<p>&nbsp;<\/p>\n<p><span style=\"color: #0000ff;\"><strong>CALCIO<\/strong><\/span><\/p>\n<blockquote>\n<h3>CORSA A SETTE PER L&#8217;ACCESSO DIRETTO AI QUARTI DI FINALE DEL CAMPIONATO AGORDINO<\/h3>\n<\/blockquote>\n<p><strong><a class=\"dt-pswp-item\" href=\"https:\/\/www.radiopiu.net\/wordpress\/wp-content\/uploads\/2021\/09\/PALLONE-CALCIO-CSI.jpg\" data-dt-img-description=\"\" data-large_image_width=\"956\" data-large_image_height=\"637\"><img loading=\"lazy\" decoding=\"async\" class=\" wp-image-233126 alignleft\" src=\"https:\/\/www.radiopiu.net\/wordpress\/wp-content\/uploads\/2021\/09\/PALLONE-CALCIO-CSI-300x200.jpg\" alt=\"\" width=\"185\" height=\"123\" srcset=\"https:\/\/www.radiopiu.net\/wordpress\/wp-content\/uploads\/2021\/09\/PALLONE-CALCIO-CSI-300x200.jpg 300w, https:\/\/www.radiopiu.net\/wordpress\/wp-content\/uploads\/2021\/09\/PALLONE-CALCIO-CSI-768x512.jpg 768w, https:\/\/www.radiopiu.net\/wordpress\/wp-content\/uploads\/2021\/09\/PALLONE-CALCIO-CSI.jpg 956w\" sizes=\"auto, (max-width: 185px) 100vw, 185px\" \/><\/a>di Marco Gaz<\/strong><\/p>\n<p><strong>AGORDO<\/strong> Quinta e ultima giornata della stagione regolare per il Memorial Attilio Moretti. Sono sette le squadre in corsa per giocarsi l\u2019accesso diretto ai quarti di finale: Fodom, La Valle, Voltago, Le Ville, Taibon, Caprile e Vallada. Sar\u00e0 un turno da seguire con attenzione e Radio Pi\u00f9 sar\u00e0 presente con la diretta delle partite che si giocheranno domani alle 16, tutte in concomitanza. Tra le sfide da tenere sott\u2019occhio la pi\u00f9 interessante si gioca a Cernadoi dove il Fodom ospita i campioni in carica del Voltago. Agli orsetti basta un pareggio per accedere ai quarti mentre il Voltago deve vincere per centrare l\u2019obbiettivo. Altra partita interessante al \u201cCesare Scatena\u201d di Taibon dove il Caprile se la vedr\u00e0 proprio con i padroni di casa. Entrambe le squadre sono costrette a vincere per raggiungere i quarti di finale. Il Vallada deve vincere con il Le Ville per accedere alla fase finale mentre alla squadra di Agordo basta un pareggio. Il La Valle gioca alla \u201cBombonera\u201d di Cencenighe. Per i lavallesi non dovrebbe essere una partita insidiosa anche perch\u00e9 i padroni di casa sono costretti a giocare i miniottavi e quindi le motivazioni per mettere il bastone tra le ruote agli avversari sono poche. Il Rivamonte gioca in casa contro il Canale ma entrambe le formazioni sono fuori dai giochi per la qualificazione diretta ai quarti. Stesso discorso per il Gosaldo che sotto la Croda Granda ospita l\u2019Alleghe. In questo caso una vittoria servirebbe solo per decidere gli abbinamenti ai miniottavi di finale. Sar\u00e0 una domenica da non perdere per gli amanti del calcio Agordino in una edizione che fino ad ora ha visto una grande partecipazione di pubblico sui campi della vallata, segno che il Campionato Agordino di calcio attira l\u2019attenzione di molti appassionati. Oltre alla diretta di domani pomeriggio, Radio Pi\u00f9 approfondir\u00e0 la giornata giocata in serata con la sintesi e l\u2019annuncio delle squadre promosse ai quarti e quelle che dovranno invece giocare un altro turno per accedere alla fase finale.<\/p>\n<p><strong>PROSSIMO TURNO: <\/strong>GIRONE A: domani alle 16 Cencenighe \u2013 La Valle, Fodom \u2013 Voltago, Rivamonte &#8211; Canale. GIRONE B: domani alle 16 Caprile \u2013 Taibon, Gosaldo \u2013 Alleghe e Vallada \u2013 Le Ville<\/p>\n<p>&nbsp;<\/p>\n<\/div>\n<\/div>\n<\/div>\n<\/div>\n","protected":false},"excerpt":{"rendered":"<p>40esimo di RADIOPIU\u2026. LA VOCE DELL\u2019EMOZIONE &nbsp; ISCRIVITI AL NOSTRO CANALE\u00a0\u00a0YOUTUBE PER SEGUIRE IN DIRETTA I PRINCIPALI PROGRAMMI DI RADIO PIU\u2019 E LE FUTURE DIRETTE IN ESTERNA. PER ISCRIVERTI\u00a0CLICCA QUI\u00a0E PREMI\u00a0 \u201cIscriviti\u201d\u00a0 \u00a0 &nbsp; &nbsp; CHIUDE LA PRINCIPALE PER IL DURAN, DEVIAZIONI IN LOCO SP347 DEL DURAN E CEREDA: localit\u00e0 Lantrago La Valle. Fino\u00a0al 13&hellip;<\/p>\n","protected":false},"author":4,"featured_media":342363,"comment_status":"closed","ping_status":"closed","sticky":false,"template":"","format":"standard","meta":{"_monsterinsights_skip_tracking":false,"_monsterinsights_sitenote_active":false,"_monsterinsights_sitenote_note":"","_monsterinsights_sitenote_category":0,"footnotes":""},"categories":[51,86,49],"tags":[],"class_list":["post-342293","post","type-post","status-publish","format-standard","has-post-thumbnail","hentry","category-evidenza-top","category-gr","category-news-18","category-51","category-86","category-49","description-off"],"img_url":"https:\/\/www.radiopiu.net\/wordpress\/wp-content\/uploads\/2023\/06\/Soccorso-alpino-rinnovo-convenzione2.jpeg","_links":{"self":[{"href":"https:\/\/www.radiopiu.net\/wordpress\/wp-json\/wp\/v2\/posts\/342293","targetHints":{"allow":["GET"]}}],"collection":[{"href":"https:\/\/www.radiopiu.net\/wordpress\/wp-json\/wp\/v2\/posts"}],"about":[{"href":"https:\/\/www.radiopiu.net\/wordpress\/wp-json\/wp\/v2\/types\/post"}],"author":[{"embeddable":true,"href":"https:\/\/www.radiopiu.net\/wordpress\/wp-json\/wp\/v2\/users\/4"}],"replies":[{"embeddable":true,"href":"https:\/\/www.radiopiu.net\/wordpress\/wp-json\/wp\/v2\/comments?post=342293"}],"version-history":[{"count":0,"href":"https:\/\/www.radiopiu.net\/wordpress\/wp-json\/wp\/v2\/posts\/342293\/revisions"}],"wp:featuredmedia":[{"embeddable":true,"href":"https:\/\/www.radiopiu.net\/wordpress\/wp-json\/wp\/v2\/media\/342363"}],"wp:attachment":[{"href":"https:\/\/www.radiopiu.net\/wordpress\/wp-json\/wp\/v2\/media?parent=342293"}],"wp:term":[{"taxonomy":"category","embeddable":true,"href":"https:\/\/www.radiopiu.net\/wordpress\/wp-json\/wp\/v2\/categories?post=342293"},{"taxonomy":"post_tag","embeddable":true,"href":"https:\/\/www.radiopiu.net\/wordpress\/wp-json\/wp\/v2\/tags?post=342293"}],"curies":[{"name":"wp","href":"https:\/\/api.w.org\/{rel}","templated":true}]}}