{"id":342311,"date":"2023-06-30T11:40:30","date_gmt":"2023-06-30T09:40:30","guid":{"rendered":"https:\/\/www.radiopiu.net\/wordpress\/?p=342311"},"modified":"2023-06-30T11:40:30","modified_gmt":"2023-06-30T09:40:30","slug":"lavori-in-corso-lunedi-senzacqua-in-alcune-frazioni-di-falcade","status":"publish","type":"post","link":"https:\/\/www.radiopiu.net\/wordpress\/lavori-in-corso-lunedi-senzacqua-in-alcune-frazioni-di-falcade\/","title":{"rendered":"LAVORI IN CORSO: LUNEDI SENZ&#8217;ACQUA IN ALCUNE FRAZIONI DI FALCADE"},"content":{"rendered":"<p>Gestione Servizi Pubblici informa che, per lavori alla rete idrica comunale, il giorno 05\/07 dalle 08:00 a FINE LAVORI verr\u00e0 sospesa l\u2019erogazione dell\u2019acqua a FALCADE nelle vie LUNGO TEGOSA, PIETRO NANNI, COL DI FRENA, DE SAN DOANE, CAVALLERA, ALDO MORO, CIME D\u2019AUTA, PINETA. Il personale addetto operer\u00e0 per limitare il pi\u00f9 possibile i disagi alla popolazione. Per informazioni \u00e8 possibile contattare il Servizio Clienti al numero 800 306 999 o +39 0445 230521 (da estero) . Per emergenze il numero del Pronto Intervento \u00e8 800 757678.<\/p>\n<p>&nbsp;<\/p>\n<p>&nbsp;<\/p>\n<hr \/>\n<p>&nbsp;<\/p>\n","protected":false},"excerpt":{"rendered":"<p>Gestione Servizi Pubblici informa che, per lavori alla rete idrica comunale, il giorno 05\/07 dalle 08:00 a FINE LAVORI verr\u00e0 sospesa l\u2019erogazione dell\u2019acqua a FALCADE nelle vie LUNGO TEGOSA, PIETRO NANNI, COL DI FRENA, DE SAN DOANE, CAVALLERA, ALDO MORO, CIME D\u2019AUTA, PINETA. Il personale addetto operer\u00e0 per limitare il pi\u00f9 possibile i disagi alla&hellip;<\/p>\n","protected":false},"author":4,"featured_media":232360,"comment_status":"closed","ping_status":"closed","sticky":false,"template":"","format":"standard","meta":{"_monsterinsights_skip_tracking":false,"_monsterinsights_sitenote_active":false,"_monsterinsights_sitenote_note":"","_monsterinsights_sitenote_category":0,"footnotes":""},"categories":[104,49],"tags":[],"class_list":["post-342311","post","type-post","status-publish","format-standard","has-post-thumbnail","hentry","category-evidenza_3","category-news-18","category-104","category-49","description-off"],"img_url":"https:\/\/www.radiopiu.net\/wordpress\/wp-content\/uploads\/2021\/09\/IMG-20210910-WA0001.jpg","_links":{"self":[{"href":"https:\/\/www.radiopiu.net\/wordpress\/wp-json\/wp\/v2\/posts\/342311","targetHints":{"allow":["GET"]}}],"collection":[{"href":"https:\/\/www.radiopiu.net\/wordpress\/wp-json\/wp\/v2\/posts"}],"about":[{"href":"https:\/\/www.radiopiu.net\/wordpress\/wp-json\/wp\/v2\/types\/post"}],"author":[{"embeddable":true,"href":"https:\/\/www.radiopiu.net\/wordpress\/wp-json\/wp\/v2\/users\/4"}],"replies":[{"embeddable":true,"href":"https:\/\/www.radiopiu.net\/wordpress\/wp-json\/wp\/v2\/comments?post=342311"}],"version-history":[{"count":0,"href":"https:\/\/www.radiopiu.net\/wordpress\/wp-json\/wp\/v2\/posts\/342311\/revisions"}],"wp:featuredmedia":[{"embeddable":true,"href":"https:\/\/www.radiopiu.net\/wordpress\/wp-json\/wp\/v2\/media\/232360"}],"wp:attachment":[{"href":"https:\/\/www.radiopiu.net\/wordpress\/wp-json\/wp\/v2\/media?parent=342311"}],"wp:term":[{"taxonomy":"category","embeddable":true,"href":"https:\/\/www.radiopiu.net\/wordpress\/wp-json\/wp\/v2\/categories?post=342311"},{"taxonomy":"post_tag","embeddable":true,"href":"https:\/\/www.radiopiu.net\/wordpress\/wp-json\/wp\/v2\/tags?post=342311"}],"curies":[{"name":"wp","href":"https:\/\/api.w.org\/{rel}","templated":true}]}}