{"id":342370,"date":"2023-07-01T07:55:37","date_gmt":"2023-07-01T05:55:37","guid":{"rendered":"https:\/\/www.radiopiu.net\/wordpress\/?p=342370"},"modified":"2023-07-01T07:58:20","modified_gmt":"2023-07-01T05:58:20","slug":"alle-8-del-mattino-appuntamento-a-radio-piu-ce-la-rassegna-stampa-da-40-anni-di-mirko-mezzacasa-2","status":"publish","type":"post","link":"https:\/\/www.radiopiu.net\/wordpress\/alle-8-del-mattino-appuntamento-a-radio-piu-ce-la-rassegna-stampa-da-40-anni-di-mirko-mezzacasa-2\/","title":{"rendered":"ALLE 8 DEL MATTINO, APPUNTAMENTO A RADIO PIU\u2019: C\u2019E\u2019 LA RASSEGNA STAMPA DA 40 ANNI DI MIRKO MEZZACASA"},"content":{"rendered":"<p><iframe loading=\"lazy\" title=\"RASSEGNA STAMPA LOCALE 01 LUGLIO 2023\" width=\"1200\" height=\"675\" src=\"https:\/\/www.youtube.com\/embed\/1M3EXky2Cqs?feature=oembed\" frameborder=\"0\" allow=\"accelerometer; autoplay; clipboard-write; encrypted-media; gyroscope; picture-in-picture; web-share\" allowfullscreen><\/iframe><\/p>\n<p>&nbsp;<\/p>\n<p><strong>VENEZIA <\/strong>Il Centro Funzionale Decentrato della Protezione Civile della Regione del Veneto ha emesso un avviso in cui dichiara uno stato di attenzione fino all&#8217;intera giornata di oggi. Si prevede un tempo a tratti instabile con rovesci e temporali da locali sulle Dolomiti a sparsi su pianura e costa.<\/p>\n<p><strong>BELLUNO<\/strong> L&#8217;ULSS Dolomiti e il Soccorso Alpino Dolomiti Bellunesi rinnovano la convenzione triennale per le attivit\u00e0 di elisoccorso in collaborazione con il SUEM 118. La convenzione prevede l&#8217;estensione della presenza del tecnico del soccorso alpino nella Centrale Operativa di Pieve per tutto l&#8217;anno.<\/p>\n<p><strong>AGORDO<\/strong> Ieri v<span dir=\"ltr\">erso le 10.40<\/span>\u00a0l\u2019elicottero del Suem di Pieve di Cadore \u00e8 intervenuto all\u2019altezza di Forcella De Zita Sud, a 2.350 metri di quota, per una turista canadese che si era procurata un sospetto trauma toracico dopo essere caduta.<\/p>\n<p><strong>BELLUNO <\/strong>Operazione ponti, la Provincia punta al restyling completo di diversi viadotti stradali. Ieri gli uffici di Palazzo Piloni hanno inviato la richiesta di finanziamento. Si tratta soprattutto di manufatti datati, bisognosi di interventi di messa in sicurezza, a cui si aggiunge il monitoraggio di tutti i ponti sulla rete stradale provinciale, per un valore complessivo che si aggira sui 9,5 milioni di euro.<\/p>\n<p><strong>AGORDO<\/strong> Con una delibera del comune di Agordo sono stati confermati i lavori per la copertura della tribuna dello stadio Ivano Dorigo e il nuovo manto sintetico sul campo di allenamento<\/p>\n<p><strong>BELLUNO<\/strong> La CGIL di Belluno esprime preoccupazione per il futuro lavorativo di quasi 460 dipendenti e delle loro famiglie presso Safilo e Th\u00e9lios. Ritengono inaccettabile che le due aziende dettino i tempi e propongano un accordo che non protegga i livelli occupazionali.<\/p>\n<p><strong>BELLUNO<\/strong> La UIL e la UIL-Trasporti di Belluno esprimono preoccupazione per lo stato dei lavori delle opere previste per le Olimpiadi di Milano-Cortina 2026. Ritengono che ci sia una situazione di stallo e mancanza di sviluppi concreti, soprattutto per quanto riguarda i cantieri nel territorio del Cadore.<\/p>\n<p><strong>BELLUNO<\/strong> Sono stati presentati a Cortina i nuovi mezzi di Dolomiti Bus che entreranno in servizio per le tratte urbane del centro ampezzano. Si tratta di quattro bus Isuzu modello NovoCiti Life (urbano classe I) dalle elevate prestazioni: autobus diesel Euro 6 di ultima generazione a pianale ribassato, predisposti per caricare a bordo persone con disabilit\u00e0 in carrozzina.<\/p>\n<p><strong>BELLUNO\u00a0 <\/strong>Migliorare il servizio e ridurre le perdite, un tassello dopo l\u2019altro. Sono inseriti in questa macro-progettualit\u00e0 i lavori di rinnovamento della rete acquedottistica a servizio dell\u2019abitato del Nevegal, in Comune di Belluno. Bim Gsp, infatti, in poco meno di un mese, ha provveduto a sostituire oltre 600 metri di nuove tubazioni in arrivo al serbatoio Comirato e in uscita dallo stesso.<\/p>\n<p><strong>BELLUNO<\/strong> I telefoni sono tornati a squillare a Piandelmonte \u2013 Ronce \u2013 Tassei. Il guasto alla linea telefonica \u00e8 stato ripristinato nei giorni scorsi e ora il servizio funziona regolarmente.<\/p>\n<p><strong>AGORDO <\/strong>Oggi\u00a0in occasione della Sagra di San Piero ad Agordo verr\u00e0 inaugurato il &#8220;Nordic Walking Park Agordino&#8221;, progetto turistico che collega i Comuni di Agordo e Taibon Agordino attraverso un articolato percorso di Nordic Walking.<\/p>\n<p><strong>AGORDO<\/strong> Oggi ultimo giorno della Sagra di San Piero con Ad Agordo Pro Loco<\/p>\n<p><strong>VOLTAGO<\/strong> Serata da non perdere al Rifugio Scarpa quella di oggi alle 17:30 quando sotto all&#8217;Agner verr\u00e0 proposta la proiezione del film &#8220;L&#8217;ultima Via di Riccardo Bee&#8221;<\/p>\n<p><strong>AGORDO<\/strong> Quinta e ultima giornata della stagione regolare per il Memorial Attilio Moretti. Sono sette le squadre in corsa per giocarsi l\u2019accesso diretto ai quarti di finale: Fodom, La Valle, Voltago, Le Ville, Taibon, Caprile e Vallada. Sar\u00e0 un turno da seguire con attenzione e Radio Pi\u00f9 sar\u00e0 presente con la diretta delle partite che si giocheranno domani alle 16, tutte in concomitanza.<\/p>\n","protected":false},"excerpt":{"rendered":"<p>&nbsp; VENEZIA Il Centro Funzionale Decentrato della Protezione Civile della Regione del Veneto ha emesso un avviso in cui dichiara uno stato di attenzione fino all&#8217;intera giornata di oggi. Si prevede un tempo a tratti instabile con rovesci e temporali da locali sulle Dolomiti a sparsi su pianura e costa. BELLUNO L&#8217;ULSS Dolomiti e il&hellip;<\/p>\n","protected":false},"author":4,"featured_media":342374,"comment_status":"closed","ping_status":"closed","sticky":false,"template":"","format":"standard","meta":{"_monsterinsights_skip_tracking":false,"_monsterinsights_sitenote_active":false,"_monsterinsights_sitenote_note":"","_monsterinsights_sitenote_category":0,"footnotes":""},"categories":[49],"tags":[],"class_list":["post-342370","post","type-post","status-publish","format-standard","has-post-thumbnail","hentry","category-news-18","category-49","description-off"],"img_url":"https:\/\/www.radiopiu.net\/wordpress\/wp-content\/uploads\/2023\/07\/SCR-20230701-ggky.png","_links":{"self":[{"href":"https:\/\/www.radiopiu.net\/wordpress\/wp-json\/wp\/v2\/posts\/342370","targetHints":{"allow":["GET"]}}],"collection":[{"href":"https:\/\/www.radiopiu.net\/wordpress\/wp-json\/wp\/v2\/posts"}],"about":[{"href":"https:\/\/www.radiopiu.net\/wordpress\/wp-json\/wp\/v2\/types\/post"}],"author":[{"embeddable":true,"href":"https:\/\/www.radiopiu.net\/wordpress\/wp-json\/wp\/v2\/users\/4"}],"replies":[{"embeddable":true,"href":"https:\/\/www.radiopiu.net\/wordpress\/wp-json\/wp\/v2\/comments?post=342370"}],"version-history":[{"count":0,"href":"https:\/\/www.radiopiu.net\/wordpress\/wp-json\/wp\/v2\/posts\/342370\/revisions"}],"wp:featuredmedia":[{"embeddable":true,"href":"https:\/\/www.radiopiu.net\/wordpress\/wp-json\/wp\/v2\/media\/342374"}],"wp:attachment":[{"href":"https:\/\/www.radiopiu.net\/wordpress\/wp-json\/wp\/v2\/media?parent=342370"}],"wp:term":[{"taxonomy":"category","embeddable":true,"href":"https:\/\/www.radiopiu.net\/wordpress\/wp-json\/wp\/v2\/categories?post=342370"},{"taxonomy":"post_tag","embeddable":true,"href":"https:\/\/www.radiopiu.net\/wordpress\/wp-json\/wp\/v2\/tags?post=342370"}],"curies":[{"name":"wp","href":"https:\/\/api.w.org\/{rel}","templated":true}]}}