{"id":342379,"date":"2023-07-01T08:46:06","date_gmt":"2023-07-01T06:46:06","guid":{"rendered":"https:\/\/www.radiopiu.net\/wordpress\/?p=342379"},"modified":"2023-07-01T08:46:06","modified_gmt":"2023-07-01T06:46:06","slug":"disco-piu-dal-1-al-7-luglio-2023","status":"publish","type":"post","link":"https:\/\/www.radiopiu.net\/wordpress\/disco-piu-dal-1-al-7-luglio-2023\/","title":{"rendered":"DISCO PIU\u2019 DAL 1 AL 7 LUGLIO 2023"},"content":{"rendered":"<p><strong class=\"photoswipe-wrapper\"><a class=\"dt-pswp-item\" href=\"https:\/\/www.radiopiu.net\/wordpress\/wp-content\/uploads\/2023\/07\/Copertina_Lunedi-scaled.jpg\" data-dt-img-description=\"\" data-large_image_width=\"2560\" data-large_image_height=\"2560\"><img loading=\"lazy\" decoding=\"async\" class=\" wp-image-342380 alignleft\" src=\"https:\/\/www.radiopiu.net\/wordpress\/wp-content\/uploads\/2023\/07\/Copertina_Lunedi-300x300.jpg\" alt=\"\" width=\"170\" height=\"170\" srcset=\"https:\/\/www.radiopiu.net\/wordpress\/wp-content\/uploads\/2023\/07\/Copertina_Lunedi-300x300.jpg 300w, https:\/\/www.radiopiu.net\/wordpress\/wp-content\/uploads\/2023\/07\/Copertina_Lunedi-1024x1024.jpg 1024w, https:\/\/www.radiopiu.net\/wordpress\/wp-content\/uploads\/2023\/07\/Copertina_Lunedi-150x150.jpg 150w, https:\/\/www.radiopiu.net\/wordpress\/wp-content\/uploads\/2023\/07\/Copertina_Lunedi-768x768.jpg 768w, https:\/\/www.radiopiu.net\/wordpress\/wp-content\/uploads\/2023\/07\/Copertina_Lunedi-1536x1536.jpg 1536w, https:\/\/www.radiopiu.net\/wordpress\/wp-content\/uploads\/2023\/07\/Copertina_Lunedi-2048x2048.jpg 2048w\" sizes=\"auto, (max-width: 170px) 100vw, 170px\" \/><\/a>I SUCCESSI DI DOMANI<\/strong><\/p>\n<p><strong>LI ASCOLTI OGGI\u2026SU RADIO PIU\u2019<\/strong><\/p>\n<p><strong>IL DISCO PIU\u2019 DAL 1 AL 7 LUGLIO 2023 E\u2019:<\/strong><\/p>\n<p><strong>ARTISTA: Mattia Andrich<\/strong><\/p>\n<p><strong>TITOLO: Luned\u00ec<\/strong><\/p>\n<p><strong>ETICHETTA: Indipendente<\/strong><\/p>\n<p>Luned\u00ec \u00e8 un singolo dalle sonorit\u00e0 estive ma con un testo che racconta con ironia e cinismo le difficolt\u00e0 e le fatiche di ogni giorno. Le due anime della canzone vogliono far riflettere sulla quotidianit\u00e0 frenetica ma al tempo stesso sdramattizzarla, per portare ognuno di noi a prendersi un po&#8217; meno sul serio. Perch\u00e9 di questi tempi la cosa pi\u00f9 difficile \u00e8 fermarsi a prendere fiato e godersi un attimo di relax mentre il mondo intorno corre sempre pi\u00f9 forte.<\/p>\n<p>&nbsp;<\/p>\n<p><iframe loading=\"lazy\" title=\"Mattia Andrich - Luned\u00ec\" width=\"1200\" height=\"675\" src=\"https:\/\/www.youtube.com\/embed\/bdjs01kHH7E?feature=oembed\" frameborder=\"0\" allow=\"accelerometer; autoplay; clipboard-write; encrypted-media; gyroscope; picture-in-picture; web-share\" allowfullscreen><\/iframe><\/p>\n<p>&nbsp;<\/p>\n<p>&nbsp;<\/p>\n<p>********<\/p>\n","protected":false},"excerpt":{"rendered":"<p>I SUCCESSI DI DOMANI LI ASCOLTI OGGI\u2026SU RADIO PIU\u2019 IL DISCO PIU\u2019 DAL 1 AL 7 LUGLIO 2023 E\u2019: ARTISTA: Mattia Andrich TITOLO: Luned\u00ec ETICHETTA: Indipendente Luned\u00ec \u00e8 un singolo dalle sonorit\u00e0 estive ma con un testo che racconta con ironia e cinismo le difficolt\u00e0 e le fatiche di ogni giorno. Le due anime della&hellip;<\/p>\n","protected":false},"author":4,"featured_media":342380,"comment_status":"closed","ping_status":"closed","sticky":false,"template":"","format":"standard","meta":{"_monsterinsights_skip_tracking":false,"_monsterinsights_sitenote_active":false,"_monsterinsights_sitenote_note":"","_monsterinsights_sitenote_category":0,"footnotes":""},"categories":[15],"tags":[],"class_list":["post-342379","post","type-post","status-publish","format-standard","has-post-thumbnail","hentry","category-discopiu","category-15","description-off"],"img_url":"https:\/\/www.radiopiu.net\/wordpress\/wp-content\/uploads\/2023\/07\/Copertina_Lunedi-scaled.jpg","_links":{"self":[{"href":"https:\/\/www.radiopiu.net\/wordpress\/wp-json\/wp\/v2\/posts\/342379","targetHints":{"allow":["GET"]}}],"collection":[{"href":"https:\/\/www.radiopiu.net\/wordpress\/wp-json\/wp\/v2\/posts"}],"about":[{"href":"https:\/\/www.radiopiu.net\/wordpress\/wp-json\/wp\/v2\/types\/post"}],"author":[{"embeddable":true,"href":"https:\/\/www.radiopiu.net\/wordpress\/wp-json\/wp\/v2\/users\/4"}],"replies":[{"embeddable":true,"href":"https:\/\/www.radiopiu.net\/wordpress\/wp-json\/wp\/v2\/comments?post=342379"}],"version-history":[{"count":0,"href":"https:\/\/www.radiopiu.net\/wordpress\/wp-json\/wp\/v2\/posts\/342379\/revisions"}],"wp:featuredmedia":[{"embeddable":true,"href":"https:\/\/www.radiopiu.net\/wordpress\/wp-json\/wp\/v2\/media\/342380"}],"wp:attachment":[{"href":"https:\/\/www.radiopiu.net\/wordpress\/wp-json\/wp\/v2\/media?parent=342379"}],"wp:term":[{"taxonomy":"category","embeddable":true,"href":"https:\/\/www.radiopiu.net\/wordpress\/wp-json\/wp\/v2\/categories?post=342379"},{"taxonomy":"post_tag","embeddable":true,"href":"https:\/\/www.radiopiu.net\/wordpress\/wp-json\/wp\/v2\/tags?post=342379"}],"curies":[{"name":"wp","href":"https:\/\/api.w.org\/{rel}","templated":true}]}}