{"id":342389,"date":"2023-07-01T10:14:08","date_gmt":"2023-07-01T08:14:08","guid":{"rendered":"https:\/\/www.radiopiu.net\/wordpress\/?p=342389"},"modified":"2023-07-01T10:14:08","modified_gmt":"2023-07-01T08:14:08","slug":"a-giugno-i-veneti-hanno-pagato-58-miliardi-di-tasse","status":"publish","type":"post","link":"https:\/\/www.radiopiu.net\/wordpress\/a-giugno-i-veneti-hanno-pagato-58-miliardi-di-tasse\/","title":{"rendered":"A GIUGNO I VENETI HANNO PAGATO  5,8 MILIARDI DI TASSE"},"content":{"rendered":"<p><a class=\"dt-pswp-item\" href=\"https:\/\/www.radiopiu.net\/wordpress\/wp-content\/uploads\/2023\/07\/Schermata-2023-07-01-alle-10.10.44.png\" data-dt-img-description=\"\" data-large_image_width=\"1084\" data-large_image_height=\"1570\"><img loading=\"lazy\" decoding=\"async\" class=\"size-medium wp-image-342392 alignleft\" src=\"https:\/\/www.radiopiu.net\/wordpress\/wp-content\/uploads\/2023\/07\/Schermata-2023-07-01-alle-10.10.44-207x300.png\" alt=\"\" width=\"207\" height=\"300\" srcset=\"https:\/\/www.radiopiu.net\/wordpress\/wp-content\/uploads\/2023\/07\/Schermata-2023-07-01-alle-10.10.44-207x300.png 207w, https:\/\/www.radiopiu.net\/wordpress\/wp-content\/uploads\/2023\/07\/Schermata-2023-07-01-alle-10.10.44-707x1024.png 707w, https:\/\/www.radiopiu.net\/wordpress\/wp-content\/uploads\/2023\/07\/Schermata-2023-07-01-alle-10.10.44-768x1112.png 768w, https:\/\/www.radiopiu.net\/wordpress\/wp-content\/uploads\/2023\/07\/Schermata-2023-07-01-alle-10.10.44-1061x1536.png 1061w, https:\/\/www.radiopiu.net\/wordpress\/wp-content\/uploads\/2023\/07\/Schermata-2023-07-01-alle-10.10.44.png 1084w\" sizes=\"auto, (max-width: 207px) 100vw, 207px\" \/><\/a>Nel mese che ci siamo appena lasciati alle spalle, il fisco ha cominciato seriamente a presentare il \u201cconto\u201d anche ai veneti. Tra le ritenute Irpef dei dipendenti, l\u2019Iva, l\u2019Ires, l\u2019Imu, l\u2019Irap, l\u2019Irpef dei lavoratori autonomi, le addizionali, etc., l\u2019Ufficio studi della CGIA stima in 5,8 miliardi di euro l\u2019ammontare complessivo delle tasse che, entro ieri, sono state versate dai contribuenti della nostra regione nelle casse dello Stato. Va comunque ricordato che giugno, assieme a novembre, \u00e8 da sempre il mese dove si concentra il maggior numero di scadenze fiscali. C\u2019\u00e8 comunque dell\u2019altro da segnalare. Non solo paghiamo molto \u2013 e questo lo possono affermare tutti coloro che sono \u201cconosciuti\u201d dall\u2019Amministrazione finanziaria \u2013 ma, come ha ricordato recentemente anche il ministro della Giustizia, Carlo Nordio, pure pagare le tasse \u00e8 estremamente difficile.<\/p>\n<p>La complessit\u00e0 e la farraginosit\u00e0 del nostro sistema tributario, purtroppo, stanno creando delle grandi difficolt\u00e0 interpretative persino gli addetti ai lavori, come i commercialisti, gli esperti fiscali delle associazioni di categoria o dei Caf. Figuriamoci gli imprenditori, in particolar modo quelli di piccola dimensione che subiscono 80 scadenze tributarie e contributive all\u2019anno. \u201cTravolti\u201d da questo dedalo fiscale, con il rallentamento dell\u2019economia \u00e8 diminuita la liquidit\u00e0 disponibile per onorare questi impegni, anche alla luce del fatto che i committenti hanno allungato i tempi di pagamento e le banche sono tornate a erogare il credito con il contagocce.<\/p>\n<p><strong>Da oggi busta paga pi\u00f9 pesanti<\/strong><br \/>\nGrazie al decreto lavoro approvato definitivamente l\u2019altro ieri, il taglio del cuneo fiscale per i lavoratori dipendenti con redditi fino a 35 mila euro sale di 4 punti percentuali. La misura, per\u00f2, sar\u00e0 temporanea. Entra in vigore oggi e terminer\u00e0 il prossimo 31 dicembre. Nel dettaglio:<\/p>\n<p>per gli stipendi fino a 25 mila euro lordi, il taglio del cuneo passa dal 3 al 7 per cento. Questo comporter\u00e0 un ipotetico aumento dello stipendio di circa 70 euro al mese;<br \/>\nper le retribuzioni da 25 a 35 mila euro lordi, invece, la riduzione sale dal 2 al 6 per cento. Si ipotizza un aumento in busta paga di circa 90 euro mensili.<\/p>\n<p><a class=\"dt-pswp-item\" href=\"https:\/\/www.radiopiu.net\/wordpress\/wp-content\/uploads\/2023\/07\/Schermata-2023-07-01-alle-10.10.59.png\" data-dt-img-description=\"\" data-large_image_width=\"1106\" data-large_image_height=\"1334\"><img loading=\"lazy\" decoding=\"async\" class=\"size-medium wp-image-342391 alignleft\" src=\"https:\/\/www.radiopiu.net\/wordpress\/wp-content\/uploads\/2023\/07\/Schermata-2023-07-01-alle-10.10.59-249x300.png\" alt=\"\" width=\"249\" height=\"300\" srcset=\"https:\/\/www.radiopiu.net\/wordpress\/wp-content\/uploads\/2023\/07\/Schermata-2023-07-01-alle-10.10.59-249x300.png 249w, https:\/\/www.radiopiu.net\/wordpress\/wp-content\/uploads\/2023\/07\/Schermata-2023-07-01-alle-10.10.59-849x1024.png 849w, https:\/\/www.radiopiu.net\/wordpress\/wp-content\/uploads\/2023\/07\/Schermata-2023-07-01-alle-10.10.59-768x926.png 768w, https:\/\/www.radiopiu.net\/wordpress\/wp-content\/uploads\/2023\/07\/Schermata-2023-07-01-alle-10.10.59.png 1106w\" sizes=\"auto, (max-width: 249px) 100vw, 249px\" \/><\/a><strong>Evasione: in Veneto ha dimensioni contenute<\/strong><br \/>\nSe le tasse sono troppe, anche l\u2019evasione, purtroppo, continua a rimanere molto elevata, anche se sussistono forti differenze tra le varie aree geografiche del Paese. Nel 2020, ultimo dato disponibile, il peso dell\u2019economia non osservata sul valore aggiunto nazionale (Pil) era all\u2019 11,6 per cento, pari a 174,6 miliardi di euro. Il sommerso economico, comunque, presentava una diversa incidenza sulla ricchezza prodotta: il 9,2 per cento a Nordovest, il 9,8 per cento a Nordest, il 12 per cento al Centro e il 16,8 per cento nel Mezzogiorno. In altre parole \u00e8 come se, a livello nazionale, a fronte di ogni 100 euro di gettito incassato ne fossero stati evasi 13,2. Nel Nordovest, l\u2019Ufficio studi della CGIA ha stimato che l\u2019ammontare totale del gettito evaso ammontasse a 23,4 miliardi di euro; pertanto, ogni 100 euro incassati se ne sono persi 10,3, nel Nordest 11,1 (17,6 miliardi di gettito eroso dagli evasori), al Centro 13,6 (19,8 miliardi di gettito perso) e nel Mezzogiorno 19 (29,1 miliardi di gettito perso).<br \/>\nA livello regionale, infine, la situazione pi\u00f9 critica ha interessato il Sud: nella classifica di euro evasi ogni 100 euro incassati, in Puglia se ne sono \u201cpersi\u201d 19,2 euro, in Campania 20 e in Calabria 21,3. Si tratta di cifre doppie rispetto a quelle che si sono registrate nelle regioni meno interessate dal fenomeno evasivo: Veneto (11,4 euro), Friuli Venezia Giulia (10,6 euro), Provincia di Trento (10,2 euro) e Lombardia (9,5 euro). Il territorio nazionale pi\u00f9 fedele al fisco \u00e8 stata la Provincia di Bolzano che presentava un\u2019evasione di soli 9,3 euro ogni 100 incassati (vedi Tab. 1).<br \/>\n<strong>Schiacciati dall\u2019 \u201coppressione\u201d fiscale<\/strong><br \/>\nTornando al nostro sistema tributario, oltre ad avere un carico fiscale tra i pi\u00f9 elevati d\u2019Europa, l\u2019Italia \u00e8 il Paese, assieme al Portogallo, dove pagare le tasse \u00e8 pi\u00f9 difficile, in particolar modo per le imprese. Secondo le ultime statistiche elaborate dalla Banca Mondiale (Doing Business 2020), i nostri imprenditori \u201cperdono\u201d 30 giorni all\u2019anno (pari a 238 ore) per raccogliere tutte le informazioni necessarie per calcolare le imposte dovute; per completare tutte le dichiarazioni dei redditi e per presentarle all\u2019Amministrazione finanziaria; per effettuare il pagamento on line o presso le autorit\u00e0 preposte. In Francia per espletare le incombenze burocratiche derivanti dal pagamento delle tasse sono necessari solo 17 giorni (139 ore), in Spagna 18 (143 ore) e in Germania 27 (218 ore), mentre la media dell\u2019Area dell\u2019Euro \u00e8 di 18 giorni (147 ore). I dati si riferiscono a una media impresa (societ\u00e0 a responsabilit\u00e0 limitata), al secondo anno di vita e con circa 60 addetti. (vedi Tab. 2).<br \/>\n<strong>Solo Francia e Belgio pagano pi\u00f9 di noi<\/strong><br \/>\n<a class=\"dt-pswp-item\" href=\"https:\/\/www.radiopiu.net\/wordpress\/wp-content\/uploads\/2023\/07\/Schermata-2023-07-01-alle-10.11.30.png\" data-dt-img-description=\"\" data-large_image_width=\"576\" data-large_image_height=\"1600\"><img loading=\"lazy\" decoding=\"async\" class=\"size-medium wp-image-342390 alignleft\" src=\"https:\/\/www.radiopiu.net\/wordpress\/wp-content\/uploads\/2023\/07\/Schermata-2023-07-01-alle-10.11.30-108x300.png\" alt=\"\" width=\"108\" height=\"300\" srcset=\"https:\/\/www.radiopiu.net\/wordpress\/wp-content\/uploads\/2023\/07\/Schermata-2023-07-01-alle-10.11.30-108x300.png 108w, https:\/\/www.radiopiu.net\/wordpress\/wp-content\/uploads\/2023\/07\/Schermata-2023-07-01-alle-10.11.30-369x1024.png 369w, https:\/\/www.radiopiu.net\/wordpress\/wp-content\/uploads\/2023\/07\/Schermata-2023-07-01-alle-10.11.30-553x1536.png 553w, https:\/\/www.radiopiu.net\/wordpress\/wp-content\/uploads\/2023\/07\/Schermata-2023-07-01-alle-10.11.30.png 576w\" sizes=\"auto, (max-width: 108px) 100vw, 108px\" \/><\/a>In UE solo la Francia e il Belgio hanno registrato un peso fiscale superiore al nostro. Se a Parigi la pressione fiscale nel 2022 era al 47,7 per cento del Pil, a Bruxelles si \u00e8 attestata al 45,1 per cento. Da noi, invece, ha toccato la soglia record del 43,5 per cento. Tra i 27 dell\u2019UE, l\u2019Italia si \u201ccolloca\u201d al terzo posto. La Germania, invece, si \u00e8 posizionata al 9\u00b0 posto con una pressione fiscale del 41,9 per cento, mentre la Spagna la scorgiamo al 12\u00b0 posto con il 38,5 per cento. La media dei Paesi dell\u2019Area dell\u2019Euro \u00e8 stata del 41,9 per cento (vedi Tab. 3). Per una regione come la nostra che ha una grande vocazione all\u2019export, doversi misurare con concorrenti stranieri che magari hanno 4-5 punti percentuali di tassazione in meno \u00e8 un grosso handicap che molti imprenditori veneti, purtroppo, subiscono ogni giorno.<\/p>\n","protected":false},"excerpt":{"rendered":"<p>Nel mese che ci siamo appena lasciati alle spalle, il fisco ha cominciato seriamente a presentare il \u201cconto\u201d anche ai veneti. Tra le ritenute Irpef dei dipendenti, l\u2019Iva, l\u2019Ires, l\u2019Imu, l\u2019Irap, l\u2019Irpef dei lavoratori autonomi, le addizionali, etc., l\u2019Ufficio studi della CGIA stima in 5,8 miliardi di euro l\u2019ammontare complessivo delle tasse che, entro ieri,&hellip;<\/p>\n","protected":false},"author":2,"featured_media":145458,"comment_status":"closed","ping_status":"closed","sticky":false,"template":"","format":"standard","meta":{"_monsterinsights_skip_tracking":false,"_monsterinsights_sitenote_active":false,"_monsterinsights_sitenote_note":"","_monsterinsights_sitenote_category":0,"footnotes":""},"categories":[49],"tags":[],"class_list":["post-342389","post","type-post","status-publish","format-standard","has-post-thumbnail","hentry","category-news-18","category-49","description-off"],"img_url":"https:\/\/www.radiopiu.net\/wordpress\/wp-content\/uploads\/2020\/06\/il-tempo-e-il-concetto-di-soldi-sveglia-e-un-sacco-di-monete-in-euro_1401-456.jpg","_links":{"self":[{"href":"https:\/\/www.radiopiu.net\/wordpress\/wp-json\/wp\/v2\/posts\/342389","targetHints":{"allow":["GET"]}}],"collection":[{"href":"https:\/\/www.radiopiu.net\/wordpress\/wp-json\/wp\/v2\/posts"}],"about":[{"href":"https:\/\/www.radiopiu.net\/wordpress\/wp-json\/wp\/v2\/types\/post"}],"author":[{"embeddable":true,"href":"https:\/\/www.radiopiu.net\/wordpress\/wp-json\/wp\/v2\/users\/2"}],"replies":[{"embeddable":true,"href":"https:\/\/www.radiopiu.net\/wordpress\/wp-json\/wp\/v2\/comments?post=342389"}],"version-history":[{"count":0,"href":"https:\/\/www.radiopiu.net\/wordpress\/wp-json\/wp\/v2\/posts\/342389\/revisions"}],"wp:featuredmedia":[{"embeddable":true,"href":"https:\/\/www.radiopiu.net\/wordpress\/wp-json\/wp\/v2\/media\/145458"}],"wp:attachment":[{"href":"https:\/\/www.radiopiu.net\/wordpress\/wp-json\/wp\/v2\/media?parent=342389"}],"wp:term":[{"taxonomy":"category","embeddable":true,"href":"https:\/\/www.radiopiu.net\/wordpress\/wp-json\/wp\/v2\/categories?post=342389"},{"taxonomy":"post_tag","embeddable":true,"href":"https:\/\/www.radiopiu.net\/wordpress\/wp-json\/wp\/v2\/tags?post=342389"}],"curies":[{"name":"wp","href":"https:\/\/api.w.org\/{rel}","templated":true}]}}