{"id":342411,"date":"2023-07-01T17:06:38","date_gmt":"2023-07-01T15:06:38","guid":{"rendered":"https:\/\/www.radiopiu.net\/wordpress\/?p=342411"},"modified":"2023-07-01T17:06:38","modified_gmt":"2023-07-01T15:06:38","slug":"la-presentazione-del-nuovo-tracciato-di-nordic-walking-la-diretta","status":"publish","type":"post","link":"https:\/\/www.radiopiu.net\/wordpress\/la-presentazione-del-nuovo-tracciato-di-nordic-walking-la-diretta\/","title":{"rendered":"LA PRESENTAZIONE DEL NUOVO TRACCIATO DI NORDIC WALKING &#8211; LA DIRETTA"},"content":{"rendered":"<p><strong>AGORDO <\/strong>In occasione della Sagra di San Piero ad Agordo verr\u00e0 inaugurato il \u201cNordic Walking Park Agordino\u201d, progetto turistico che collega i Comuni di Agordo e Taibon Agordino attraverso un articolato percorso di Nordic Walking. L\u2019inaugurazione sotto al tendone con un omaggio per tutti, con la presenza di Radio Pi\u00f9. Sar\u00e0 possibile prenotarsi alle attivit\u00e0 pomeridiane presso l\u2019Ufficio Turistico di Agordo.<\/p>\n<p><strong>LA DIRETTA RADIO PIU&#8217;<\/strong><\/p>\n<p>https:\/\/www.facebook.com\/marco.baghy.1\/videos\/1382089515968696<\/p>\n<p>&nbsp;<\/p>\n<p>*******<\/p>\n","protected":false},"excerpt":{"rendered":"<p>AGORDO In occasione della Sagra di San Piero ad Agordo verr\u00e0 inaugurato il \u201cNordic Walking Park Agordino\u201d, progetto turistico che collega i Comuni di Agordo e Taibon Agordino attraverso un articolato percorso di Nordic Walking. L\u2019inaugurazione sotto al tendone con un omaggio per tutti, con la presenza di Radio Pi\u00f9. Sar\u00e0 possibile prenotarsi alle attivit\u00e0&hellip;<\/p>\n","protected":false},"author":4,"featured_media":341429,"comment_status":"closed","ping_status":"closed","sticky":false,"template":"","format":"standard","meta":{"_monsterinsights_skip_tracking":false,"_monsterinsights_sitenote_active":false,"_monsterinsights_sitenote_note":"","_monsterinsights_sitenote_category":0,"footnotes":""},"categories":[104,49],"tags":[],"class_list":["post-342411","post","type-post","status-publish","format-standard","has-post-thumbnail","hentry","category-evidenza_3","category-news-18","category-104","category-49","description-off"],"img_url":"https:\/\/www.radiopiu.net\/wordpress\/wp-content\/uploads\/2023\/06\/SCR-20230623-llvz.jpeg","_links":{"self":[{"href":"https:\/\/www.radiopiu.net\/wordpress\/wp-json\/wp\/v2\/posts\/342411","targetHints":{"allow":["GET"]}}],"collection":[{"href":"https:\/\/www.radiopiu.net\/wordpress\/wp-json\/wp\/v2\/posts"}],"about":[{"href":"https:\/\/www.radiopiu.net\/wordpress\/wp-json\/wp\/v2\/types\/post"}],"author":[{"embeddable":true,"href":"https:\/\/www.radiopiu.net\/wordpress\/wp-json\/wp\/v2\/users\/4"}],"replies":[{"embeddable":true,"href":"https:\/\/www.radiopiu.net\/wordpress\/wp-json\/wp\/v2\/comments?post=342411"}],"version-history":[{"count":0,"href":"https:\/\/www.radiopiu.net\/wordpress\/wp-json\/wp\/v2\/posts\/342411\/revisions"}],"wp:featuredmedia":[{"embeddable":true,"href":"https:\/\/www.radiopiu.net\/wordpress\/wp-json\/wp\/v2\/media\/341429"}],"wp:attachment":[{"href":"https:\/\/www.radiopiu.net\/wordpress\/wp-json\/wp\/v2\/media?parent=342411"}],"wp:term":[{"taxonomy":"category","embeddable":true,"href":"https:\/\/www.radiopiu.net\/wordpress\/wp-json\/wp\/v2\/categories?post=342411"},{"taxonomy":"post_tag","embeddable":true,"href":"https:\/\/www.radiopiu.net\/wordpress\/wp-json\/wp\/v2\/tags?post=342411"}],"curies":[{"name":"wp","href":"https:\/\/api.w.org\/{rel}","templated":true}]}}