{"id":342443,"date":"2023-07-01T13:39:41","date_gmt":"2023-07-01T11:39:41","guid":{"rendered":"https:\/\/www.radiopiu.net\/wordpress\/?p=342443"},"modified":"2023-07-01T13:39:41","modified_gmt":"2023-07-01T11:39:41","slug":"addio-a-dino-monestier-fondatore-di-montec-srl-a-borgo-valbelluna","status":"publish","type":"post","link":"https:\/\/www.radiopiu.net\/wordpress\/addio-a-dino-monestier-fondatore-di-montec-srl-a-borgo-valbelluna\/","title":{"rendered":"ADDIO A DINO MONESTIER, FONDATORE DI MONTEC SRL A BORGO VALBELLUNA"},"content":{"rendered":"<p><strong><a class=\"dt-pswp-item\" href=\"https:\/\/www.radiopiu.net\/wordpress\/wp-content\/uploads\/2023\/07\/DINO-MONESTIER.jpg\" data-dt-img-description=\"\" data-large_image_width=\"441\" data-large_image_height=\"420\"><img loading=\"lazy\" decoding=\"async\" class=\" wp-image-342445 alignleft\" src=\"https:\/\/www.radiopiu.net\/wordpress\/wp-content\/uploads\/2023\/07\/DINO-MONESTIER-300x286.jpg\" alt=\"\" width=\"166\" height=\"158\" srcset=\"https:\/\/www.radiopiu.net\/wordpress\/wp-content\/uploads\/2023\/07\/DINO-MONESTIER-300x286.jpg 300w, https:\/\/www.radiopiu.net\/wordpress\/wp-content\/uploads\/2023\/07\/DINO-MONESTIER.jpg 441w\" sizes=\"auto, (max-width: 166px) 100vw, 166px\" \/><\/a>BELLUNO <\/strong>\u201cLa scomparsa prematura di Dino Monestier \u00e8 una grave perdita per il Bellunese. Se ne va un imprenditore illuminato che ha trasformato il suo sogno in una realt\u00e0 d&#8217;eccellenza &#8211; la Montec &#8211; un uomo che si \u00e8 sempre messo a disposizione della comunit\u00e0 con dedizione e un profondo amore per questo territorio. Mancher\u00e0 a tutti noi. Ci uniamo al dolore dei suoi famigliari &#8211; della moglie e delle figlie &#8211; e dei suoi tanti collaboratori che in lui vedevano una figura di riferimento\u201d. Cos\u00ec Lorraine Berton, presidente di Confindustria Belluno Dolomiti, saluta Dino Monestier, imprenditore e fondatore di Montec srl, azienda leader nella produzione di componentistica per la refrigerazione con sede a Mel di Borgo Valbelluna. A esprimere cordoglio, accanto a Berton, \u00e8 l&#8217;intera Associazione degli industriali e il Consiglio di Presidenza. Monestier era molto conosciuto anche nel mondo del calcio provinciale. Anche il presidente della LND di Belluno Orazio Zanin ha riservato un ricordo sulla sua pagina Facebook. (Foto: Facebook Orazio Zanin)<\/p>\n<p>&nbsp;<\/p>\n<p>&nbsp;<\/p>\n<p>******<\/p>\n","protected":false},"excerpt":{"rendered":"<p>BELLUNO \u201cLa scomparsa prematura di Dino Monestier \u00e8 una grave perdita per il Bellunese. Se ne va un imprenditore illuminato che ha trasformato il suo sogno in una realt\u00e0 d&#8217;eccellenza &#8211; la Montec &#8211; un uomo che si \u00e8 sempre messo a disposizione della comunit\u00e0 con dedizione e un profondo amore per questo territorio. Mancher\u00e0&hellip;<\/p>\n","protected":false},"author":4,"featured_media":75491,"comment_status":"closed","ping_status":"closed","sticky":false,"template":"","format":"standard","meta":{"_monsterinsights_skip_tracking":false,"_monsterinsights_sitenote_active":false,"_monsterinsights_sitenote_note":"","_monsterinsights_sitenote_category":0,"footnotes":""},"categories":[51,49],"tags":[],"class_list":["post-342443","post","type-post","status-publish","format-standard","has-post-thumbnail","hentry","category-evidenza-top","category-news-18","category-51","category-49","description-off"],"img_url":"https:\/\/www.radiopiu.net\/wordpress\/wp-content\/uploads\/2019\/02\/lutto-fiore.jpg","_links":{"self":[{"href":"https:\/\/www.radiopiu.net\/wordpress\/wp-json\/wp\/v2\/posts\/342443","targetHints":{"allow":["GET"]}}],"collection":[{"href":"https:\/\/www.radiopiu.net\/wordpress\/wp-json\/wp\/v2\/posts"}],"about":[{"href":"https:\/\/www.radiopiu.net\/wordpress\/wp-json\/wp\/v2\/types\/post"}],"author":[{"embeddable":true,"href":"https:\/\/www.radiopiu.net\/wordpress\/wp-json\/wp\/v2\/users\/4"}],"replies":[{"embeddable":true,"href":"https:\/\/www.radiopiu.net\/wordpress\/wp-json\/wp\/v2\/comments?post=342443"}],"version-history":[{"count":0,"href":"https:\/\/www.radiopiu.net\/wordpress\/wp-json\/wp\/v2\/posts\/342443\/revisions"}],"wp:featuredmedia":[{"embeddable":true,"href":"https:\/\/www.radiopiu.net\/wordpress\/wp-json\/wp\/v2\/media\/75491"}],"wp:attachment":[{"href":"https:\/\/www.radiopiu.net\/wordpress\/wp-json\/wp\/v2\/media?parent=342443"}],"wp:term":[{"taxonomy":"category","embeddable":true,"href":"https:\/\/www.radiopiu.net\/wordpress\/wp-json\/wp\/v2\/categories?post=342443"},{"taxonomy":"post_tag","embeddable":true,"href":"https:\/\/www.radiopiu.net\/wordpress\/wp-json\/wp\/v2\/tags?post=342443"}],"curies":[{"name":"wp","href":"https:\/\/api.w.org\/{rel}","templated":true}]}}