{"id":342529,"date":"2023-07-03T05:10:52","date_gmt":"2023-07-03T03:10:52","guid":{"rendered":"https:\/\/www.radiopiu.net\/wordpress\/?p=342529"},"modified":"2023-07-03T05:27:26","modified_gmt":"2023-07-03T03:27:26","slug":"malore-al-rifugio-volpi-di-misurata-al-mulaz","status":"publish","type":"post","link":"https:\/\/www.radiopiu.net\/wordpress\/malore-al-rifugio-volpi-di-misurata-al-mulaz\/","title":{"rendered":"MALORE AL RIFUGIO VOLPI DI MISURATA AL MULAZ"},"content":{"rendered":"<p><strong>FALCADE <\/strong>Verso le 13.20 \u00e8 scattato l&#8217;allarme per un&#8217;escursionista che si \u00e8 sentita poco bene, mentre con il compagno si trovava al Rifugio Volpi di Misurata al Mulaz. La 56enne di Feltre (BL) \u00e8 stata recuperata dall&#8217;elicottero del Suem di Pieve di Cadore e trasportata per accertamenti all&#8217;ospedale di Belluno.<\/p>\n<p>&nbsp;<\/p>\n<p>&nbsp;<\/p>\n<p>*******<\/p>\n","protected":false},"excerpt":{"rendered":"<p>FALCADE Verso le 13.20 \u00e8 scattato l&#8217;allarme per un&#8217;escursionista che si \u00e8 sentita poco bene, mentre con il compagno si trovava al Rifugio Volpi di Misurata al Mulaz. La 56enne di Feltre (BL) \u00e8 stata recuperata dall&#8217;elicottero del Suem di Pieve di Cadore e trasportata per accertamenti all&#8217;ospedale di Belluno. &nbsp; &nbsp; *******<\/p>\n","protected":false},"author":4,"featured_media":290403,"comment_status":"closed","ping_status":"closed","sticky":false,"template":"","format":"standard","meta":{"_monsterinsights_skip_tracking":false,"_monsterinsights_sitenote_active":false,"_monsterinsights_sitenote_note":"","_monsterinsights_sitenote_category":0,"footnotes":""},"categories":[51,49],"tags":[],"class_list":["post-342529","post","type-post","status-publish","format-standard","has-post-thumbnail","hentry","category-evidenza-top","category-news-18","category-51","category-49","description-off"],"img_url":"https:\/\/www.radiopiu.net\/wordpress\/wp-content\/uploads\/2022\/08\/salt.jpg","_links":{"self":[{"href":"https:\/\/www.radiopiu.net\/wordpress\/wp-json\/wp\/v2\/posts\/342529","targetHints":{"allow":["GET"]}}],"collection":[{"href":"https:\/\/www.radiopiu.net\/wordpress\/wp-json\/wp\/v2\/posts"}],"about":[{"href":"https:\/\/www.radiopiu.net\/wordpress\/wp-json\/wp\/v2\/types\/post"}],"author":[{"embeddable":true,"href":"https:\/\/www.radiopiu.net\/wordpress\/wp-json\/wp\/v2\/users\/4"}],"replies":[{"embeddable":true,"href":"https:\/\/www.radiopiu.net\/wordpress\/wp-json\/wp\/v2\/comments?post=342529"}],"version-history":[{"count":0,"href":"https:\/\/www.radiopiu.net\/wordpress\/wp-json\/wp\/v2\/posts\/342529\/revisions"}],"wp:featuredmedia":[{"embeddable":true,"href":"https:\/\/www.radiopiu.net\/wordpress\/wp-json\/wp\/v2\/media\/290403"}],"wp:attachment":[{"href":"https:\/\/www.radiopiu.net\/wordpress\/wp-json\/wp\/v2\/media?parent=342529"}],"wp:term":[{"taxonomy":"category","embeddable":true,"href":"https:\/\/www.radiopiu.net\/wordpress\/wp-json\/wp\/v2\/categories?post=342529"},{"taxonomy":"post_tag","embeddable":true,"href":"https:\/\/www.radiopiu.net\/wordpress\/wp-json\/wp\/v2\/tags?post=342529"}],"curies":[{"name":"wp","href":"https:\/\/api.w.org\/{rel}","templated":true}]}}