{"id":342569,"date":"2023-07-03T05:55:21","date_gmt":"2023-07-03T03:55:21","guid":{"rendered":"https:\/\/www.radiopiu.net\/wordpress\/?p=342569"},"modified":"2023-07-04T05:47:53","modified_gmt":"2023-07-04T03:47:53","slug":"la-rassegna-stampa-locale-dal-1983-di-mirko-mezzacasa-12","status":"publish","type":"post","link":"https:\/\/www.radiopiu.net\/wordpress\/la-rassegna-stampa-locale-dal-1983-di-mirko-mezzacasa-12\/","title":{"rendered":"la rassegna stampa locale, dal 1983 di mirko mezzacasa"},"content":{"rendered":"<p>&nbsp;<\/p>\n<p><iframe loading=\"lazy\" title=\"RASSEGNA STAMPA LOCALE\" width=\"1200\" height=\"675\" src=\"https:\/\/www.youtube.com\/embed\/KvznPt0_Hws?feature=oembed\" frameborder=\"0\" allow=\"accelerometer; autoplay; clipboard-write; encrypted-media; gyroscope; picture-in-picture; web-share\" allowfullscreen><\/iframe><\/p>\n<p>La tragedia della Marmolada, un anno dopo. Un pensiero alle vittime. Oggi la cerimonia nel piazzale di Passo Fedaia.<\/p>\n<p>QUERO Stefano Cattelan, 59 anni, veneziano di Favaro Veneto, ha perso la vita\u00ec, cadendo da una manciata di metri (tre forse quattro) mentre arrampicava in solitaria nel settore Parete della scuola della palestra di roccia di Valle di Schievenin.<br \/>\nALPAGO Ancora lupi a Chies, uccise sei pecore Zaia: ecosistema saltato, allontaniamoli. Il presidente della Regione Veneto, Luca Zaia, dice di comprendere &#8220;pienamente&#8221; l&#8217;esasperazione e rammenta che le leggi europea e italiana non consentono e difficilmente renderanno possibile in futuro la caccia al lupo.<br \/>\nFONZASO Vandali in chiesa, decapitata la statua della Madonnina, chi ha agito non ha lasciato impronte.<br \/>\nCANALE D&#8217;AGORDO Ritrova il portafoglio con 900 euro e li restituisce ad Angelo Girardi, 92enne che li ha persi ed ora cerca la donna che li ha ritrovati.<br \/>\nSELVA DI CADORE Piovono critiche sulla Dolomitibus, nell&#8217;Agordino gi\u00e0 fortemente penalizzato nei giorni di festa per la mancanza di un adeguato servizio, somma ora la cancellazione della linea estiva Selva di Cadore-Cortina.<br \/>\nAGORDO In occasione della Sagra di San Piero ad Agordo \u00e8 stato inaugurato il \u201cNordic Walking Park Agordino\u201d, progetto turistico che collega i Comuni di Agordo e Taibon Agordino attraverso un articolato percorso di Nordic Walking. L\u2019inaugurazione sotto al tendone con un omaggio per tutti, con la presenza di Radio Pi\u00f9. Sar\u00e0 possibile prenotarsi alle attivit\u00e0 pomeridiane presso l\u2019Ufficio Turistico di Agordo.<br \/>\nSAN TOMASO Ritorna nella settimana dal 3 al 9 luglio 2023 \u201cDolomites Rock Miniatures\u201d, l\u2019evento durante il quale verranno realizzate le ultime tre le opere de \u201cIl Sentiero delle Dolomiti in miniatura\u201d. Il progetto, promosso dall\u2019Amministrazione comunale di San Tomaso Agordino, patrocinato dalla Fondazione Dolomiti UNESCO e svolto in collaborazione con la sezione CAI di Agordo e la Pro Loco di San Tomaso quest\u2019anno e\u0300 giunto alla sesta e ultima edizione.<br \/>\nCALCIO TAIBON, LE VILLE, VOLTAGO E LA VALLE SONO LE PRIME QUATTRO SQUADRE CHE ACCEDONO AI QUARTI DEL MEMORIAL ATTILIO MORETTI<br \/>\nIL CANALE ATTERRA I CAMPIONI DEL TAIBON NEL CAMPIONATO AGORDINO GIOVANILE<br \/>\nPALLAVOLO ALEX PAGANIN SALUTA LA PALLAVOLO BELLUNO MASCHILE<\/p>\n","protected":false},"excerpt":{"rendered":"<p>&nbsp; La tragedia della Marmolada, un anno dopo. Un pensiero alle vittime. Oggi la cerimonia nel piazzale di Passo Fedaia. QUERO Stefano Cattelan, 59 anni, veneziano di Favaro Veneto, ha perso la vita\u00ec, cadendo da una manciata di metri (tre forse quattro) mentre arrampicava in solitaria nel settore Parete della scuola della palestra di roccia&hellip;<\/p>\n","protected":false},"author":4,"featured_media":342562,"comment_status":"closed","ping_status":"closed","sticky":false,"template":"","format":"standard","meta":{"_monsterinsights_skip_tracking":false,"_monsterinsights_sitenote_active":false,"_monsterinsights_sitenote_note":"","_monsterinsights_sitenote_category":0,"footnotes":""},"categories":[49,142],"tags":[],"class_list":["post-342569","post","type-post","status-publish","format-standard","has-post-thumbnail","hentry","category-news-18","category-rassegna-stampa","category-49","category-142","description-off"],"img_url":"https:\/\/www.radiopiu.net\/wordpress\/wp-content\/uploads\/2023\/07\/Senza-nome-1.jpg","_links":{"self":[{"href":"https:\/\/www.radiopiu.net\/wordpress\/wp-json\/wp\/v2\/posts\/342569","targetHints":{"allow":["GET"]}}],"collection":[{"href":"https:\/\/www.radiopiu.net\/wordpress\/wp-json\/wp\/v2\/posts"}],"about":[{"href":"https:\/\/www.radiopiu.net\/wordpress\/wp-json\/wp\/v2\/types\/post"}],"author":[{"embeddable":true,"href":"https:\/\/www.radiopiu.net\/wordpress\/wp-json\/wp\/v2\/users\/4"}],"replies":[{"embeddable":true,"href":"https:\/\/www.radiopiu.net\/wordpress\/wp-json\/wp\/v2\/comments?post=342569"}],"version-history":[{"count":0,"href":"https:\/\/www.radiopiu.net\/wordpress\/wp-json\/wp\/v2\/posts\/342569\/revisions"}],"wp:featuredmedia":[{"embeddable":true,"href":"https:\/\/www.radiopiu.net\/wordpress\/wp-json\/wp\/v2\/media\/342562"}],"wp:attachment":[{"href":"https:\/\/www.radiopiu.net\/wordpress\/wp-json\/wp\/v2\/media?parent=342569"}],"wp:term":[{"taxonomy":"category","embeddable":true,"href":"https:\/\/www.radiopiu.net\/wordpress\/wp-json\/wp\/v2\/categories?post=342569"},{"taxonomy":"post_tag","embeddable":true,"href":"https:\/\/www.radiopiu.net\/wordpress\/wp-json\/wp\/v2\/tags?post=342569"}],"curies":[{"name":"wp","href":"https:\/\/api.w.org\/{rel}","templated":true}]}}