{"id":342614,"date":"2023-07-04T05:34:32","date_gmt":"2023-07-04T03:34:32","guid":{"rendered":"https:\/\/www.radiopiu.net\/wordpress\/?p=342614"},"modified":"2023-07-04T05:43:30","modified_gmt":"2023-07-04T03:43:30","slug":"safilo-cisl-si-al-confronto-prioritaria-la-salvaguardia-delloccupazione","status":"publish","type":"post","link":"https:\/\/www.radiopiu.net\/wordpress\/safilo-cisl-si-al-confronto-prioritaria-la-salvaguardia-delloccupazione\/","title":{"rendered":"SAFILO, CISL &#8220;SI AL CONFRONTO, PRIORITARIA LA SALVAGUARDIA DELL&#8217;OCCUPAZIONE&#8221;"},"content":{"rendered":"<div align=\"left\"><strong><img loading=\"lazy\" decoding=\"async\" class=\"alignleft\" src=\"https:\/\/www.radiopiu.net\/wordpress\/wp-content\/uploads\/2023\/01\/SAFILO.png\" width=\"202\" height=\"130\" \/>LONGARONE<\/strong> La Femca Cisl apre<span style=\"color: #000000; font-family: Helvetica;\"> al confronto con Th\u00e9lios senza alcun pregiudizio ma con un punto fermo: salvaguardare l\u2019occupazione, scongiurando la dispersione di un importante presidio industriale del territorio e il conseguente impoverimento economico e sociale del bellunese.\u00a0 <\/span><span style=\"color: #000000; font-family: Helvetica;\">\u201c<\/span><span style=\"color: #000000; font-family: Helvetica;\">Con l\u2019azienda che sta trattando l\u2019acquisto dello stabilimento di Longarone &#8211; dice Gianni Boato segretario generale Femca Cisl &#8211; \u00e8 doveroso vengano individuate valide soluzioni occupazionali in grado di garantire posti di lavoro anche e soprattutto in prospettiva. Oggi, per\u00f2, non \u00e8 possibile dare giudizi e valutazioni rispetto a un confronto che di fatto non \u00e8 ancora iniziato&#8221;<\/span><\/div>\n<div align=\"left\"><\/div>\n<h3 align=\"left\">IL SEGRETARIO GENERALE FEMCA CISL DEL VENETO, STEFANO ZANON<\/h3>\n<div align=\"left\">\n<audio class=\"wp-audio-shortcode\" id=\"audio-342614-1\" preload=\"none\" style=\"width: 100%;\" controls=\"controls\"><source type=\"audio\/mpeg\" src=\"https:\/\/www.radiopiu.net\/wordpress\/wp-content\/uploads\/2023\/07\/cisl.mp3?_=1\" \/><a href=\"https:\/\/www.radiopiu.net\/wordpress\/wp-content\/uploads\/2023\/07\/cisl.mp3\">https:\/\/www.radiopiu.net\/wordpress\/wp-content\/uploads\/2023\/07\/cisl.mp3<\/a><\/audio>\n<\/div>\n<div align=\"left\"><\/div>\n<blockquote>\n<div align=\"left\"><em><span style=\"color: #000000; font-family: Helvetica;\">Sulla tutela dell\u2019occupazione la posizione della Femca \u00e8 chiara: \u201cLe soluzioni per i 458 lavoratori &#8211; sottolineano <b>Zanon e Boato<\/b> &#8211; devono avere un quadro complessivo simultaneo: non ci possono essere tempi di gestione diversi e soprattutto non possono esserci soluzioni che definiscano lavoratori di serie A, che trovano una sistemazione immediata, e altri di serie B&#8221;<\/span><\/em><\/div>\n<\/blockquote>\n<div align=\"left\"><\/div>\n<div align=\"left\">\n<hr \/>\n<\/div>\n","protected":false},"excerpt":{"rendered":"<p>LONGARONE La Femca Cisl apre al confronto con Th\u00e9lios senza alcun pregiudizio ma con un punto fermo: salvaguardare l\u2019occupazione, scongiurando la dispersione di un importante presidio industriale del territorio e il conseguente impoverimento economico e sociale del bellunese.\u00a0 \u201cCon l\u2019azienda che sta trattando l\u2019acquisto dello stabilimento di Longarone &#8211; dice Gianni Boato segretario generale Femca&hellip;<\/p>\n","protected":false},"author":4,"featured_media":318963,"comment_status":"closed","ping_status":"closed","sticky":false,"template":"","format":"standard","meta":{"_monsterinsights_skip_tracking":false,"_monsterinsights_sitenote_active":false,"_monsterinsights_sitenote_note":"","_monsterinsights_sitenote_category":0,"footnotes":""},"categories":[51,49],"tags":[],"class_list":["post-342614","post","type-post","status-publish","format-standard","has-post-thumbnail","hentry","category-evidenza-top","category-news-18","category-51","category-49","description-off"],"img_url":"https:\/\/www.radiopiu.net\/wordpress\/wp-content\/uploads\/2023\/01\/SAFILO.png","_links":{"self":[{"href":"https:\/\/www.radiopiu.net\/wordpress\/wp-json\/wp\/v2\/posts\/342614","targetHints":{"allow":["GET"]}}],"collection":[{"href":"https:\/\/www.radiopiu.net\/wordpress\/wp-json\/wp\/v2\/posts"}],"about":[{"href":"https:\/\/www.radiopiu.net\/wordpress\/wp-json\/wp\/v2\/types\/post"}],"author":[{"embeddable":true,"href":"https:\/\/www.radiopiu.net\/wordpress\/wp-json\/wp\/v2\/users\/4"}],"replies":[{"embeddable":true,"href":"https:\/\/www.radiopiu.net\/wordpress\/wp-json\/wp\/v2\/comments?post=342614"}],"version-history":[{"count":0,"href":"https:\/\/www.radiopiu.net\/wordpress\/wp-json\/wp\/v2\/posts\/342614\/revisions"}],"wp:featuredmedia":[{"embeddable":true,"href":"https:\/\/www.radiopiu.net\/wordpress\/wp-json\/wp\/v2\/media\/318963"}],"wp:attachment":[{"href":"https:\/\/www.radiopiu.net\/wordpress\/wp-json\/wp\/v2\/media?parent=342614"}],"wp:term":[{"taxonomy":"category","embeddable":true,"href":"https:\/\/www.radiopiu.net\/wordpress\/wp-json\/wp\/v2\/categories?post=342614"},{"taxonomy":"post_tag","embeddable":true,"href":"https:\/\/www.radiopiu.net\/wordpress\/wp-json\/wp\/v2\/tags?post=342614"}],"curies":[{"name":"wp","href":"https:\/\/api.w.org\/{rel}","templated":true}]}}