{"id":342626,"date":"2023-07-04T05:32:50","date_gmt":"2023-07-04T03:32:50","guid":{"rendered":"https:\/\/www.radiopiu.net\/wordpress\/?p=342626"},"modified":"2023-07-04T05:44:42","modified_gmt":"2023-07-04T03:44:42","slug":"belluno-citta-dello-sport-per-tutti-giovani-e-diversamente-giovani","status":"publish","type":"post","link":"https:\/\/www.radiopiu.net\/wordpress\/belluno-citta-dello-sport-per-tutti-giovani-e-diversamente-giovani\/","title":{"rendered":"BELLUNO, CITTA&#8217; DELLO SPORT PER TUTTI, GIOVANI E DIVERSAMENTE GIOVANI"},"content":{"rendered":"<p><strong>BELLUNO\u00a0<\/strong> Con la lezione di difesa personale al Parco di Lambioi di ieri mattina, si \u00e8 chiuso un mese che ha visto la citt\u00e0 di Belluno coinvolta in numerose attivit\u00e0 sportive, da quella pi\u00f9 tradizionali a quelle meno conosciute.<\/p>\n<p><strong>di DANIELE DALVIT<\/strong><\/p>\n<audio class=\"wp-audio-shortcode\" id=\"audio-342626-1\" preload=\"none\" style=\"width: 100%;\" controls=\"controls\"><source type=\"audio\/mpeg\" src=\"https:\/\/www.radiopiu.net\/wordpress\/wp-content\/uploads\/2023\/07\/Radio-Piu-Servizio-Belluno-citta-dello-sport.mp3?_=1\" \/><a href=\"https:\/\/www.radiopiu.net\/wordpress\/wp-content\/uploads\/2023\/07\/Radio-Piu-Servizio-Belluno-citta-dello-sport.mp3\">https:\/\/www.radiopiu.net\/wordpress\/wp-content\/uploads\/2023\/07\/Radio-Piu-Servizio-Belluno-citta-dello-sport.mp3<\/a><\/audio>\n\n\t\t\t<style type='text\/css'>\n\t\t\t\t#gallery-1 {\n\t\t\t\t\tmargin: auto;\n\t\t\t\t}\n\t\t\t\t#gallery-1 .gallery-item {\n\t\t\t\t\tfloat: left;\n\t\t\t\t\tmargin-top: 10px;\n\t\t\t\t\ttext-align: center;\n\t\t\t\t\twidth: 25%;\n\t\t\t\t}\n\t\t\t\t#gallery-1 img {\n\t\t\t\t\tborder: 2px solid #cfcfcf;\n\t\t\t\t}\n\t\t\t\t#gallery-1 .gallery-caption {\n\t\t\t\t\tmargin-left: 0;\n\t\t\t\t}\n\t\t\t\t\/* see gallery_shortcode() in wp-includes\/media.php *\/\n\t\t\t<\/style>\n\t\t<div id='gallery-1' class='dt-gallery-container gallery galleryid-342626 gallery-columns-4 gallery-size-thumbnail'><dl class='gallery-item'>\n\t\t\t\t<dt class='gallery-icon landscape'>\n\t\t\t\t\t<a class=\"rollover\" href='https:\/\/www.radiopiu.net\/wordpress\/giornale-radiopiu-04-luglio-2023-direttore-mirko-mezzacasaverso-i-40-anni-25-giugno-1983-25-giugno-2023\/a0602b15-1e16-43ff-ac88-48e023ef5d0a\/'><img loading=\"lazy\" decoding=\"async\" width=\"150\" height=\"150\" src=\"https:\/\/www.radiopiu.net\/wordpress\/wp-content\/uploads\/2023\/07\/a0602b15-1e16-43ff-ac88-48e023ef5d0a-150x150.jpg\" class=\"attachment-thumbnail size-thumbnail\" alt=\"\" \/><\/a>\n\t\t\t\t<\/dt><\/dl><dl class='gallery-item'>\n\t\t\t\t<dt class='gallery-icon landscape'>\n\t\t\t\t\t<a class=\"rollover\" href='https:\/\/www.radiopiu.net\/wordpress\/giornale-radiopiu-04-luglio-2023-direttore-mirko-mezzacasaverso-i-40-anni-25-giugno-1983-25-giugno-2023\/bfefdf61-bdac-4bed-9e98-1db6c4df806f\/'><img loading=\"lazy\" decoding=\"async\" width=\"150\" height=\"150\" src=\"https:\/\/www.radiopiu.net\/wordpress\/wp-content\/uploads\/2023\/07\/bfefdf61-bdac-4bed-9e98-1db6c4df806f-150x150.jpg\" class=\"attachment-thumbnail size-thumbnail\" alt=\"\" \/><\/a>\n\t\t\t\t<\/dt><\/dl><dl class='gallery-item'>\n\t\t\t\t<dt class='gallery-icon landscape'>\n\t\t\t\t\t<a class=\"rollover\" href='https:\/\/www.radiopiu.net\/wordpress\/giornale-radiopiu-04-luglio-2023-direttore-mirko-mezzacasaverso-i-40-anni-25-giugno-1983-25-giugno-2023\/e428931c-c39d-4e11-bbf2-bb04cb5773f7\/'><img loading=\"lazy\" decoding=\"async\" width=\"150\" height=\"150\" src=\"https:\/\/www.radiopiu.net\/wordpress\/wp-content\/uploads\/2023\/07\/e428931c-c39d-4e11-bbf2-bb04cb5773f7-150x150.jpg\" class=\"attachment-thumbnail size-thumbnail\" alt=\"\" \/><\/a>\n\t\t\t\t<\/dt><\/dl><dl class='gallery-item'>\n\t\t\t\t<dt class='gallery-icon portrait'>\n\t\t\t\t\t<a class=\"rollover\" href='https:\/\/www.radiopiu.net\/wordpress\/giornale-radiopiu-04-luglio-2023-direttore-mirko-mezzacasaverso-i-40-anni-25-giugno-1983-25-giugno-2023\/888c6c43-fc1a-4c2d-9570-e134fcaf3761\/'><img loading=\"lazy\" decoding=\"async\" width=\"150\" height=\"150\" src=\"https:\/\/www.radiopiu.net\/wordpress\/wp-content\/uploads\/2023\/07\/888c6c43-fc1a-4c2d-9570-e134fcaf3761-150x150.jpg\" class=\"attachment-thumbnail size-thumbnail\" alt=\"\" \/><\/a>\n\t\t\t\t<\/dt><\/dl><br style=\"clear: both\" \/><dl class='gallery-item'>\n\t\t\t\t<dt class='gallery-icon landscape'>\n\t\t\t\t\t<a class=\"rollover\" href='https:\/\/www.radiopiu.net\/wordpress\/giornale-radiopiu-04-luglio-2023-direttore-mirko-mezzacasaverso-i-40-anni-25-giugno-1983-25-giugno-2023\/cbbde0d9-188c-4367-bb0b-d4bd09858204\/'><img loading=\"lazy\" decoding=\"async\" width=\"150\" height=\"150\" src=\"https:\/\/www.radiopiu.net\/wordpress\/wp-content\/uploads\/2023\/07\/cbbde0d9-188c-4367-bb0b-d4bd09858204-150x150.jpg\" class=\"attachment-thumbnail size-thumbnail\" alt=\"\" \/><\/a>\n\t\t\t\t<\/dt><\/dl><dl class='gallery-item'>\n\t\t\t\t<dt class='gallery-icon landscape'>\n\t\t\t\t\t<a class=\"rollover\" href='https:\/\/www.radiopiu.net\/wordpress\/giornale-radiopiu-04-luglio-2023-direttore-mirko-mezzacasaverso-i-40-anni-25-giugno-1983-25-giugno-2023\/769a72ad-df68-4901-b730-fcc9a96956b5\/'><img loading=\"lazy\" decoding=\"async\" width=\"150\" height=\"150\" src=\"https:\/\/www.radiopiu.net\/wordpress\/wp-content\/uploads\/2023\/07\/769a72ad-df68-4901-b730-fcc9a96956b5-150x150.jpg\" class=\"attachment-thumbnail size-thumbnail\" alt=\"\" \/><\/a>\n\t\t\t\t<\/dt><\/dl><dl class='gallery-item'>\n\t\t\t\t<dt class='gallery-icon landscape'>\n\t\t\t\t\t<a class=\"rollover\" href='https:\/\/www.radiopiu.net\/wordpress\/giornale-radiopiu-04-luglio-2023-direttore-mirko-mezzacasaverso-i-40-anni-25-giugno-1983-25-giugno-2023\/5fb2887a-29d6-40b2-b87f-a55ed2923d51\/'><img loading=\"lazy\" decoding=\"async\" width=\"150\" height=\"150\" src=\"https:\/\/www.radiopiu.net\/wordpress\/wp-content\/uploads\/2023\/07\/5fb2887a-29d6-40b2-b87f-a55ed2923d51-150x150.jpg\" class=\"attachment-thumbnail size-thumbnail\" alt=\"\" \/><\/a>\n\t\t\t\t<\/dt><\/dl><dl class='gallery-item'>\n\t\t\t\t<dt class='gallery-icon landscape'>\n\t\t\t\t\t<a class=\"rollover\" href='https:\/\/www.radiopiu.net\/wordpress\/giornale-radiopiu-04-luglio-2023-direttore-mirko-mezzacasaverso-i-40-anni-25-giugno-1983-25-giugno-2023\/f8be6793-cd82-42eb-ad29-bc94b205edc0\/'><img loading=\"lazy\" decoding=\"async\" width=\"150\" height=\"150\" src=\"https:\/\/www.radiopiu.net\/wordpress\/wp-content\/uploads\/2023\/07\/f8be6793-cd82-42eb-ad29-bc94b205edc0-150x150.jpg\" class=\"attachment-thumbnail size-thumbnail\" alt=\"\" \/><\/a>\n\t\t\t\t<\/dt><\/dl><br style=\"clear: both\" \/>\n\t\t\t<\/div>\n\n<p>&nbsp;<\/p>\n<hr \/>\n<p>&nbsp;<\/p>\n","protected":false},"excerpt":{"rendered":"<p>BELLUNO\u00a0 Con la lezione di difesa personale al Parco di Lambioi di ieri mattina, si \u00e8 chiuso un mese che ha visto la citt\u00e0 di Belluno coinvolta in numerose attivit\u00e0 sportive, da quella pi\u00f9 tradizionali a quelle meno conosciute. di DANIELE DALVIT &nbsp; &nbsp;<\/p>\n","protected":false},"author":4,"featured_media":342630,"comment_status":"closed","ping_status":"closed","sticky":false,"template":"","format":"standard","meta":{"_monsterinsights_skip_tracking":false,"_monsterinsights_sitenote_active":false,"_monsterinsights_sitenote_note":"","_monsterinsights_sitenote_category":0,"footnotes":""},"categories":[51,49],"tags":[],"class_list":["post-342626","post","type-post","status-publish","format-standard","has-post-thumbnail","hentry","category-evidenza-top","category-news-18","category-51","category-49","description-off"],"img_url":"https:\/\/www.radiopiu.net\/wordpress\/wp-content\/uploads\/2023\/07\/f8be6793-cd82-42eb-ad29-bc94b205edc0.jpg","_links":{"self":[{"href":"https:\/\/www.radiopiu.net\/wordpress\/wp-json\/wp\/v2\/posts\/342626","targetHints":{"allow":["GET"]}}],"collection":[{"href":"https:\/\/www.radiopiu.net\/wordpress\/wp-json\/wp\/v2\/posts"}],"about":[{"href":"https:\/\/www.radiopiu.net\/wordpress\/wp-json\/wp\/v2\/types\/post"}],"author":[{"embeddable":true,"href":"https:\/\/www.radiopiu.net\/wordpress\/wp-json\/wp\/v2\/users\/4"}],"replies":[{"embeddable":true,"href":"https:\/\/www.radiopiu.net\/wordpress\/wp-json\/wp\/v2\/comments?post=342626"}],"version-history":[{"count":0,"href":"https:\/\/www.radiopiu.net\/wordpress\/wp-json\/wp\/v2\/posts\/342626\/revisions"}],"wp:featuredmedia":[{"embeddable":true,"href":"https:\/\/www.radiopiu.net\/wordpress\/wp-json\/wp\/v2\/media\/342630"}],"wp:attachment":[{"href":"https:\/\/www.radiopiu.net\/wordpress\/wp-json\/wp\/v2\/media?parent=342626"}],"wp:term":[{"taxonomy":"category","embeddable":true,"href":"https:\/\/www.radiopiu.net\/wordpress\/wp-json\/wp\/v2\/categories?post=342626"},{"taxonomy":"post_tag","embeddable":true,"href":"https:\/\/www.radiopiu.net\/wordpress\/wp-json\/wp\/v2\/tags?post=342626"}],"curies":[{"name":"wp","href":"https:\/\/api.w.org\/{rel}","templated":true}]}}