{"id":342687,"date":"2023-07-04T07:55:51","date_gmt":"2023-07-04T05:55:51","guid":{"rendered":"https:\/\/www.radiopiu.net\/wordpress\/?p=342687"},"modified":"2023-07-04T08:44:31","modified_gmt":"2023-07-04T06:44:31","slug":"la-rassegna-stampa-locale-dal-1983-di-mirko-mezzacasa-13","status":"publish","type":"post","link":"https:\/\/www.radiopiu.net\/wordpress\/la-rassegna-stampa-locale-dal-1983-di-mirko-mezzacasa-13\/","title":{"rendered":"la rassegna stampa locale dal 1983 di mirko mezzacasa"},"content":{"rendered":"<p>&nbsp;<\/p>\n<p><iframe loading=\"lazy\" title=\"RASSEGNA STAMPA LOCALE\" width=\"1200\" height=\"675\" src=\"https:\/\/www.youtube.com\/embed\/gXCpxOpchnM?feature=oembed\" frameborder=\"0\" allow=\"accelerometer; autoplay; clipboard-write; encrypted-media; gyroscope; picture-in-picture; web-share\" allowfullscreen><\/iframe><\/p>\n<p><strong>FELTRE\u00a0<\/strong>Un uomo di 67 anni G.C. di Feltre\u00a0\u00e8 stato ritrovato senza vita intorno all\u2019una della notte tra 3 e 4 luglio, in\u00a0Val Rosna, nel comune di\u00a0Sovramonte. Intorno alle 22 di luned\u00ec era stato lanciato l\u2019 allarme per la sua scomparsa: si sono mobilitati uomini del Soccorso alpino, carabinieri di\u00a0Lamon, almeno cinque squadre di vigili del fuoco di Feltre e Belluno, con i volontari. Il corpo dell\u2019uomo \u00e8 stato rintracciato dopo circa tre ore di ricerche, l\u2019auto era parcheggiata in localit\u00e0 Pontet<\/p>\n<p>ROCCA PIETORE Un anno dopo, ieri la cerimonia nel ricordo delle 11 vittime della Marmolada.<br \/>\nTAIBON Nella notte torrente Corpassa impetuoso, lo testimoniano i video di Davide Alchini. Improvviso l&#8217;aumento di portata del torrente, fa pensare al cedimento di una diga naturale forse formatasi in seguito ad un frana precedente.<br \/>\nLIVINALLONGO Sono in miglioramento, all&#8217;ospedale San Martino di Belluno, le condizioni del ciclista di Livinallongo di 46 anni, V.P., rimasto seriamente ferito domenica pomeriggio in una rovinosa caduta sulla Sr 48 delle Dolomiti a Cernadoi.<br \/>\nSAFILO, LONGARONE La Femca Cisl apre al confronto con Th\u00e9lios senza alcun pregiudizio ma con un punto fermo: salvaguardare l\u2019occupazione, scongiurando la dispersione di un importante presidio industriale del territorio e il conseguente impoverimento economico e sociale del bellunese.<br \/>\nBELLUNO Ultimi giorni di lavoro per il Questore di Belluno Giuseppe Maggese che oggi alle 11 ha indetto una conferenza stampa per salutare la cittadinanza prima di ricoprire l&#8217;incarico a Reggio Emilia. IL FUTURO QUESTORE:\u00a0 Francesco Zerilli, nato a Roma, 11 maggio 1965, primo dirigente della Polizia di Stato.<br \/>\nBELLUNO Ripristinati tre percorsi storici tra Nevegal e Monte Serva. Grazie alla collaborazione tra il Comune e la Riserva di Caccia di Belluno, tre sentieri da tempo non manutenzionati sono stati ripuliti e liberati dalla vegetazione infestante.<br \/>\nBELLUNO Confini che uniscono: questo il motto ideale del \u201cSentiero 1753\u201d, inaugurato ufficialmente nei giorni scorsi nel suo tratto tra il Passo Monte Croce Comelico, a Comelico Superiore, e Kartitsch, in Austria, passando per Sesto Pusteria. Un tracciato lungo 17 km &#8211; nato grazie al finanziamento del \u201cFondo per piccoli progetti\u201d<br \/>\nAGORDO Due cento e lode nella stessa classe, la quinta chimica e materiali. All&#8217;istituto di istruzione superiore Follador &#8211; De Rossi \u00e8 di tutto rilievo il risultato della nuova tornata di lavori delle commissioni della maturit\u00e0, che ha dichiarato chiusi gli esami per due sezioni.\u00a0 Per Cristina Genuin e Arianna Benfatti\u00a0 meritatissimo il cento e lode.<br \/>\nAGORDO Prosegue la serie di incontri informativi per la popolazione dedicati al tema del ritorno del lupo e alla sua convivenza con le attivit\u00e0 umane. Dopo Forno di Zoldo, Lamon, Cesiomaggiore e Sedico \u00e8 ora la volta di Agordo. Marted\u00ec 11 luglio, alle ore 20.00, la sala don F. Tamis di Agordo ospita una nuova serata informativa sul lupo, rivolta a tutta la popolazione. La serata \u00e8 organizzata grazie alla collaborazione tra il Parco Nazionale Dolomiti Bellunesi e l\u2019Unione Montana Agordina.<br \/>\nCALCIO TAIBON, VOLTAGO, LE VILLE E LA VALLE ATTENDONO LE LORO AVVERSARIE NEI QUARTI DI FINALE<br \/>\nMOTORI\u00a0 ALL&#8217;ALPE DEL NEVEGAL RITORNA IL PUBBLICO DELLE GRANDI OCCASIONI<br \/>\nPALLAVOLO CONTINUA LA COLLABORAZIONE TRA PALLAVOLO MASCHILE BELLUNO E LUCA GALLINA<\/p>\n<p>&nbsp;<\/p>\n<p>&nbsp;<\/p>\n","protected":false},"excerpt":{"rendered":"<p>&nbsp; FELTRE\u00a0Un uomo di 67 anni G.C. di Feltre\u00a0\u00e8 stato ritrovato senza vita intorno all\u2019una della notte tra 3 e 4 luglio, in\u00a0Val Rosna, nel comune di\u00a0Sovramonte. Intorno alle 22 di luned\u00ec era stato lanciato l\u2019 allarme per la sua scomparsa: si sono mobilitati uomini del Soccorso alpino, carabinieri di\u00a0Lamon, almeno cinque squadre di vigili&hellip;<\/p>\n","protected":false},"author":4,"featured_media":342668,"comment_status":"closed","ping_status":"closed","sticky":false,"template":"","format":"standard","meta":{"_monsterinsights_skip_tracking":false,"_monsterinsights_sitenote_active":false,"_monsterinsights_sitenote_note":"","_monsterinsights_sitenote_category":0,"footnotes":""},"categories":[104,49,142],"tags":[],"class_list":["post-342687","post","type-post","status-publish","format-standard","has-post-thumbnail","hentry","category-evidenza_3","category-news-18","category-rassegna-stampa","category-104","category-49","category-142","description-off"],"img_url":"https:\/\/www.radiopiu.net\/wordpress\/wp-content\/uploads\/2023\/07\/COPERTINA.png","_links":{"self":[{"href":"https:\/\/www.radiopiu.net\/wordpress\/wp-json\/wp\/v2\/posts\/342687","targetHints":{"allow":["GET"]}}],"collection":[{"href":"https:\/\/www.radiopiu.net\/wordpress\/wp-json\/wp\/v2\/posts"}],"about":[{"href":"https:\/\/www.radiopiu.net\/wordpress\/wp-json\/wp\/v2\/types\/post"}],"author":[{"embeddable":true,"href":"https:\/\/www.radiopiu.net\/wordpress\/wp-json\/wp\/v2\/users\/4"}],"replies":[{"embeddable":true,"href":"https:\/\/www.radiopiu.net\/wordpress\/wp-json\/wp\/v2\/comments?post=342687"}],"version-history":[{"count":0,"href":"https:\/\/www.radiopiu.net\/wordpress\/wp-json\/wp\/v2\/posts\/342687\/revisions"}],"wp:featuredmedia":[{"embeddable":true,"href":"https:\/\/www.radiopiu.net\/wordpress\/wp-json\/wp\/v2\/media\/342668"}],"wp:attachment":[{"href":"https:\/\/www.radiopiu.net\/wordpress\/wp-json\/wp\/v2\/media?parent=342687"}],"wp:term":[{"taxonomy":"category","embeddable":true,"href":"https:\/\/www.radiopiu.net\/wordpress\/wp-json\/wp\/v2\/categories?post=342687"},{"taxonomy":"post_tag","embeddable":true,"href":"https:\/\/www.radiopiu.net\/wordpress\/wp-json\/wp\/v2\/tags?post=342687"}],"curies":[{"name":"wp","href":"https:\/\/api.w.org\/{rel}","templated":true}]}}