{"id":342777,"date":"2023-07-04T16:54:27","date_gmt":"2023-07-04T14:54:27","guid":{"rendered":"https:\/\/www.radiopiu.net\/wordpress\/?p=342777"},"modified":"2023-07-04T16:54:27","modified_gmt":"2023-07-04T14:54:27","slug":"la-dolomitibus-taglia-le-corse-il-consigliere-cestaro-chiede-di-aprire-un-tavolo","status":"publish","type":"post","link":"https:\/\/www.radiopiu.net\/wordpress\/la-dolomitibus-taglia-le-corse-il-consigliere-cestaro-chiede-di-aprire-un-tavolo\/","title":{"rendered":"LA DOLOMITIBUS TAGLIA LE CORSE, IL CONSIGLIERE CESTARO CHIEDE DI APRIRE UN TAVOLO"},"content":{"rendered":"<p><strong><img loading=\"lazy\" decoding=\"async\" class=\"alignleft\" src=\"https:\/\/www.radiopiu.net\/wordpress\/wp-content\/uploads\/2023\/07\/8f71b5b0-6476-4e0d-a2d3-3e83f7c08743-300x300.jpg\" width=\"240\" height=\"240\" \/>VENEZIA\u00a0<\/strong> C\u2019\u00e8 preoccupazione per il taglio della corsa Selva-Cortina sia tra gli operatori turistici sia tra gli amministratori. La causa della carenza di personale che ha raggiunto \u201clivelli di guardia\u201d, per usare le parole del presidente di Dolomitibus \u00e8 comprensibile visti i tempi, ma non pu\u00f2 trasformarsi in una penalizzazione, in una disparit\u00e0 di servizi al territorio. Ne \u00e8 convinta il consigliere regionale Silvia Cestaro che\u00a0 ha depositato un\u2019interrogazione in Consiglio regionale per accendere i riflettori sul problema, chiedendo all\u2019assessore regionale ai Trasporti, Elisa De Berti, di aprire un tavolo tecnico di confronto Regione-provincia, per trovare soluzioni condivise.<\/p>\n<p>AUDIO<\/p>\n<audio class=\"wp-audio-shortcode\" id=\"audio-342777-1\" preload=\"none\" style=\"width: 100%;\" controls=\"controls\"><source type=\"audio\/mpeg\" src=\"https:\/\/www.radiopiu.net\/wordpress\/wp-content\/uploads\/2023\/07\/silvia-cestaro.mp3?_=1\" \/><a href=\"https:\/\/www.radiopiu.net\/wordpress\/wp-content\/uploads\/2023\/07\/silvia-cestaro.mp3\">https:\/\/www.radiopiu.net\/wordpress\/wp-content\/uploads\/2023\/07\/silvia-cestaro.mp3<\/a><\/audio>\n<p>&nbsp;<\/p>\n<p>&nbsp;<\/p>\n<hr \/>\n<p>&nbsp;<\/p>\n","protected":false},"excerpt":{"rendered":"<p>VENEZIA\u00a0 C\u2019\u00e8 preoccupazione per il taglio della corsa Selva-Cortina sia tra gli operatori turistici sia tra gli amministratori. La causa della carenza di personale che ha raggiunto \u201clivelli di guardia\u201d, per usare le parole del presidente di Dolomitibus \u00e8 comprensibile visti i tempi, ma non pu\u00f2 trasformarsi in una penalizzazione, in una disparit\u00e0 di servizi&hellip;<\/p>\n","protected":false},"author":4,"featured_media":342778,"comment_status":"closed","ping_status":"closed","sticky":false,"template":"","format":"standard","meta":{"_monsterinsights_skip_tracking":false,"_monsterinsights_sitenote_active":false,"_monsterinsights_sitenote_note":"","_monsterinsights_sitenote_category":0,"footnotes":""},"categories":[51,49],"tags":[],"class_list":["post-342777","post","type-post","status-publish","format-standard","has-post-thumbnail","hentry","category-evidenza-top","category-news-18","category-51","category-49","description-off"],"img_url":"https:\/\/www.radiopiu.net\/wordpress\/wp-content\/uploads\/2023\/07\/8f71b5b0-6476-4e0d-a2d3-3e83f7c08743.jpg","_links":{"self":[{"href":"https:\/\/www.radiopiu.net\/wordpress\/wp-json\/wp\/v2\/posts\/342777","targetHints":{"allow":["GET"]}}],"collection":[{"href":"https:\/\/www.radiopiu.net\/wordpress\/wp-json\/wp\/v2\/posts"}],"about":[{"href":"https:\/\/www.radiopiu.net\/wordpress\/wp-json\/wp\/v2\/types\/post"}],"author":[{"embeddable":true,"href":"https:\/\/www.radiopiu.net\/wordpress\/wp-json\/wp\/v2\/users\/4"}],"replies":[{"embeddable":true,"href":"https:\/\/www.radiopiu.net\/wordpress\/wp-json\/wp\/v2\/comments?post=342777"}],"version-history":[{"count":0,"href":"https:\/\/www.radiopiu.net\/wordpress\/wp-json\/wp\/v2\/posts\/342777\/revisions"}],"wp:featuredmedia":[{"embeddable":true,"href":"https:\/\/www.radiopiu.net\/wordpress\/wp-json\/wp\/v2\/media\/342778"}],"wp:attachment":[{"href":"https:\/\/www.radiopiu.net\/wordpress\/wp-json\/wp\/v2\/media?parent=342777"}],"wp:term":[{"taxonomy":"category","embeddable":true,"href":"https:\/\/www.radiopiu.net\/wordpress\/wp-json\/wp\/v2\/categories?post=342777"},{"taxonomy":"post_tag","embeddable":true,"href":"https:\/\/www.radiopiu.net\/wordpress\/wp-json\/wp\/v2\/tags?post=342777"}],"curies":[{"name":"wp","href":"https:\/\/api.w.org\/{rel}","templated":true}]}}